{"id":14410,"date":"2020-01-02T23:54:01","date_gmt":"2020-01-02T22:54:01","guid":{"rendered":"http:\/\/www.moravecteam.cz\/?p=14410"},"modified":"2020-01-06T13:02:30","modified_gmt":"2020-01-06T12:02:30","slug":"tradicni-start","status":"publish","type":"post","link":"https:\/\/www.moravecteam.cz\/?p=14410","title":{"rendered":"Tradi\u010dn\u00ed start!"},"content":{"rendered":"<p style=\"text-align: justify;\"><strong><span style=\"color: #800000;\">I letos jsme prvn\u00ed novoro\u010dn\u00ed kilometry &#8222;nakroutili&#8220; cestou za na\u0161imi p\u0159\u00e1teli Ladou Kozl\u00edkovou a B\u0159e\u0165ou Usnulem na <a href=\"http:\/\/www.pensionlada.cz\/\">penzion Lada<\/a>, jeho\u017e par\u00e1dn\u00ed d\u0159evostavba se nach\u00e1z\u00ed v srdci Drahansk\u00e9 Vrchoviny, nad v\u00edskou Repechy, nedaleko Protivanova.<\/span><\/strong><\/p>\n<figure id=\"attachment_14417\" aria-describedby=\"caption-attachment-14417\" style=\"width: 941px\" class=\"wp-caption alignnone\"><a href=\"http:\/\/www.moravecteam.cz\/?attachment_id=14417\" rel=\"attachment wp-att-14417\"><img decoding=\"async\" loading=\"lazy\" class=\" wp-image-14417\" alt=\"DSC_0011a\" src=\"http:\/\/www.moravecteam.cz\/wp-content\/uploads\/2020\/01\/DSC_0011a.jpg\" width=\"941\" height=\"783\" srcset=\"https:\/\/www.moravecteam.cz\/wp-content\/uploads\/2020\/01\/DSC_0011a.jpg 941w, https:\/\/www.moravecteam.cz\/wp-content\/uploads\/2020\/01\/DSC_0011a-300x249.jpg 300w\" sizes=\"(max-width: 941px) 100vw, 941px\" \/><\/a><figcaption id=\"caption-attachment-14417\" class=\"wp-caption-text\">Martin Gottwald v detailu s Ladou Kozl\u00edkovou, aneb: mistr vedle mistra&#8230;<\/figcaption><\/figure>\n<p style=\"text-align: justify;\">R\u00e1di jsme se v penzionu samoz\u0159ejm\u011b uvid\u011bli i s &#8222;\u010derstv\u00fdm&#8220; <a href=\"http:\/\/www.moravecteam.cz\/?p=14349\">&#8222;<strong>Objevem roku 2019&#8243;<\/strong><\/a> v r\u00e1mci MORAVEC Teamu, jedn\u00edm z na\u0161ich nejmlad\u0161\u00edch \u010dlen\u016f &#8211; <strong><span style=\"color: #800000;\">Matou\u0161kem Usnulem<\/span><\/strong>, kter\u00fd je synem Lady a B\u0159etislava, a kter\u00fd, jak jsme se p\u0159i n\u00e1v\u0161t\u011bv\u011b dozv\u011bd\u011bli, u\u017e piln\u011b &#8222;zbroj\u00ed&#8220; na cyklistickou sez\u00f3nu! A to za vydatn\u00e9 pomoci samotn\u00e9ho <strong><span style=\"color: #800000;\">Je\u017e\u00ed\u0161ka<\/span><\/strong>, kter\u00fd mu pod strome\u010dkem nad\u011blil zbrusu nov\u00e9, z\u00e1vodn\u00ed kolo! \u017de Matou\u0161ek se sv\u00fdmi slavn\u00fdmi rodi\u010di u\u017e ur\u010dit\u011b studoval <strong><a href=\"http:\/\/www.pohardrahanskevrchoviny.cz\/bylo-pod-stromeckem\/\">term\u00edny MTB &#8222;Vrchoviny&#8220; 2020<\/a><\/strong>, o tom nepochybuji!<\/p>\n<figure id=\"attachment_14418\" aria-describedby=\"caption-attachment-14418\" style=\"width: 3545px\" class=\"wp-caption alignnone\"><a href=\"http:\/\/www.moravecteam.cz\/?attachment_id=14418\" rel=\"attachment wp-att-14418\"><img decoding=\"async\" loading=\"lazy\" class=\" wp-image-14418\" alt=\"DSC_0018\" src=\"http:\/\/www.moravecteam.cz\/wp-content\/uploads\/2020\/01\/DSC_0018.jpg\" width=\"3545\" height=\"3057\" srcset=\"https:\/\/www.moravecteam.cz\/wp-content\/uploads\/2020\/01\/DSC_0018.jpg 3545w, https:\/\/www.moravecteam.cz\/wp-content\/uploads\/2020\/01\/DSC_0018-300x258.jpg 300w, https:\/\/www.moravecteam.cz\/wp-content\/uploads\/2020\/01\/DSC_0018-1024x883.jpg 1024w\" sizes=\"(max-width: 3545px) 100vw, 3545px\" \/><\/a><figcaption id=\"caption-attachment-14418\" class=\"wp-caption-text\">Rozhledna Kopanika nad penzionem Lada z\u016fstala prozat\u00edm mimo na\u0161eho z\u00e1jmu&#8230; Jej\u00ed &#8222;dobit\u00ed&#8220; je u\u017e ale v pl\u00e1nu&#8230;.<\/figcaption><\/figure>\n<p style=\"text-align: justify;\">\u00datuln\u00e1, krbem vytopen\u00e1 restaurace penzionu Lada p\u0159iv\u00edtala letos z\u00e1stupce MORAVEC Teamu u\u017e v prav\u00e9 poledne a v\u00fdborn\u00e1 &#8222;kulajda&#8220; p\u0159i\u0161la k ob\u011bdu skute\u010dn\u011b vhod. Samoz\u0159ejm\u011b, \u017ee ani letos nechyb\u011bli v na\u0161\u00ed skupin\u011b ryz\u00ed cyklist\u00e9 &#8211; v\u0161ak ne nadarmo se \u0159\u00edk\u00e1: &#8222;jak na nov\u00fd rok, tak po cel\u00fd rok!&#8220; Po\u010das\u00ed jim p\u0159\u00e1lo, rok od roku je v tento den st\u00e1le tepleji, t\u00edm p\u00e1dem pro cyklisty p\u0159\u00edjemn\u011bji..! Doprovodila n\u00e1s i letos na\u0161e <strong><span style=\"color: #800000;\">Maru\u0161ka Zouharov\u00e1<\/span><\/strong> a moc jsme se op\u011bt t\u011b\u0161ili i z p\u0159\u00edtomnosti nejen na\u0161ich p\u0159\u00edznivc\u016f, man\u017eel\u016f \/ doktor\u016f <strong><span style=\"color: #800000;\">Jur\u00e1nkov\u00fdch<\/span><\/strong> z Kol\u00edna, ale taky n\u00e1s letos doprovodil\u00a0 \u00fapln\u00fd nov\u00e1\u010dek v na\u0161em \u0161iku: <strong><span style=\"color: #800000;\">pan\u00ed Eva, <\/span><\/strong><span style=\"color: #000000;\">kter\u00e1<\/span>\u00a0\u017eije a\u017e v dalek\u00e9m <strong><a href=\"https:\/\/cs.wikipedia.org\/wiki\/Mexiko\">Mexiku! <\/a><\/strong>A jako oby\u010dejn\u011b, z \u00fatuln\u00e9ho interi\u00e9ru restaurace se n\u00e1m ani na Nov\u00fd rok 2020 v\u016fbec necht\u011blo&#8230;<strong>\u00a0<\/strong>V\u0161e to , samo &#8211; \u017ee, zdokumentoval <strong><span style=\"color: #800000;\">Karel V\u0161etula<\/span><\/strong>, <strong><a href=\"https:\/\/moravecteam.rajce.idnes.cz\/2020.01.01_Novorocni_vylet_-_penzion_Lada\/\">mrkn\u011bte&#8230;<\/a><\/strong><\/p>\n","protected":false},"excerpt":{"rendered":"<p>I letos jsme prvn\u00ed novoro\u010dn\u00ed kilometry &#8222;nakroutili&#8220; cestou za na\u0161imi p\u0159\u00e1teli Ladou Kozl\u00edkovou a B\u0159e\u0165ou Usnulem na penzion Lada, jeho\u017e par\u00e1dn\u00ed d\u0159evostavba se nach\u00e1z\u00ed v srdci Drahansk\u00e9 Vrchoviny, nad v\u00edskou Repechy, nedaleko Protivanova. R\u00e1di jsme se v penzionu samoz\u0159ejm\u011b uvid\u011bli i s &#8222;\u010derstv\u00fdm&#8220; &#8222;Objevem roku 2019&#8243; v r\u00e1mci MORAVEC Teamu, jedn\u00edm z na\u0161ich nejmlad\u0161\u00edch \u010dlen\u016f &hellip; <a href=\"https:\/\/www.moravecteam.cz\/?p=14410\" class=\"more-link\">Pokra\u010dov\u00e1n\u00ed textu <span class=\"screen-reader-text\">Tradi\u010dn\u00ed start!<\/span> <span class=\"meta-nav\">&rarr;<\/span><\/a><\/p>\n","protected":false},"author":3,"featured_media":14416,"comment_status":"open","ping_status":"closed","sticky":false,"template":"","format":"standard","meta":[],"categories":[13],"tags":[],"_links":{"self":[{"href":"https:\/\/www.moravecteam.cz\/index.php?rest_route=\/wp\/v2\/posts\/14410"}],"collection":[{"href":"https:\/\/www.moravecteam.cz\/index.php?rest_route=\/wp\/v2\/posts"}],"about":[{"href":"https:\/\/www.moravecteam.cz\/index.php?rest_route=\/wp\/v2\/types\/post"}],"author":[{"embeddable":true,"href":"https:\/\/www.moravecteam.cz\/index.php?rest_route=\/wp\/v2\/users\/3"}],"replies":[{"embeddable":true,"href":"https:\/\/www.moravecteam.cz\/index.php?rest_route=%2Fwp%2Fv2%2Fcomments&post=14410"}],"version-history":[{"count":10,"href":"https:\/\/www.moravecteam.cz\/index.php?rest_route=\/wp\/v2\/posts\/14410\/revisions"}],"predecessor-version":[{"id":14426,"href":"https:\/\/www.moravecteam.cz\/index.php?rest_route=\/wp\/v2\/posts\/14410\/revisions\/14426"}],"wp:featuredmedia":[{"embeddable":true,"href":"https:\/\/www.moravecteam.cz\/index.php?rest_route=\/wp\/v2\/media\/14416"}],"wp:attachment":[{"href":"https:\/\/www.moravecteam.cz\/index.php?rest_route=%2Fwp%2Fv2%2Fmedia&parent=14410"}],"wp:term":[{"taxonomy":"category","embeddable":true,"href":"https:\/\/www.moravecteam.cz\/index.php?rest_route=%2Fwp%2Fv2%2Fcategories&post=14410"},{"taxonomy":"post_tag","embeddable":true,"href":"https:\/\/www.moravecteam.cz\/index.php?rest_route=%2Fwp%2Fv2%2Ftags&post=14410"}],"curies":[{"name":"wp","href":"https:\/\/api.w.org\/{rel}","templated":true}]}}