{"id":14412,"date":"2020-01-05T19:38:19","date_gmt":"2020-01-05T18:38:19","guid":{"rendered":"http:\/\/www.moravecteam.cz\/?p=14412"},"modified":"2020-01-10T12:01:49","modified_gmt":"2020-01-10T11:01:49","slug":"co-se-bude-dit-st02-5","status":"publish","type":"post","link":"https:\/\/www.moravecteam.cz\/?p=14412","title":{"rendered":"Co se bude d\u00edt? (ST02)-3"},"content":{"rendered":"<h5><span style=\"color: #800000;\">Odd\u00edlov\u00fd term\u00ednov\u00fd kalend\u00e1\u0159 2020:<\/span><\/h5>\n<p><strong><a href=\"http:\/\/www.moravecteam.cz\/?attachment_id=14444\" rel=\"attachment wp-att-14444\">MORAVEC Team &#8211; term\u00ednov\u00fd kalend\u00e1\u0159 2020<\/a><\/strong><\/p>\n<h5><span style=\"color: #800000; font-size: 18px; font-weight: bold;\">Pond\u011bl\u00ed 6.1. 2020<\/span><\/h5>\n<p style=\"text-align: justify;\">Od 17.00 hodin MTB technick\u00e1 pr\u016fprava &#8211; Zimn\u00ed stadion Blansko\u00a0 -pod veden\u00edm\u00a0<strong><span style=\"color: #800000;\">Libora Barto\u0161e<\/span><\/strong>\u00a0a\u00a0<strong><span style=\"color: #800000;\">Jirky \u017dern\u00ed\u010dka<\/span><\/strong>.<\/p>\n<h5><span style=\"color: #800000;\">St\u0159eda 8.1. 2020<\/span><\/h5>\n<p style=\"text-align: justify;\">Cvi\u010den\u00ed v t\u011blocvi\u010dn\u011b Z\u0160 Bene\u0161ov od 16.30 do 18.00 pod veden\u00edm\u00a0\u00a0<strong><span style=\"color: #800000;\">Petra Koudelky.<\/span><\/strong><\/p>\n<h5><span style=\"color: #800000;\">\u010ctvrtek 9.1. 2020<\/span><\/h5>\n<p style=\"text-align: justify;\">Plaveck\u00e1 p\u0159\u00edprava\u00a0v l\u00e1zn\u00edch Boskovice od 18.00 do 19.00 hodin pod vedn\u00edm\u00a0<strong><span style=\"color: #800000;\">Martina Posp\u00ed\u0161ila<\/span><\/strong>\u00a0a\u00a0<strong><span style=\"color: #800000;\">Ad\u00e9ly \u0160af\u00e1\u0159ov\u00e9.<\/span><\/strong><\/p>\n<h5><strong><span style=\"color: #800000;\">P\u00e1tek 10.1. 2020<\/span><\/strong><\/h5>\n<p style=\"text-align: justify;\">Leto\u0161n\u00ed prvn\u00ed p\u00e1te\u010dn\u00ed cvi\u010den\u00ed, od 18.00 do 20.00 v t\u011blocvi\u010dn\u011b p\u0159i Z\u0160 Bene\u0161ov za \u00fa\u010dasti nov\u00e9 cvi\u010ditelky <strong><span style=\"color: #800000;\">Veroniky Kozlowsk\u00e9<\/span><\/strong> a s t\u00edm souvisej\u00edc\u00edch dal\u0161\u00edch novinek!\u00a0\u00a0<span style=\"text-decoration: underline;\">Pros\u00edm o \u00fa\u010dast rodi\u010d\u016f d\u011bt\u00ed z tr\u00e9ninkov\u00e9 skupiny Vl\u00e1di Opletela, tren\u00e9r bude na cvi\u010den\u00ed p\u0159\u00edtomen a budete s n\u00edm tedy moci d\u00e1t \u0159e\u010d&#8230;<\/span><\/p>\n<h5><span style=\"color: #800000;\">AKCE T\u011aSN\u011a ZA HORIZONTEM<\/span><\/h5>\n<ul>\n<li>\n<div style=\"text-align: justify;\">18.1. 2020 &#8211; sobota\u00a0&#8211; \u0161est\u00fd z\u00e1vod Brn\u011bnsk\u00e9ho b\u011b\u017eeck\u00e9ho poh\u00e1ru v Radostic\u00edch &#8211; &#8222;Radostick\u00e1 nerezov\u00e1 des\u00edtka&#8220;. Zde studujte\u00a0<strong><a href=\"https:\/\/www.atletikauni.cz\/cz\/s1522\/Kalendar-akci\/Seznam-akci\/c2130-Detail-akce\/ata706-BBP-6-Radosticka-nerezova-desitka\">propozice.<\/a><\/strong><\/div>\n<\/li>\n<li style=\"text-align: justify;\">25.1. 2020 &#8211; sobota &#8211; sedm\u00fd z\u00e1vod Brn\u011bnsk\u00e9ho b\u011b\u017eeck\u00e9ho poh\u00e1ru v R\u00e1je\u010dku. Zde studujte <strong><a href=\"https:\/\/www.atletikauni.cz\/cz\/s1522\/Kalendar-akci\/Seznam-akci\/c2130-Detail-akce\/ata707-BBP-7-Rajecka-desitka\">propozice.<\/a><\/strong><\/li>\n<\/ul>\n<h5><span style=\"color: #800000;\">AKCE\u00a0 ZA\u00a0DV\u011aMA HORIZONTY<\/span><\/h5>\n<ul>\n<li style=\"text-align: justify;\">9.- 16.2. 2020\u00a0&#8211; zimn\u00ed soust\u0159ed\u011bn\u00ed v Jesen\u00edk\u00e1ch &#8211; na tradi\u010dn\u00edm m\u00edst\u011b &#8211; chata N\u00e1vr\u0161\u00ed.\u00a0Seznam je v po\u010dtu 26 osob uzav\u0159en.<\/li>\n<li style=\"text-align: justify;\">23. 2. 2020 &#8211; ned\u011ble &#8211; tradi\u010dn\u00ed odd\u00edlov\u00e1 akce &#8211; &#8222;Po stop\u00e1ch YETTI&#8220;. Sraz stopa\u0159\u016f v 13.30 hodin u restaurace Morava Bene\u0161ov.<\/li>\n<li style=\"text-align: justify;\">29.2. &#8211; 8.3. 2020\u00a0&#8211; jarn\u00ed soust\u0159ed\u011bn\u00ed v Pule (Chorvatsko). Seznam \u00fa\u010dastn\u00edk\u016f bude up\u0159esn\u011bn po skon\u010den\u00ed zimn\u00edho\u00a0 soust\u0159ed\u011bn\u00ed v Jesen\u00edk\u00e1ch.<\/li>\n<li style=\"text-align: justify;\">7.3. 2020 &#8211; sobota &#8211; osm\u00fd z\u00e1vod Brn\u011bnsk\u00e9ho b\u011b\u017eeck\u00e9ho poh\u00e1ru v Brn\u011b &#8211; Mod\u0159ic\u00edch. Zde studujte <strong><a href=\"https:\/\/www.atletikauni.cz\/cz\/s1522\/Kalendar-akci\/Seznam-akci\/c2130-Detail-akce\/ata708-BBP-8-Modricky-pohar\">propozice.<\/a><\/strong><\/li>\n<li style=\"text-align: justify;\">14.3. 2020 &#8211; sobota &#8211; dev\u00e1t\u00fd\u00a0 z\u00e1vod Brn\u011bnsk\u00e9ho b\u011b\u017eeck\u00e9ho poh\u00e1ru v Brn\u011b &#8211; &#8222;B\u011bh kolem Myslivny&#8220;. Zde studujte <strong><a href=\"https:\/\/www.atletikauni.cz\/cz\/s1522\/Kalendar-akci\/Seznam-akci\/c2130-Detail-akce\/ata709-BBP-9-Beh-kolem-Myslivny\">propozice.<\/a><\/strong><\/li>\n<li style=\"text-align: justify;\">22.3. 2020 &#8211; ned\u011ble &#8211; des\u00e1t\u00fd z\u00e1vod Brn\u011bnsk\u00e9ho b\u011b\u017eeck\u00e9ho poh\u00e1ru v Brn\u011b &#8211; Rakovci. Zde studujte <strong><a href=\"https:\/\/www.atletikauni.cz\/cz\/s1522\/Kalendar-akci\/Seznam-akci\/c2130-Detail-akce\/ata710-BBP-10-Brnenska-prehrada\">propozice.<\/a><\/strong><\/li>\n<li style=\"text-align: justify;\">28. &#8211; 29.3. 2020 &#8211; Kamptal Trophy &#8211; MTB z\u00e1vody v Langenlois (Rakousko). Zde <strong><a href=\"https:\/\/www.kamptal-klassik-trophy.at\/\">studujte podrobnosti.<\/a><\/strong><\/li>\n<li style=\"text-align: justify;\">4. &#8211; 5.4. 2020 &#8211; prvn\u00ed z\u00e1vod \u010cesk\u00e9ho poh\u00e1ru horsk\u00fdch kol v Brn\u011b. Zde <strong><a href=\"https:\/\/www.poharmtb.cz\/\">studujte podrobnosti.<\/a><\/strong><\/li>\n<li style=\"text-align: justify;\">8. 5. 2020 &#8211; prvn\u00ed z\u00e1vod 19. ro\u010dn\u00edku MTB Poh\u00e1ru Drahansk\u00e9 vrchoviny ve Valchov\u011b. Zde <strong><a href=\"http:\/\/www.pohardrahanskevrchoviny.cz\/bylo-pod-stromeckem\/\">studujte prvn\u00ed informace<\/a><\/strong>.<\/li>\n<\/ul>\n","protected":false},"excerpt":{"rendered":"<p>Odd\u00edlov\u00fd term\u00ednov\u00fd kalend\u00e1\u0159 2020: MORAVEC Team &#8211; term\u00ednov\u00fd kalend\u00e1\u0159 2020 Pond\u011bl\u00ed 6.1. 2020 Od 17.00 hodin MTB technick\u00e1 pr\u016fprava &#8211; Zimn\u00ed stadion Blansko\u00a0 -pod veden\u00edm\u00a0Libora Barto\u0161e\u00a0a\u00a0Jirky \u017dern\u00ed\u010dka. St\u0159eda 8.1. 2020 Cvi\u010den\u00ed v t\u011blocvi\u010dn\u011b Z\u0160 Bene\u0161ov od 16.30 do 18.00 pod veden\u00edm\u00a0\u00a0Petra Koudelky. \u010ctvrtek 9.1. 2020 Plaveck\u00e1 p\u0159\u00edprava\u00a0v l\u00e1zn\u00edch Boskovice od 18.00 do 19.00 hodin pod &hellip; <a href=\"https:\/\/www.moravecteam.cz\/?p=14412\" class=\"more-link\">Pokra\u010dov\u00e1n\u00ed textu <span class=\"screen-reader-text\">Co se bude d\u00edt? (ST02)-3<\/span> <span class=\"meta-nav\">&rarr;<\/span><\/a><\/p>\n","protected":false},"author":3,"featured_media":14414,"comment_status":"open","ping_status":"closed","sticky":false,"template":"","format":"standard","meta":[],"categories":[11],"tags":[],"_links":{"self":[{"href":"https:\/\/www.moravecteam.cz\/index.php?rest_route=\/wp\/v2\/posts\/14412"}],"collection":[{"href":"https:\/\/www.moravecteam.cz\/index.php?rest_route=\/wp\/v2\/posts"}],"about":[{"href":"https:\/\/www.moravecteam.cz\/index.php?rest_route=\/wp\/v2\/types\/post"}],"author":[{"embeddable":true,"href":"https:\/\/www.moravecteam.cz\/index.php?rest_route=\/wp\/v2\/users\/3"}],"replies":[{"embeddable":true,"href":"https:\/\/www.moravecteam.cz\/index.php?rest_route=%2Fwp%2Fv2%2Fcomments&post=14412"}],"version-history":[{"count":6,"href":"https:\/\/www.moravecteam.cz\/index.php?rest_route=\/wp\/v2\/posts\/14412\/revisions"}],"predecessor-version":[{"id":14448,"href":"https:\/\/www.moravecteam.cz\/index.php?rest_route=\/wp\/v2\/posts\/14412\/revisions\/14448"}],"wp:featuredmedia":[{"embeddable":true,"href":"https:\/\/www.moravecteam.cz\/index.php?rest_route=\/wp\/v2\/media\/14414"}],"wp:attachment":[{"href":"https:\/\/www.moravecteam.cz\/index.php?rest_route=%2Fwp%2Fv2%2Fmedia&parent=14412"}],"wp:term":[{"taxonomy":"category","embeddable":true,"href":"https:\/\/www.moravecteam.cz\/index.php?rest_route=%2Fwp%2Fv2%2Fcategories&post=14412"},{"taxonomy":"post_tag","embeddable":true,"href":"https:\/\/www.moravecteam.cz\/index.php?rest_route=%2Fwp%2Fv2%2Ftags&post=14412"}],"curies":[{"name":"wp","href":"https:\/\/api.w.org\/{rel}","templated":true}]}}