{"id":1450,"date":"2015-08-31T11:52:36","date_gmt":"2015-08-31T09:52:36","guid":{"rendered":"http:\/\/www.moravecteam.cz\/?p=1450"},"modified":"2015-08-31T12:38:21","modified_gmt":"2015-08-31T10:38:21","slug":"tygrice-sekla-drapkem","status":"publish","type":"post","link":"https:\/\/www.moravecteam.cz\/?p=1450","title":{"rendered":"Tyg\u0159ice sekla dr\u00e1pkem&#8230;"},"content":{"rendered":"<p style=\"text-align: justify;\"><span style=\"color: #800000;\"><strong>By\u0165 kl\u00ed\u010dov\u00e9 mistr\u00e1ky a MTB \u010cesk\u00fd poh\u00e1r jsou u\u017e pro leto\u0161ek minulost\u00ed,\u00a0cyklistick\u00e1 sez\u00f3na zdaleka nekon\u010d\u00ed a\u00a0je logick\u00e9, \u017ee na\u0161i rajd\u0159i budou tam \u010di onde dob\u00fdvat vav\u0159\u00edny pro MORAVEC v mnoh\u00fdch p\u0159\u00edpadech individu\u00e1ln\u011b. P\u0159\u00edkladem toho jsou z\u00e1vodn\u00ed MTB aktivity na\u0161\u00ed \u0161ikovn\u00e9 bierky s v\u00e1le\u010dnick\u00fdm jm\u00e9nem &#8222;Tyg\u0159ice z Okrouhl\u00e9&#8220;, Moniky Kone\u010dn\u00e9, kter\u00e1 nejen, \u017ee minul\u00fd v\u00edkend stihla hned dva t\u011b\u017ek\u00e9 z\u00e1vody, ale &#8222;bodovala&#8220; i v\u00fdsledkov\u011b.<\/strong><\/span><\/p>\n<p><a href=\"http:\/\/www.moravecteam.cz\/?attachment_id=1457\" rel=\"attachment wp-att-1457\"><img decoding=\"async\" loading=\"lazy\" class=\"size-full wp-image-1457  alignleft\" title=\"Monika Kone\u010dn\u00e1 letos za\u017e\u00edv\u00e1 TOP sez\u00f3nu: kde jede, tam se j\u00ed da\u0159\u00ed! N\u00e1m uzd\u011blala radost hlavn\u011b vyda\u0159en\u00fdmi starty v z\u00e1vodech MTB \u010cesk\u00e9ho poh\u00e1ru.\" alt=\"OPL15TT0654_D\" src=\"http:\/\/www.moravecteam.cz\/wp-content\/uploads\/2015\/08\/OPL15TT0654_D.jpg\" width=\"231\" height=\"195\" \/><\/a><\/p>\n<p style=\"text-align: justify;\">Soub\u011b\u017en\u011b s ostravsk\u00fdm Chacharem zk\u0159\u00ed\u017eili bike\u0159i svoje pomysln\u00e9 zbran\u011b na ji\u017e osm\u00e9m pokra\u010dov\u00e1n\u00ed MTB maratonu Matou\u0161ek OPEN, kter\u00fd se jezd\u00ed ve m\u011bst\u011b cyklist\u016fm zasl\u00edben\u00e9m &#8211; Jev\u00ed\u010dku. Monika Kone\u010dn\u00e1 zde spr\u00e1vn\u011b zvolila\u00a0tra\u0165 37 km a v kategorii juniorek si odv\u00e1\u017e\u00ed ze sobotn\u00edho z\u00e1vodu jist\u00e9 v\u00edt\u011bzstv\u00ed! <strong><a href=\"http:\/\/www.mtbjevicko.cz\/Vysledky.html\">V\u00fdsledek si m\u016f\u017eete ov\u011b\u0159it zde<\/a>.<\/strong><\/p>\n<p style=\"text-align: justify;\">Svoji fyzickou a psychickou odolnost prok\u00e1zala \u00a0i o den pozd\u011bji v Beroun\u011b, kde pokra\u010dovala dal\u0161\u00edm z\u00e1vodem MTB s\u00e9rie CMT 2015. Na distanci 18 km se v kategorii d\u00edvek do 18- ti let postavila na startu proti po v\u011bt\u0161inou star\u0161\u00edm d\u00edvk\u00e1m, p\u0159esto zajela op\u011bt velmi dob\u0159e a mnoho nechyb\u011blo (n\u011bco m\u00e1lo p\u0159es 4 minutky) a byla z toho dal\u0161\u00ed cenn\u00e1 &#8222;bedna&#8220;. Ale i \u010dtvrt\u00e9, &#8222;bramborov\u00e9&#8220;\u00a0m\u00edsto m\u00e1 svoji vysokou cenu, p\u0159ipo\u010dteme-li k tomu, \u017ee Beroun se jel op\u011bt za extr\u00e9m\u011b hork\u00e9ho po\u010das\u00ed, a \u017ee Monika m\u011bla za sebou nejen \u00fanavnou cestu, ale p\u0159edev\u0161\u00edm t\u011bch necel\u00fdch 40 km z p\u0159edchoz\u00edho dne z &#8222;Matou\u0161ka&#8220;&#8230; Monice pat\u0159\u00ed d\u00edk za vzorn\u00e9 repre MORAVCE a k sobotn\u00edmu zlatu samo-\u017ee gratulujeme! D\u00edky i jej\u00edmu podp\u016frn\u00e9mu &#8222;family-teamu&#8220;! <a href=\"http:\/\/www.sport-base.cz\/vysledky\/2015\/2015.htm\"><strong>V\u00fdsledky z Berouna\u00a0jsou tu\u0165<\/strong><\/a>.<\/p>\n","protected":false},"excerpt":{"rendered":"<p>By\u0165 kl\u00ed\u010dov\u00e9 mistr\u00e1ky a MTB \u010cesk\u00fd poh\u00e1r jsou u\u017e pro leto\u0161ek minulost\u00ed,\u00a0cyklistick\u00e1 sez\u00f3na zdaleka nekon\u010d\u00ed a\u00a0je logick\u00e9, \u017ee na\u0161i rajd\u0159i budou tam \u010di onde dob\u00fdvat vav\u0159\u00edny pro MORAVEC v mnoh\u00fdch p\u0159\u00edpadech individu\u00e1ln\u011b. P\u0159\u00edkladem toho jsou z\u00e1vodn\u00ed MTB aktivity na\u0161\u00ed \u0161ikovn\u00e9 bierky s v\u00e1le\u010dnick\u00fdm jm\u00e9nem &#8222;Tyg\u0159ice z Okrouhl\u00e9&#8220;, Moniky Kone\u010dn\u00e9, kter\u00e1 nejen, \u017ee minul\u00fd v\u00edkend stihla &hellip; <a href=\"https:\/\/www.moravecteam.cz\/?p=1450\" class=\"more-link\">Pokra\u010dov\u00e1n\u00ed textu <span class=\"screen-reader-text\">Tyg\u0159ice sekla dr\u00e1pkem&#8230;<\/span> <span class=\"meta-nav\">&rarr;<\/span><\/a><\/p>\n","protected":false},"author":3,"featured_media":1456,"comment_status":"closed","ping_status":"closed","sticky":false,"template":"","format":"standard","meta":[],"categories":[1],"tags":[],"_links":{"self":[{"href":"https:\/\/www.moravecteam.cz\/index.php?rest_route=\/wp\/v2\/posts\/1450"}],"collection":[{"href":"https:\/\/www.moravecteam.cz\/index.php?rest_route=\/wp\/v2\/posts"}],"about":[{"href":"https:\/\/www.moravecteam.cz\/index.php?rest_route=\/wp\/v2\/types\/post"}],"author":[{"embeddable":true,"href":"https:\/\/www.moravecteam.cz\/index.php?rest_route=\/wp\/v2\/users\/3"}],"replies":[{"embeddable":true,"href":"https:\/\/www.moravecteam.cz\/index.php?rest_route=%2Fwp%2Fv2%2Fcomments&post=1450"}],"version-history":[{"count":8,"href":"https:\/\/www.moravecteam.cz\/index.php?rest_route=\/wp\/v2\/posts\/1450\/revisions"}],"predecessor-version":[{"id":1465,"href":"https:\/\/www.moravecteam.cz\/index.php?rest_route=\/wp\/v2\/posts\/1450\/revisions\/1465"}],"wp:featuredmedia":[{"embeddable":true,"href":"https:\/\/www.moravecteam.cz\/index.php?rest_route=\/wp\/v2\/media\/1456"}],"wp:attachment":[{"href":"https:\/\/www.moravecteam.cz\/index.php?rest_route=%2Fwp%2Fv2%2Fmedia&parent=1450"}],"wp:term":[{"taxonomy":"category","embeddable":true,"href":"https:\/\/www.moravecteam.cz\/index.php?rest_route=%2Fwp%2Fv2%2Fcategories&post=1450"},{"taxonomy":"post_tag","embeddable":true,"href":"https:\/\/www.moravecteam.cz\/index.php?rest_route=%2Fwp%2Fv2%2Ftags&post=1450"}],"curies":[{"name":"wp","href":"https:\/\/api.w.org\/{rel}","templated":true}]}}