{"id":14597,"date":"2020-03-09T21:56:39","date_gmt":"2020-03-09T20:56:39","guid":{"rendered":"http:\/\/www.moravecteam.cz\/?p=14597"},"modified":"2020-03-13T10:26:00","modified_gmt":"2020-03-13T09:26:00","slug":"co-se-bude-dit-st11-4","status":"publish","type":"post","link":"https:\/\/www.moravecteam.cz\/?p=14597","title":{"rendered":"Co se bude d\u00edt? (ST11) &#8211; 3"},"content":{"rendered":"<h5><span style=\"color: #800000;\">Odd\u00edlov\u00fd term\u00ednov\u00fd kalend\u00e1\u0159 2020:<\/span><\/h5>\n<p><strong><a href=\"http:\/\/www.moravecteam.cz\/?attachment_id=14616\" rel=\"attachment wp-att-14616\">MORAVEC Team &#8211; term\u00ednov\u00fd kalend\u00e1\u0159 2020-2<\/a><\/strong><\/p>\n<h5><span style=\"color: #800000;\">St\u0159eda 11.3. 2020<\/span><\/h5>\n<p style=\"text-align: justify;\">Prvn\u00ed bikov\u00fd tr\u00e9nink venku. Sraz v 16.30 ve Sportparku Boskovice Doubravy. <strong><span style=\"color: #800000;\">P\u0159\u00edprava je ur\u010dena pro d\u011bti z tr\u00e9ninkov\u00e9 skupiny Kalina &#8211; Koudelka.<\/span><\/strong> Rajd\u0159i z tr\u00e9ninkov\u00e9 skupiny Opletal &#8211; Odehnal (ti, co byli v na soust\u0159ed\u011bn\u00ed v Chorvatsku) maj\u00ed ji\u017e tr\u00e9ninky sv\u00fdmi tren\u00e9ry do konce b\u0159ezna p\u0159esn\u011b ur\u010deny.<\/p>\n<h5 style=\"text-align: justify;\"><span style=\"color: #800000;\"><strong>Sobota 14.3. 2020<\/strong><\/span><\/h5>\n<p>Dev\u00e1t\u00fd\u00a0 z\u00e1vod Brn\u011bnsk\u00e9ho b\u011b\u017eeck\u00e9ho poh\u00e1ru v Brn\u011b &#8211; &#8222;B\u011bh kolem Myslivny&#8220; byl <span style=\"text-decoration: underline; color: #ff0000;\"><strong><a href=\"https:\/\/www.atletikauni.cz\/cz\/s1522\/Kalendar-akci\/Seznam-akci\/c2130-Detail-akce\/ata709-ZRUSENO---BBP-9---Beh-kolem-Myslivny\"><span style=\"color: #ff0000; text-decoration: underline;\">ZRU\u0160EN!<\/span><\/a><\/strong><\/span><\/p>\n<h5><span style=\"color: #800000;\">Ned\u011ble 15.3. 2020<\/span><\/h5>\n<p style=\"text-align: justify;\">Tradi\u010dn\u00ed odd\u00edlov\u00e1 akce &#8211;\u00a0<strong><span style=\"color: #ff0000;\">&#8222;Po stop\u00e1ch YETTI&#8220; se<\/span> <\/strong>z d\u016fvodu \u0161\u00ed\u0159en\u00ed n\u00e1kazy &#8222;Covid 19&#8220; a vl\u00e1dou stanoven\u00fdch opat\u0159en\u00ed\u00a0 <strong><span style=\"color: #ff0000;\">NEUSKUTE\u010cN\u00cd&#8230;<\/span><\/strong><\/p>\n<h5 style=\"text-align: justify;\"><span style=\"color: #800000;\">AKCE T\u011aSN\u011a ZA HORIZONTEM<\/span><\/h5>\n<ul>\n<li style=\"text-align: justify;\"><strong><span style=\"color: #800000;\">21.3. 2020 &#8211; sobota<\/span><\/strong> &#8211; bikov\u00e1 p\u0159\u00edprava v Boskovic\u00edch &#8211; Doubrav\u00e1ch (Sportpark) pod veden\u00edm tren\u00e9ra <strong><span style=\"color: #800000;\">Vladim\u00edra Opletala.<\/span><\/strong> Ur\u010deno pro v\u0161echny bikery MORAVEC Teamu (ob\u011b tr\u00e9ninkov\u00e9 skupiny). Doba p\u0159\u00edpravy: od 13.00 do 16.00 hodin.<\/li>\n<li style=\"text-align: justify;\"><strong><span style=\"color: #800000;\">22.3. 2020 &#8211; ned\u011ble<\/span> <\/strong>&#8211;\u00a0bikov\u00e1 p\u0159\u00edprava v Boskovic\u00edch &#8211; Doubrav\u00e1ch (Sportpark) pod veden\u00edm tren\u00e9ra\u00a0<strong><span style=\"color: #800000;\">Vladim\u00edra Opletala.<\/span><\/strong> Ur\u010deno pro v\u0161echny bikery MORAVEC Teamu (ob\u011b tr\u00e9ninkov\u00e9 skupiny). Doba p\u0159\u00edpravy: od 13.00 do 16.00 hodin.<\/li>\n<li style=\"text-align: justify;\"><strong><span style=\"color: #800000;\">22.3. 2020\u00a0&#8211; ned\u011ble<\/span><\/strong>\u00a0&#8211; des\u00e1t\u00fd z\u00e1vod Brn\u011bnsk\u00e9ho b\u011b\u017eeck\u00e9ho poh\u00e1ru v Brn\u011b &#8211; Rakovci byl <span style=\"color: #ff0000;\"><strong><a href=\"https:\/\/www.atletikauni.cz\/cz\/s1522\/Kalendar-akci\/Seznam-akci\/c2130-Detail-akce\/ata710-BBP-10-Brnenska-prehrada\"><span style=\"color: #ff0000;\">ZRU\u0160EN!<\/span><\/a><\/strong><\/span><\/li>\n<li style=\"text-align: justify;\"><strong><span style=\"color: #800000;\">28. &#8211; 29.3. 2020<\/span><\/strong>\u00a0&#8211; Kamptal Trophy &#8211; <strong><span style=\"color: #ff0000;\">MTB z\u00e1vody v Langenlois<\/span><\/strong> (Rakousko) <strong><span style=\"color: #ff0000;\">jsou<\/span><\/strong> <strong><span style=\"color: #ff0000;\">ZRU\u0160ENY!<\/span> <\/strong>Zde\u00a0<span style=\"color: #ff0000;\"><strong><a href=\"https:\/\/www.kamptal-klassik-trophy.at\/\"><span style=\"color: #ff0000;\">studujte podrobnosti.<\/span><\/a><\/strong><\/span><\/li>\n<li style=\"text-align: justify;\"><strong><span style=\"color: #800000;\">28. 3. 2020 &#8211; sobota<\/span> <\/strong>&#8211; &#8222;Trofeo Cinelli Velk\u00e1 cena Hlohovce&#8220; &#8211; tradi\u010dn\u00ed silni\u010dn\u00ed &#8222;otv\u00edr\u00e1k&#8220; v Hlohovci. Zde studujte k z\u00e1vodu\u00a0<strong><a href=\"http:\/\/sportcomplex.cz\/default.htm\">propozice a dal\u0161\u00ed podrobnosti<\/a>.<\/strong><\/li>\n<li style=\"text-align: justify;\"><strong><span style=\"color: #800000;\">29.3. 2020 &#8211; ned\u011ble<\/span><\/strong>\u00a0&#8211; &#8222;Morkovsk\u00e9 bajk&#8220; &#8211; tradi\u010dn\u00ed bikov\u00fd &#8222;otv\u00edr\u00e1k&#8220;, kter\u00fd je vyps\u00e1n pro v\u0161echny v\u011bkov\u00e9 kategorie: zde jsou\u00a0<strong><a href=\"https:\/\/www.biketriatlonmorkovice.cz\/morkovske-bajk\/detske-zavody\/\">propozice pro d\u011btsk\u00e9 kategorie<\/a><\/strong>, a zde studujte<strong>\u00a0<a href=\"https:\/\/www.biketriatlonmorkovice.cz\/morkovske-bajk\/\">propozice pro kategorie od 13- ti let a star\u0161\u00ed<\/a>.<\/strong><\/li>\n<\/ul>\n<h5><span style=\"color: #800000;\">AKCE\u00a0 ZA\u00a0DV\u011aMA HORIZONTY<\/span><\/h5>\n<ul>\n<li style=\"text-align: justify;\"><span style=\"color: #800000;\"><strong>4. &#8211; 5.4. 2020<\/strong><\/span>\u00a0&#8211; prvn\u00ed z\u00e1vod \u010cesk\u00e9ho poh\u00e1ru horsk\u00fdch kol v Brn\u011b se neuskute\u010dn\u00ed a je p\u0159elo\u017een na term\u00edn 29. &#8211; 30.8. 2020. Zde\u00a0<span style=\"color: #ff0000;\"><strong><a href=\"https:\/\/www.facebook.com\/ceskypoharxco\/?__tn__=kC-R&amp;eid=ARB4sBLek5RbYXkPOGfC9FwUCYmI3YlfRmoNXnTGGpWssFzz9VskPyRHJoHnbCJcocU08z86zRNHAdR5&amp;hc_ref=ARSoUTNBToJOX8TJ1LjlioF_UOuVdnwMTvhumN8ffc1xdmPobq0zF99nKsDBdqIMmMc&amp;__xts__[0]=68.ARCH1XCyCiSLW9HqOunE9Eta1UGmfUBEwhBinHqRJ0q0oo2JfJGVE9FUb7_fC6l9_PLN_a1rfD9w_fOokdmPMnKpcw8bjiJUnCt3Z2erUyXHyvTygp0DuxdUQ-wWH8uMv6abn24HPZ4m-kt3pSgqpRjzBiwnLxWwfPTNUYfr9QJYhW6UoX57FIDOGh6X7iqp7DNJNuepTQTGyX_qxiFf8Y-1HYXciFytN_eMg9GgISrJh2_EzY_2LvWIIMZ_92nH8bLcK12uhXdzYNwBndYkFqY0zJEzd9ZFhemPbWtGLTO7cAkgBOEEoJgG0E9xWiMTkrcU9aTrFBndFPgqL8jaA3eV6Sy4odF8cvVlKdfO\"><span style=\"color: #ff0000;\">studujte podrobnosti.<\/span><\/a><\/strong><\/span><span style=\"color: #ff0000;\"><strong><span style=\"color: #ff0000;\">\u00a0<\/span><\/strong><span style=\"color: #ff0000;\"><span style=\"color: #000000;\">A taky<\/span><\/span><\/span><span style=\"color: #ff0000;\"><strong> <a href=\"https:\/\/www.poharmtb.cz\/strabag-cp-xco\"><span style=\"color: #ff0000;\">zde&#8230;<\/span><\/a><\/strong><\/span><\/li>\n<li style=\"text-align: justify;\"><strong><span style=\"color: #800000;\">8. 5. 2020\u00a0<\/span><\/strong>&#8211; prvn\u00ed z\u00e1vod 19. ro\u010dn\u00edku MTB Poh\u00e1ru Drahansk\u00e9 vrchoviny ve Valchov\u011b. Zde\u00a0<strong><a href=\"http:\/\/www.pohardrahanskevrchoviny.cz\/bylo-pod-stromeckem\/\">studujte prvn\u00ed informace<\/a>.<\/strong><\/li>\n<\/ul>\n","protected":false},"excerpt":{"rendered":"<p>Odd\u00edlov\u00fd term\u00ednov\u00fd kalend\u00e1\u0159 2020: MORAVEC Team &#8211; term\u00ednov\u00fd kalend\u00e1\u0159 2020-2 St\u0159eda 11.3. 2020 Prvn\u00ed bikov\u00fd tr\u00e9nink venku. Sraz v 16.30 ve Sportparku Boskovice Doubravy. P\u0159\u00edprava je ur\u010dena pro d\u011bti z tr\u00e9ninkov\u00e9 skupiny Kalina &#8211; Koudelka. Rajd\u0159i z tr\u00e9ninkov\u00e9 skupiny Opletal &#8211; Odehnal (ti, co byli v na soust\u0159ed\u011bn\u00ed v Chorvatsku) maj\u00ed ji\u017e tr\u00e9ninky sv\u00fdmi tren\u00e9ry &hellip; <a href=\"https:\/\/www.moravecteam.cz\/?p=14597\" class=\"more-link\">Pokra\u010dov\u00e1n\u00ed textu <span class=\"screen-reader-text\">Co se bude d\u00edt? (ST11) &#8211; 3<\/span> <span class=\"meta-nav\">&rarr;<\/span><\/a><\/p>\n","protected":false},"author":3,"featured_media":14608,"comment_status":"open","ping_status":"closed","sticky":false,"template":"","format":"standard","meta":[],"categories":[11],"tags":[],"_links":{"self":[{"href":"https:\/\/www.moravecteam.cz\/index.php?rest_route=\/wp\/v2\/posts\/14597"}],"collection":[{"href":"https:\/\/www.moravecteam.cz\/index.php?rest_route=\/wp\/v2\/posts"}],"about":[{"href":"https:\/\/www.moravecteam.cz\/index.php?rest_route=\/wp\/v2\/types\/post"}],"author":[{"embeddable":true,"href":"https:\/\/www.moravecteam.cz\/index.php?rest_route=\/wp\/v2\/users\/3"}],"replies":[{"embeddable":true,"href":"https:\/\/www.moravecteam.cz\/index.php?rest_route=%2Fwp%2Fv2%2Fcomments&post=14597"}],"version-history":[{"count":17,"href":"https:\/\/www.moravecteam.cz\/index.php?rest_route=\/wp\/v2\/posts\/14597\/revisions"}],"predecessor-version":[{"id":14618,"href":"https:\/\/www.moravecteam.cz\/index.php?rest_route=\/wp\/v2\/posts\/14597\/revisions\/14618"}],"wp:featuredmedia":[{"embeddable":true,"href":"https:\/\/www.moravecteam.cz\/index.php?rest_route=\/wp\/v2\/media\/14608"}],"wp:attachment":[{"href":"https:\/\/www.moravecteam.cz\/index.php?rest_route=%2Fwp%2Fv2%2Fmedia&parent=14597"}],"wp:term":[{"taxonomy":"category","embeddable":true,"href":"https:\/\/www.moravecteam.cz\/index.php?rest_route=%2Fwp%2Fv2%2Fcategories&post=14597"},{"taxonomy":"post_tag","embeddable":true,"href":"https:\/\/www.moravecteam.cz\/index.php?rest_route=%2Fwp%2Fv2%2Ftags&post=14597"}],"curies":[{"name":"wp","href":"https:\/\/api.w.org\/{rel}","templated":true}]}}