{"id":14619,"date":"2020-03-16T19:11:43","date_gmt":"2020-03-16T18:11:43","guid":{"rendered":"http:\/\/www.moravecteam.cz\/?p=14619"},"modified":"2020-03-23T11:08:00","modified_gmt":"2020-03-23T10:08:00","slug":"co-se-bude-dit-st12-5","status":"publish","type":"post","link":"https:\/\/www.moravecteam.cz\/?p=14619","title":{"rendered":"Co se bude d\u00edt? (ST12)-3"},"content":{"rendered":"<h5><span style=\"color: #800000;\">Odd\u00edlov\u00fd term\u00ednov\u00fd kalend\u00e1\u0159 2020:<\/span><\/h5>\n<p><strong><a href=\"http:\/\/www.moravecteam.cz\/?attachment_id=14616\" rel=\"attachment wp-att-14616\">MORAVEC Team &#8211; term\u00ednov\u00fd kalend\u00e1\u0159 2020-2<\/a><\/strong><\/p>\n<h5><span style=\"color: #800000;\">St\u0159eda 18.3. 2020<\/span><\/h5>\n<p style=\"text-align: justify;\"><span style=\"color: #ff0000;\"><strong>Druh\u00fd bikov\u00fd tr\u00e9nink<\/strong><\/span> tr\u00e9ninkov\u00e9 skupiny <strong><span style=\"color: #800000;\">Kalina &#8211; Koudelka<\/span><\/strong> je &#8211; vzhledem ke st\u00e1vaj\u00edc\u00edm vl\u00e1dn\u00edm opat\u0159en\u00edm &#8211; <strong><span style=\"color: #ff0000;\">ZRU\u0160EN!<\/span>\u00a0<\/strong>V sou\u010dasn\u00e9 kritick\u00e9 dob\u011b tr\u00e9nujte bikovou techniku s\u00f3lo, v r\u00e1mci sv\u00fdch rodinn\u00fdch t\u00fdm\u016f.<\/p>\n<h5><span style=\"color: #800000;\">Sobota 21.3. 2020<\/span><\/h5>\n<p style=\"text-align: justify;\"><span style=\"text-align: justify;\">Bikov\u00e1 p\u0159\u00edprava v Boskovic\u00edch &#8211; Doubrav\u00e1ch (Sportpark) pod veden\u00edm tren\u00e9ra\u00a0<\/span><strong style=\"text-align: justify;\"><span style=\"color: #800000;\">Vladim\u00edra Opletala &#8211; <\/span><\/strong><span style=\"color: #000000;\">\u00a0je v<\/span><span style=\"text-align: justify;\">zhledem k aktu\u00e1ln\u00ed situaci s &#8222;Covid 19&#8220;\u00a0<strong><span style=\"color: #ff0000;\">ZRU\u0160ENA!\u00a0<\/span><\/strong><span style=\"color: #ff0000;\"><span style=\"color: #800000;\"><b><br \/>\n<\/b><\/span><\/span><\/span><\/p>\n<h5><span style=\"color: #800000;\">Ned\u011ble 22.3. 2020<\/span><\/h5>\n<ul>\n<li style=\"text-align: justify;\">Bikov\u00e1 p\u0159\u00edprava v Boskovic\u00edch &#8211; Doubrav\u00e1ch (Sportpark) pod veden\u00edm tren\u00e9ra\u00a0<strong><span style=\"color: #800000;\">Vladim\u00edra Opletala<\/span> <\/strong>&#8211;\u00a0\u00a0je vzhledem k aktu\u00e1ln\u00ed situaci s &#8222;Covid 19&#8220;\u00a0<strong><span style=\"color: #ff0000;\">ZRU\u0160ENA!<\/span><\/strong><span style=\"color: #ff0000;\">\u00a0<span style=\"color: #000000;\">S\u00a0 rajdry svoj\u00ed tr\u00e9ninkov\u00e9 skupiny\u00a0 bude tren\u00e9r Vl\u00e1\u010fa Opletal nad\u00e1le v kontaktu a bude\u00a0 V\u00e1m p\u0159ed\u00e1vat\u00a0 tr\u00e9ninkov\u00e9 pokyny p\u0159i respektov\u00e1n\u00ed sou\u010dasn\u00fdch vl\u00e1dn\u00edch\u00a0 opat\u0159en\u00ed.<\/span><\/span><span style=\"color: #ff0000;\"><br \/>\n<\/span><strong><\/strong><\/li>\n<li>Des\u00e1t\u00fd z\u00e1vod Brn\u011bnsk\u00e9ho b\u011b\u017eeck\u00e9ho poh\u00e1ru v Brn\u011b &#8211; Rakovci byl\u00a0<span style=\"color: #ff0000;\"><strong><a href=\"https:\/\/www.atletikauni.cz\/cz\/s1522\/Kalendar-akci\/Seznam-akci\/c2130-Detail-akce\/ata710-BBP-10-Brnenska-prehrada\"><span style=\"color: #ff0000;\">ZRU\u0160EN!<\/span><\/a><\/strong><\/span><\/li>\n<\/ul>\n<h5><span style=\"color: #800000;\">AKCE ZA HORIZONTEM<\/span><\/h5>\n<ul>\n<li style=\"text-align: justify;\"><strong><span style=\"color: #800000;\">28. &#8211; 29.3. 2020<\/span><\/strong>\u00a0&#8211; Kamptal Trophy &#8211;\u00a0MTB z\u00e1vody v Langenlois\u00a0(Rakousko)\u00a0jsou\u00a0<strong><span style=\"color: #ff0000;\">ZRU\u0160ENY!<\/span><\/strong>\u00a0Zde\u00a0<strong><span style=\"color: #ff0000;\"><a href=\"https:\/\/www.kamptal-klassik-trophy.at\/\"><span style=\"color: #ff0000;\">studujte podrobnosti.<\/span><\/a><\/span><\/strong><\/li>\n<li style=\"text-align: justify;\"><strong><span style=\"color: #800000;\">28. 3. 2020 &#8211; sobota\u00a0<\/span><\/strong>&#8211; <strong><span style=\"color: #800000;\">&#8222;Trofeo Cinelli Velk\u00e1 cena Hlohovce&#8220;<\/span><\/strong> &#8211; tradi\u010dn\u00ed silni\u010dn\u00ed &#8222;otv\u00edr\u00e1k&#8220; v Hlohovci je<strong><span style=\"color: #ff0000;\"> odlo\u017een na neur\u010dito<\/span><\/strong>. Zde studujte k z\u00e1vodu\u00a0<strong><span style=\"color: #ff0000;\"><a href=\"http:\/\/sportcomplex.cz\/default.htm\"><span style=\"color: #ff0000;\">propozice a dal\u0161\u00ed podrobnosti<\/span><\/a><\/span>.<\/strong><\/li>\n<li style=\"text-align: justify;\"><strong><span style=\"color: #800000;\">29.3. 2020 &#8211; ned\u011ble\u00a0&#8211;<\/span> <span style=\"color: #800000;\">&#8222;Morkovsk\u00e9 bajk&#8220;<\/span><\/strong> &#8211; tradi\u010dn\u00ed bikov\u00fd &#8222;otv\u00edr\u00e1k&#8220;, kter\u00fd je vyps\u00e1n pro v\u0161echny v\u011bkov\u00e9 kategorie, <strong><span style=\"color: #ff0000;\">je odlo\u017een:<\/span><\/strong> zde\u00a0<strong><span style=\"color: #ff0000;\"><a href=\"https:\/\/www.biketriatlonmorkovice.cz\/morkovske-bajk\/\"><span style=\"color: #ff0000;\">podrobnosti pro kategorie od 13- ti let a star\u0161\u00ed<\/span><\/a><\/span>.<\/strong><\/li>\n<\/ul>\n<h5><span style=\"color: #800000;\"><strong>AKCE\u00a0 ZA\u00a0DV\u011aMA HORIZONTY<\/strong><\/span><\/h5>\n<ul>\n<li style=\"text-align: justify;\"><strong><span style=\"color: #800000;\">4. &#8211; 5.4. 2020<\/span><\/strong>\u00a0&#8211; prvn\u00ed z\u00e1vod \u010cesk\u00e9ho poh\u00e1ru horsk\u00fdch kol v Brn\u011b <strong><span style=\"color: #ff0000;\">se neuskute\u010dn\u00ed<\/span><\/strong> a je p\u0159elo\u017een na term\u00edn 29. &#8211; 30.8. 2020. Zde\u00a0<strong><span style=\"color: #ff0000;\"><a href=\"https:\/\/www.facebook.com\/ceskypoharxco\/?__tn__=kC-R&amp;eid=ARB4sBLek5RbYXkPOGfC9FwUCYmI3YlfRmoNXnTGGpWssFzz9VskPyRHJoHnbCJcocU08z86zRNHAdR5&amp;hc_ref=ARSoUTNBToJOX8TJ1LjlioF_UOuVdnwMTvhumN8ffc1xdmPobq0zF99nKsDBdqIMmMc&amp;__xts__[0]=68.ARCH1XCyCiSLW9HqOunE9Eta1UGmfUBEwhBinHqRJ0q0oo2JfJGVE9FUb7_fC6l9_PLN_a1rfD9w_fOokdmPMnKpcw8bjiJUnCt3Z2erUyXHyvTygp0DuxdUQ-wWH8uMv6abn24HPZ4m-kt3pSgqpRjzBiwnLxWwfPTNUYfr9QJYhW6UoX57FIDOGh6X7iqp7DNJNuepTQTGyX_qxiFf8Y-1HYXciFytN_eMg9GgISrJh2_EzY_2LvWIIMZ_92nH8bLcK12uhXdzYNwBndYkFqY0zJEzd9ZFhemPbWtGLTO7cAkgBOEEoJgG0E9xWiMTkrcU9aTrFBndFPgqL8jaA3eV6Sy4odF8cvVlKdfO\"><span style=\"color: #ff0000;\">studujte podrobnosti.<\/span><\/a><\/span><\/strong>\u00a0A taky<strong><span style=\"color: #ff0000;\">\u00a0<a href=\"https:\/\/www.poharmtb.cz\/strabag-cp-xco\"><span style=\"color: #ff0000;\">zde&#8230;<\/span><\/a><\/span><\/strong><\/li>\n<li><strong><span style=\"color: #800000;\">8. 5. 2020\u00a0<\/span><\/strong>&#8211; prvn\u00ed z\u00e1vod 19. ro\u010dn\u00edku MTB Poh\u00e1ru Drahansk\u00e9 vrchoviny ve Valchov\u011b. Zde\u00a0<strong><a href=\"http:\/\/www.pohardrahanskevrchoviny.cz\/bylo-pod-stromeckem\/\">studujte prvn\u00ed informace<\/a>.<\/strong><\/li>\n<\/ul>\n","protected":false},"excerpt":{"rendered":"<p>Odd\u00edlov\u00fd term\u00ednov\u00fd kalend\u00e1\u0159 2020: MORAVEC Team &#8211; term\u00ednov\u00fd kalend\u00e1\u0159 2020-2 St\u0159eda 18.3. 2020 Druh\u00fd bikov\u00fd tr\u00e9nink tr\u00e9ninkov\u00e9 skupiny Kalina &#8211; Koudelka je &#8211; vzhledem ke st\u00e1vaj\u00edc\u00edm vl\u00e1dn\u00edm opat\u0159en\u00edm &#8211; ZRU\u0160EN!\u00a0V sou\u010dasn\u00e9 kritick\u00e9 dob\u011b tr\u00e9nujte bikovou techniku s\u00f3lo, v r\u00e1mci sv\u00fdch rodinn\u00fdch t\u00fdm\u016f. Sobota 21.3. 2020 Bikov\u00e1 p\u0159\u00edprava v Boskovic\u00edch &#8211; Doubrav\u00e1ch (Sportpark) pod veden\u00edm tren\u00e9ra\u00a0Vladim\u00edra &hellip; <a href=\"https:\/\/www.moravecteam.cz\/?p=14619\" class=\"more-link\">Pokra\u010dov\u00e1n\u00ed textu <span class=\"screen-reader-text\">Co se bude d\u00edt? (ST12)-3<\/span> <span class=\"meta-nav\">&rarr;<\/span><\/a><\/p>\n","protected":false},"author":3,"featured_media":14623,"comment_status":"open","ping_status":"closed","sticky":false,"template":"","format":"standard","meta":[],"categories":[9],"tags":[],"_links":{"self":[{"href":"https:\/\/www.moravecteam.cz\/index.php?rest_route=\/wp\/v2\/posts\/14619"}],"collection":[{"href":"https:\/\/www.moravecteam.cz\/index.php?rest_route=\/wp\/v2\/posts"}],"about":[{"href":"https:\/\/www.moravecteam.cz\/index.php?rest_route=\/wp\/v2\/types\/post"}],"author":[{"embeddable":true,"href":"https:\/\/www.moravecteam.cz\/index.php?rest_route=\/wp\/v2\/users\/3"}],"replies":[{"embeddable":true,"href":"https:\/\/www.moravecteam.cz\/index.php?rest_route=%2Fwp%2Fv2%2Fcomments&post=14619"}],"version-history":[{"count":9,"href":"https:\/\/www.moravecteam.cz\/index.php?rest_route=\/wp\/v2\/posts\/14619\/revisions"}],"predecessor-version":[{"id":14640,"href":"https:\/\/www.moravecteam.cz\/index.php?rest_route=\/wp\/v2\/posts\/14619\/revisions\/14640"}],"wp:featuredmedia":[{"embeddable":true,"href":"https:\/\/www.moravecteam.cz\/index.php?rest_route=\/wp\/v2\/media\/14623"}],"wp:attachment":[{"href":"https:\/\/www.moravecteam.cz\/index.php?rest_route=%2Fwp%2Fv2%2Fmedia&parent=14619"}],"wp:term":[{"taxonomy":"category","embeddable":true,"href":"https:\/\/www.moravecteam.cz\/index.php?rest_route=%2Fwp%2Fv2%2Fcategories&post=14619"},{"taxonomy":"post_tag","embeddable":true,"href":"https:\/\/www.moravecteam.cz\/index.php?rest_route=%2Fwp%2Fv2%2Ftags&post=14619"}],"curies":[{"name":"wp","href":"https:\/\/api.w.org\/{rel}","templated":true}]}}