{"id":14628,"date":"2020-03-23T19:35:05","date_gmt":"2020-03-23T18:35:05","guid":{"rendered":"http:\/\/www.moravecteam.cz\/?p=14628"},"modified":"2020-03-23T22:40:36","modified_gmt":"2020-03-23T21:40:36","slug":"drogar-four","status":"publish","type":"post","link":"https:\/\/www.moravecteam.cz\/?p=14628","title":{"rendered":"Drogar &#8222;four&#8220;."},"content":{"rendered":"<p style=\"text-align: justify;\"><span style=\"color: #800000;\"><strong>Vzhledem k\u00a0okolnostem, \u017ee p\u016fvodn\u00ed term\u00edn prvn\u00edho z\u00e1vodu\u00a0 MTB \u010cesk\u00e9ho poh\u00e1ru byl letos p\u0159edsunut ji\u017e na prvn\u00ed dubnov\u00fd v\u00edkend, na fin\u00e1ln\u00ed p\u0159\u00edpravu do chorvatsk\u00e9 Puly docela posp\u00edch\u00e1me. Pouh\u00fdch \u010dtrn\u00e1ct dn\u016f odd\u011blilo zimn\u00ed a jarn\u00ed soust\u0159ed\u011bn\u00ed&#8230; Tyto dny byly samoz\u0159ejm\u011b vyu\u017eity k\u00a0pravideln\u00fdm tr\u00e9ninkov\u00fdm procedur\u00e1m \u201epod st\u0159echou\u201c. A i letos n\u00e1m d\u011blali &#8211; a\u0165 u\u017e<a href=\"https:\/\/moravecteam.rajce.idnes.cz\/2020.02.09-16_Zimni_soustredeni_-_Jeseniky\/\"> v Jesen\u00edk\u00e1ch<\/a>, \u010di v Chorvatsku &#8211; (v\u00edc ne\u017e) \u201egarde\u201c na\u0161i kamar\u00e1di z\u00a0t\u00fdmu Short Bike Academy Opletal a toto partnerstv\u00ed se s\u00a0postupem \u010dasu vyjevuje, jako veskrze \u0161\u0165astn\u00e9: s &#8222;Academiky&#8220; jsme stejn\u00e1 \u201ekrevn\u00ed skupina\u201c ve v\u011bci p\u0159\u00edstupu k\u00a0d\u011btem s\u00a0d\u016frazem na to, aby se \u201emla\u010fo\u0161i\u201c byciklem hlavn\u011b bavili! (A nikoli stresovali\u2026).\u00a0<\/strong><\/span><\/p>\n<figure id=\"attachment_14651\" aria-describedby=\"caption-attachment-14651\" style=\"width: 1200px\" class=\"wp-caption alignnone\"><a style=\"color: #41a62a; outline: 0px;\" href=\"http:\/\/www.moravecteam.cz\/?attachment_id=14651\" rel=\"attachment wp-att-14651\"><img decoding=\"async\" loading=\"lazy\" class=\" wp-image-14651\" alt=\"IMG-20200302-WA0008\" src=\"http:\/\/www.moravecteam.cz\/wp-content\/uploads\/2020\/03\/IMG-20200302-WA0008.jpg\" width=\"1200\" height=\"741\" srcset=\"https:\/\/www.moravecteam.cz\/wp-content\/uploads\/2020\/03\/IMG-20200302-WA0008.jpg 1200w, https:\/\/www.moravecteam.cz\/wp-content\/uploads\/2020\/03\/IMG-20200302-WA0008-300x185.jpg 300w, https:\/\/www.moravecteam.cz\/wp-content\/uploads\/2020\/03\/IMG-20200302-WA0008-1024x632.jpg 1024w\" sizes=\"(max-width: 1200px) 100vw, 1200px\" \/><\/a><figcaption id=\"caption-attachment-14651\" class=\"wp-caption-text\">Cyklistick\u00fd Napoleon ur\u010duje sm\u011br hlav\u00edho \u00faderu!<\/figcaption><\/figure>\n<p style=\"text-align: justify;\">S odstupem n\u011bkolika dn\u016f a t\u00fddn\u016f\u00a0jsou u\u017e ale n\u011bkter\u00e9 skute\u010dnosti <span style=\"color: #ff0000;\"><span style=\"color: #000000;\">trochu jinak&#8230; Sv\u011bt zas\u00e1hla r\u00e1na jm\u00e9nem<\/span><\/span><strong><span style=\"color: #ff0000;\"> <a href=\"https:\/\/koronavirus.mzcr.cz\/\"><span style=\"color: #ff0000;\">&#8222;Covid 19&#8220;<\/span><\/a> <\/span><\/strong><span style=\"color: #000000;\">a tak info, \u017ee<span style=\"color: #ff0000;\"><strong> <a href=\"https:\/\/www.poharmtb.cz\/strabag-cp-xco\"><span style=\"color: #ff0000;\">prvn\u00ed MTB \u010cesk\u00fd poh\u00e1r bude posunut<\/span><\/a><\/strong><\/span><\/span> a\u017e na konec leto\u0161n\u00edch pr\u00e1zdnin, je skute\u010dnost, o kter\u00e9 jsme na startu operace <strong><span style=\"color: #800000;\">&#8222;Drogar 4&#8220;<\/span><\/strong> nem\u011bli tu\u0161en\u00ed&#8230; A\u0165 tak \u010di tak: p\u0159\u00edpravu se poda\u0159ilo naplnit, ani\u017e by ji ovlivnily bl\u00ed\u017e\u00edc\u00ed se dramatick\u00e9 okolnosti (ty nastaly v souvislosti s \u0161\u00ed\u0159en\u00edm epidemie prakticky a\u017e po n\u00e1vratu na\u0161ich), a a\u0165 u\u017e bude z\u00e1vodn\u00ed sez\u00f3na z d\u016fvodu koronviru jakkoli redukov\u00e1na, soust\u0159ed\u011bn\u00ed\u00a0 v Pule nikomu z \u00fa\u010dastn\u00edk\u016f v \u017e\u00e1dn\u00e9m p\u0159\u00edpad\u011b nikterak neu\u0161kodilo.\u00a0Naopak..! Ka\u017ed\u00fd si u mo\u0159e stihnul ov\u011b\u0159it, jak na tom, po absolvov\u00e1n\u00ed dosavadn\u00ed p\u0159\u00edpravy, na prahu sez\u00f3ny\u00a0 ve skute\u010dnosti je a co je t\u0159eba jet\u011b zlep\u0161it, na \u010dem je t\u0159eba je\u0161t\u011b intenzivn\u011b zapracovat&#8230; A \u017ee je po\u0159\u00e1d co zlep\u0161ovat, to ka\u017ed\u00fd moudr\u00fd cyklista v\u00ed moc dob\u0159e&#8230;<\/p>\n<figure id=\"attachment_14652\" aria-describedby=\"caption-attachment-14652\" style=\"width: 1593px\" class=\"wp-caption alignnone\"><a href=\"http:\/\/www.moravecteam.cz\/?attachment_id=14652\" rel=\"attachment wp-att-14652\"><img decoding=\"async\" loading=\"lazy\" class=\" wp-image-14652\" alt=\"IMG-20200304-WA0064\" src=\"http:\/\/www.moravecteam.cz\/wp-content\/uploads\/2020\/03\/IMG-20200304-WA0064.jpg\" width=\"1593\" height=\"895\" srcset=\"https:\/\/www.moravecteam.cz\/wp-content\/uploads\/2020\/03\/IMG-20200304-WA0064.jpg 1593w, https:\/\/www.moravecteam.cz\/wp-content\/uploads\/2020\/03\/IMG-20200304-WA0064-300x168.jpg 300w, https:\/\/www.moravecteam.cz\/wp-content\/uploads\/2020\/03\/IMG-20200304-WA0064-1024x575.jpg 1024w\" sizes=\"(max-width: 1593px) 100vw, 1593px\" \/><\/a><figcaption id=\"caption-attachment-14652\" class=\"wp-caption-text\">N\u011bkter\u00e9 fotky si zaslou\u017e\u00ed p\u0159\u00edvlastek: &#8222;um\u011bleck\u00e9&#8220;!<\/figcaption><\/figure>\n<p style=\"text-align: justify;\">Kl\u00ed\u010dov\u00fd faktorem b\u00fdv\u00e1 v\u017edy po\u010das\u00ed a to i letos na\u0161\u00ed invazi na Balk\u00e1n p\u0159\u00e1lo. De\u0161tivo bylo jen v \u00favodu a z\u00e1v\u011bru\u00a0 pobytu, v pr\u016fb\u011bhu p\u0159\u00edpravn\u00e9ho t\u00fddne\u00a0 bylo klima na pln\u011bn\u00ed &#8222;letov\u00e9ho pl\u00e1nu&#8220; docela optim\u00e1ln\u00ed. Tren\u00e9\u0159i rajdry rozd\u011blily do t\u0159\u00ed \u00fadern\u00fdch skupin a tyto\u00a0 postupn\u00fdmi odv\u00e1\u017en\u00fdmi a r\u00e1zn\u00fdmi v\u00fdpady dob\u00fdvaly pro MORAVEC Team na Balk\u00e1nsk\u00e9m poloostrov\u011b dal\u0161\u00ed v\u00fdznamn\u00e1 \u00fazemn\u00ed teritoria! Jsou to nap\u0159\u00edklad destinace: <strong><a href=\"http:\/\/www.chorvatska.cz\/fazana\/\">Fa\u017eana<\/a><\/strong>, Istra, <strong><a href=\"https:\/\/www.novalja.cz\/chorvatsko\/vylety-priroda\/narodni-parky\/narodni-park-brijuni\/\">Brijuni<\/a><\/strong>, <strong><a href=\"https:\/\/cs.wikipedia.org\/wiki\/Rovinj\">Rovinj<\/a><\/strong> a <strong><a href=\"https:\/\/cs.wikipedia.org\/wiki\/Limsk%C3%BD_z%C3%A1liv\">Limsk\u00fd kan\u00e1l<\/a>.<\/strong>.. <strong><span style=\"color: #800000;\">Bravo MORAVEC!<\/span><\/strong><\/p>\n<figure id=\"attachment_14653\" aria-describedby=\"caption-attachment-14653\" style=\"width: 1599px\" class=\"wp-caption alignnone\"><a href=\"http:\/\/www.moravecteam.cz\/?attachment_id=14653\" rel=\"attachment wp-att-14653\"><img decoding=\"async\" loading=\"lazy\" class=\" wp-image-14653\" alt=\"IMG-20200304-WA0012\" src=\"http:\/\/www.moravecteam.cz\/wp-content\/uploads\/2020\/03\/IMG-20200304-WA0012.jpg\" width=\"1599\" height=\"1075\" srcset=\"https:\/\/www.moravecteam.cz\/wp-content\/uploads\/2020\/03\/IMG-20200304-WA0012.jpg 1599w, https:\/\/www.moravecteam.cz\/wp-content\/uploads\/2020\/03\/IMG-20200304-WA0012-300x201.jpg 300w, https:\/\/www.moravecteam.cz\/wp-content\/uploads\/2020\/03\/IMG-20200304-WA0012-1024x688.jpg 1024w\" sizes=\"(max-width: 1599px) 100vw, 1599px\" \/><\/a><figcaption id=\"caption-attachment-14653\" class=\"wp-caption-text\">Tato dobyt\u00e1 pevnost poslou\u017e\u00ed na p\u0159esrok jako v\u00fdchz\u00ed z\u00e1kladna pro \u00fatok na \u0158ecko!<\/figcaption><\/figure>\n<p style=\"text-align: justify;\">\u00dasp\u011b\u0161n\u00e1 ka\u017edodenn\u00ed tr\u00e9ninkov\u00e1 ta\u017een\u00ed, kter\u00e1 se \u010dasto prot\u00e1hla a\u017e do severn\u00edch parti\u00ed Bosny a Hercegoviny, \u010cern\u00e9 Hory, \u010di v\u00fdchodn\u00edho Srbska, by nebyla mo\u017en\u00e1 bez bezchybn\u011b funguj\u00edc\u00edho t\u00fdlov\u00e9ho z\u00e1zem\u00ed, o kter\u00e9 se vzorn\u011b postaraly hlavn\u00e9 po gastronomick\u00e9 str\u00e1nce <strong><span style=\"color: #800000;\">Petra<\/span><\/strong>\u00a0s <strong><span style=\"color: #800000;\">Lenkou.<\/span><\/strong>\u00a0A bylo by vskutku zaj\u00edmav\u00e9, porovnat hmotnostn\u00ed parametry jednotliv\u00fdch rajdr\u016f p\u0159ed a po akci. Na kucha\u0159sk\u00fd a pe\u010dovatelsk\u00fd servis\u00a0 obou d\u011bv\u010dat pro &#8222;\u00fa\u010dastn\u00edky z\u00e1jezdu&#8220; jsem nezaregistroval jedin\u00e9 v\u00fdtky a p\u0159i nejbli\u017e\u0161\u00ed p\u0159\u00edle\u017eitosti bude jim a tren\u00e9r\u016fm, pod <strong><span style=\"color: #800000;\">Vl\u00e1\u010fov\u00fdm<\/span><\/strong> veden\u00edm, kte\u0159\u00ed p\u0159i ka\u017edodenn\u00edch v\u00fdpadech &#8222;\u0159\u00eddili palbu&#8220;, ud\u011bleno slavnostn\u011b &#8211; p\u0159ed nastoupenou\u00a0 jednotkou a vzty\u010denou bojovou z\u00e1stavou, nejvy\u0161\u0161\u00ed odd\u00edlov\u00e9 vyznamen\u00e1n\u00ed &#8211; <span style=\"color: #800000;\"><strong>\u0158\u00e1d Vlastimila MORAVCE<\/strong><\/span>! Bravo a d\u00edky moc za bezva pr\u00e1ci!<\/p>\n<figure id=\"attachment_14654\" aria-describedby=\"caption-attachment-14654\" style=\"width: 1599px\" class=\"wp-caption alignnone\"><a href=\"http:\/\/www.moravecteam.cz\/?attachment_id=14654\" rel=\"attachment wp-att-14654\"><img decoding=\"async\" loading=\"lazy\" class=\" wp-image-14654\" alt=\"IMG-20200305-WA0001\" src=\"http:\/\/www.moravecteam.cz\/wp-content\/uploads\/2020\/03\/IMG-20200305-WA0001.jpg\" width=\"1599\" height=\"989\" srcset=\"https:\/\/www.moravecteam.cz\/wp-content\/uploads\/2020\/03\/IMG-20200305-WA0001.jpg 1599w, https:\/\/www.moravecteam.cz\/wp-content\/uploads\/2020\/03\/IMG-20200305-WA0001-300x185.jpg 300w, https:\/\/www.moravecteam.cz\/wp-content\/uploads\/2020\/03\/IMG-20200305-WA0001-1024x633.jpg 1024w\" sizes=\"(max-width: 1599px) 100vw, 1599px\" \/><\/a><figcaption id=\"caption-attachment-14654\" class=\"wp-caption-text\">MORAVCI pod taktovkou Vlast\u00edka.<\/figcaption><\/figure>\n<p style=\"text-align: justify;\">Co bude d\u00e1l, to se \u010dasem uvid\u00ed, ka\u017edop\u00e1dn\u011b <strong><span style=\"color: #ff0000;\"><a href=\"https:\/\/koronavirus.mzcr.cz\/\"><span style=\"color: #ff0000;\">&#8222;Covid 19&#8220;<\/span><\/a><\/span><\/strong>, by\u0165 tit\u011brn\u00fd a neviditeln\u00fd &#8211; obrazn\u011b \u0159e\u010deno &#8211; v podstat\u011b \u00fasp\u011b\u0161n\u011b a docela snadno zad\u0159el v\u0161echny byciklov\u00e9 p\u0159evody a zp\u016fsobil a d\u00e1l zp\u016fsobuje &#8211; v\u00edce\u00a0 \/ m\u00e9n\u011b &#8211; znehybn\u011bn\u00ed (nejen) v\u0161ech bik\u016f sv\u011bta&#8230; <strong><span style=\"color: #800000;\">Trp\u011blivost a discipl\u00edna<\/span><\/strong>, to jsou asi dva nejd\u016fle\u017eit\u011bj\u0161\u00ed faktory, kter\u00fdmi bychom se m\u011bli v sou\u010dasn\u00e9 dob\u011b vyzbrojit&#8230; A samoz\u0159ejm\u011b neztr\u00e1cet smysl pro humor&#8230; Ale o ten strach &#8211; v p\u0159\u00edpad\u011b borc\u016f a borek MORAVEC Teamu a Short Bike Academy Opletal &#8211; vskutku nem\u00e1m! Sta\u010d\u00ed n\u00ed\u017ee omrknout t\u0159i fotogalerie z Puly, a hned bude ka\u017ed\u00e9mu jasn\u00e9, \u017ee to byl t\u00fdden nejen odpov\u011bdn\u00e9 pr\u00e1ce, ale hlavn\u011b srandy a dobr\u00e9 n\u00e1lady! T\u00fdden\u00a0 tu\u017een\u00ed supr party, kter\u00e1 se za\u010d\u00edn\u00e1 z\u0159eteln\u011b r\u00fdsovat! <strong><span style=\"color: #ff0000;\"><a href=\"https:\/\/koronavirus.mzcr.cz\/\"><span style=\"color: #ff0000;\">&#8222;Covid 19&#8220;<\/span><\/a><\/span><\/strong> \u010di jin\u00e9 elementy, proti tomu m\u016f\u017eou protestovat, m\u016f\u017eou s t\u00edm dokonce nesouhasit, ale to je asi tak v\u0161echno, co se s t\u00edm d\u00e1 d\u011blat..!<\/p>\n<ul>\n<li><strong><a href=\"https:\/\/moravecteam.rajce.idnes.cz\/2020.03.04_Jarni_soustredeni_Pula_Drogar_4\/\">Fotogalerie \u010d.1<\/a><\/strong><\/li>\n<li><strong><a href=\"https:\/\/moravecteam.rajce.idnes.cz\/2020.03.06_Jarni_soustredeni_Pula_Drogar_4_-_2\/\">Fotogalerie \u010d.2<\/a><\/strong><\/li>\n<li><strong><a href=\"https:\/\/moravecteam.rajce.idnes.cz\/2020.03.08_Jarni_soustredeni_Pula_Drogar_4_-_3\/\">Fotogalerie \u010d.3<\/a><\/strong><\/li>\n<\/ul>\n<figure id=\"attachment_14655\" aria-describedby=\"caption-attachment-14655\" style=\"width: 822px\" class=\"wp-caption alignnone\"><a href=\"http:\/\/www.moravecteam.cz\/?attachment_id=14655\" rel=\"attachment wp-att-14655\"><img decoding=\"async\" loading=\"lazy\" class=\" wp-image-14655\" alt=\"IMG-20200306-WA0049\" src=\"http:\/\/www.moravecteam.cz\/wp-content\/uploads\/2020\/03\/IMG-20200306-WA0049.jpg\" width=\"822\" height=\"683\" srcset=\"https:\/\/www.moravecteam.cz\/wp-content\/uploads\/2020\/03\/IMG-20200306-WA0049.jpg 822w, https:\/\/www.moravecteam.cz\/wp-content\/uploads\/2020\/03\/IMG-20200306-WA0049-300x249.jpg 300w\" sizes=\"(max-width: 822px) 100vw, 822px\" \/><\/a><figcaption id=\"caption-attachment-14655\" class=\"wp-caption-text\">D\u00edky Jon\u00e1\u0161kovi m\u00e1 MORAVEC Team v majetku u\u017e i tuto lokomotivu..!<\/figcaption><\/figure>\n<p style=\"text-align: justify;\">\n","protected":false},"excerpt":{"rendered":"<p>Vzhledem k\u00a0okolnostem, \u017ee p\u016fvodn\u00ed term\u00edn prvn\u00edho z\u00e1vodu\u00a0 MTB \u010cesk\u00e9ho poh\u00e1ru byl letos p\u0159edsunut ji\u017e na prvn\u00ed dubnov\u00fd v\u00edkend, na fin\u00e1ln\u00ed p\u0159\u00edpravu do chorvatsk\u00e9 Puly docela posp\u00edch\u00e1me. Pouh\u00fdch \u010dtrn\u00e1ct dn\u016f odd\u011blilo zimn\u00ed a jarn\u00ed soust\u0159ed\u011bn\u00ed&#8230; Tyto dny byly samoz\u0159ejm\u011b vyu\u017eity k\u00a0pravideln\u00fdm tr\u00e9ninkov\u00fdm procedur\u00e1m \u201epod st\u0159echou\u201c. A i letos n\u00e1m d\u011blali &#8211; a\u0165 u\u017e v Jesen\u00edk\u00e1ch, \u010di &hellip; <a href=\"https:\/\/www.moravecteam.cz\/?p=14628\" class=\"more-link\">Pokra\u010dov\u00e1n\u00ed textu <span class=\"screen-reader-text\">Drogar &#8222;four&#8220;.<\/span> <span class=\"meta-nav\">&rarr;<\/span><\/a><\/p>\n","protected":false},"author":3,"featured_media":14650,"comment_status":"open","ping_status":"closed","sticky":false,"template":"","format":"standard","meta":[],"categories":[9],"tags":[],"_links":{"self":[{"href":"https:\/\/www.moravecteam.cz\/index.php?rest_route=\/wp\/v2\/posts\/14628"}],"collection":[{"href":"https:\/\/www.moravecteam.cz\/index.php?rest_route=\/wp\/v2\/posts"}],"about":[{"href":"https:\/\/www.moravecteam.cz\/index.php?rest_route=\/wp\/v2\/types\/post"}],"author":[{"embeddable":true,"href":"https:\/\/www.moravecteam.cz\/index.php?rest_route=\/wp\/v2\/users\/3"}],"replies":[{"embeddable":true,"href":"https:\/\/www.moravecteam.cz\/index.php?rest_route=%2Fwp%2Fv2%2Fcomments&post=14628"}],"version-history":[{"count":20,"href":"https:\/\/www.moravecteam.cz\/index.php?rest_route=\/wp\/v2\/posts\/14628\/revisions"}],"predecessor-version":[{"id":14660,"href":"https:\/\/www.moravecteam.cz\/index.php?rest_route=\/wp\/v2\/posts\/14628\/revisions\/14660"}],"wp:featuredmedia":[{"embeddable":true,"href":"https:\/\/www.moravecteam.cz\/index.php?rest_route=\/wp\/v2\/media\/14650"}],"wp:attachment":[{"href":"https:\/\/www.moravecteam.cz\/index.php?rest_route=%2Fwp%2Fv2%2Fmedia&parent=14628"}],"wp:term":[{"taxonomy":"category","embeddable":true,"href":"https:\/\/www.moravecteam.cz\/index.php?rest_route=%2Fwp%2Fv2%2Fcategories&post=14628"},{"taxonomy":"post_tag","embeddable":true,"href":"https:\/\/www.moravecteam.cz\/index.php?rest_route=%2Fwp%2Fv2%2Ftags&post=14628"}],"curies":[{"name":"wp","href":"https:\/\/api.w.org\/{rel}","templated":true}]}}