{"id":14661,"date":"2020-03-23T23:06:59","date_gmt":"2020-03-23T22:06:59","guid":{"rendered":"http:\/\/www.moravecteam.cz\/?p=14661"},"modified":"2020-03-24T21:26:08","modified_gmt":"2020-03-24T20:26:08","slug":"co-se-bude-dit-st13-5","status":"publish","type":"post","link":"https:\/\/www.moravecteam.cz\/?p=14661","title":{"rendered":"Co se bude d\u00edt? (ST13)-2"},"content":{"rendered":"<h5><span style=\"color: #800000;\">Odd\u00edlov\u00fd term\u00ednov\u00fd kalend\u00e1\u0159 2020:<\/span><\/h5>\n<p><strong><a href=\"http:\/\/www.moravecteam.cz\/?attachment_id=14671\" rel=\"attachment wp-att-14671\">MORAVEC-Team-term\u00ednov\u00fd-kalend\u00e1\u0159-2020-4<\/a><\/strong><\/p>\n<h5><span style=\"color: #800000;\">Doba rou\u0161kov\u00e1&#8230;<\/span><\/h5>\n<p style=\"text-align: justify;\"><strong><span style=\"color: #ff0000;\">Spole\u010dn\u00e1 p\u0159\u00edprava<\/span><span style=\"color: #ff0000;\"> je<\/span><\/strong> vzhledem k aktu\u00e1ln\u00edmu stavu s n\u00e1kazou &#8222;Covid 19&#8220; <strong><span style=\"color: #ff0000;\">do odvol\u00e1n\u00ed zru\u0161ena<\/span><\/strong>, dle pokyn\u016f tren\u00e9r\u016f je t\u0159eba tr\u00e9novat s\u00f3lo, dle mo\u017enost\u00ed optim\u00e1ln\u011b v rodinn\u00fdch t\u00fdmech.<\/p>\n<p><span style=\"color: #800000;\"><strong><span style=\"font-size: 16px;\">Sobota 28. 3. 2020<\/span><\/strong><\/span><\/p>\n<ul>\n<li style=\"text-align: justify;\">Kamptal Klassik Trophy &#8211; premi\u00e9rov\u00e9 MTB z\u00e1vody v Langenlois\u00a0(Rakousko)\u00a0jsou\u00a0<span style=\"color: #ff0000;\"><strong>ZRU\u0160ENY!<\/strong><\/span>\u00a0Zde\u00a0<a href=\"https:\/\/www.kamptal-klassik-trophy.at\/\"><strong><span style=\"color: #ff0000;\">studujte podrobnosti<\/span><\/strong>.<\/a><strong><\/strong><\/li>\n<li style=\"text-align: justify;\">&#8222;Trofeo Cinelli Velk\u00e1 cena Hlohovce&#8220;\u00a0&#8211; tradi\u010dn\u00ed silni\u010dn\u00ed &#8222;otv\u00edr\u00e1k&#8220; v Hlohovci <strong><span style=\"color: #ff0000;\">je\u00a0odlo\u017een na neur\u010dito.<\/span><\/strong> Zde studujte k z\u00e1vodu\u00a0<a href=\"http:\/\/sportcomplex.cz\/default.htm\">\u00a0<strong><span style=\"color: #ff0000;\">dal\u0161\u00ed podrobnosti<\/span><\/strong><\/a><strong><span style=\"color: #ff0000;\">.<\/span><\/strong><\/li>\n<\/ul>\n<h5><strong><span style=\"color: #800000;\">Ned\u011ble 29. 3. 2020<\/span><\/strong><\/h5>\n<p style=\"text-align: justify;\">&#8222;Morkovsk\u00e9 bajk&#8220;\u00a0&#8211; tradi\u010dn\u00ed bikov\u00fd &#8222;otv\u00edr\u00e1k&#8220;, kter\u00fd je vyps\u00e1n pro v\u0161echny v\u011bkov\u00e9 kategorie,\u00a0<strong><span style=\"color: #ff0000;\">je odlo\u017een<\/span><\/strong>:\u00a0zde studujte\u00a0<strong><span style=\"color: #ff0000;\"><a href=\"https:\/\/www.biketriatlonmorkovice.cz\/morkovske-bajk\/\"><span style=\"color: #ff0000;\">podrobnosti k z\u00e1vodu pro kategorie od 13- ti let a star\u0161\u00ed<\/span><\/a>.<\/span><\/strong><\/p>\n<h5><span style=\"color: #800000;\">AKCE\u00a0 ZA\u00a0 HORIZONTEM<\/span><\/h5>\n<ul>\n<li>\n<p style=\"text-align: justify;\"><strong><span style=\"color: #800000;\">4. &#8211; 5.4. 2020<\/span><\/strong>\u00a0&#8211; z\u00e1vod \u010cesk\u00e9ho poh\u00e1ru horsk\u00fdch kol v Brn\u011b\u00a0se neuskute\u010dn\u00ed\u00a0a <strong><span style=\"color: #ff0000;\">je p\u0159elo\u017een<\/span><\/strong> na term\u00edn 29. &#8211; 30.8. 2020. Zde\u00a0<strong><span style=\"color: #ff0000;\"><a href=\"https:\/\/www.facebook.com\/ceskypoharxco\/?__tn__=kC-R&amp;eid=ARB4sBLek5RbYXkPOGfC9FwUCYmI3YlfRmoNXnTGGpWssFzz9VskPyRHJoHnbCJcocU08z86zRNHAdR5&amp;hc_ref=ARSoUTNBToJOX8TJ1LjlioF_UOuVdnwMTvhumN8ffc1xdmPobq0zF99nKsDBdqIMmMc&amp;__xts__[0]=68.ARCH1XCyCiSLW9HqOunE9Eta1UGmfUBEwhBinHqRJ0q0oo2JfJGVE9FUb7_fC6l9_PLN_a1rfD9w_fOokdmPMnKpcw8bjiJUnCt3Z2erUyXHyvTygp0DuxdUQ-wWH8uMv6abn24HPZ4m-kt3pSgqpRjzBiwnLxWwfPTNUYfr9QJYhW6UoX57FIDOGh6X7iqp7DNJNuepTQTGyX_qxiFf8Y-1HYXciFytN_eMg9GgISrJh2_EzY_2LvWIIMZ_92nH8bLcK12uhXdzYNwBndYkFqY0zJEzd9ZFhemPbWtGLTO7cAkgBOEEoJgG0E9xWiMTkrcU9aTrFBndFPgqL8jaA3eV6Sy4odF8cvVlKdfO\"><span style=\"color: #ff0000;\">studujte podrobnosti.<\/span><\/a><\/span><\/strong>\u00a0A taky\u00a0<span style=\"color: #ff0000;\"><strong><a href=\"https:\/\/www.poharmtb.cz\/strabag-cp-xco\"><span style=\"color: #ff0000;\">zde&#8230;<\/span><\/a><\/strong><\/span><\/p>\n<\/li>\n<li style=\"text-align: justify;\"><strong><span style=\"color: #800000;\">25. &#8211; 26.4. 2020<\/span><\/strong> &#8211; z\u00e1vod \u010cesk\u00e9ho poh\u00e1ru horsk\u00fdch kol ve M\u011bst\u011b Tou\u0161kov se neuskute\u010dn\u00ed a <strong><span style=\"color: #ff0000;\">je p\u0159elo\u017een<\/span><\/strong> na z\u00e1\u0159\u00ed (p\u0159esn\u00fd term\u00edn nebyl zat\u00edm stanoven). Zde <strong><span style=\"color: #ff0000;\"><a href=\"https:\/\/www.poharmtb.cz\/strabag-cp-xco\"><span style=\"color: #ff0000;\">studujte podrobnosti<\/span><\/a>.<\/span><\/strong><\/li>\n<li style=\"text-align: justify;\"><span style=\"color: #800000;\"><strong>2. &#8211; 3.5. 2020<\/strong><\/span> &#8211; prvn\u00ed z\u00e1vod \u010cesk\u00e9ho poh\u00e1ru horsk\u00fdch kol na Zadov\u011b. Zde <strong><a href=\"https:\/\/www.poharmtb.cz\/strabag-cp-xco\">studujte podrobnosti&#8230;<\/a><\/strong><\/li>\n<li>\n<p style=\"text-align: justify;\"><strong><span style=\"color: #800000;\">8. 5. 2020\u00a0<\/span><\/strong><span>&#8211; prvn\u00ed z\u00e1vod 19. ro\u010dn\u00edku MTB Poh\u00e1ru Drahansk\u00e9 vrchoviny ve Valchov\u011b. Zde\u00a0<\/span><strong><a href=\"http:\/\/www.pohardrahanskevrchoviny.cz\/bylo-pod-stromeckem\/\">studujte aktu\u00e1ln\u00ed informace<\/a>.<\/strong><\/p>\n<\/li>\n<li><strong><span style=\"color: #800000;\">16. 5. 2020<\/span><\/strong>\u00a0&#8211; druh\u00fd z\u00e1vod 19. ro\u010dn\u00edku MTB Poh\u00e1ru Drahansk\u00e9 vrchoviny v Okrouhl\u00e9. Zde\u00a0<strong><a href=\"http:\/\/www.pohardrahanskevrchoviny.cz\/bylo-pod-stromeckem\/\">studujte aktu\u00e1ln\u00ed informace<\/a>.<\/strong><\/li>\n<li><strong><span style=\"color: #800000;\">22. &#8211; 24.5. 2020<\/span><\/strong> &#8211; Sv\u011btov\u00fd poh\u00e1r horsk\u00fdch kol v Nov\u00e9m M\u011bst\u011b na Morav\u011b<strong><span style=\"color: #ff0000;\"> je odlo\u017een<\/span><\/strong>! Zde <strong><span style=\"color: #ff0000;\"><a href=\"https:\/\/www.mtbnmnm.cz\/novinky\/sp-horskych-kol-v-nmnm-2020-odlozen-na-novy-termin\"><span style=\"color: #ff0000;\">studujte podrobnosti&#8230;<\/span><\/a><\/span><\/strong><\/li>\n<li><span style=\"color: #800000;\"><strong>30. &#8211; 31.5. 2020<\/strong><\/span> &#8211; druh\u00fd z\u00e1vod\u00a0\u010cesk\u00e9ho poh\u00e1ru horsk\u00fdch kol v Hlinsku. Zde\u00a0<strong><a href=\"https:\/\/www.poharmtb.cz\/strabag-cp-xco\">studujte podrobnosti&#8230;<\/a><\/strong><\/li>\n<\/ul>\n<h5><span style=\"color: #800000;\">AKCE ZA DV\u011aMA HORIZONTY<\/span><\/h5>\n<p style=\"text-align: justify;\">V sou\u010dasnosti se budeme \u0159\u00eddit pravidlem, kter\u00e9 jsme ctili na vojn\u011b: <strong><span style=\"color: #800000;\">&#8222;Po\u010dk\u00e1me a uvid\u00edme&#8230;&#8220;.<\/span><\/strong> Na vojn\u011b, toti\u017e bylo jist\u00e9 jen to, co u\u017e bylo, co u\u017e prob\u011bhlo&#8230; To, co se m\u011blo st\u00e1t, do posledn\u00ed chvilky jist\u00e9 nebylo&#8230; Realita dne\u0161n\u00edch dn\u016f m\u011b realitu \u010das\u016f, kdy jsme nosili vojensk\u00fd stejnokroj, tak trochu p\u0159ipom\u00edn\u00e1&#8230;! <span style=\"text-decoration: underline;\"><strong><span style=\"color: #800000; text-decoration: underline;\">Sv\u011bt v m\u00edru &#8211; smrt viru!!!<\/span><\/strong><\/span><\/p>\n<p>&nbsp;<\/p>\n<p>&nbsp;<\/p>\n","protected":false},"excerpt":{"rendered":"<p>Odd\u00edlov\u00fd term\u00ednov\u00fd kalend\u00e1\u0159 2020: MORAVEC-Team-term\u00ednov\u00fd-kalend\u00e1\u0159-2020-4 Doba rou\u0161kov\u00e1&#8230; Spole\u010dn\u00e1 p\u0159\u00edprava je vzhledem k aktu\u00e1ln\u00edmu stavu s n\u00e1kazou &#8222;Covid 19&#8220; do odvol\u00e1n\u00ed zru\u0161ena, dle pokyn\u016f tren\u00e9r\u016f je t\u0159eba tr\u00e9novat s\u00f3lo, dle mo\u017enost\u00ed optim\u00e1ln\u011b v rodinn\u00fdch t\u00fdmech. Sobota 28. 3. 2020 Kamptal Klassik Trophy &#8211; premi\u00e9rov\u00e9 MTB z\u00e1vody v Langenlois\u00a0(Rakousko)\u00a0jsou\u00a0ZRU\u0160ENY!\u00a0Zde\u00a0studujte podrobnosti. &#8222;Trofeo Cinelli Velk\u00e1 cena Hlohovce&#8220;\u00a0&#8211; tradi\u010dn\u00ed silni\u010dn\u00ed &hellip; <a href=\"https:\/\/www.moravecteam.cz\/?p=14661\" class=\"more-link\">Pokra\u010dov\u00e1n\u00ed textu <span class=\"screen-reader-text\">Co se bude d\u00edt? (ST13)-2<\/span> <span class=\"meta-nav\">&rarr;<\/span><\/a><\/p>\n","protected":false},"author":3,"featured_media":14666,"comment_status":"open","ping_status":"closed","sticky":false,"template":"","format":"standard","meta":[],"categories":[11],"tags":[],"_links":{"self":[{"href":"https:\/\/www.moravecteam.cz\/index.php?rest_route=\/wp\/v2\/posts\/14661"}],"collection":[{"href":"https:\/\/www.moravecteam.cz\/index.php?rest_route=\/wp\/v2\/posts"}],"about":[{"href":"https:\/\/www.moravecteam.cz\/index.php?rest_route=\/wp\/v2\/types\/post"}],"author":[{"embeddable":true,"href":"https:\/\/www.moravecteam.cz\/index.php?rest_route=\/wp\/v2\/users\/3"}],"replies":[{"embeddable":true,"href":"https:\/\/www.moravecteam.cz\/index.php?rest_route=%2Fwp%2Fv2%2Fcomments&post=14661"}],"version-history":[{"count":16,"href":"https:\/\/www.moravecteam.cz\/index.php?rest_route=\/wp\/v2\/posts\/14661\/revisions"}],"predecessor-version":[{"id":14689,"href":"https:\/\/www.moravecteam.cz\/index.php?rest_route=\/wp\/v2\/posts\/14661\/revisions\/14689"}],"wp:featuredmedia":[{"embeddable":true,"href":"https:\/\/www.moravecteam.cz\/index.php?rest_route=\/wp\/v2\/media\/14666"}],"wp:attachment":[{"href":"https:\/\/www.moravecteam.cz\/index.php?rest_route=%2Fwp%2Fv2%2Fmedia&parent=14661"}],"wp:term":[{"taxonomy":"category","embeddable":true,"href":"https:\/\/www.moravecteam.cz\/index.php?rest_route=%2Fwp%2Fv2%2Fcategories&post=14661"},{"taxonomy":"post_tag","embeddable":true,"href":"https:\/\/www.moravecteam.cz\/index.php?rest_route=%2Fwp%2Fv2%2Ftags&post=14661"}],"curies":[{"name":"wp","href":"https:\/\/api.w.org\/{rel}","templated":true}]}}