{"id":1478,"date":"2015-09-03T18:24:35","date_gmt":"2015-09-03T16:24:35","guid":{"rendered":"http:\/\/www.moravecteam.cz\/?p=1478"},"modified":"2015-09-03T18:44:35","modified_gmt":"2015-09-03T16:44:35","slug":"svetova-adela","status":"publish","type":"post","link":"https:\/\/www.moravecteam.cz\/?p=1478","title":{"rendered":"Sv\u011btov\u00e1 Ad\u00e9la!"},"content":{"rendered":"<p style=\"text-align: justify;\"><strong><span style=\"color: #800000;\">Stalo se v posledn\u00edch letech pravidlem, \u017ee d\u011bjiny MORAVCE se jala p\u0159episovat na\u0161e \u0161ikovn\u00e1 odchovankyn\u011b, toho \u010dasu juniorka &#8222;prvoro\u010da\u010dka&#8220; Ad\u00e9la \u0160af\u00e1\u0159ov\u00e1. Jej\u00ed nejnov\u011bj\u0161\u00ed z\u00e1pis je \u00fapln\u011b \u010derstv\u00fd a to z dne\u0161n\u00edho z\u00e1vodu juniorek na MTB mistrovstv\u00ed sv\u011bta ve Vallnordu. Ad\u00e9la \u0161okovala cyklistick\u00fd sv\u011bt vynikaj\u00edc\u00edm 16. m\u00edstem!<\/span><\/strong><\/p>\n<figure id=\"attachment_1480\" aria-describedby=\"caption-attachment-1480\" style=\"width: 640px\" class=\"wp-caption alignnone\"><a href=\"http:\/\/www.moravecteam.cz\/?attachment_id=1480\" rel=\"attachment wp-att-1480\"><img decoding=\"async\" loading=\"lazy\" class=\" wp-image-1480\" alt=\"CER_2831\" src=\"http:\/\/www.moravecteam.cz\/wp-content\/uploads\/2015\/09\/CER_2831.jpg\" width=\"640\" height=\"427\" srcset=\"https:\/\/www.moravecteam.cz\/wp-content\/uploads\/2015\/09\/CER_2831.jpg 640w, https:\/\/www.moravecteam.cz\/wp-content\/uploads\/2015\/09\/CER_2831-300x200.jpg 300w\" sizes=\"(max-width: 640px) 100vw, 640px\" \/><\/a><figcaption id=\"caption-attachment-1480\" class=\"wp-caption-text\">T\u0159in\u00e1ct\u00e1 v Evrop\u011b a \u0161estn\u00e1ct\u00e1 na sv\u011bt\u011b! To je leto\u0161n\u00ed bikov\u00e1 vizitka na\u0161\u00ed odchovankyn\u011b Ad\u00e9ly \u0160af\u00e1\u0159ov\u00e9!<\/figcaption><\/figure>\n<p style=\"text-align: justify;\">Kdy\u017e jsem ji do pyrenejsk\u00e9 Andorry poslal k jmenin\u00e1m ve st\u0159edu blahop\u0159ejnou SMS, sou\u010dasn\u011b jsem j\u00ed pop\u0159\u00e1l pro dne\u0161n\u00ed z\u00e1vod, aby se j\u00ed povedl. Odpov\u011bd\u011bla tak\u0159ka obratem a ve zpr\u00e1v\u011b sl\u00edbila, \u017ee se bude sna\u017eit&#8230; A sv\u016fj slib splnila na 100%&#8230; A m\u011b tedy nezbylo, ne\u017e na\u017ehavit \u00a0telefonn\u00ed linku do Vallnordu dnes znovu a pop\u0159\u00e1t Ad\u00e9le v tomto t\u00fddnu po druh\u00e9! A hlavn\u011b pod\u011bkovat&#8230; Tak\u017ee i touto formou Ad\u00e9lce ke skv\u011bl\u00e9mu v\u00fdsledku blahop\u0159ejeme a oblig\u00e1tn\u00ed d\u00edk za vzorn\u00e9 repre MORAVCE nem\u016f\u017ee chyb\u011bt&#8230; U\u017e te\u010f se t\u011b\u0161\u00edme na to, jak\u00e9 dal\u0161\u00ed chv\u00edle radosti a \u0161t\u011bst\u00ed n\u00e1m v budoucnu Adys je\u0161t\u011b p\u0159iprav\u00ed?\u00a0Na\u0161e gratulova\u010dka nem\u016f\u017ee minout ani Janu Czezinkarovou, kter\u00e1 se 6. m\u00edstem taky p\u0159ekonala! V Bukov\u00e9 a Bo\u0159itov\u011b se na &#8222;sv\u011bt&#8220; velmi dob\u0159e rozcvi\u010dil dnes mezi juniory 11. Ma\u0165o Pr\u016fdek&#8230; Viktor Zapletal m\u016f\u017ee b\u00fdt, mysl\u00edm, po dne\u0161ku podstatn\u011b spokojen\u011bj\u0161\u00ed, ne\u017e po z\u00e1vod\u011b \u0161tafet&#8230;\u00a0<strong><a href=\"http:\/\/mtbs.cz\/clanek\/juniorum-dal-vladne-andreassen-mezi-cechy-zazarila-6-mistem-czeczinkarova\/kategorie\/mistrovstvi-sveta-xc\">Report ze z\u00e1vodu junior\u016f a juniorek studujte zde<\/a>, <\/strong>komplet v\u00fdsledky jsou sou\u010d\u00e1st\u00ed tohoto \u010dl\u00e1nku.<\/p>\n","protected":false},"excerpt":{"rendered":"<p>Stalo se v posledn\u00edch letech pravidlem, \u017ee d\u011bjiny MORAVCE se jala p\u0159episovat na\u0161e \u0161ikovn\u00e1 odchovankyn\u011b, toho \u010dasu juniorka &#8222;prvoro\u010da\u010dka&#8220; Ad\u00e9la \u0160af\u00e1\u0159ov\u00e1. Jej\u00ed nejnov\u011bj\u0161\u00ed z\u00e1pis je \u00fapln\u011b \u010derstv\u00fd a to z dne\u0161n\u00edho z\u00e1vodu juniorek na MTB mistrovstv\u00ed sv\u011bta ve Vallnordu. Ad\u00e9la \u0161okovala cyklistick\u00fd sv\u011bt vynikaj\u00edc\u00edm 16. m\u00edstem! Kdy\u017e jsem ji do pyrenejsk\u00e9 Andorry poslal k jmenin\u00e1m &hellip; <a href=\"https:\/\/www.moravecteam.cz\/?p=1478\" class=\"more-link\">Pokra\u010dov\u00e1n\u00ed textu <span class=\"screen-reader-text\">Sv\u011btov\u00e1 Ad\u00e9la!<\/span> <span class=\"meta-nav\">&rarr;<\/span><\/a><\/p>\n","protected":false},"author":3,"featured_media":1487,"comment_status":"closed","ping_status":"closed","sticky":false,"template":"","format":"standard","meta":[],"categories":[1],"tags":[],"_links":{"self":[{"href":"https:\/\/www.moravecteam.cz\/index.php?rest_route=\/wp\/v2\/posts\/1478"}],"collection":[{"href":"https:\/\/www.moravecteam.cz\/index.php?rest_route=\/wp\/v2\/posts"}],"about":[{"href":"https:\/\/www.moravecteam.cz\/index.php?rest_route=\/wp\/v2\/types\/post"}],"author":[{"embeddable":true,"href":"https:\/\/www.moravecteam.cz\/index.php?rest_route=\/wp\/v2\/users\/3"}],"replies":[{"embeddable":true,"href":"https:\/\/www.moravecteam.cz\/index.php?rest_route=%2Fwp%2Fv2%2Fcomments&post=1478"}],"version-history":[{"count":6,"href":"https:\/\/www.moravecteam.cz\/index.php?rest_route=\/wp\/v2\/posts\/1478\/revisions"}],"predecessor-version":[{"id":1488,"href":"https:\/\/www.moravecteam.cz\/index.php?rest_route=\/wp\/v2\/posts\/1478\/revisions\/1488"}],"wp:featuredmedia":[{"embeddable":true,"href":"https:\/\/www.moravecteam.cz\/index.php?rest_route=\/wp\/v2\/media\/1487"}],"wp:attachment":[{"href":"https:\/\/www.moravecteam.cz\/index.php?rest_route=%2Fwp%2Fv2%2Fmedia&parent=1478"}],"wp:term":[{"taxonomy":"category","embeddable":true,"href":"https:\/\/www.moravecteam.cz\/index.php?rest_route=%2Fwp%2Fv2%2Fcategories&post=1478"},{"taxonomy":"post_tag","embeddable":true,"href":"https:\/\/www.moravecteam.cz\/index.php?rest_route=%2Fwp%2Fv2%2Ftags&post=1478"}],"curies":[{"name":"wp","href":"https:\/\/api.w.org\/{rel}","templated":true}]}}