{"id":14880,"date":"2020-08-04T14:32:52","date_gmt":"2020-08-04T12:32:52","guid":{"rendered":"http:\/\/www.moravecteam.cz\/?p=14880"},"modified":"2020-08-04T17:03:26","modified_gmt":"2020-08-04T15:03:26","slug":"pec-nam-opet-sedla","status":"publish","type":"post","link":"https:\/\/www.moravecteam.cz\/?p=14880","title":{"rendered":"Pec n\u00e1m (op\u011bt) sedla!"},"content":{"rendered":"<p style=\"text-align: justify;\"><strong><span style=\"color: #800000;\">V r\u00e1mci u\u017e bezm\u00e1la 20-ti let\u00e9 historii MORAVEC Teamu jsme si stylov\u011b p\u0159etextovali p\u00e1r zn\u00e1m\u00fdch song\u016f&#8230; Nap\u0159\u00edklad <a href=\"https:\/\/www.youtube.com\/watch?v=PX1QsCjyg44\">&#8222;Vodu \u017eivou&#8220;<\/a> Anety Langrov\u00e9 zp\u00edv\u00e1me od na\u0161eho prvn\u00edho v\u00edt\u011bzstv\u00ed v \u010cesk\u00e9m poh\u00e1ru (<a href=\"http:\/\/moravec.benesov-u-boskovic.cz\/cz\/zavody\/2007\/cp-kutna-hora-2007\/\">r. 2007, Kutn\u00e1 Hora &#8211; star\u0161\u00ed \u017e\u00e1k Radim Kov\u00e1\u0159<\/a>) s pozm\u011bn\u011bn\u00fdm textem: &#8222;Ve m\u011b nav\u017edy z\u00fast\u00e1v\u00e1, Tvoje Hora Kutn\u00e1&#8230;&#8220;, \u010di lidov\u00fd cajd\u00e1k &#8222;Pec n\u00e1m spadla, pec n\u00e1m spadla&#8230;&#8220; zp\u00edv\u00e1me od dob na\u0161ich soustavn\u00fdch \u00fasp\u011bch\u016f na bikov\u00fdch trat\u00edch Peci pod Sn\u011b\u017ekou jako: &#8222;Pec n\u00e1m sedla, Pec n\u00e1m sedla&#8230;! A pr\u00e1v\u011b <a href=\"http:\/\/www.pecpodsnezkou.cz\/\">Pec pod Sn\u011b\u017ekou<\/a> pohostila leto\u0161n\u00ed n\u00e1rodn\u00ed \u0161ampion\u00e1t horsk\u00fdch kol a pr\u00e1v\u011b zde se n\u00e1m op\u011bt medailov\u011b zada\u0159ilo!<\/span><\/strong><\/p>\n<figure id=\"attachment_14893\" aria-describedby=\"caption-attachment-14893\" style=\"width: 3193px\" class=\"wp-caption alignnone\"><a href=\"http:\/\/www.moravecteam.cz\/?attachment_id=14893\" rel=\"attachment wp-att-14893\"><img decoding=\"async\" loading=\"lazy\" class=\" wp-image-14893\" alt=\"DSC_0138\" src=\"http:\/\/www.moravecteam.cz\/wp-content\/uploads\/2020\/08\/DSC_0138.jpg\" width=\"3193\" height=\"3580\" srcset=\"https:\/\/www.moravecteam.cz\/wp-content\/uploads\/2020\/08\/DSC_0138.jpg 3193w, https:\/\/www.moravecteam.cz\/wp-content\/uploads\/2020\/08\/DSC_0138-267x300.jpg 267w, https:\/\/www.moravecteam.cz\/wp-content\/uploads\/2020\/08\/DSC_0138-913x1024.jpg 913w\" sizes=\"(max-width: 3193px) 100vw, 3193px\" \/><\/a><figcaption id=\"caption-attachment-14893\" class=\"wp-caption-text\">Je to doma! V sou\u010dasnosti nejlep\u0161\u00ed EXPERT, Petr \u0160ich oslavuje v\u00edt\u011bzstv\u00ed v Peci pod Sn\u011b\u017ekou!<\/figcaption><\/figure>\n<p style=\"text-align: justify;\">Do Krkono\u0161 odj\u00ed\u017ed\u00ed op\u011bt sextet reprezenatant\u016f, \u0161ik je st\u00e1le oslaben o mlad\u0161\u00ed \u017e\u00e1kyni <strong><span style=\"color: #800000;\">Just\u00fdnu Novotnou<\/span><\/strong>, kterou po zran\u011bn\u00ed prstu je\u0161t\u011b dokto\u0159i na tra\u0165 nepustili. T\u00fdmovou z\u00f3nu op\u011bt sd\u00edl\u00edme s na\u0161imi kamar\u00e1dy ze <strong><span style=\"color: #800000;\">Short Bike Academy Opletal<\/span><\/strong> a z\u00e1zem\u00ed s nimi \u0159e\u0161\u00edme stylem jen m\u00e1lo prostupn\u00e9 &#8222;vozov\u00e9 hradby&#8220;. V\u0161e pro n\u00e1s za\u010d\u00edn\u00e1 ji\u017e v p\u00e1tek odpoledne, z\u00e1vodem \u0161tafet. Ty jsou letos prvn\u011b vyps\u00e1ny i pro d\u011btsk\u00e9 kategorie a na\u0161e \u00faderka je logicky poskl\u00e1d\u00e1na tren\u00e9rem Opletalem ve spolupr\u00e1ci se radry Short Bike Academy\u00a0 do sestavy: <strong><span style=\"color: #800000;\">Luk\u00e1\u0161 Ra\u0161ka, Barbora Tlamkov\u00e1, Tom\u00e1\u0161 Ra\u0161ka a Barbora Janovsk\u00e1<\/span><\/strong>. 13. m\u00edsto v c\u00edli v konkurenci 17-ti t\u00fdm\u016f nen\u00ed v\u016fbec \u0161patn\u00e9 a hlavn\u011b &#8222;ostr\u00e9 o\u0161ah\u00e1n\u00ed&#8220; trat\u011b je k nezaplacen\u00ed&#8230; Zde si ov\u011b\u0159te <strong><a href=\"https:\/\/sportsoft.cz\/OfficialResults\/2020\/20200710_mcrxcmtb_pec_stafety_zaci.pdf?202007.10.05.54\">\u0161tafetov\u00e9 v\u00fdsledky <\/a><\/strong>d\u011bt\u00ed&#8230;<\/p>\n<figure id=\"attachment_14894\" aria-describedby=\"caption-attachment-14894\" style=\"width: 1963px\" class=\"wp-caption alignnone\"><a href=\"http:\/\/www.moravecteam.cz\/?attachment_id=14894\" rel=\"attachment wp-att-14894\"><img decoding=\"async\" loading=\"lazy\" class=\" wp-image-14894\" alt=\"DSC_0094\" src=\"http:\/\/www.moravecteam.cz\/wp-content\/uploads\/2020\/08\/DSC_0094.jpg\" width=\"1963\" height=\"1945\" srcset=\"https:\/\/www.moravecteam.cz\/wp-content\/uploads\/2020\/08\/DSC_0094.jpg 1963w, https:\/\/www.moravecteam.cz\/wp-content\/uploads\/2020\/08\/DSC_0094-25x25.jpg 25w, https:\/\/www.moravecteam.cz\/wp-content\/uploads\/2020\/08\/DSC_0094-300x297.jpg 300w, https:\/\/www.moravecteam.cz\/wp-content\/uploads\/2020\/08\/DSC_0094-1024x1014.jpg 1024w\" sizes=\"(max-width: 1963px) 100vw, 1963px\" \/><\/a><figcaption id=\"caption-attachment-14894\" class=\"wp-caption-text\">V\u00ed\u0165a Such\u00e1nek na ko\u0159enech t\u011b\u017ek\u00e9 mistrovsk\u00e9 trati.<\/figcaption><\/figure>\n<p style=\"text-align: justify;\">Zat\u00edm co v p\u00e1tek panovalo v hor\u00e1ch slune\u010dn\u00e9 po\u010das\u00ed, p\u0159es noc se situace zm\u011bnila a po r\u00e1nu p\u0159i\u0161ly de\u0161\u0165ov\u00e9 kapky, kter\u00e9 jsou v m\u00edstn\u00edch horsk\u00fdch podm\u00ednk\u00e1ch v\u017edy ob\u00e1van\u00e9&#8230; D\u00e9\u0161\u0165 poznamenal prvn\u00ed starty, p\u0159edev\u0161\u00edm mu\u017e\u016f EXPERT, masters, kadet\u016f a junior\u016f. Dva na\u0161i &#8222;experti&#8220;, <strong><span style=\"color: #800000;\">Petr \u0160ich<\/span><\/strong> a <strong><span style=\"color: #800000;\">V\u00ed\u0165a Such\u00e1nek<\/span><\/strong>, kte\u0159\u00ed \u0161li na v\u011bc jako prvn\u00ed, obst\u00e1li v t\u011b\u017ek\u00fdch podm\u00ednk\u00e1ch na v\u00fdbornou! Petr \u0160ich nedal soupe\u0159\u016fm v\u016fbec \u017e\u00e1dnou \u0161anci, obh\u00e1jil v\u00edt\u011bzstv\u00ed z Tou\u0161kova a suver\u00e9nn\u011b zde zopakoval i sv\u016fj lo\u0148sk\u00fd triumf! V\u00fdsledek z Tou\u0161kova si vylep\u0161il i V\u00ed\u0165a Such\u00e1nek, tak\u017ee hned po prvn\u00edm startu jsme u\u017e m\u011bli &#8222;vyd\u011bl\u00e1no&#8220;! Bravo MORAVEC a blahop\u0159\u00e1n\u00ed Pe\u0165ovi k dal\u0161\u00ed zlat\u00e9!<\/p>\n<figure id=\"attachment_14895\" aria-describedby=\"caption-attachment-14895\" style=\"width: 1595px\" class=\"wp-caption alignnone\"><a href=\"http:\/\/www.moravecteam.cz\/?attachment_id=14895\" rel=\"attachment wp-att-14895\"><img decoding=\"async\" loading=\"lazy\" class=\" wp-image-14895\" alt=\"DSC_0150\" src=\"http:\/\/www.moravecteam.cz\/wp-content\/uploads\/2020\/08\/DSC_0150.jpg\" width=\"1595\" height=\"1119\" srcset=\"https:\/\/www.moravecteam.cz\/wp-content\/uploads\/2020\/08\/DSC_0150.jpg 1595w, https:\/\/www.moravecteam.cz\/wp-content\/uploads\/2020\/08\/DSC_0150-300x210.jpg 300w, https:\/\/www.moravecteam.cz\/wp-content\/uploads\/2020\/08\/DSC_0150-1024x718.jpg 1024w\" sizes=\"(max-width: 1595px) 100vw, 1595px\" \/><\/a><figcaption id=\"caption-attachment-14895\" class=\"wp-caption-text\">Skokansk\u00e9 m\u016fstky jsou na hor\u00e1ch b\u011b\u017en\u00e1 v\u011bc&#8230; Jeden z nich pr\u00e1v\u011b zdol\u00e1v\u00e1 Mat\u011bj \u0160tindl.<\/figcaption><\/figure>\n<p style=\"text-align: justify;\">N\u00e1\u0161 bojovn\u011b a v\u00edt\u011bzn\u011b nalad\u011bn\u00fd \u0161ik udr\u017eel v\u00fdborn\u00fdm v\u00fdkonem v bd\u011blosti i p\u0159i dal\u0161\u00edm startu dne junior <strong><span style=\"color: #800000;\">Mat\u011bj \u0160tindl.<\/span><\/strong> Skute\u010dn\u011b chyb\u011blo jen m\u00e1lo (p\u00e1r des\u00edtek metr\u016f), aby se v t\u011b\u017ek\u00fdch podm\u00ednk\u00e1ch &#8222;do\u017eil&#8220; u\u017e v Peci pln\u00e9ho po\u010dtu kol. Ale i tak: po v\u00fdborn\u00e9m v\u00fdkonu mu bylo m\u00edsto v prvn\u00ed \u010dty\u0159ic\u00edtce zaslu\u017eenou odm\u011bnou a d\u016fkazem jeho dal\u0161\u00edho v\u00fdkonnostn\u00edho skokov\u00e9ho posunu. Bravo MORAVEC!<\/p>\n<figure id=\"attachment_14896\" aria-describedby=\"caption-attachment-14896\" style=\"width: 3171px\" class=\"wp-caption alignnone\"><a href=\"http:\/\/www.moravecteam.cz\/?attachment_id=14896\" rel=\"attachment wp-att-14896\"><img decoding=\"async\" loading=\"lazy\" class=\" wp-image-14896\" alt=\"DSC_0305\" src=\"http:\/\/www.moravecteam.cz\/wp-content\/uploads\/2020\/08\/DSC_0305.jpg\" width=\"3171\" height=\"3408\" srcset=\"https:\/\/www.moravecteam.cz\/wp-content\/uploads\/2020\/08\/DSC_0305.jpg 3171w, https:\/\/www.moravecteam.cz\/wp-content\/uploads\/2020\/08\/DSC_0305-279x300.jpg 279w, https:\/\/www.moravecteam.cz\/wp-content\/uploads\/2020\/08\/DSC_0305-952x1024.jpg 952w\" sizes=\"(max-width: 3171px) 100vw, 3171px\" \/><\/a><figcaption id=\"caption-attachment-14896\" class=\"wp-caption-text\">Hrdina z\u00e1vodu kluk\u016f do 6 let &#8211; Jon\u00e1\u0161 Janovsk\u00fd uh\u00e1n\u00ed pro bronz!<\/figcaption><\/figure>\n<p style=\"text-align: justify;\">Skute\u010dn\u00fdm adrenalinov\u00fdm z\u00e1vodem pro MORAVEC Team byl pak ned\u011bln\u00ed z\u00e1vod kategorie chlapc\u016f do 6-ti let, s na\u0161\u00edm <strong><span style=\"color: #800000;\">Jon\u00e1\u0161em Janovsk\u00fdm<\/span><\/strong> na startu. Kluk\u016f vyr\u00e1\u017eelo na tra\u0165 v\u00edc ne\u017e 20 a Jon\u00e1\u0161ek z\u016fstal bohu\u017eel na startu &#8222;viset&#8220; po nezavin\u011bn\u00e9 kolizi&#8230; Zd\u00e1lo se \u017ee je za dan\u00e9 situace pro n\u011bho z\u00e1vod ztracen&#8230; Jon\u00e1\u0161 se ale zdrav\u011b na\u0161tval a na trati, jej\u00ed\u017e profil byl prakticky st\u00e1le do kopce, vyu\u017eil svoji s\u00edlu: p\u0159edj\u00ed\u017ed\u011bl jednoho soupe\u0159e za druh\u00fdm, brzy se propracoval do elitn\u00ed des\u00edtky a d\u00e1le \u00fato\u010dil. Pak p\u0159i\u0161la ve zpomalovac\u00ed \u010d\u00e1sti trat\u011b dal\u0161\u00ed nezavin\u011bn\u00e1 kolize, dal\u0161\u00ed &#8222;\u0161\u0165ouchanec&#8220;, dal\u0161\u00ed zdr\u017een\u00ed&#8230; Ani te\u010f to v\u0161ak &#8222;Jony&#8220; nezabalil! Znovu \u0161l\u00e1pnul do pe\u00e1lu jako o \u017eivot a mocn\u011b povzbuzov\u00e1n silnou skupinou fanou\u0161k\u016f MORAVEC Teamu vyd\u0159el po par\u00e1dn\u00edm z\u00e1v\u011bre\u010dn\u00e9m c\u00edlov\u00e9m \u00fatoku bronz! Bravo MORAVEC! Blahop\u0159ejeme!<\/p>\n<figure id=\"attachment_14897\" aria-describedby=\"caption-attachment-14897\" style=\"width: 2438px\" class=\"wp-caption alignnone\"><a href=\"http:\/\/www.moravecteam.cz\/?attachment_id=14897\" rel=\"attachment wp-att-14897\"><img decoding=\"async\" loading=\"lazy\" class=\" wp-image-14897\" alt=\"DSC_0342\" src=\"http:\/\/www.moravecteam.cz\/wp-content\/uploads\/2020\/08\/DSC_0342.jpg\" width=\"2438\" height=\"2800\" srcset=\"https:\/\/www.moravecteam.cz\/wp-content\/uploads\/2020\/08\/DSC_0342.jpg 2438w, https:\/\/www.moravecteam.cz\/wp-content\/uploads\/2020\/08\/DSC_0342-261x300.jpg 261w, https:\/\/www.moravecteam.cz\/wp-content\/uploads\/2020\/08\/DSC_0342-891x1024.jpg 891w\" sizes=\"(max-width: 2438px) 100vw, 2438px\" \/><\/a><figcaption id=\"caption-attachment-14897\" class=\"wp-caption-text\">Do u\u017e\u0161\u00ed \u010desk\u00e9 bikov\u00e9 \u0161pi\u010dky se nezadr\u017eiteln\u011b posunuje ve sv\u00e9 kategorii Barbora Janovsk\u00e1.<\/figcaption><\/figure>\n<p style=\"text-align: justify;\">I v Peci pod Sn\u011b\u017ekou jsme z\u00fastali ve st\u0159ehu do odpoledn\u00edch hodin, kdy n\u00e1s zaj\u00edmal z\u00e1vod mlad\u0161\u00edch a star\u0161\u00edch \u017e\u00e1ky\u0144. <strong><span style=\"color: #800000;\">Barbora Janovsk\u00e1<\/span> <\/strong>u\u017e v Tou\u0161kov\u011b nazna\u010dila, \u017ee zajet z\u00e1vod s um\u00edst\u011bn\u00edm v elitn\u00ed des\u00edtce je pro ni jen ot\u00e1zkou \u010dasu. A povedlo se j\u00ed to hned na &#8222;mistr\u00e1ku&#8220;, kde po v\u00fdborn\u00e9m v\u00fdkonu brala zaslou\u017een\u00e9 7. m\u00edsto! Oproti Tou\u0161kovu si o dost v\u00fdsledkov\u011b polep\u0161ila v n\u00e1sledn\u00e9m startu i star\u0161\u00ed \u017e\u00e1kyn\u011b <strong><span style=\"color: #800000;\">Barbora Tlamkov\u00e1<\/span><\/strong>, kter\u00e1 tak v\u00fdsledkem a v\u00fdkonem uzav\u0159ela na\u0161i \u00fasp\u011b\u0161nou mistrovskou krkono\u0161skou misi&#8230; Bravo MORAVEC! D\u00edky v\u0161em za vzorn\u00e9 repre odd\u00edlu! Jenom p\u0159ipomenu, \u017ee po dvou z\u00e1vodech (polovina seri\u00e1lu) pomrk\u00e1v\u00e1me u\u017e i po celkov\u00e9m hodnocen\u00ed na\u0161ich v \u010cesk\u00e9m poh\u00e1ru&#8230;<\/p>\n<figure id=\"attachment_14898\" aria-describedby=\"caption-attachment-14898\" style=\"width: 1403px\" class=\"wp-caption alignnone\"><a href=\"http:\/\/www.moravecteam.cz\/?attachment_id=14898\" rel=\"attachment wp-att-14898\"><img decoding=\"async\" loading=\"lazy\" class=\" wp-image-14898\" alt=\"DSC_0024\" src=\"http:\/\/www.moravecteam.cz\/wp-content\/uploads\/2020\/08\/DSC_0024.jpg\" width=\"1403\" height=\"1670\" srcset=\"https:\/\/www.moravecteam.cz\/wp-content\/uploads\/2020\/08\/DSC_0024.jpg 1403w, https:\/\/www.moravecteam.cz\/wp-content\/uploads\/2020\/08\/DSC_0024-252x300.jpg 252w, https:\/\/www.moravecteam.cz\/wp-content\/uploads\/2020\/08\/DSC_0024-860x1024.jpg 860w\" sizes=\"(max-width: 1403px) 100vw, 1403px\" \/><\/a><figcaption id=\"caption-attachment-14898\" class=\"wp-caption-text\">Bar\u010da Tlamkov\u00e1 ve stoup\u00e1n\u00ed na trati z\u00e1vodu \u0161tafet.<\/figcaption><\/figure>\n<p style=\"text-align: justify;\"><strong><span style=\"color: #800000;\">V\u00fdsledkov\u00fd souhrn reprezentant\u016f MORAVEC Teamu:<\/span><\/strong><\/p>\n<ul>\n<li>kategorie chlapci od 6 let &#8211;\u00a0<span style=\"color: #800000;\"><strong>3. Jon\u00e1\u0161 Janovsk\u00fd<\/strong><\/span> \/ celkov\u011b po 2 z\u00e1vodech 3. m\u00edsto<\/li>\n<li>mlad\u0161\u00ed \u017e\u00e1kyn\u011b &#8211; 7. Barbora Janovsk\u00e1 \/ 7.<\/li>\n<li>star\u0161\u00ed \u017e\u00e1kyn\u011b &#8211; 37. Barbora Tlamkov\u00e1 \/ 32.<\/li>\n<li>junio\u0159i &#8211; 39. Mat\u011bj \u0160tindl \/ 50.<\/li>\n<li>mu\u017ei EXPERT &#8211;\u00a0<strong><span style=\"color: #ff6600;\">1. Petr \u0160ich<\/span><\/strong> \/ 1., 14. V\u00edt Such\u00e1nek \/ 13.<\/li>\n<\/ul>\n<p style=\"text-align: justify;\">Zde mrkn\u011bte na\u00a0<a href=\"https:\/\/sportsoft.cz\/cs\/zavod\/overview\/5228\"><strong>kompletn\u00ed v\u00fdsledkov\u00fd servis z<\/strong> <strong>Pece pod Sn\u011b\u017ekou<\/strong><\/a>, a tu\u0165 jsou \u010dty\u0159i po\u010detn\u00e9 fotogalerie <strong><span style=\"color: #993300;\">Karla V\u0161etuly<\/span><\/strong>. D\u00edky Karle!<\/p>\n<ul>\n<li><strong><a href=\"https:\/\/moravecteam.rajce.idnes.cz\/2020.07.10-12_MTB_MCR_Pec_pod_Snezkou\/\">Fotogalerie \u010d.1<\/a><\/strong><\/li>\n<li><strong><a href=\"https:\/\/moravecteam.rajce.idnes.cz\/2020.07.10-12_MTB_MCR_Pec_pod_Snezkou_-_2\/\">Fotogalerie \u010d.2<\/a><\/strong><\/li>\n<li><strong><a href=\"https:\/\/moravecteam.rajce.idnes.cz\/2020.07.10-12_MTB_MCR_Pec_pod_Snezkou_-_3\/\">Fotogalerie \u010d.3<\/a><\/strong><\/li>\n<li><strong><a href=\"https:\/\/moravecteam.rajce.idnes.cz\/2020.07.10-12_MTB_MCR_Pec_pod_Snezkou_-_4\/\">Fotogalerie \u010d.4<\/a><\/strong><\/li>\n<\/ul>\n<p>&nbsp;<\/p>\n","protected":false},"excerpt":{"rendered":"<p>V r\u00e1mci u\u017e bezm\u00e1la 20-ti let\u00e9 historii MORAVEC Teamu jsme si stylov\u011b p\u0159etextovali p\u00e1r zn\u00e1m\u00fdch song\u016f&#8230; Nap\u0159\u00edklad &#8222;Vodu \u017eivou&#8220; Anety Langrov\u00e9 zp\u00edv\u00e1me od na\u0161eho prvn\u00edho v\u00edt\u011bzstv\u00ed v \u010cesk\u00e9m poh\u00e1ru (r. 2007, Kutn\u00e1 Hora &#8211; star\u0161\u00ed \u017e\u00e1k Radim Kov\u00e1\u0159) s pozm\u011bn\u011bn\u00fdm textem: &#8222;Ve m\u011b nav\u017edy z\u00fast\u00e1v\u00e1, Tvoje Hora Kutn\u00e1&#8230;&#8220;, \u010di lidov\u00fd cajd\u00e1k &#8222;Pec n\u00e1m spadla, pec &hellip; <a href=\"https:\/\/www.moravecteam.cz\/?p=14880\" class=\"more-link\">Pokra\u010dov\u00e1n\u00ed textu <span class=\"screen-reader-text\">Pec n\u00e1m (op\u011bt) sedla!<\/span> <span class=\"meta-nav\">&rarr;<\/span><\/a><\/p>\n","protected":false},"author":3,"featured_media":14892,"comment_status":"open","ping_status":"closed","sticky":false,"template":"","format":"standard","meta":[],"categories":[1],"tags":[],"_links":{"self":[{"href":"https:\/\/www.moravecteam.cz\/index.php?rest_route=\/wp\/v2\/posts\/14880"}],"collection":[{"href":"https:\/\/www.moravecteam.cz\/index.php?rest_route=\/wp\/v2\/posts"}],"about":[{"href":"https:\/\/www.moravecteam.cz\/index.php?rest_route=\/wp\/v2\/types\/post"}],"author":[{"embeddable":true,"href":"https:\/\/www.moravecteam.cz\/index.php?rest_route=\/wp\/v2\/users\/3"}],"replies":[{"embeddable":true,"href":"https:\/\/www.moravecteam.cz\/index.php?rest_route=%2Fwp%2Fv2%2Fcomments&post=14880"}],"version-history":[{"count":13,"href":"https:\/\/www.moravecteam.cz\/index.php?rest_route=\/wp\/v2\/posts\/14880\/revisions"}],"predecessor-version":[{"id":14909,"href":"https:\/\/www.moravecteam.cz\/index.php?rest_route=\/wp\/v2\/posts\/14880\/revisions\/14909"}],"wp:featuredmedia":[{"embeddable":true,"href":"https:\/\/www.moravecteam.cz\/index.php?rest_route=\/wp\/v2\/media\/14892"}],"wp:attachment":[{"href":"https:\/\/www.moravecteam.cz\/index.php?rest_route=%2Fwp%2Fv2%2Fmedia&parent=14880"}],"wp:term":[{"taxonomy":"category","embeddable":true,"href":"https:\/\/www.moravecteam.cz\/index.php?rest_route=%2Fwp%2Fv2%2Fcategories&post=14880"},{"taxonomy":"post_tag","embeddable":true,"href":"https:\/\/www.moravecteam.cz\/index.php?rest_route=%2Fwp%2Fv2%2Ftags&post=14880"}],"curies":[{"name":"wp","href":"https:\/\/api.w.org\/{rel}","templated":true}]}}