{"id":1489,"date":"2015-09-02T08:34:33","date_gmt":"2015-09-02T06:34:33","guid":{"rendered":"http:\/\/www.moravecteam.cz\/?p=1489"},"modified":"2015-09-04T09:25:01","modified_gmt":"2015-09-04T07:25:01","slug":"trenink-na-safari","status":"publish","type":"post","link":"https:\/\/www.moravecteam.cz\/?p=1489","title":{"rendered":"Tr\u00e9nink na safari&#8230;"},"content":{"rendered":"<p style=\"text-align: justify;\"><span style=\"color: #800000;\"><strong>Prvn\u00ed z\u00e1\u0159iovou st\u0159edu jsem v\u00fdjime\u010dn\u011b p\u0159i tr\u00e9ninku Junior Teamu zaskakoval za Milana Tlamku. V 17.00 hodin se n\u00e1s sjelo\u00a0\u0161est state\u010dn\u00fdch (tat\u00ednci p. Barto\u0161 a p. Tlamka Pavel se sv\u00fdmi dcerami) co\u017e ve srovn\u00e1n\u00ed s podstatn\u011b mocn\u011bj\u0161\u00edm \u00a0&#8222;houfem&#8220; el\u00e9v\u016f, kter\u00fd Milan Tlamka ka\u017edou st\u0159edu &#8222;ko\u010d\u00edruje&#8220;, pro m\u011b znamenalo zam\u00e1\u010dknout slzu v oku a p\u0159iznat si, \u017ee jako tren\u00e9r moc &#8222;net\u00e1hnu&#8220;&#8230; \u00a0\u00a0<\/strong><\/span><\/p>\n<p style=\"text-align: justify;\"><a href=\"http:\/\/www.moravecteam.cz\/?attachment_id=1492\" rel=\"attachment wp-att-1492\"><img decoding=\"async\" loading=\"lazy\" class=\"alignnone size-full wp-image-1492\" alt=\"DSCN3804\" src=\"http:\/\/www.moravecteam.cz\/wp-content\/uploads\/2015\/09\/DSCN3804.jpg\" width=\"1371\" height=\"1102\" srcset=\"https:\/\/www.moravecteam.cz\/wp-content\/uploads\/2015\/09\/DSCN3804.jpg 1371w, https:\/\/www.moravecteam.cz\/wp-content\/uploads\/2015\/09\/DSCN3804-300x241.jpg 300w, https:\/\/www.moravecteam.cz\/wp-content\/uploads\/2015\/09\/DSCN3804-1024x823.jpg 1024w\" sizes=\"(max-width: 1371px) 100vw, 1371px\" \/><\/a><\/p>\n<p style=\"text-align: justify;\">A\u00a0je to zcela logick\u00e9, proto\u017ee ani \u017e\u00e1dn\u00fd tren\u00e9r nejsem&#8230;\u00a0I z tohoto d\u016fvodu jsem si d\u011blal starost, jak vlastn\u011b tr\u00e9nink povedu, aby\u00a0byl trochu smyslupln\u00fd a p\u0159\u00edtomn\u00fdm\u00a0se alespo\u0148 trochu l\u00edbil? A\u017e t\u011bsn\u011b p\u0159ed jeho za\u010d\u00e1tkem m\u011b napadlo spojit p\u0159\u00edjemn\u00e9 s u\u017eite\u010dn\u00fdm. Na\u00a0horno\u0161t\u011bp\u00e1novsk\u00e9\u00a0safari je to z Pavlova lesem p\u00e1r kilometr\u016f. Objet tamn\u00ed oboru s roztodivnou faunou je docela p\u011bkn\u00e9 cross-country, na zp\u00e1te\u010dn\u00ed cest\u011b zdolat jedin\u00fd ze\u00a0\u00a0skalist\u00fdch vrchol\u016f Drahansk\u00e9\u00a0vrchoviny a tr\u00e9nov\u00e1n\u00ed zakon\u010dit proj\u00ed\u017e\u010fkou po \u010d\u00e1sti trat\u011b Velk\u00e9 ceny Bene\u0161ova. Sezn\u00e1miv\u0161\u00ed s pl\u00e1nem p\u0159\u00edtomn\u00e9 rajdry tito souhlasili, dokonce i pan Barto\u0161 se nechal zl\u00e1kat slibem, \u017ee \u00a0na safari uvid\u00edme i velbloudy, a jal se jet s n\u00e1mi a d\u011blat sv\u00fdm \u0161ikovn\u00fdm dcerk\u00e1m &#8222;garde&#8220;\u00a0. V dal\u0161\u00edch v\u00edce jak dvou hodin\u00e1ch (zp\u011bt jsme dorazili se samou tmou), jsme nalinkovan\u00fd &#8222;letov\u00fd pl\u00e1n&#8220; beze zbytku splnili. V obo\u0159e jsme m\u011bli \u0161t\u011bst\u00ed nejen na velbloudy, ale i na p\u0161trosy, srny, jeleny-da\u0148ky, osl\u00edky, lamy&#8230; Skalist\u00fd vrchol\u00a0zdolali posl\u00e9ze na &#8222;prvn\u00ed dobrou&#8220; a j\u00e1 nemohl po akci ne\u0161et\u0159it chv\u00e1lou nejen na\u00a0sestry Barto\u0161ovy &#8211;\u00a0Magdal\u00e9nku s Maru\u0161kou, ale i samo-\u017ee Bar\u010du Tlamkovou, kter\u00e1 taky \u00a0odjela v\u00fdborn\u00fd tr\u00e9nink, o obou tat\u00ednc\u00edch nemluv\u011b&#8230; <strong><a href=\"http:\/\/moravecteam.rajce.idnes.cz\/2015.09.02._Trenink_MORAVEC_Junior_Team\/\">Na fotky ze st\u0159ede\u010dn\u00edho odpoledne mrkn\u011bte sem.<\/a><\/strong><\/p>\n","protected":false},"excerpt":{"rendered":"<p>Prvn\u00ed z\u00e1\u0159iovou st\u0159edu jsem v\u00fdjime\u010dn\u011b p\u0159i tr\u00e9ninku Junior Teamu zaskakoval za Milana Tlamku. V 17.00 hodin se n\u00e1s sjelo\u00a0\u0161est state\u010dn\u00fdch (tat\u00ednci p. Barto\u0161 a p. Tlamka Pavel se sv\u00fdmi dcerami) co\u017e ve srovn\u00e1n\u00ed s podstatn\u011b mocn\u011bj\u0161\u00edm \u00a0&#8222;houfem&#8220; el\u00e9v\u016f, kter\u00fd Milan Tlamka ka\u017edou st\u0159edu &#8222;ko\u010d\u00edruje&#8220;, pro m\u011b znamenalo zam\u00e1\u010dknout slzu v oku a p\u0159iznat si, \u017ee &hellip; <a href=\"https:\/\/www.moravecteam.cz\/?p=1489\" class=\"more-link\">Pokra\u010dov\u00e1n\u00ed textu <span class=\"screen-reader-text\">Tr\u00e9nink na safari&#8230;<\/span> <span class=\"meta-nav\">&rarr;<\/span><\/a><\/p>\n","protected":false},"author":3,"featured_media":1491,"comment_status":"closed","ping_status":"closed","sticky":false,"template":"","format":"standard","meta":[],"categories":[9],"tags":[],"_links":{"self":[{"href":"https:\/\/www.moravecteam.cz\/index.php?rest_route=\/wp\/v2\/posts\/1489"}],"collection":[{"href":"https:\/\/www.moravecteam.cz\/index.php?rest_route=\/wp\/v2\/posts"}],"about":[{"href":"https:\/\/www.moravecteam.cz\/index.php?rest_route=\/wp\/v2\/types\/post"}],"author":[{"embeddable":true,"href":"https:\/\/www.moravecteam.cz\/index.php?rest_route=\/wp\/v2\/users\/3"}],"replies":[{"embeddable":true,"href":"https:\/\/www.moravecteam.cz\/index.php?rest_route=%2Fwp%2Fv2%2Fcomments&post=1489"}],"version-history":[{"count":6,"href":"https:\/\/www.moravecteam.cz\/index.php?rest_route=\/wp\/v2\/posts\/1489\/revisions"}],"predecessor-version":[{"id":1497,"href":"https:\/\/www.moravecteam.cz\/index.php?rest_route=\/wp\/v2\/posts\/1489\/revisions\/1497"}],"wp:featuredmedia":[{"embeddable":true,"href":"https:\/\/www.moravecteam.cz\/index.php?rest_route=\/wp\/v2\/media\/1491"}],"wp:attachment":[{"href":"https:\/\/www.moravecteam.cz\/index.php?rest_route=%2Fwp%2Fv2%2Fmedia&parent=1489"}],"wp:term":[{"taxonomy":"category","embeddable":true,"href":"https:\/\/www.moravecteam.cz\/index.php?rest_route=%2Fwp%2Fv2%2Fcategories&post=1489"},{"taxonomy":"post_tag","embeddable":true,"href":"https:\/\/www.moravecteam.cz\/index.php?rest_route=%2Fwp%2Fv2%2Ftags&post=1489"}],"curies":[{"name":"wp","href":"https:\/\/api.w.org\/{rel}","templated":true}]}}