{"id":14931,"date":"2020-08-14T23:41:16","date_gmt":"2020-08-14T21:41:16","guid":{"rendered":"http:\/\/www.moravecteam.cz\/?p=14931"},"modified":"2020-08-14T23:59:41","modified_gmt":"2020-08-14T21:59:41","slug":"sion-znovu-padl","status":"publish","type":"post","link":"https:\/\/www.moravecteam.cz\/?p=14931","title":{"rendered":"Sion (znovu) padl..!"},"content":{"rendered":"<p style=\"text-align: justify;\"><strong><span style=\"color: #800000;\">Posledn\u00ed ba\u0161ta <a href=\"https:\/\/cs.wikipedia.org\/wiki\/Husitstv%C3%AD\">&#8222;Kalicha&#8220;<\/a>, legend\u00e1rn\u00ed\u00a0<a href=\"https:\/\/cs.wikipedia.org\/wiki\/Sion_(hrad)\">hrad Sion<\/a>, po stalet\u00edch op\u011bt padl! Tentokr\u00e1t po razantn\u00edm, ne\u010dekan\u00e9m a p\u0159ekvapiv\u00e9m n\u00e1jezdu \u00fato\u010dn\u00e9ho cyklistick\u00e9ho \u0161iku MORAVEC Teamu a stalo se tak v pond\u011bl\u00ed 27. \u010dervence 2020 v dopoledn\u00edch hodin\u00e1ch v r\u00e1mci na\u0161eho tradi\u010dn\u00edho pr\u00e1zdninov\u00e9ho cykloputov\u00e1n\u00ed&#8230; Pravda, MORAVCI m\u011bli &#8211; na rozd\u00edl od zr\u00e1dn\u00e9 kr\u00e1lovsk\u00e9 j\u00edzdy z r. 1347 \u00falohu pon\u011bkud snadn\u011bj\u0161\u00ed. Hrad v sou\u010dasnosti h\u00e1j\u00ed jedin\u00fd \u017eij\u00edc\u00ed Husita, kter\u00fd n\u00e1m nekladl v\u00e1\u017en\u011bj\u0161\u00ed odpor&#8230; Toto a f\u016fru dal\u0161\u00edch dobrodru\u017estv\u00ed, za\u017eila skupinka state\u010dn\u00fdch MORAVC\u016e v posledn\u00edch \u010dervencov\u00fdch dnech v r\u00e1mci odd\u00edlov\u00e9ho kempu na kutnohorsku&#8230;<\/span><\/strong><\/p>\n<figure id=\"attachment_14961\" aria-describedby=\"caption-attachment-14961\" style=\"width: 5994px\" class=\"wp-caption alignnone\"><a href=\"http:\/\/www.moravecteam.cz\/?attachment_id=14961\" rel=\"attachment wp-att-14961\"><img decoding=\"async\" loading=\"lazy\" class=\" wp-image-14961\" alt=\"DSC_0416\" src=\"http:\/\/www.moravecteam.cz\/wp-content\/uploads\/2020\/08\/DSC_0416.jpg\" width=\"5994\" height=\"2648\" srcset=\"https:\/\/www.moravecteam.cz\/wp-content\/uploads\/2020\/08\/DSC_0416.jpg 5994w, https:\/\/www.moravecteam.cz\/wp-content\/uploads\/2020\/08\/DSC_0416-300x132.jpg 300w, https:\/\/www.moravecteam.cz\/wp-content\/uploads\/2020\/08\/DSC_0416-1024x452.jpg 1024w\" sizes=\"(max-width: 5994px) 100vw, 5994px\" \/><\/a><figcaption id=\"caption-attachment-14961\" class=\"wp-caption-text\">Jeden\u00e1ct state\u010dn\u00fdch MORAVC\u016e p\u0159ed v\u00fdpadem na hrad Sion.<\/figcaption><\/figure>\n<p style=\"text-align: justify;\">Letos se o n\u00e1s v\u00fdte\u010dn\u011b postarali dva stopa\u0159i, <strong><span style=\"color: #800000;\">Pa\u0165a 2<\/span><\/strong>\u00a0a <strong><span style=\"color: #800000;\">Ivan<\/span><\/strong>, kte\u0159\u00ed znaj\u00ed region kutnohorska opravdu do detailu a &#8222;povodili&#8220; n\u00e1s v lokalit\u011b slute\u010dn\u011b prvot\u0159\u00eddn\u011b&#8230; Za \u010dty\u0159i dny jsme najezdili 150 km, kdy\u017e ta st\u0159ede\u010dn\u00ed, posledn\u00ed &#8222;etapa&#8220; byla co se t\u00fd\u010de zdolan\u00e9 distance skute\u010dn\u011b TOP! Najet\u00fdch 65 km za den znamen\u00e1 jeden z nejlep\u0161\u00edch, ne-li nejlep\u0161\u00ed v\u00fdkon MORAVC\u016e v bezm\u00e1la dvacetilet\u00e9 historii na\u0161ich pr\u00e1zdninov\u00fdch cyklov\u00fdlet\u016f!<\/p>\n<figure id=\"attachment_14962\" aria-describedby=\"caption-attachment-14962\" style=\"width: 2997px\" class=\"wp-caption alignnone\"><a href=\"http:\/\/www.moravecteam.cz\/?attachment_id=14962\" rel=\"attachment wp-att-14962\"><img decoding=\"async\" loading=\"lazy\" class=\" wp-image-14962\" alt=\"DSC_0436\" src=\"http:\/\/www.moravecteam.cz\/wp-content\/uploads\/2020\/08\/DSC_0436.jpg\" width=\"2997\" height=\"2507\" srcset=\"https:\/\/www.moravecteam.cz\/wp-content\/uploads\/2020\/08\/DSC_0436.jpg 2997w, https:\/\/www.moravecteam.cz\/wp-content\/uploads\/2020\/08\/DSC_0436-300x250.jpg 300w, https:\/\/www.moravecteam.cz\/wp-content\/uploads\/2020\/08\/DSC_0436-1024x856.jpg 1024w\" sizes=\"(max-width: 2997px) 100vw, 2997px\" \/><\/a><figcaption id=\"caption-attachment-14962\" class=\"wp-caption-text\">Sout\u011b\u017e v lukost\u0159elb\u011b na Sionu. Na\u0161e Jolanda obst\u00e1la!<\/figcaption><\/figure>\n<h5 style=\"text-align: justify;\"><strong><span style=\"color: #800000;\">Ned\u011ble 26. \u010dervence &#8211; Kutn\u00e1 Hora<\/span><\/strong><\/h5>\n<p style=\"text-align: justify;\">Na\u0161\u00ed do\u010dasnou invazn\u00ed z\u00e1ladnou se st\u00e1v\u00e1 <strong><a href=\"http:\/\/www.autokemp-malesov.cz\/\">autokemp v obci Male\u0161ov\u011b<\/a>,<\/strong> nedaleko <strong><a href=\"https:\/\/cs.wikipedia.org\/wiki\/Kutn%C3%A1_Hora\">Kutn\u00e9 Hory<\/a><\/strong>. Pravda, medi\u00e1ln\u00ed rekalama na toto ubytovac\u00ed za\u0159\u00edzen\u00ed vypadala podstatn\u00e9 l\u00e9pe ne\u017e ukazuje raelita, ale proto\u017ee se &#8222;na m\u00edst\u011b \u010dinu&#8220; sj\u00ed\u017ed\u00ed v tom posledn\u00edm ned\u011bln\u00edm \u010dervencov\u00e9m odpoledni skute\u010dn\u011b siln\u00ed a odoln\u00ed MORAVCI, a proto\u017ee je zde skute\u010dn\u011b klidn\u00e9 a tich\u00e9 prost\u0159ed\u00ed, je z\u00e1hy v\u0161emi odsouhlaseno, \u017ee &#8222;lok\u00e1l&#8220; m\u011bnit nebudeme..!<\/p>\n<figure id=\"attachment_14973\" aria-describedby=\"caption-attachment-14973\" style=\"width: 2000px\" class=\"wp-caption alignnone\"><a href=\"http:\/\/www.moravecteam.cz\/?attachment_id=14973\" rel=\"attachment wp-att-14973\"><img decoding=\"async\" loading=\"lazy\" class=\" wp-image-14973\" alt=\"DSC_0561\" src=\"http:\/\/www.moravecteam.cz\/wp-content\/uploads\/2020\/08\/DSC_0561.jpg\" width=\"2000\" height=\"1677\" srcset=\"https:\/\/www.moravecteam.cz\/wp-content\/uploads\/2020\/08\/DSC_0561.jpg 2000w, https:\/\/www.moravecteam.cz\/wp-content\/uploads\/2020\/08\/DSC_0561-300x251.jpg 300w, https:\/\/www.moravecteam.cz\/wp-content\/uploads\/2020\/08\/DSC_0561-1024x858.jpg 1024w\" sizes=\"(max-width: 2000px) 100vw, 2000px\" \/><\/a><figcaption id=\"caption-attachment-14973\" class=\"wp-caption-text\">Sokoln\u00edk Vojta!<\/figcaption><\/figure>\n<p style=\"text-align: justify;\">A u\u017e v ned\u011bli k ve\u010deru vel\u00ed oba na\u0161i &#8222;stopa\u0159i&#8220; a &#8222;hor\u0161t\u00ed&#8220; v\u016fdci z\u00e1rove\u0148 &#8211; do sedel! Sm\u011br: Kutn\u00e1 Hora! Je to z autokempu asi 6km a p\u0159\u00edmo v &#8222;Ho\u0159e&#8220; si u\u017e\u00edv\u00e1me luxusn\u00ed kr\u00e1lovsk\u00e9 cyklostezky, kdy pohledem vlevo se koch\u00e1me panoramatem na <strong><a href=\"https:\/\/cs.wikipedia.org\/wiki\/Chr%C3%A1m_svat%C3%A9_Barbory\">chr\u00e1m Sv. Barbory<\/a><\/strong> a zprava se n\u00e1s dot\u00fdkaj\u00ed pas\u00e1\u017ee kr\u00e1lovsk\u00e9ho lesoparku, kudy v minulosti vedla tra\u0165 z\u00e1vod\u016f \u010cesk\u00e9ho poh\u00e1ru horsk\u00fdch kol, a na kter\u00e9 borec\u00a0 MORAVEC Teamu, <strong><span style=\"color: #800000;\">Radim Kov\u00e1\u0159<\/span><\/strong>, vybojoval v r. 2007 &#8211; tehdy co by star\u0161\u00ed \u017e\u00e1k &#8211; pro n\u00e1s\u00a0<strong><a href=\"http:\/\/moravec.benesov-u-boskovic.cz\/cz\/zavody\/2007\/cp-kutna-hora-2007\/\">historicky prvn\u00ed v\u00edt\u011bzstv\u00ed<\/a><\/strong> v t\u00e9to sout\u011b\u017ei.\u00a0 Na &#8222;zahr\u00e1dce&#8220; jedn\u00e9 z mnoha m\u00edstn\u00edch \u00fatuln\u00fdch restaurac\u00ed ve\u010de\u0159\u00edme a do tmy v pohod\u011b st\u00edh\u00e1me na &#8222;z\u00e1kladn\u011b&#8220; prvn\u00ed t\u00e1bor\u00e1k!<\/p>\n<figure id=\"attachment_14963\" aria-describedby=\"caption-attachment-14963\" style=\"width: 4686px\" class=\"wp-caption alignnone\"><a href=\"http:\/\/www.moravecteam.cz\/?attachment_id=14963\" rel=\"attachment wp-att-14963\"><img decoding=\"async\" loading=\"lazy\" class=\" wp-image-14963\" alt=\"DSC_0454\" src=\"http:\/\/www.moravecteam.cz\/wp-content\/uploads\/2020\/08\/DSC_0454.jpg\" width=\"4686\" height=\"2520\" srcset=\"https:\/\/www.moravecteam.cz\/wp-content\/uploads\/2020\/08\/DSC_0454.jpg 4686w, https:\/\/www.moravecteam.cz\/wp-content\/uploads\/2020\/08\/DSC_0454-300x161.jpg 300w, https:\/\/www.moravecteam.cz\/wp-content\/uploads\/2020\/08\/DSC_0454-1024x550.jpg 1024w\" sizes=\"(max-width: 4686px) 100vw, 4686px\" \/><\/a><figcaption id=\"caption-attachment-14963\" class=\"wp-caption-text\">Na &#8222;St\u0159\u00edbrn\u00e9m jeze\u0159e&#8220;&#8230;<\/figcaption><\/figure>\n<h5 style=\"text-align: justify;\"><strong><span style=\"color: #800000;\">Pond\u011bl\u00ed 27. \u010dervence &#8211; dobyt\u00ed Sionu\u00a0<\/span><\/strong><\/h5>\n<p style=\"text-align: justify;\">Prvn\u00ed den v t\u00fddnu se na n\u00e1s od r\u00e1na sm\u011bje slun\u00ed\u010dko a k na\u0161\u00ed velk\u00e9 radosti to tak pokra\u010duje i po celou dobu na\u0161eho pobytu! I po\u010das\u00ed za\u0159\u00eddili <strong><span style=\"color: #800000;\">Ivan<\/span><\/strong> s <strong><span style=\"color: #800000;\">Petrem 2<\/span><\/strong> na jedni\u010dku! Bravo kluci! Po sn\u00eddani vyr\u00e1\u017e\u00edme sm\u011br malebn\u00e1 <strong><a href=\"https:\/\/www.malesov.cz\/\">obec Male\u0161ov<\/a><\/strong>, kter\u00e1 se nezd\u00e1, ale je zde nap\u0159\u00edklad krom\u011b <strong><a href=\"https:\/\/www.malesovkemp.cz\/tvrz-malesov\">historick\u00e9 tvrze<\/a><\/strong> i mal\u00fd <strong><a href=\"http:\/\/www.pivovarmalesov.cz\/\">P\u0159\u00e1telsk\u00fd pivovar!<\/a><\/strong> Jeho n\u00e1v\u0161t\u011bva je ale pl\u00e1nov\u00e1na na jindy a my vyr\u00e1\u017e\u00edme splnit hlavn\u00ed \u00fakol riskantn\u00ed operace &#8222;Kapradin&#8220; a t\u00edm je dob\u00fdt hrad Sion. Jak u\u017e jsem v\u00fd\u0161e nazna\u010dil, poda\u0159ilo se n\u00e1m to pom\u011brn\u011b snadno a rychle. I d\u00edky tomu, \u017ee ostraha hradu je v sou\u010dasnosti skute\u010dn\u011b sporadick\u00e1 a \u010d\u00edt\u00e1 jedin\u00e9ho dobov\u00e9ho mu\u017ee&#8230; Nebo \u017eenu? Nad touto ot\u00e1zkou jsme si l\u00e1mali hlavu je\u0161t\u011b ve\u010der u t\u00e1bor\u00e1ku a v\u011bt\u0161inou hlas\u016f jsme vyhodnotili, \u017ee &#8222;B&#8220; je spr\u00e1vn\u011b&#8230;<\/p>\n<figure id=\"attachment_14968\" aria-describedby=\"caption-attachment-14968\" style=\"width: 2092px\" class=\"wp-caption alignnone\"><a href=\"http:\/\/www.moravecteam.cz\/?attachment_id=14968\" rel=\"attachment wp-att-14968\"><img decoding=\"async\" loading=\"lazy\" class=\" wp-image-14968\" alt=\"DSC_0515\" src=\"http:\/\/www.moravecteam.cz\/wp-content\/uploads\/2020\/08\/DSC_0515.jpg\" width=\"2092\" height=\"2192\" srcset=\"https:\/\/www.moravecteam.cz\/wp-content\/uploads\/2020\/08\/DSC_0515.jpg 2092w, https:\/\/www.moravecteam.cz\/wp-content\/uploads\/2020\/08\/DSC_0515-25x25.jpg 25w, https:\/\/www.moravecteam.cz\/wp-content\/uploads\/2020\/08\/DSC_0515-286x300.jpg 286w, https:\/\/www.moravecteam.cz\/wp-content\/uploads\/2020\/08\/DSC_0515-977x1024.jpg 977w\" sizes=\"(max-width: 2092px) 100vw, 2092px\" \/><\/a><figcaption id=\"caption-attachment-14968\" class=\"wp-caption-text\">Stopa\u0159 Ivan.<\/figcaption><\/figure>\n<p style=\"text-align: justify;\">A\u0165 tak, \u010di tak, jako lu\u010di\u0161tn\u00edk se tento posledn\u00ed \u017eij\u00edc\u00ed husita (husitka) p\u0159edvedl(la) v tom nejlep\u0161\u00edm sv\u011btle! Ter\u010d trefoval(la) s jistotou 100% a my jsme s radost\u00ed sledovali, jak i v tomto kum\u0161t\u011b se j\u00ed MORAVCI vyrovnali! Na\u0161e &#8222;Jolanda&#8220; trefovala ter\u010d stejn\u011b bravurn\u011b! Konec konc\u016f: Zda sou\u010dasn\u00fd Sion\u00a0 h\u00e1j\u00ed\u00a0 obr\u00e1nce nebo obr\u00e1nkyn\u011b zkuste posoudit sami, jeho\/jej\u00ed fotky naleznete ve<strong> <a href=\"https:\/\/moravecteam.rajce.idnes.cz\/2020.07.26-30_Kemp_Malesov\/\">fotogalerii \u010d.1&#8230;<\/a>\u00a0<\/strong>A je\u0161t\u011b jedna kuriozita ze Sionu: kluci si t\u011bsn\u011b pod hradem obratem na\u0161li kr\u00e1sn\u00fd skok\u00e1nek&#8230; A Vy m\u016f\u017eete t\u0159ikr\u00e1t h\u00e1dat, kdo si na n\u011bm \u00fasp\u011b\u0161n\u011b (na\u0161t\u011bst\u00ed bez zran\u011bn\u00ed) &#8222;ustalal&#8220;? Ze<strong>\u00a0<\/strong>Sionu &#8222;brous\u00edme&#8220; d\u00e1l po m\u00edstn\u00edm malebn\u00e9m okol\u00ed,\u00a0 zvl\u00e1d\u00e1me po cest\u011b\u00a0 krom\u011b n\u011bkolika ob\u010derstvovac\u00edch stanic i &#8222;ob\u00eddek&#8220; a odpoledne &#8222;kotv\u00edme&#8220; v <strong><a href=\"https:\/\/www.heroland.cz\/\">D\u011btsk\u00e9m z\u00e1bavn\u00e9 parku Herolend<\/a><\/strong>, kde se d\u011bti na skute\u010dn\u011b velk\u00e9 plo\u0161e a na atrakc\u00edch nejr\u016fzn\u011bj\u0161\u00edho typu vydov\u00e1d\u011bly vskutku &#8222;do sytosti&#8220;&#8230; Na pohodu najeto 38 km&#8230; Dost dobr\u00fd&#8230; Ve\u010der regenera\u010dn\u00ed koup\u00e1n\u00ed v male\u0161ovsk\u00e9m rybn\u00edku, n\u00e1sledn\u011b v kempu <strong><a href=\"https:\/\/www.youtube.com\/watch?v=_nKNpSgEyMM\">pohoda, kl\u00eddek a &#8211; t\u00e1bor\u00e1\u010dek&#8230;<\/a><\/strong><\/p>\n<figure id=\"attachment_14964\" aria-describedby=\"caption-attachment-14964\" style=\"width: 4667px\" class=\"wp-caption alignnone\"><a href=\"http:\/\/www.moravecteam.cz\/?attachment_id=14964\" rel=\"attachment wp-att-14964\"><img decoding=\"async\" loading=\"lazy\" class=\" wp-image-14964\" alt=\"DSC_0468\" src=\"http:\/\/www.moravecteam.cz\/wp-content\/uploads\/2020\/08\/DSC_0468.jpg\" width=\"4667\" height=\"2857\" srcset=\"https:\/\/www.moravecteam.cz\/wp-content\/uploads\/2020\/08\/DSC_0468.jpg 4667w, https:\/\/www.moravecteam.cz\/wp-content\/uploads\/2020\/08\/DSC_0468-300x183.jpg 300w, https:\/\/www.moravecteam.cz\/wp-content\/uploads\/2020\/08\/DSC_0468-1024x626.jpg 1024w\" sizes=\"(max-width: 4667px) 100vw, 4667px\" \/><\/a><figcaption id=\"caption-attachment-14964\" class=\"wp-caption-text\">Spole\u010dn\u00e1 fotka u chr\u00e1mu Sv. Barbory.<\/figcaption><\/figure>\n<h5 style=\"text-align: justify;\"><span style=\"color: #800000;\">\u00dater\u00fd 28. \u010dervence &#8211; St\u0159\u00edbrn\u00e9 jezero, Svat\u00e1 Barbora<\/span><\/h5>\n<p style=\"text-align: justify;\">Zt\u011b\u017eejn\u00edm vodn\u00edm tokem v lokalit\u011b, kter\u00fd se n\u00e1m na na\u0161em putov\u00e1n\u00ed po\u0159\u00e1d &#8222;mot\u00e1 pod koly&#8220;, je p\u0159edev\u0161\u00edm <strong><a href=\"https:\/\/cs.wikipedia.org\/wiki\/Vrchlice_(%C5%99eka)\">\u0159\u00ed\u010dka Vrchlice<\/a><\/strong>, kter\u00e1 nap\u00e1j\u00ed<strong> <a href=\"https:\/\/cs.wikipedia.org\/wiki\/Vodn%C3%AD_n%C3%A1dr%C5%BE_Vrchlice\">vodn\u00ed n\u00e1dr\u017e<\/a> <\/strong>stejn\u00e9ho jm\u00e9na,\u00a0 a kter\u00e1\u00a0 je zdrojem pitn\u00e9 vody pro Kutnou Horu. A pr\u00e1v\u011b legend\u00e1rn\u00ed m\u011bsto st\u0159\u00edbra, Kutn\u00e1 Hora je hlavn\u00edm c\u00edlem \u00fatern\u00edho invazn\u00edho v\u00fdpadu. Ne\u017e jsme tam ale dojeli, zavedl n\u00e1s stopa\u0159 <strong><span style=\"color: #800000;\">Pe\u0165a\u00a0 2<\/span><\/strong> ke &#8222;St\u0159\u00edbrn\u00e9mu jezeru&#8220;&#8230; Pr\u00e1v\u011b \u0159\u00ed\u010dka Vrchlice vytv\u00e1\u0159\u00ed sv\u00fdm tokem v jednom m\u00edst\u011b n\u00e1dhern\u00fd vodop\u00e1d, kter\u00fd n\u00e1m legend\u00e1rn\u00ed indi\u00e1nsk\u00e9 jezero hodn\u011b p\u0159ipom\u011bl&#8230; Fakt kr\u00e1sn\u00fd koutek p\u0159\u00edrody, pstruzi ve vod\u011b v\u010detn\u011b&#8230; V\u0161ak jsme se zde docela zdr\u017eeli&#8230; Fotky ze &#8222;St\u0159\u00edbrn\u00e9ho jezera&#8220; najdete taky ve <strong><a href=\"https:\/\/moravecteam.rajce.idnes.cz\/2020.07.26-30_Kemp_Malesov\/\">fotogalerii \u010d. 1&#8230;<\/a>\u00a0<\/strong>Pak u\u017e op\u011bt majest\u00e1tn\u011b vj\u00ed\u017ed\u00edme do Hory Kutn\u00e9&#8230; C\u00edl je jasn\u00fd: Chr\u00e1m Sv. Barbory&#8230; N\u00e1v\u0161t\u011bva jeho interi\u00e9ru ohrom\u00ed&#8230; Kdo vstoup\u00ed, uv\u011bdom\u00ed si malost a velikost \u010dlov\u011bka z\u00e1rove\u0148&#8230; Z\u00e1\u017eitek na hodn\u011b dlouho&#8230; Je\u0161t\u011b ve\u010der u t\u00e1bor\u00e1ku, jsme story \u00fatern\u00edho dne dne diskutavali s na\u0161imi avizovan\u00fdmi mil\u00fdmi hosty: <strong><span style=\"color: #800000;\">Lenkou<\/span><\/strong> a <strong><span style=\"color: #800000;\">Janou<\/span><\/strong>, kter\u00e9 v\u00e1\u017eili \u010das a p\u0159ijeli za n\u00e1mi sd\u00edlet slavnostn\u00ed \u00fatern\u00ed &#8222;bu\u0159t\u00edkov\u00fd&#8220; t\u00e1bor\u00e1k na jejich po\u010dest! Prvn\u00ed kontakt s nimi jsme za\u017eili v p\u0159edstihu v ji\u017e zmi\u0148ovan\u00e9m P\u0159\u00e1telsk\u00e9m pivovaru Male\u0161ov a i d\u00edky holk\u00e1m jsme ov\u011b\u0159ili, \u017ee pivko zde va\u0159\u00ed fakt v\u00fdborn\u00e9! V \u00fater\u00fd op\u011bt na pohodu najeto 35 km&#8230; Op\u011bt dost dobr\u00fd&#8230; Bravo MORAVEC&#8230; Fotky z \u00faterka hledejte ve <strong><a href=\"https:\/\/moravecteam.rajce.idnes.cz\/2020.07.26-30_Kemp_Malesov_-_2\">fotogalerii \u010d.2&#8230;<\/a><\/strong><\/p>\n<figure id=\"attachment_14965\" aria-describedby=\"caption-attachment-14965\" style=\"width: 3801px\" class=\"wp-caption alignnone\"><a href=\"http:\/\/www.moravecteam.cz\/?attachment_id=14965\" rel=\"attachment wp-att-14965\"><img decoding=\"async\" loading=\"lazy\" class=\" wp-image-14965\" alt=\"DSC_0474\" src=\"http:\/\/www.moravecteam.cz\/wp-content\/uploads\/2020\/08\/DSC_0474.jpg\" width=\"3801\" height=\"2823\" srcset=\"https:\/\/www.moravecteam.cz\/wp-content\/uploads\/2020\/08\/DSC_0474.jpg 3801w, https:\/\/www.moravecteam.cz\/wp-content\/uploads\/2020\/08\/DSC_0474-300x222.jpg 300w, https:\/\/www.moravecteam.cz\/wp-content\/uploads\/2020\/08\/DSC_0474-1024x760.jpg 1024w\" sizes=\"(max-width: 3801px) 100vw, 3801px\" \/><\/a><figcaption id=\"caption-attachment-14965\" class=\"wp-caption-text\">And\u011bl\u00e9 na k\u016fru, halel\u016f\u016fj\u00e1\u00e1\u00e1..!<\/figcaption><\/figure>\n<h5 style=\"text-align: justify;\"><span style=\"color: #800000;\">St\u0159eda 29. \u010dervence &#8211; \u010c\u00e1slav, \u017dleby<\/span><\/h5>\n<p style=\"text-align: justify;\">\u010cek\u00e1 n\u00e1s sice rovinat\u00e1 fin\u00e1ln\u00ed etapa, ale zato nejdel\u0161\u00ed&#8230; Bystr\u00fdm tempem zdol\u00e1v\u00e1me prvn\u00ed c\u00edlov\u00e9 m\u011bsto &#8211; <strong><a href=\"https:\/\/cs.wikipedia.org\/wiki\/%C4%8C%C3%A1slav\">\u010c\u00e1slav<\/a><\/strong> &#8211; dal\u0161\u00ed z m\u00edstn\u00edch historick\u00fdch klenot\u016f. Depo \u0159e\u0161\u00edme na m\u00edstn\u00edm n\u00e1m\u011bst\u00ed, kde z ka\u017ed\u00e9ho domu c\u00edt\u00edme dech d\u011bjin&#8230; Ve svi\u017en\u00e9m tempu docilujeme hlavn\u00ed c\u00edl dne &#8211; <strong><a href=\"https:\/\/cs.wikipedia.org\/wiki\/%C5%BDleby\">obec \u017dleby<\/a>. <\/strong>Zde<strong>\u00a0<\/strong>st\u00edh\u00e1me par\u00e1dn\u00ed p\u0159edv\u00e1d\u011b\u010dku m\u00edstn\u00edch sokoln\u00edk\u016f&#8230; A k na\u0161emu \u00fa\u017easu z\u00e1hy zji\u0161\u0165ujeme, \u017ee opravdov\u00e9 sokoln\u00edky m\u00e1me i mezi n\u00e1mi v na\u0161\u00ed cyklistick\u00e9 \u00fadern\u00e9 skupin\u011b&#8230; Mrkn\u011bte zase na<strong><a href=\"https:\/\/moravecteam.rajce.idnes.cz\/2020.07.26-30_Kemp_Malesov_-_2\"> fotogalerii \u010d.2&#8230;<\/a>\u00a0<\/strong>Ve \u017dlebech d\u00e1v\u00e1me &#8222;g\u00e1bl\u00edk&#8220; a v m\u00edstn\u00ed restauraci se na &#8222;zahr\u00e1dce&#8220; potk\u00e1v\u00e1me v\u011b\u0159te &#8211; nev\u011b\u0159te &#8211; se skupinou krajan\u016f z Bene\u0161ova! Zkr\u00e1tka plat\u00ed: Nesch\u00e1zej\u00ed se hory s horami, ale lid\u00e9 s lidmi&#8230; Ze \u017dleb\u016f m\u00ed\u0159\u00edme p\u0159es Chotusice (je zde leteck\u00e1 z\u00e1kladna\u00a0 \u010desk\u00fdch st\u00edha\u010dek <strong><a href=\"https:\/\/cs.wikipedia.org\/wiki\/Saab_JAS-39_Gripen\">JAS 39 Grippen<\/a><\/strong>) na p\u0159\u00edrodn\u00ed koupali\u0161t\u011b &#8211; zatopen\u00fd p\u00edskov\u00fd lom, ve kter\u00e9m n\u00e1m koupa\u010dka v parn\u00e9m dnu ud\u011blala skute\u010dn\u011b dob\u0159e! Ale to st\u00e1le je\u0161t\u011b nen\u00ed ten den v\u0161emu konec&#8230; Mal\u00e9 ZOO na n\u00e1s je\u0161t\u011b \u010dek\u00e1&#8230; Provozuje ho m\u00edstn\u00ed d\u0159\u00edv\u011bj\u0161\u00ed majitel cirkusu&#8230; Setk\u00e1n\u00ed se lvy a tygry (a nejem s nimi) tv\u00e1\u0159\u00ed v tv\u00e1\u0159 je supr zakon\u010den\u00edm dne pln\u00e9ho ud\u00e1lost\u00ed..!<\/p>\n<figure id=\"attachment_14966\" aria-describedby=\"caption-attachment-14966\" style=\"width: 1998px\" class=\"wp-caption alignnone\"><a href=\"http:\/\/www.moravecteam.cz\/?attachment_id=14966\" rel=\"attachment wp-att-14966\"><img decoding=\"async\" loading=\"lazy\" class=\" wp-image-14966\" alt=\"DSC_0549\" src=\"http:\/\/www.moravecteam.cz\/wp-content\/uploads\/2020\/08\/DSC_0549.jpg\" width=\"1998\" height=\"1199\" srcset=\"https:\/\/www.moravecteam.cz\/wp-content\/uploads\/2020\/08\/DSC_0549.jpg 1998w, https:\/\/www.moravecteam.cz\/wp-content\/uploads\/2020\/08\/DSC_0549-300x180.jpg 300w, https:\/\/www.moravecteam.cz\/wp-content\/uploads\/2020\/08\/DSC_0549-1024x614.jpg 1024w\" sizes=\"(max-width: 1998px) 100vw, 1998px\" \/><\/a><figcaption id=\"caption-attachment-14966\" class=\"wp-caption-text\">P\u0159ed majest\u00e1tn\u00edm z\u00e1mkem \u017dleby. Z \u010dasov\u00fdch d\u016fvod\u016f jsme jeho n\u00e1v\u0161t\u011bvu tentokr\u00e1t vynechali&#8230;<\/figcaption><\/figure>\n<p style=\"text-align: justify;\">Posledn\u00ed t\u00e1bor\u00e1k (jak n\u00e1m t\u011bch p\u00e1r dn\u00ed rychle ub\u011bhlo&#8230;), je ve znamen\u00ed odm\u011b\u0148ov\u00e1n\u00ed. \u010cy\u0159i state\u010dn\u00e9 d\u011bti &#8211; <strong><span style=\"color: #800000;\">Jolanka, Bar\u010da, Kuba a Vojta<\/span><\/strong> dost\u00e1vaj\u00ed krom\u011b sladkost\u00ed i velk\u00e9 zlat\u00e9 medaile za supr v\u00fdkony, kter\u00e9 po celou dobu kempu (a\u0165 u\u017e na kole nebo ve vod\u011b) p\u0159edv\u00e1d\u011bli. Zlat\u00e9 medaile, samo\u017ee, pat\u0159\u00ed i dv\u011bma na\u0161im bezvadn\u00fdm v\u016fdc\u016fm &#8211; stopa\u0159\u016fm: <strong><span style=\"color: #800000;\">Pe\u0165ovi 2<\/span><\/strong> a <strong><span style=\"color: #800000;\">Ivanovi<\/span><\/strong> a za supr v\u00fdkonnost je ocen\u011bn i &#8222;nejmlad\u0161\u00ed&#8220; \u00fa\u010dastn\u00edk na\u0161\u00ed \u010dty\u0159denn\u00ed\u00a0 riskantn\u00ed akce &#8211; <strong><span style=\"color: #800000;\">Karel<\/span><\/strong> &#8211; s indi\u00e1nsk\u00fdm jm\u00e9nem &#8222;Val\u00edc\u00ed se k\u00e1men&#8220;. Nav\u00edc dost\u00e1vaj\u00ed d\u011bti za svoje poctiv\u00e9 v\u00fdkony od na\u0161ich pozorn\u00fdch pr\u016fvodc\u016f i prav\u00e9 st\u0159\u00edbrn\u00e9 kutnohorsk\u00e9 gro\u0161e&#8230; Zb\u00fdv\u00e1 je\u0161t\u011b doplnit, \u017ee n\u00e1s na na\u0161ich cyklocest\u00e1ch doprov\u00e1zely holky z rodinn\u00e9ho teamu <strong><span style=\"color: #800000;\">Petra 2<\/span><\/strong>: jeho man\u017eelka <strong><span style=\"color: #800000;\">Radka<\/span><\/strong> a dcera<span style=\"color: #800000;\">\u00a0<strong>Ad\u00e9lka<\/strong><\/span>&#8230; Mimochodem &#8211; ob\u011b cyklisticky velmi, velmi zdatn\u00e9..! A mo\u017en\u00e1 m\u00e1te je\u0161t\u011b posledn\u00ed nejasnost: pro\u010d stopa\u0159 Petr m\u00e1 za jm\u00e9nem \u010d\u00edslo 2? A kdo je tedy t\u00edm p\u00e1dem <strong><span style=\"color: #800000;\">Petr 1<\/span><\/strong>? Druh\u00fd nejmlad\u0161\u00ed \u00fa\u010dastn\u00edk v\u00fdpravy, <strong><span style=\"color: #800000;\">Vojta<\/span><\/strong>, dva Petry ve v\u00fdprav\u011b takhle duchap\u0159\u00edtomn\u011b rozli\u0161il&#8230; Co se v\u00fdkonnosti t\u00fd\u010de, m\u011blo b\u00fdt o\u010d\u00edslov\u00e1n\u00ed samoz\u0159ejm\u011b ale p\u0159esn\u011b opa\u010dn\u011b&#8230;<\/p>\n<figure id=\"attachment_14967\" aria-describedby=\"caption-attachment-14967\" style=\"width: 2201px\" class=\"wp-caption alignnone\"><a href=\"http:\/\/www.moravecteam.cz\/?attachment_id=14967\" rel=\"attachment wp-att-14967\"><img decoding=\"async\" loading=\"lazy\" class=\" wp-image-14967\" alt=\"DSC_0511\" src=\"http:\/\/www.moravecteam.cz\/wp-content\/uploads\/2020\/08\/DSC_0511.jpg\" width=\"2201\" height=\"2513\" srcset=\"https:\/\/www.moravecteam.cz\/wp-content\/uploads\/2020\/08\/DSC_0511.jpg 2201w, https:\/\/www.moravecteam.cz\/wp-content\/uploads\/2020\/08\/DSC_0511-262x300.jpg 262w, https:\/\/www.moravecteam.cz\/wp-content\/uploads\/2020\/08\/DSC_0511-896x1024.jpg 896w\" sizes=\"(max-width: 2201px) 100vw, 2201px\" \/><\/a><figcaption id=\"caption-attachment-14967\" class=\"wp-caption-text\">Stopa\u0159 Pe\u0165a 2.<\/figcaption><\/figure>\n<p style=\"text-align: justify;\">A je\u0161t\u011b jedna vyseknut\u00e1 poklona ob\u011bma &#8222;stopa\u0159\u016fm&#8220;: nejen \u017ee ve st\u0159edu\u00a0 p\u0159i na\u0161em pr\u016fjezdu pobl\u00ed\u017e leti\u0161t\u011b Chotusice n\u00e1m p\u0159ed o\u010dima dok\u00e1zali zorganizovat p\u0159ist\u00e1n\u00ed vojensk\u00e9ho dopravn\u00edho speci\u00e1lu, ale po v\u0161echny dny na\u0161eho pobytu zajistili ochranu na\u0161\u00ed skupiny ze vzduchu pr\u00e1v\u011b letouny JAS 39 Grippen&#8230; Co dodat..? Jen snad &#8211; HO\u0160I D\u011aKUJEM!<\/p>\n<figure id=\"attachment_14971\" aria-describedby=\"caption-attachment-14971\" style=\"width: 2000px\" class=\"wp-caption alignnone\"><a href=\"http:\/\/www.moravecteam.cz\/?attachment_id=14971\" rel=\"attachment wp-att-14971\"><img decoding=\"async\" loading=\"lazy\" class=\" wp-image-14971\" alt=\"DSC_0586\" src=\"http:\/\/www.moravecteam.cz\/wp-content\/uploads\/2020\/08\/DSC_0586.jpg\" width=\"2000\" height=\"1308\" srcset=\"https:\/\/www.moravecteam.cz\/wp-content\/uploads\/2020\/08\/DSC_0586.jpg 2000w, https:\/\/www.moravecteam.cz\/wp-content\/uploads\/2020\/08\/DSC_0586-300x196.jpg 300w, https:\/\/www.moravecteam.cz\/wp-content\/uploads\/2020\/08\/DSC_0586-1024x669.jpg 1024w\" sizes=\"(max-width: 2000px) 100vw, 2000px\" \/><\/a><figcaption id=\"caption-attachment-14971\" class=\"wp-caption-text\">\u010ctvrte\u010dn\u00ed dopoledne a &#8222;lou\u010d\u00edc\u00ed&#8220;, z\u00e1v\u011bre\u010dn\u00e1 fotka&#8230;<\/figcaption><\/figure>\n<p>&nbsp;<\/p>\n<p>&nbsp;<\/p>\n<p>&nbsp;<\/p>\n","protected":false},"excerpt":{"rendered":"<p>Posledn\u00ed ba\u0161ta &#8222;Kalicha&#8220;, legend\u00e1rn\u00ed\u00a0hrad Sion, po stalet\u00edch op\u011bt padl! Tentokr\u00e1t po razantn\u00edm, ne\u010dekan\u00e9m a p\u0159ekvapiv\u00e9m n\u00e1jezdu \u00fato\u010dn\u00e9ho cyklistick\u00e9ho \u0161iku MORAVEC Teamu a stalo se tak v pond\u011bl\u00ed 27. \u010dervence 2020 v dopoledn\u00edch hodin\u00e1ch v r\u00e1mci na\u0161eho tradi\u010dn\u00edho pr\u00e1zdninov\u00e9ho cykloputov\u00e1n\u00ed&#8230; Pravda, MORAVCI m\u011bli &#8211; na rozd\u00edl od zr\u00e1dn\u00e9 kr\u00e1lovsk\u00e9 j\u00edzdy z r. 1347 \u00falohu pon\u011bkud snadn\u011bj\u0161\u00ed. &hellip; <a href=\"https:\/\/www.moravecteam.cz\/?p=14931\" class=\"more-link\">Pokra\u010dov\u00e1n\u00ed textu <span class=\"screen-reader-text\">Sion (znovu) padl..!<\/span> <span class=\"meta-nav\">&rarr;<\/span><\/a><\/p>\n","protected":false},"author":3,"featured_media":14960,"comment_status":"open","ping_status":"closed","sticky":false,"template":"","format":"standard","meta":[],"categories":[9],"tags":[],"_links":{"self":[{"href":"https:\/\/www.moravecteam.cz\/index.php?rest_route=\/wp\/v2\/posts\/14931"}],"collection":[{"href":"https:\/\/www.moravecteam.cz\/index.php?rest_route=\/wp\/v2\/posts"}],"about":[{"href":"https:\/\/www.moravecteam.cz\/index.php?rest_route=\/wp\/v2\/types\/post"}],"author":[{"embeddable":true,"href":"https:\/\/www.moravecteam.cz\/index.php?rest_route=\/wp\/v2\/users\/3"}],"replies":[{"embeddable":true,"href":"https:\/\/www.moravecteam.cz\/index.php?rest_route=%2Fwp%2Fv2%2Fcomments&post=14931"}],"version-history":[{"count":34,"href":"https:\/\/www.moravecteam.cz\/index.php?rest_route=\/wp\/v2\/posts\/14931\/revisions"}],"predecessor-version":[{"id":14978,"href":"https:\/\/www.moravecteam.cz\/index.php?rest_route=\/wp\/v2\/posts\/14931\/revisions\/14978"}],"wp:featuredmedia":[{"embeddable":true,"href":"https:\/\/www.moravecteam.cz\/index.php?rest_route=\/wp\/v2\/media\/14960"}],"wp:attachment":[{"href":"https:\/\/www.moravecteam.cz\/index.php?rest_route=%2Fwp%2Fv2%2Fmedia&parent=14931"}],"wp:term":[{"taxonomy":"category","embeddable":true,"href":"https:\/\/www.moravecteam.cz\/index.php?rest_route=%2Fwp%2Fv2%2Fcategories&post=14931"},{"taxonomy":"post_tag","embeddable":true,"href":"https:\/\/www.moravecteam.cz\/index.php?rest_route=%2Fwp%2Fv2%2Ftags&post=14931"}],"curies":[{"name":"wp","href":"https:\/\/api.w.org\/{rel}","templated":true}]}}