{"id":1498,"date":"2015-09-05T21:43:57","date_gmt":"2015-09-05T19:43:57","guid":{"rendered":"http:\/\/www.moravecteam.cz\/?p=1498"},"modified":"2015-09-06T20:16:38","modified_gmt":"2015-09-06T18:16:38","slug":"golem-nam-upekl-placky","status":"publish","type":"post","link":"https:\/\/www.moravecteam.cz\/?p=1498","title":{"rendered":"Golem n\u00e1m &#8222;pekl placky&#8220;!"},"content":{"rendered":"<p style=\"text-align: justify;\"><span style=\"color: #800000;\"><strong>A bylo jich celkem dev\u011bt (p\u011bt zlat\u00fdch, t\u0159i st\u0159\u00edbrn\u00e9 a jednu bronzovou). Tento v\u00fdsledek vezou letos bike\u0159i MORAVCE z les\u016f v okol\u00ed na\u0161eho okresn\u00edho City. P\u0159i \u00fa\u010dasti t\u0159in\u00e1cti rajdr\u016f zaznamen\u00e1v\u00e1me tedy na BG obdivuhodnou \u00fasp\u011b\u0161nost&#8230;!<\/strong><\/span><\/p>\n<figure id=\"attachment_1512\" aria-describedby=\"caption-attachment-1512\" style=\"width: 395px\" class=\"wp-caption aligncenter\"><a href=\"http:\/\/www.moravecteam.cz\/?attachment_id=1512\" rel=\"attachment wp-att-1512\"><img decoding=\"async\" loading=\"lazy\" class=\"size-full wp-image-1512 \" alt=\"P1050046\" src=\"http:\/\/www.moravecteam.cz\/wp-content\/uploads\/2015\/09\/P1050046.jpg\" width=\"395\" height=\"439\" srcset=\"https:\/\/www.moravecteam.cz\/wp-content\/uploads\/2015\/09\/P1050046.jpg 395w, https:\/\/www.moravecteam.cz\/wp-content\/uploads\/2015\/09\/P1050046-269x300.jpg 269w\" sizes=\"(max-width: 395px) 100vw, 395px\" \/><\/a><figcaption id=\"caption-attachment-1512\" class=\"wp-caption-text\">Skoro \u010dist\u00fd hattrick MORAVC\u016e v kategorii mu\u017ei 15-18. Zleva st\u0159\u00edbrn\u00fd Jan \u0160m\u00edda, suver\u00e9nn\u00ed v\u00edt\u011bz Dominik Prudek a bronzov\u00fd Michal \u0160m\u00edda.<\/figcaption><\/figure>\n<p style=\"text-align: justify;\"><span style=\"color: #000000;\">U\u017e po \u010dtrn\u00e1ct\u00e9 vyrazili minulou sobotu bike\u0159i na start obl\u00edben\u00e9ho MTB maratonu Blanensk\u00fd Golem. Z\u00e1vod, kter\u00fd je jen o rok star\u0161\u00ed ne\u017e n\u00e1\u0161 odd\u00edl, dorostl do adolescentn\u00edho v\u011bku v pln\u00e9 sv\u011b\u017eesti nebo\u0165 i prvn\u00ed z\u00e1\u0159iovou sobotu byli blanen\u0161t\u00ed po\u0159adatel\u00e9 tradi\u010dn\u011b bezchybn\u00ed a bike\u0159i se jim stejn\u011b tradi\u010dn\u011b odvd\u011b\u010dili \u00fa\u010dast\u00ed nejen co do kvantity, ale i do kvality. A co se toho druh\u00e9ho zm\u00edn\u011bn\u00e9ho parametru t\u00fd\u010de, dovoluji si tvrdit, \u017ee z\u00e1vodnickou kvalitou u\u017e po l\u00e9ta p\u0159isp\u00edvaj\u00ed svou &#8222;tro\u0161kou do ml\u00fdna&#8220; \u00a0i bike\u0159i MORAVCE. Ne jinak tomu bylo i letos&#8230;<\/span><\/p>\n<figure id=\"attachment_1515\" aria-describedby=\"caption-attachment-1515\" style=\"width: 393px\" class=\"wp-caption aligncenter\"><a href=\"http:\/\/www.moravecteam.cz\/?attachment_id=1515\" rel=\"attachment wp-att-1515\"><img decoding=\"async\" loading=\"lazy\" class=\"size-full wp-image-1515   \" alt=\"\" src=\"http:\/\/www.moravecteam.cz\/wp-content\/uploads\/2015\/09\/P1050042.jpg\" width=\"393\" height=\"394\" srcset=\"https:\/\/www.moravecteam.cz\/wp-content\/uploads\/2015\/09\/P1050042.jpg 393w, https:\/\/www.moravecteam.cz\/wp-content\/uploads\/2015\/09\/P1050042-25x25.jpg 25w, https:\/\/www.moravecteam.cz\/wp-content\/uploads\/2015\/09\/P1050042-300x300.jpg 300w\" sizes=\"(max-width: 393px) 100vw, 393px\" \/><\/a><figcaption id=\"caption-attachment-1515\" class=\"wp-caption-text\">Bedna kategorie \u017eeny 15-18 let. Zde u\u017e pro n\u00e1s d\u00edk Ann\u011b Zem\u00e1nkov\u00e1 a Jan\u011bTesa\u0159ov\u00e9 zcela \u010dis\u00fd &#8222;double&#8220;!<\/figcaption><\/figure>\n<p style=\"text-align: justify;\"><span style=\"color: #000000;\">Kdy\u017e se m\u011b p\u0159i na\u0161\u00ed dom\u00e1c\u00ed velk\u00e9 cen\u011b na Bene\u0161ov\u011b jeden z <\/span>kl\u00ed\u010dov\u00fdch po\u0159adatel\u016f BG, p. Kol\u00e1\u0159 ptal, zda se blanen\u0161t\u00ed m\u016f\u017eou t\u011b\u0161it na rajdry MORAVCE, ujistil jsem ho, \u017ee tradi\u010dn\u011b p\u016fjdeme na v\u011bc, v pokud mo\u017eno maxim\u00e1ln\u00ed s\u00edle i v mno\u017estv\u00ed a op\u011bt s nejvy\u0161\u0161\u00edmi ambicemi. Co se t\u00fd\u010de na\u0161\u00ed \u00fa\u010dasti v z\u00e1vod\u011b, tak u\u017e po n\u011bkoik let nazp\u011bt nestoj\u00ed ot\u00e1zka zda-li dovezeme n\u011bjak\u00e9ho Golema, ale &#8211; ani\u017e bychom se cht\u011bli n\u011bjak chv\u00e1stat &#8211; se pt\u00e1me: kolik Golem\u016f p\u0159ivezeme? Sou\u010dasn\u00e1 v\u00fdkonnost na\u0161ich rajdr\u016f n\u00e1s k takov\u00e9 ot\u00e1zce zcela legitimn\u011b oprav\u0148uje a s t\u00edm jsou spojeny na\u0161e ambice &#8211; nikoli p\u0159ehnan\u00e9, n\u00fdbr\u017e zcela re\u00e1ln\u00e9. Zisk celkem dev\u00edti legend\u00e1rn\u00edch so\u0161ek, to je supr leto\u0161n\u00ed result na\u0161ich rajdr\u016f Z BG, kter\u00fd uv\u00e1d\u011bn\u00e9 jen potvrzuje. Tak\u017ee poj\u010fme z na\u0161ho pohledu probrat v\u00fdsledkov\u00e9 listiny trochu podrobn\u011bji:<\/p>\n<figure id=\"attachment_1511\" aria-describedby=\"caption-attachment-1511\" style=\"width: 408px\" class=\"wp-caption aligncenter\"><a href=\"http:\/\/www.moravecteam.cz\/?attachment_id=1511\" rel=\"attachment wp-att-1511\"><img decoding=\"async\" loading=\"lazy\" class=\"size-full wp-image-1511 \" alt=\"P1050047\" src=\"http:\/\/www.moravecteam.cz\/wp-content\/uploads\/2015\/09\/P1050047.jpg\" width=\"408\" height=\"448\" srcset=\"https:\/\/www.moravecteam.cz\/wp-content\/uploads\/2015\/09\/P1050047.jpg 408w, https:\/\/www.moravecteam.cz\/wp-content\/uploads\/2015\/09\/P1050047-273x300.jpg 273w\" sizes=\"(max-width: 408px) 100vw, 408px\" \/><\/a><figcaption id=\"caption-attachment-1511\" class=\"wp-caption-text\">Zlat\u00fd Luk\u00e1\u0161 Gregor aneb stupn\u011b v\u00edt\u011bz\u016f kategori mu\u017ei 19 let.<\/figcaption><\/figure>\n<p style=\"text-align: justify;\">Z t\u0159in\u00e1cti na\u0161ich jich jeden\u00e1ct zvolilo malou tra\u0165 (36 km) a dva prubli tu velkou (61 km). Po\u010detn\u00fd houf blanensk\u00fdch div\u00e1k\u016f v\u017edy s nap\u011bt\u00edm \u010dak\u00e1 po cca 80 minut\u00e1ch od startu na p\u0159\u00edjezd absolutn\u00edho v\u00edt\u011bze na mal\u00e9m okruhu. K na\u0161\u00ed velk\u00e9 radosti to byl i letos \u010dlen na\u0161eho odd\u00edlu <strong><span style=\"color: #800000;\">Dominik Prudek<\/span> <\/strong>(toho \u010dasu v dresu GT Opportunity). Ti z V\u00e1s, kdo \u00a0historii MORAVCE sledujete pe\u010dliv\u011b, jste jist\u011b pochopili, pro\u010d jsem v\u00fd\u0161e napsal &#8222;i letos&#8220;. R\u00e1d p\u0159ipomenu: Inu proto, \u017ee Dom\u010da zopakoval triumf Adama Sekaniny na t\u00e9to distanci z r. 2012. Dominika Prudka doprovodili na &#8222;bednu&#8220; chlapeck\u00e9 kategorie 15-18 let dal\u0161\u00ed dva na\u0161i \u0161ikovn\u00ed bike\u0159i &#8211; brat\u0159i <strong><span style=\"color: #800000;\">Jan a Michal \u0160m\u00eddovi<\/span><\/strong>, p\u0159i\u010dem\u017e Honza v\u00fdsledkem znovu prok\u00e1zal, kter\u00fd \u017ee typ cross country mu nejv\u00edc sed\u00ed&#8230; \u017de MTB maratony taky um\u00ed, p\u0159edvedl \u0161est\u00fdm m\u00edstem letos p\u0159edev\u0161\u00edm v MTB XCO \u00fasp\u011b\u0161n\u00fd Mat\u011bj Maz\u00e1nek. Par\u00e1dou pro n\u00e1s byla v Blansku na toto\u017en\u00e9 trati i stejn\u00e1 kategorie d\u00edvek. Sv\u011bd\u010d\u00ed o tom cenn\u00e9 &#8222;double&#8220;, kter\u00e9 pro MORAVEC vybojovala d\u011bv\u010data<strong><span style=\"color: #800000;\"> Jana &#8222;D\u017eejn&#8220; Tesa\u0159ov\u00e1<\/span><\/strong> a <span style=\"color: #800000;\"><strong>Anna Zem\u00e1nkov\u00e1<\/strong><\/span>. Bravo &#8222;girls&#8220;! A to jim je\u0161t\u011b zdatn\u011b &#8222;p\u0159ikryly z\u00e1da&#8220; v c\u00edli \u0161est\u00e1 Monika &#8222;Tyg\u0159ice&#8220; Kone\u010dn\u00e1 a p\u0159i premi\u00e9rov\u00e9m startu za n\u00e1s i Jolana &#8222;Jolanda&#8220; Kov\u00e1\u0159ov\u00e1! Zkr\u00e1tka holk\u00e1m pat\u0159\u00ed za v\u00fdkony a v\u00fdsledky podtr\u017een\u00e1 jedni\u010dka! A u n\u011b\u017en\u00e9ho pohlav\u00ed je\u0161t\u011b chv\u00edli z\u016fsta\u0148me. Na mal\u00e9m okruhu jsme m\u011bli mezi \u017eenami dal\u0161\u00ed dv\u011b \u017eel\u00edzka v ohni. Zlat\u00fd n\u00e1vrat slav\u00ed <strong><span style=\"color: #800000;\">Ivana Prudkov\u00e1,<\/span><\/strong>\u00a0zcela suver\u00e9nn\u00ed v\u00edt\u011bzka kategorie \u017eeny 27 let. St\u0159\u00edbrem pak po prv\u00e9 p\u0159isp\u011bla do odd\u00edlov\u00e9 pokladnice <strong><span style=\"color: #800000;\">Katka Gottwaldov\u00e1<\/span><\/strong>, kter\u00e1 k v\u00edt\u011bzstv\u00ed v kategorii \u017een 19 let nem\u011bla zase tak daleko&#8230; I t\u011bmto dv\u011bma vysek\u00e1v\u00e1me za v\u00fdkony i v\u00fdsledky hlubokou poklonu&#8230; Stejn\u011b tak <span style=\"color: #800000;\"><strong>Luk\u00e1\u0161i Gregorovi<\/strong><\/span>, kter\u00fd si s jistotou vyjel maxim\u00e1ln\u00ed so\u0161ku v kategorii mu\u017e\u016f 19 let. Jeho leto\u0161n\u00ed v\u00fdkonnostn\u00ed r\u016fst je pozoruhodn\u00fd a zlatem z BG to jenom potvrdil.<\/p>\n<figure id=\"attachment_1514\" aria-describedby=\"caption-attachment-1514\" style=\"width: 456px\" class=\"wp-caption aligncenter\"><a href=\"http:\/\/www.moravecteam.cz\/?attachment_id=1514\" rel=\"attachment wp-att-1514\"><img decoding=\"async\" loading=\"lazy\" class=\"size-full wp-image-1514 \" alt=\"P1050043\" src=\"http:\/\/www.moravecteam.cz\/wp-content\/uploads\/2015\/09\/P1050043.jpg\" width=\"456\" height=\"477\" srcset=\"https:\/\/www.moravecteam.cz\/wp-content\/uploads\/2015\/09\/P1050043.jpg 456w, https:\/\/www.moravecteam.cz\/wp-content\/uploads\/2015\/09\/P1050043-25x25.jpg 25w, https:\/\/www.moravecteam.cz\/wp-content\/uploads\/2015\/09\/P1050043-286x300.jpg 286w\" sizes=\"(max-width: 456px) 100vw, 456px\" \/><\/a><figcaption id=\"caption-attachment-1514\" class=\"wp-caption-text\">Kate\u0159ina Gottwaldov\u00e1 vybojovala pro MORAVEC st\u0159\u00edbro mezi \u017eenami 19 let.<\/figcaption><\/figure>\n<p style=\"text-align: justify;\">Ani z velk\u00e9 trat\u011b se nevrac\u00edme bez hlavn\u00ed sochy. \u017de je <strong><span style=\"color: #800000;\">Martin Gottwald<\/span> <\/strong>excelentn\u00ed &#8222;okruh\u00e1\u0159&#8220;, to v\u00edme. Kdo ho ale zn\u00e1 z d\u0159\u00edv\u011bj\u0161ka v\u00ed, \u017ee je i stejn\u011b kvalitn\u00ed MTB maratonec. Jeho zlato v kategorii mu\u017ei 40 let tedy cyklistick\u00e9 odborn\u00edky mo\u017en\u00e1 toliko nep\u0159ekvapilo, nic m\u00e9n\u011b m\u00e1 bezesporu vysokou cenu. D\u00edky Martine! Nem\u016f\u017eu k napsan\u00e9mu nep\u0159ipojit pozn\u00e1mku. Ne v\u0161ichni mo\u017en\u00e1 v\u00edte, \u017ee v\u00fd\u0161e chv\u00e1len\u00e1 &#8222;st\u0159\u00edbrn\u00e1&#8220; Ka\u010denka Gottwaldov\u00e1 je Martinovou pr\u00e1voplatnou man\u017eelkou, a \u017ee jejich dv\u011b dcery se jako nad\u011bjn\u00e9 bikerky prezentuj\u00ed v r\u00e1mci PDV&#8230; Zkt\u00e1tka m\u00e1m ten pocit, \u017ee m\u00e1me v odd\u00edle dal\u0161\u00ed &#8222;Grand Sport Family (GSF)&#8220;, aktu\u00e1ln\u011b bych Gottwaldovy p\u0159irovnal k \u0160af\u00e1\u0159ovic \u00a0a Prudkovic &#8222;GSF&#8220; (toho \u010dasu samoz\u0159ejm\u011b ob\u011b &#8222;family&#8220; \u00a0t\u00e9\u017e MORAVEC Team).<\/p>\n<figure id=\"attachment_1513\" aria-describedby=\"caption-attachment-1513\" style=\"width: 368px\" class=\"wp-caption aligncenter\"><a href=\"http:\/\/www.moravecteam.cz\/?attachment_id=1513\" rel=\"attachment wp-att-1513\"><img decoding=\"async\" loading=\"lazy\" class=\"size-full wp-image-1513 \" alt=\"P1050044\" src=\"http:\/\/www.moravecteam.cz\/wp-content\/uploads\/2015\/09\/P1050044.jpg\" width=\"368\" height=\"396\" srcset=\"https:\/\/www.moravecteam.cz\/wp-content\/uploads\/2015\/09\/P1050044.jpg 368w, https:\/\/www.moravecteam.cz\/wp-content\/uploads\/2015\/09\/P1050044-278x300.jpg 278w\" sizes=\"(max-width: 368px) 100vw, 368px\" \/><\/a><figcaption id=\"caption-attachment-1513\" class=\"wp-caption-text\">Zlat\u00fd come-back Ivany Prudkov\u00e9, v\u00edt\u011bzky kategorie \u017eeny 27 let. N\u00e1vrat hodn\u00fd Ivanina form\u00e1tu&#8230;<\/figcaption><\/figure>\n<p style=\"text-align: justify;\">Ale poj\u010fme zp\u011bt na trat\u011b \u00a0BG. V kategorii mu\u017e\u016f 50 let sahal po so\u0161ce i n\u00e1\u0161 \u00fasp\u011b\u0161n\u00fd \u0161\u00e9ftren\u00e9r V\u00ed\u0165a Prudek. I v c\u00edli &#8222;bramborov\u00e1&#8220; placka m\u00e1 svoji hodnotu a jako by avizuje nast\u00e1vaj\u00edc\u00ed obdob\u00ed bramborov\u00e9 kampan\u011b na Drahansk\u00e9 vrchovin\u011b. Snad n\u00e1s toto um\u00edst\u011bn\u00ed nebude prov\u00e1zet zas a\u017e tak moc za t\u00fdden v Boskovic\u00edch? Je\u0161t\u011b zm\u00edn\u00edm, \u017ee v mu\u017e\u00edch 19 let figuruje ve v\u00fdsledkov\u00e9 listin\u011b na 8. m\u00edst\u011b <span style=\"color: #000000;\">Michal Va\u0161\u00ed\u010dek.<\/span> V kolonce odd\u00edl m\u00e1 uvedeno Vav\u0159inec, ale proto\u017ee na z\u00e1vodech PDV se letos objevoval v na\u0161em dresu (pravda historick\u00e9m), pevn\u011b v\u011b\u0159\u00edm, \u017ee Michal z\u016fstane na\u0161im barv\u00e1m v\u011brn\u00fd i v budoucnu, a \u017ee i leto\u0161n\u00edho BG odjel v pat\u0159i\u010dn\u00fdch barv\u00e1ch (uvid\u00edme z fotek). Podobn\u011b jako Petr \u0160ev\u010d\u00edk, kter\u00fd doprovodil Luk\u00e1\u0161e Gregora na &#8222;ednu&#8220; v mu\u017e\u00edch 19 (dojel druh\u00fd). I s Petrem si v nejbli\u017e\u0161\u00ed dob\u011b v\u0161e ujasn\u00edme. A je\u0161t\u011b dv\u011b gratulova\u010dky: prvn\u00ed pat\u0159\u00ed na\u010demu kamar\u00e1dovi\u00a0<span style=\"color: #800000;\"><strong>Ond<\/strong><\/span><span style=\"line-height: 1.5;\"><span style=\"color: #800000;\"><strong>rovi Cinkovi &#8222;Cimb\u00e1lovi&#8220;<\/strong><\/span> k dne\u0161n\u00edmu sv\u011btov\u00e9mu bronzu (<strong><a href=\"http:\/\/mtbs.cz\/clanek\/cink-cink-zaver-mistrovstvi-sveta-xco-se-cesku-vydaril-ma-bronz\/kategorie\/mistrovstvi-sveta-xc\">podrobnosti zde<\/a><\/strong>) a ta druh\u00e1 pat\u0159\u00ed ke st\u0159\u00edbru dal\u0161\u00edmu na\u0161emu k\u00e1mo\u0161ovi Poldovi Sp\u00e1\u010dilovi, kter\u00fd v z\u00e1vod\u011b kategorie mu\u017ei 50 let (velk\u00e1 tra\u0165) notn\u011b &#8222;proh\u00e1n\u011bl&#8220; skv\u011bl\u00e9ho Du\u0161ana Olejn\u00ed\u010dka! Zde studujte <\/span><strong style=\"line-height: 1.5;\"><a href=\"http:\/\/mtbgolem.cz\/?s=vysledky\">kompletn\u00ed v\u00fdsledky<\/a><\/strong><span style=\"line-height: 1.5;\">, o kter\u00fdch jsem se (z radosti nad jejich leto\u0161n\u00ed podobou) rozepsal v\u00fd\u0161e dnes trochu podrobn\u011bji. Bohat\u00fd <\/span><strong style=\"line-height: 1.5;\"><a href=\"http:\/\/moravecteam.rajce.idnes.cz\/Blanensky_Golem_5.9._2015\/\">fotomateri\u00e1l <\/a><\/strong><span style=\"line-height: 1.5;\">omrkn\u011bte zase tu\u0165&#8230;<\/span><\/p>\n<figure id=\"attachment_1510\" aria-describedby=\"caption-attachment-1510\" style=\"width: 372px\" class=\"wp-caption aligncenter\"><a href=\"http:\/\/www.moravecteam.cz\/?attachment_id=1510\" rel=\"attachment wp-att-1510\"><img decoding=\"async\" loading=\"lazy\" class=\"size-full wp-image-1510  \" alt=\"P1050056\" src=\"http:\/\/www.moravecteam.cz\/wp-content\/uploads\/2015\/09\/P1050056.jpg\" width=\"372\" height=\"420\" srcset=\"https:\/\/www.moravecteam.cz\/wp-content\/uploads\/2015\/09\/P1050056.jpg 372w, https:\/\/www.moravecteam.cz\/wp-content\/uploads\/2015\/09\/P1050056-265x300.jpg 265w\" sizes=\"(max-width: 372px) 100vw, 372px\" \/><\/a><figcaption id=\"caption-attachment-1510\" class=\"wp-caption-text\">Cenn\u00e9 zlato z velk\u00e9 trati za\u0159\u00eddil pro na\u0161e barvy Martin Gottwald (kategorie mu\u017ei 40 let).<\/figcaption><\/figure>\n","protected":false},"excerpt":{"rendered":"<p>A bylo jich celkem dev\u011bt (p\u011bt zlat\u00fdch, t\u0159i st\u0159\u00edbrn\u00e9 a jednu bronzovou). Tento v\u00fdsledek vezou letos bike\u0159i MORAVCE z les\u016f v okol\u00ed na\u0161eho okresn\u00edho City. P\u0159i \u00fa\u010dasti t\u0159in\u00e1cti rajdr\u016f zaznamen\u00e1v\u00e1me tedy na BG obdivuhodnou \u00fasp\u011b\u0161nost&#8230;! U\u017e po \u010dtrn\u00e1ct\u00e9 vyrazili minulou sobotu bike\u0159i na start obl\u00edben\u00e9ho MTB maratonu Blanensk\u00fd Golem. Z\u00e1vod, kter\u00fd je jen o rok &hellip; <a href=\"https:\/\/www.moravecteam.cz\/?p=1498\" class=\"more-link\">Pokra\u010dov\u00e1n\u00ed textu <span class=\"screen-reader-text\">Golem n\u00e1m &#8222;pekl placky&#8220;!<\/span> <span class=\"meta-nav\">&rarr;<\/span><\/a><\/p>\n","protected":false},"author":3,"featured_media":1516,"comment_status":"closed","ping_status":"closed","sticky":false,"template":"","format":"standard","meta":[],"categories":[1],"tags":[],"_links":{"self":[{"href":"https:\/\/www.moravecteam.cz\/index.php?rest_route=\/wp\/v2\/posts\/1498"}],"collection":[{"href":"https:\/\/www.moravecteam.cz\/index.php?rest_route=\/wp\/v2\/posts"}],"about":[{"href":"https:\/\/www.moravecteam.cz\/index.php?rest_route=\/wp\/v2\/types\/post"}],"author":[{"embeddable":true,"href":"https:\/\/www.moravecteam.cz\/index.php?rest_route=\/wp\/v2\/users\/3"}],"replies":[{"embeddable":true,"href":"https:\/\/www.moravecteam.cz\/index.php?rest_route=%2Fwp%2Fv2%2Fcomments&post=1498"}],"version-history":[{"count":19,"href":"https:\/\/www.moravecteam.cz\/index.php?rest_route=\/wp\/v2\/posts\/1498\/revisions"}],"predecessor-version":[{"id":1528,"href":"https:\/\/www.moravecteam.cz\/index.php?rest_route=\/wp\/v2\/posts\/1498\/revisions\/1528"}],"wp:featuredmedia":[{"embeddable":true,"href":"https:\/\/www.moravecteam.cz\/index.php?rest_route=\/wp\/v2\/media\/1516"}],"wp:attachment":[{"href":"https:\/\/www.moravecteam.cz\/index.php?rest_route=%2Fwp%2Fv2%2Fmedia&parent=1498"}],"wp:term":[{"taxonomy":"category","embeddable":true,"href":"https:\/\/www.moravecteam.cz\/index.php?rest_route=%2Fwp%2Fv2%2Fcategories&post=1498"},{"taxonomy":"post_tag","embeddable":true,"href":"https:\/\/www.moravecteam.cz\/index.php?rest_route=%2Fwp%2Fv2%2Ftags&post=1498"}],"curies":[{"name":"wp","href":"https:\/\/api.w.org\/{rel}","templated":true}]}}