{"id":14980,"date":"2020-09-22T13:15:20","date_gmt":"2020-09-22T11:15:20","guid":{"rendered":"http:\/\/www.moravecteam.cz\/?p=14980"},"modified":"2020-09-23T07:40:28","modified_gmt":"2020-09-23T05:40:28","slug":"obhajoba-pozic","status":"publish","type":"post","link":"https:\/\/www.moravecteam.cz\/?p=14980","title":{"rendered":"Obhajoba pozic."},"content":{"rendered":"<p style=\"text-align: justify;\"><strong><span style=\"text-align: justify; color: #800000;\">Druh\u00e1 MTB \u201eVrchovina\u201c v\u00a0Bukov\u00e9 byla\u00a0 \u2013 co se klimatick\u00fdch podm\u00ednek t\u00fd\u010de \u2013 opakem t\u00e9 prvn\u00ed v\u00a0Bene\u0161ov\u011b. Hork\u00e9, letn\u00ed slune\u010dn\u00e9 po\u010das\u00ed p\u0159iv\u00edtalo celkem 230 biker\u016f z\u00a0nich\u017e jich 14 z\u00e1vodilo v\u00a0dresech MORAVEC Teamu. Solidn\u00ed v\u00fdsledky z\u00a0prvn\u00edho bl\u00e1tiv\u00e9ho z\u00e1vodu se n\u00e1m v\u00a0Bukov\u00e9, na such\u00fdch a rychl\u00fdch trat\u00edch\u00a0 poda\u0159ilo v\u00edce \u2013 m\u00e9n\u011b obh\u00e1jit co\u017e sv\u011bd\u010d\u00ed nejen o univerz\u00e1lnosti na\u0161ich rajdr\u016f, ale tak\u00e9 o jejich stabiln\u00ed v\u00fdkonnosti.<\/span><\/strong><\/p>\n<figure id=\"attachment_15053\" aria-describedby=\"caption-attachment-15053\" style=\"width: 2000px\" class=\"wp-caption alignnone\"><a href=\"http:\/\/www.moravecteam.cz\/?attachment_id=15053\" rel=\"attachment wp-att-15053\"><img decoding=\"async\" loading=\"lazy\" class=\" wp-image-15053\" alt=\"DSC_0164\" src=\"http:\/\/www.moravecteam.cz\/wp-content\/uploads\/2020\/09\/DSC_0164.jpg\" width=\"2000\" height=\"1800\" srcset=\"https:\/\/www.moravecteam.cz\/wp-content\/uploads\/2020\/09\/DSC_0164.jpg 2000w, https:\/\/www.moravecteam.cz\/wp-content\/uploads\/2020\/09\/DSC_0164-300x270.jpg 300w, https:\/\/www.moravecteam.cz\/wp-content\/uploads\/2020\/09\/DSC_0164-1024x921.jpg 1024w\" sizes=\"(max-width: 2000px) 100vw, 2000px\" \/><\/a><figcaption id=\"caption-attachment-15053\" class=\"wp-caption-text\">Vedouc\u00ed dvojice z\u00e1vodu mlad\u0161\u00edch \u017e\u00e1ky\u0148. V \u010dele Bar\u010da Janovsk\u00e1, za n\u00ed Just\u00fdna Novotn\u00e1. V c\u00edli bylo nakonec po\u0159ad\u00ed obr\u00e1cen\u00e9.<\/figcaption><\/figure>\n<p style=\"text-align: justify;\">Oproti \u201ebene\u0161ovsk\u00e9\u201c sestav\u011b chyb\u011bl v\u00a0Bukov\u00e9 jen dev\u00edtilet\u00fd <strong><span style=\"color: #800000;\">Ondra Kraj\u00ed\u010dek<\/span><\/strong>. Ostatn\u00ed na\u0161i reprezentanti vybojovali v\u00a0Olomouck\u00e9m Kraji stejn\u00fd po\u010det medail\u00ed, jako v\u00a0premi\u00e9rov\u00e9m z\u00e1vod\u011b, dokonce i jejich hodnoty byly identick\u00e9, ba dokonce i ty dv\u011b \u201ebrambory\u201c z\u00a0Bene\u0161ova, se n\u00e1m v\u00a0Bukov\u00e9 poda\u0159ilo \u201eokop\u00edrovat\u201c\u2026<\/p>\n<figure id=\"attachment_15055\" aria-describedby=\"caption-attachment-15055\" style=\"width: 815px\" class=\"wp-caption alignnone\"><a href=\"http:\/\/www.moravecteam.cz\/?attachment_id=15055\" rel=\"attachment wp-att-15055\"><img decoding=\"async\" loading=\"lazy\" class=\" wp-image-15055\" alt=\"vojta\" src=\"http:\/\/www.moravecteam.cz\/wp-content\/uploads\/2020\/09\/vojta.png\" width=\"815\" height=\"705\" srcset=\"https:\/\/www.moravecteam.cz\/wp-content\/uploads\/2020\/09\/vojta.png 815w, https:\/\/www.moravecteam.cz\/wp-content\/uploads\/2020\/09\/vojta-300x259.png 300w\" sizes=\"(max-width: 815px) 100vw, 815px\" \/><\/a><figcaption id=\"caption-attachment-15055\" class=\"wp-caption-text\">Vojta Ullrich v &#8222;ko\u0148sk\u00e9&#8220; pas\u00e1\u017ei trat\u011b.<\/figcaption><\/figure>\n<p style=\"text-align: justify;\">Zlat\u00fdm v\u00fdkonem se prezentovala v\u00a0z\u00e1vod\u011b mlad\u0161\u00edch \u017e\u00e1ky\u0148 <strong><span style=\"color: #800000;\">Just\u00fdna Novotn\u00e1<\/span><\/strong>. Se svoj\u00ed t\u00fdmovou par\u0165a\u010dkou <strong><span style=\"color: #800000;\">Barborou Janovskou<\/span> <\/strong>\u2013 podobn\u011b jako v\u00a0Bene\u0161ov\u011b \u2013 nedaly zbytku d\u00edv\u010d\u00edho startovn\u00edho pole \u0161anci a p\u0159ipsaly pro MORAVEC Team dal\u0161\u00ed cenn\u00fd \u201edouble\u201c. St\u0159\u00edbrnou sobotu slavili o prvn\u00edm srpnov\u00e9m dnu ur\u010dit\u011b u Janovsk\u00fdch. Je\u0161t\u011b p\u0159ed Bar\u010dou stihl v\u00a0z\u00e1vod\u011b chlapc\u016f do 6-ti let vyv\u00e1l\u010dit st\u0159\u00edbro i jej\u00ed mlad\u0161\u00ed br\u00e1cha, <strong><span style=\"color: #800000;\">Jon\u00e1\u0161 Janovsk\u00fd<\/span><\/strong>, kdy\u017e op\u011bt nesta\u010dil pouze na boskovick\u00e9ho Martina Hrudu. T\u0159et\u00ed st\u0159\u00edbro pro na\u0161e barvy \u201eza\u0159\u00edd\u00edl\u201c v Bukov\u00e9\u00a0 \u201eeli\u0165\u00e1k\u201c <strong><span style=\"color: #800000;\">Petr \u0160ich<\/span><\/strong>. I on svedl opakovan\u00fd souboj v\u00a0duchu \u00favodn\u00edho z\u00e1vodu v\u00a0Bene\u0161ov\u011b s\u00a0cyklokrosa\u0159sk\u00fdm \u0161ampionem Emilem Hekelem, i on, byl znovu v\u00a0pozici t\u011bsn\u011b pora\u017een\u00e9ho. Ka\u017edop\u00e1dn\u011b jak Jonda, tak Pe\u0165a maj\u00ed do dal\u0161\u00edch z\u00e1vod\u016f dobr\u00fd motiv a ur\u010dit\u011b budou cht\u00edt svoje \u2013 prozat\u00edm nedosti\u017een\u00e9 soupe\u0159e \u2013 porazit. A j\u00e1 v\u011b\u0159\u00edm, \u017ee se jim to \u2013 d\u0159\u00edve nebo pozd\u011bji \u2013 poda\u0159\u00ed!<\/p>\n<figure id=\"attachment_15056\" aria-describedby=\"caption-attachment-15056\" style=\"width: 1435px\" class=\"wp-caption alignnone\"><a href=\"http:\/\/www.moravecteam.cz\/?attachment_id=15056\" rel=\"attachment wp-att-15056\"><img decoding=\"async\" loading=\"lazy\" class=\" wp-image-15056\" alt=\"DSC_0101\" src=\"http:\/\/www.moravecteam.cz\/wp-content\/uploads\/2020\/09\/DSC_0101.jpg\" width=\"1435\" height=\"1702\" srcset=\"https:\/\/www.moravecteam.cz\/wp-content\/uploads\/2020\/09\/DSC_0101.jpg 1435w, https:\/\/www.moravecteam.cz\/wp-content\/uploads\/2020\/09\/DSC_0101-252x300.jpg 252w, https:\/\/www.moravecteam.cz\/wp-content\/uploads\/2020\/09\/DSC_0101-863x1024.jpg 863w\" sizes=\"(max-width: 1435px) 100vw, 1435px\" \/><\/a><figcaption id=\"caption-attachment-15056\" class=\"wp-caption-text\">Pravideln\u00fd sb\u011bratel medail\u00ed &#8211; Jon\u00e1\u0161ek Janovsk\u00fd.<\/figcaption><\/figure>\n<p style=\"text-align: justify;\">Nepopul\u00e1rn\u00ed \u201ebramborov\u00e1\u201c \u010dtvrt\u00e1 m\u00edsta obsadili ve sv\u00fdch startech <strong><span style=\"color: #800000;\">Mat\u011bj Kalina<\/span><\/strong> (7-9 let) a <strong><span style=\"color: #800000;\">Barbora Tlamkov\u00e1<\/span><\/strong> (star\u0161\u00ed \u017e\u00e1kyn\u011b).\u00a0 Mat\u011bj s\u00a0Barunkou ale nebyli od cenn\u00fdch kov\u016f daleko a i v\u00a0jejich p\u0159\u00edpad\u011b je dobr\u00fd p\u0159edpoklad, \u017ee se do konce sez\u00f3ny na \u201eVrchovin\u011b\u201c na \u201ebednu\u201c je\u0161t\u011b dok\u00e1\u017e\u00ed prosadit. V\u00a0leto\u0161n\u00edm roce m\u00e1me po \u010dase i reprezentanta\u00a0 v\u00a0kategorii odr\u00e1\u017eedel. <span style=\"color: #800000;\"><strong>Jan\u00edk \u0160tefl<\/strong><\/span> se state\u010dn\u011b porval s\u00a0t\u011b\u017ekou konkurenc\u00ed po bene\u0161ovsk\u00e9m \u00favodu i v\u00a0Bukov\u00e9 a posb\u00edral\u00a0 zde dal\u0161\u00ed cenn\u00e9 zku\u0161enosti. Stejn\u011b jako jeho star\u0161\u00ed sestra, ji\u017e zku\u0161en\u011bj\u0161\u00ed z\u00e1vodnice, <strong><span style=\"color: #800000;\">Kl\u00e1rka \u0160teflov\u00e1<\/span><\/strong>, kter\u00e1 se v\u00a0kategorii d\u00edvek do 6-ti let dok\u00e1zala prosadit do elitn\u00ed des\u00edtky v\u00fdsledkov\u00e9 listiny! Um\u00edst\u011bn\u00ed v\u00a0TOP 10 v\u00fdsledkov\u00fdch listin st\u00edhali v\u00a0Bukov\u00e9 i dal\u0161\u00ed dva na\u0161i nov\u00e1\u010dci: <strong><span style=\"color: #800000;\">Vojta Ullrich<\/span><\/strong> s\u00a0<strong><span style=\"color: #800000;\">Barborkou Tesa\u0159ovou<\/span><\/strong> (oba kategorie 7-8 let). I oni z\u00e1vod\u00ed v\u00a0na\u0161em \u0161iku se sv\u00fdmi \u2013 v\u00a0tomto p\u0159\u00edpad\u011b star\u0161\u00edmi sourozenci. Vojt\u016fv star\u0161\u00ed br\u00e1cha a mlad\u0161\u00ed \u017e\u00e1k <strong><span style=\"color: #800000;\">Jakub Ullrich<\/span><\/strong> fini\u0161oval v\u00a0konkurenci v\u00edce jak dvaceti\u00a0 soupe\u0159\u016f na konci druh\u00e9 des\u00edtky a <span style=\"color: #800000;\"><strong>Jolana \u201eJolanda\u201c Tesa\u0159ov\u00e1<\/strong>,<\/span><span style=\"color: #800000;\">\u00a0<span style=\"color: #000000;\">star\u0161\u00ed sestra Barunky<\/span>\u00a0<\/span><strong> <\/strong>v\u00a0Bukov\u00e9 za\u017eila smoln\u00fd z\u00e1vod. Po defektu v\u00a0tra\u0165ov\u00e9 pas\u00e1\u017ei protipovod\u0148ov\u00e9ho poldru byla nucena dokon\u010dit\u00a0 z\u00e1vod \u201epo sv\u00fdch\u201c\u2026 Druh\u00fd d\u00edl bukovsk\u00e9 &#8222;race&#8220; byl zavr\u0161en\u00a0 dramatick\u00fdm z\u00e1vodem \u0161tafet, a sou\u010d\u00e1st\u00ed t\u00e9 bronzov\u00e9 byla <span style=\"color: #800000;\"><strong>Bar\u010da Janovsk\u00e1<\/strong><\/span> s <strong><span style=\"color: #800000;\">Mat\u011bjem \u0160tindlem<\/span><\/strong> (do trojky je doplnil &#8222;\u0161or\u0165\u00e1k&#8220; Luk\u00e1\u0161 Ra\u0161ka), tak\u017ee je\u0161t\u011b dv\u011b &#8222;placky&#8220; nav\u00edc n\u00e1m &#8222;hodil&#8220; \u0161tafetov\u00fd zh\u00e1vod&#8230;!<\/p>\n<figure id=\"attachment_15057\" aria-describedby=\"caption-attachment-15057\" style=\"width: 2000px\" class=\"wp-caption alignnone\"><a href=\"http:\/\/www.moravecteam.cz\/?attachment_id=15057\" rel=\"attachment wp-att-15057\"><img decoding=\"async\" loading=\"lazy\" class=\" wp-image-15057\" alt=\"DSC_0337\" src=\"http:\/\/www.moravecteam.cz\/wp-content\/uploads\/2020\/09\/DSC_0337.jpg\" width=\"2000\" height=\"1694\" srcset=\"https:\/\/www.moravecteam.cz\/wp-content\/uploads\/2020\/09\/DSC_0337.jpg 2000w, https:\/\/www.moravecteam.cz\/wp-content\/uploads\/2020\/09\/DSC_0337-300x254.jpg 300w, https:\/\/www.moravecteam.cz\/wp-content\/uploads\/2020\/09\/DSC_0337-1024x867.jpg 1024w\" sizes=\"(max-width: 2000px) 100vw, 2000px\" \/><\/a><figcaption id=\"caption-attachment-15057\" class=\"wp-caption-text\">Petr \u0160ich v tomto okam\u017eiku je\u0161t\u011b dr\u017e\u00ed Emila Hekeleho za z\u00e1dy.<\/figcaption><\/figure>\n<p style=\"text-align: justify;\">Reprezentanty jsme m\u011bli i v\u00a0z\u00e1v\u011bre\u010dn\u00e9m bloku start\u016f bukovsk\u00e9 \u201erace\u201c. Krom\u011b st\u0159\u00edbrn\u00e9ho ji\u017e zm\u00edn\u011bn\u00e9ho Petra \u0160icha jel \u201eelitu\u201c i <strong><span style=\"color: #800000;\">V\u00ed\u0165a Such\u00e1nek<\/span><\/strong> a do um\u00edst\u011bn\u00ed v\u00a0TOP 10 mu v\u00a0konkurenci 14-ti borc\u016f moc nechyb\u011blo. Tuto metu se poda\u0159ilo doc\u00edlit junioru <strong><span style=\"color: #800000;\">Mat\u011bji \u0160tindlov<\/span><span style=\"color: #800000;\">i,<\/span><\/strong> kter\u00fd \u010delil hned dv\u011bma tuct\u016fm kvalitn\u00edch soupe\u0159\u016f a znovu tak prok\u00e1zal pozoruhodn\u00fd v\u00fdkonnostn\u00ed vzestup. Pro na\u0161e pravideln\u00e9 \u00fa\u010dastn\u00edky na z\u00e1vodech \u010cesk\u00e9ho poh\u00e1ru byla Bukov\u00e1 dobrou p\u0159\u00edpravou, kterou budou moci z\u00faro\u010dit u\u017e za t\u00fdden, na \u0161umavsk\u00e9m Zadov\u011b.<\/p>\n<figure id=\"attachment_15058\" aria-describedby=\"caption-attachment-15058\" style=\"width: 4470px\" class=\"wp-caption alignnone\"><a href=\"http:\/\/www.moravecteam.cz\/?attachment_id=15058\" rel=\"attachment wp-att-15058\"><img decoding=\"async\" loading=\"lazy\" class=\" wp-image-15058\" alt=\"DSC_0257\" src=\"http:\/\/www.moravecteam.cz\/wp-content\/uploads\/2020\/09\/DSC_0257.jpg\" width=\"4470\" height=\"2641\" srcset=\"https:\/\/www.moravecteam.cz\/wp-content\/uploads\/2020\/09\/DSC_0257.jpg 4470w, https:\/\/www.moravecteam.cz\/wp-content\/uploads\/2020\/09\/DSC_0257-300x177.jpg 300w, https:\/\/www.moravecteam.cz\/wp-content\/uploads\/2020\/09\/DSC_0257-1024x605.jpg 1024w\" sizes=\"(max-width: 4470px) 100vw, 4470px\" \/><\/a><figcaption id=\"caption-attachment-15058\" class=\"wp-caption-text\">Mat\u011bj \u0160tindl a Bar\u010da Janovsk\u00e1 na &#8222;\u0161tafetov\u00e9 bedn\u011b&#8220;!<\/figcaption><\/figure>\n<h5 style=\"text-align: justify;\"><strong><span style=\"color: #800000;\">V\u00fdsledkov\u00fd souhrn na\u0161ich z Bukov\u00e9:<\/span><\/strong><\/h5>\n<p style=\"text-align: justify;\"><span style=\"text-decoration: underline;\">Chlapci odr\u00e1\u017eedla:<\/span> 11. Jan \u0160tefl<\/p>\n<p style=\"text-align: justify;\"><span style=\"text-decoration: underline;\">Chlapci do 6 let:<\/span> <strong><span style=\"color: #808080;\">2. Jon\u00e1\u0161 Janovsk\u00fd<\/span><\/strong><\/p>\n<p style=\"text-align: justify;\"><span style=\"text-decoration: underline;\">D\u00edvky do 6 let:<\/span> 9. Kl\u00e1ra \u0160teflov\u00e1<\/p>\n<p style=\"text-align: justify;\"><span style=\"text-decoration: underline;\">Chlapci 7-8 let:<\/span> 4. Mat\u011bj Kalina, &#8230;10. Vojt\u011bch Ullrich<\/p>\n<p style=\"text-align: justify;\"><span style=\"text-decoration: underline;\">D\u00edvky 7-8 let:<\/span>\u00a09. Barbora Tesa\u0159ov\u00e1<\/p>\n<p style=\"text-align: justify;\"><span style=\"text-decoration: underline;\">Chlapci 11-12 let:<\/span> 18. Jakub Ullrich<\/p>\n<p style=\"text-align: justify;\"><span style=\"text-decoration: underline;\">D\u00edvky 11-12 let:<\/span> <strong><span style=\"color: #ff6600;\">1. Just\u00fdna Novotn\u00e1<\/span><\/strong>, <strong><span style=\"color: #808080;\">2. Barbora Janovsk\u00e1<\/span><\/strong>, &#8230;10. Jolana Tesa\u0159ov\u00e1<\/p>\n<p style=\"text-align: justify;\"><span style=\"text-decoration: underline;\">D\u00edvky 13-14 let:<\/span> 4. Barbora Tlamkov\u00e1<\/p>\n<p style=\"text-align: justify;\"><span style=\"text-decoration: underline;\">Junio\u0159i-kadeti:<\/span> 10. Mat\u011bj \u0160tindl<\/p>\n<p style=\"text-align: justify;\"><span style=\"text-decoration: underline;\">Mu\u017ei ELITE:<\/span> <strong><span style=\"color: #808080;\">2. Petr \u0160ich<\/span><\/strong>, &#8230; 11. V\u00edt Such\u00e1nek<\/p>\n<p style=\"text-align: justify;\"><strong><span style=\"color: #800000;\">Barbora Janovsk\u00e1<\/span><\/strong> s <strong><span style=\"color: #800000;\">Mat\u011bjem \u0160tindlem<\/span><\/strong> byli nav\u00edc \u010dleny bronzov\u00e9ho t\u00fdmu ze z\u00e1vodu \u0161tafet! Dopl\u0148oval je <strong><span style=\"color: #800000;\">Luk\u00e1\u0161 Ra\u0161ka<\/span> <\/strong>(Short Bike Academy Opletal). Zde studujte <strong><a href=\"http:\/\/vysledky.pohardrahanskevrchoviny.cz\/2020\/?page=vysledky\">kompletn\u00ed v\u00fdsledkov\u00fd servis<\/a><\/strong>, tu\u0165 je <strong><a href=\"http:\/\/www.pohardrahanskevrchoviny.cz\/repete-bukove\/\">ofici\u00e1ln\u00ed report\u00e1\u017e ze z\u00e1vodu<\/a><\/strong> a tady jsou bohat\u00e9 a hlavn\u011b kvalitn\u00ed fotky <span style=\"color: #800000;\"><strong>Karla V\u0161etuly.<\/strong><\/span>..<\/p>\n<ul>\n<li><strong><a href=\"https:\/\/moravecteam.rajce.idnes.cz\/2020.08.01_MTB_PDV_Bukova\/\">Fotogalerie \u010d.1<\/a><\/strong><\/li>\n<li><strong><a href=\"https:\/\/moravecteam.rajce.idnes.cz\/2020.08.01_MTB_PDV_Bukova_-_2\/\">Fotogalerie \u010d.2<\/a><\/strong><\/li>\n<li><strong><a href=\"https:\/\/moravecteam.rajce.idnes.cz\/2020.08.01_MTB_PDV_Bukova_-_3\/\">Fotogalerie \u010d.3<\/a><\/strong><\/li>\n<li><strong><a href=\"https:\/\/moravecteam.rajce.idnes.cz\/2020.08.01_MTB_PDV_Bukova_-_4\/\">Fotogalerie \u010d.4<\/a><\/strong><\/li>\n<\/ul>\n<figure id=\"attachment_15059\" aria-describedby=\"caption-attachment-15059\" style=\"width: 721px\" class=\"wp-caption alignnone\"><a href=\"http:\/\/www.moravecteam.cz\/?attachment_id=15059\" rel=\"attachment wp-att-15059\"><img decoding=\"async\" loading=\"lazy\" class=\" wp-image-15059\" alt=\"such\u00e1nek\" src=\"http:\/\/www.moravecteam.cz\/wp-content\/uploads\/2020\/09\/such\u00e1nek.png\" width=\"721\" height=\"569\" srcset=\"https:\/\/www.moravecteam.cz\/wp-content\/uploads\/2020\/09\/such\u00e1nek.png 721w, https:\/\/www.moravecteam.cz\/wp-content\/uploads\/2020\/09\/such\u00e1nek-300x236.png 300w\" sizes=\"(max-width: 721px) 100vw, 721px\" \/><\/a><figcaption id=\"caption-attachment-15059\" class=\"wp-caption-text\">&#8222;Little Mitas Choice&#8220; v pod\u00e1n\u00ed V\u00edtka Such\u00e1nka.<\/figcaption><\/figure>\n<p style=\"text-align: justify;\">\n","protected":false},"excerpt":{"rendered":"<p>Druh\u00e1 MTB \u201eVrchovina\u201c v\u00a0Bukov\u00e9 byla\u00a0 \u2013 co se klimatick\u00fdch podm\u00ednek t\u00fd\u010de \u2013 opakem t\u00e9 prvn\u00ed v\u00a0Bene\u0161ov\u011b. Hork\u00e9, letn\u00ed slune\u010dn\u00e9 po\u010das\u00ed p\u0159iv\u00edtalo celkem 230 biker\u016f z\u00a0nich\u017e jich 14 z\u00e1vodilo v\u00a0dresech MORAVEC Teamu. Solidn\u00ed v\u00fdsledky z\u00a0prvn\u00edho bl\u00e1tiv\u00e9ho z\u00e1vodu se n\u00e1m v\u00a0Bukov\u00e9, na such\u00fdch a rychl\u00fdch trat\u00edch\u00a0 poda\u0159ilo v\u00edce \u2013 m\u00e9n\u011b obh\u00e1jit co\u017e sv\u011bd\u010d\u00ed nejen o univerz\u00e1lnosti na\u0161ich &hellip; <a href=\"https:\/\/www.moravecteam.cz\/?p=14980\" class=\"more-link\">Pokra\u010dov\u00e1n\u00ed textu <span class=\"screen-reader-text\">Obhajoba pozic.<\/span> <span class=\"meta-nav\">&rarr;<\/span><\/a><\/p>\n","protected":false},"author":3,"featured_media":15052,"comment_status":"open","ping_status":"closed","sticky":false,"template":"","format":"standard","meta":[],"categories":[1],"tags":[],"_links":{"self":[{"href":"https:\/\/www.moravecteam.cz\/index.php?rest_route=\/wp\/v2\/posts\/14980"}],"collection":[{"href":"https:\/\/www.moravecteam.cz\/index.php?rest_route=\/wp\/v2\/posts"}],"about":[{"href":"https:\/\/www.moravecteam.cz\/index.php?rest_route=\/wp\/v2\/types\/post"}],"author":[{"embeddable":true,"href":"https:\/\/www.moravecteam.cz\/index.php?rest_route=\/wp\/v2\/users\/3"}],"replies":[{"embeddable":true,"href":"https:\/\/www.moravecteam.cz\/index.php?rest_route=%2Fwp%2Fv2%2Fcomments&post=14980"}],"version-history":[{"count":14,"href":"https:\/\/www.moravecteam.cz\/index.php?rest_route=\/wp\/v2\/posts\/14980\/revisions"}],"predecessor-version":[{"id":15082,"href":"https:\/\/www.moravecteam.cz\/index.php?rest_route=\/wp\/v2\/posts\/14980\/revisions\/15082"}],"wp:featuredmedia":[{"embeddable":true,"href":"https:\/\/www.moravecteam.cz\/index.php?rest_route=\/wp\/v2\/media\/15052"}],"wp:attachment":[{"href":"https:\/\/www.moravecteam.cz\/index.php?rest_route=%2Fwp%2Fv2%2Fmedia&parent=14980"}],"wp:term":[{"taxonomy":"category","embeddable":true,"href":"https:\/\/www.moravecteam.cz\/index.php?rest_route=%2Fwp%2Fv2%2Fcategories&post=14980"},{"taxonomy":"post_tag","embeddable":true,"href":"https:\/\/www.moravecteam.cz\/index.php?rest_route=%2Fwp%2Fv2%2Ftags&post=14980"}],"curies":[{"name":"wp","href":"https:\/\/api.w.org\/{rel}","templated":true}]}}