{"id":14988,"date":"2020-09-23T21:27:34","date_gmt":"2020-09-23T19:27:34","guid":{"rendered":"http:\/\/www.moravecteam.cz\/?p=14988"},"modified":"2020-09-23T21:38:03","modified_gmt":"2020-09-23T19:38:03","slug":"kral-sumavy","status":"publish","type":"post","link":"https:\/\/www.moravecteam.cz\/?p=14988","title":{"rendered":"Kr\u00e1l \u0160umavy!"},"content":{"rendered":"<p style=\"text-align: justify;\"><span style=\"color: #800000;\"><b>Ve v\u00edt\u011bzn\u00e9m ta\u017een\u00ed v MTB \u010cesk\u00e9m poh\u00e1ru pokra\u010doval Petr \u0160ich i na \u0161umavsk\u00e9m Zadov\u011b, kde letos u\u017e po t\u0159et\u00ed v\u00a0\u0159ad\u011b\u00a0 dos\u00e1hl na v\u00edt\u011bzstv\u00ed v\u00a0z\u00e1vod\u011b kategorie mu\u017e\u016f EXPERT a stal se tak pro n\u00e1s nepsan\u00fdm \u201eKr\u00e1lem \u0160umavy\u201c! Co by pravideln\u00fd dodavatel cenn\u00fdch kov\u016f do pomysln\u00e9 pokladnice MORAVEC Teamu, nez\u016fstal ani na Zadov\u011b osamocen. Jeho mlad\u0161\u00ed t\u00fdmov\u00fd kolega, Jon\u00e1\u0161 Janovsk\u00fd \u201evyv\u00e1l\u010dil\u201c v\u00a0kategorii chlapc\u016f do 6-ti let \u00a0bronz (tak\u00e9 po t\u0159et\u00ed v\u00a0\u0159ad\u011b) a je Petrovi letos vskutku d\u016fstojn\u00fdm sekundantem! Ale jako o \u017eivot se na \u0160umav\u011b rvali i dal\u0161\u00ed \u010dty\u0159i na\u0161i reprezentanti\u2026<\/b><\/span><\/p>\n<figure id=\"attachment_15072\" aria-describedby=\"caption-attachment-15072\" style=\"width: 2000px\" class=\"wp-caption alignnone\"><a href=\"http:\/\/www.moravecteam.cz\/?attachment_id=15072\" rel=\"attachment wp-att-15072\"><img decoding=\"async\" loading=\"lazy\" class=\" wp-image-15072\" alt=\"DSC_0295\" src=\"http:\/\/www.moravecteam.cz\/wp-content\/uploads\/2020\/09\/DSC_0295.jpg\" width=\"2000\" height=\"1940\" srcset=\"https:\/\/www.moravecteam.cz\/wp-content\/uploads\/2020\/09\/DSC_0295.jpg 2000w, https:\/\/www.moravecteam.cz\/wp-content\/uploads\/2020\/09\/DSC_0295-25x25.jpg 25w, https:\/\/www.moravecteam.cz\/wp-content\/uploads\/2020\/09\/DSC_0295-300x291.jpg 300w, https:\/\/www.moravecteam.cz\/wp-content\/uploads\/2020\/09\/DSC_0295-1024x993.jpg 1024w\" sizes=\"(max-width: 2000px) 100vw, 2000px\" \/><\/a><figcaption id=\"caption-attachment-15072\" class=\"wp-caption-text\">Petr \u0160ich pokra\u010doval na v\u00edt\u011bzn\u00e9 vln\u011b i na Zadov\u011b.<\/figcaption><\/figure>\n<p style=\"text-align: justify;\"><strong><span style=\"color: #800000;\">Petr \u0160ich<\/span><\/strong> p\u0159ed z\u00e1vodem hovo\u0159il s\u00a0respektem o sv\u00e9m velk\u00e9m soupe\u0159i \u00a0Jardovi Vondr\u00e1\u010dkovi (ROUVY Specialized): \u201eJe tady doma, trat\u011b d\u016fv\u011brn\u011b zn\u00e1, p\u0159edpokl\u00e1d\u00e1m, \u017ee to s\u00a0n\u00edm bude tentokr\u00e1t hodn\u011b t\u011b\u017ek\u00e9\u2026\u201c. Nakonec se Petrovy obavy uk\u00e1zali jako lich\u00e9. \u00a0Vondr\u00e1\u010dek dojel a\u017e na 5. m\u00edst\u011b a Petr se v\u00a0c\u00edli radoval z\u00a0jist\u00e9ho v\u00edt\u011bzstv\u00ed s\u00a0v\u00edce jak dvouminutov\u00fdm n\u00e1skokem! Bravo MORAVEC, blahop\u0159ejeme! Oproti v\u00fdsledk\u016fm z prvn\u00edch dvou z\u00e1vod\u016f v<a href=\"https:\/\/www.moravecteam.cz\/?p=14856\">\u00a0<strong>Tou\u0161kov\u011b<\/strong><\/a> a <strong><a href=\"https:\/\/www.moravecteam.cz\/?p=14880\">Peci pod Sn\u011b\u017ekou<\/a><\/strong> se v\u00fdsledkov\u00fdmi listinami posouv\u00e1 jist\u011b vp\u0159ed i n\u00e1\u0161 druh\u00fd EXPERT, na Zadov\u011b 12. <strong><span style=\"color: #800000;\">V\u00ed\u0165a \u201eSucho\u0161\u201c Such\u00e1nek<\/span><\/strong>. Uvid\u00edme, zda se V\u00ed\u0165ovi poda\u0159\u00ed dojet v\u00a0brn\u011bnsk\u00e9m fin\u00e1le do \u201edes\u00edtky\u201c. Ka\u017edop\u00e1dn\u011b je tato meta pro n\u011bho hodn\u011b\u00a0 re\u00e1ln\u00e1!<\/p>\n<figure id=\"attachment_15073\" aria-describedby=\"caption-attachment-15073\" style=\"width: 2000px\" class=\"wp-caption alignnone\"><a href=\"http:\/\/www.moravecteam.cz\/?attachment_id=15073\" rel=\"attachment wp-att-15073\"><img decoding=\"async\" loading=\"lazy\" class=\" wp-image-15073\" alt=\"DSC_0131\" src=\"http:\/\/www.moravecteam.cz\/wp-content\/uploads\/2020\/09\/DSC_0131.jpg\" width=\"2000\" height=\"1208\" srcset=\"https:\/\/www.moravecteam.cz\/wp-content\/uploads\/2020\/09\/DSC_0131.jpg 2000w, https:\/\/www.moravecteam.cz\/wp-content\/uploads\/2020\/09\/DSC_0131-300x181.jpg 300w, https:\/\/www.moravecteam.cz\/wp-content\/uploads\/2020\/09\/DSC_0131-1024x618.jpg 1024w\" sizes=\"(max-width: 2000px) 100vw, 2000px\" \/><\/a><figcaption id=\"caption-attachment-15073\" class=\"wp-caption-text\">Sjezdovka v pod\u00e1n\u00ed Mat\u011bje \u0160tindla.<\/figcaption><\/figure>\n<p style=\"text-align: justify;\">Z\u00e1vod junior\u016f s\u00a0<strong><span style=\"color: #800000;\">Mat\u011bjem \u0160tindlem<\/span><\/strong> na startu byl op\u011bt \u201epro\u0161pikov\u00e1n\u201c skrz na skrz zahrani\u010dn\u00edmi z\u00e1vodn\u00edky. State\u010dn\u00fd Mat\u011bj si ale vedl v\u00fdborn\u011b. Dr\u017eel rovnom\u011brn\u00e9 tempo a chyb\u011blo skute\u010dn\u011b m\u00e1lo, aby si u\u017e na Zadov\u011b u\u017eil z\u00e1vodu s\u00a0pln\u00fdm po\u010dtem kol (v c\u00edli klasifikov\u00e1n na 68. m\u00edst\u011b). Je\u0161t\u011b s\u00a0v\u011bt\u0161\u00ed konkurenc\u00ed, ne\u017e na Zadov\u011b, se potk\u00e1 ve fin\u00e1le \u010cP v\u00a0Brn\u011b. Tento z\u00e1vod bude z\u00e1rove\u0148 z\u00e1vodem Sv\u011btov\u00e9ho poh\u00e1ru junior\u016f\u2026 Skute\u010dn\u00e9 zkou\u0161ky ohn\u011bm za\u017e\u00edv\u00e1 letos n\u00e1\u0161 nov\u00e1\u010dek\u2026 O to v\u011bt\u0161\u00ed je na\u0161e radost, \u017ee si v\u00a0nich vede tak dob\u0159e!<\/p>\n<figure id=\"attachment_15074\" aria-describedby=\"caption-attachment-15074\" style=\"width: 417px\" class=\"wp-caption aligncenter\"><a href=\"http:\/\/www.moravecteam.cz\/?attachment_id=15074\" rel=\"attachment wp-att-15074\"><img decoding=\"async\" loading=\"lazy\" class=\"size-full wp-image-15074 \" alt=\"suchos\" src=\"http:\/\/www.moravecteam.cz\/wp-content\/uploads\/2020\/09\/suchos.png\" width=\"417\" height=\"575\" srcset=\"https:\/\/www.moravecteam.cz\/wp-content\/uploads\/2020\/09\/suchos.png 417w, https:\/\/www.moravecteam.cz\/wp-content\/uploads\/2020\/09\/suchos-217x300.png 217w\" sizes=\"(max-width: 417px) 100vw, 417px\" \/><\/a><figcaption id=\"caption-attachment-15074\" class=\"wp-caption-text\">V\u00ed\u0165a Such\u00e1nek si na t\u011b\u017ek\u00e9m zadovsk\u00e9m okruhu op\u011bt v\u00fdsledkov\u011b polep\u0161il.<\/figcaption><\/figure>\n<p style=\"text-align: justify;\">I ve druh\u00e9m z\u00e1vodn\u00edm dni jsme do boj\u016f vyslali trio z\u00e1vodn\u00edk\u016f. P\u0159esn\u011bji dv\u011b z\u00e1vodnice a jednoho z\u00e1vodn\u00edka, kdy\u017e oproti obvykl\u00e9 ned\u011bln\u00ed sestav\u011b na Zadov\u011b chyb\u011bla z\u00a0rodinn\u00fdch d\u016fvod\u016f star\u0161\u00ed \u017e\u00e1kyn\u011b <strong><span style=\"color: #800000;\">Bar\u010da Tlamkov\u00e1<\/span><\/strong>. Medailov\u011b to dopoledne zah\u00e1jil\u00a0 <strong><span style=\"color: #800000;\">Jon\u00e1\u0161ek Janovsk\u00fd<\/span><\/strong>, kter\u00fd fini\u0161oval, podobn\u011b jako ve dvou p\u0159edchoz\u00edch poh\u00e1rov\u00fdch kl\u00e1n\u00edch, op\u011bt\u00a0 na bronzov\u00e9 pozici. Bravo MORAVEC, gratulova\u010dka k \u201eplacce\u201c i Jonymu! N\u00e1\u0161 mal\u00fd \u0161ampionek asi hodn\u011b inspiroval sv\u00e9 dv\u011b t\u00fdmov\u00e9 par\u0165a\u010dky, \u00a0<strong><span style=\"color: #800000;\">Barboru Janovskou<\/span><\/strong> s\u00a0<strong><span style=\"color: #800000;\">Just\u00fdnou Novotnou<\/span><\/strong>, kter\u00e9 otev\u00edrali odpoledn\u00ed blok start\u016f spolu se sv\u00fdmi bezm\u00e1la \u010dty\u0159iceti\u00a0 soupe\u0159kami z\u00e1vodem kategorie mlad\u0161\u00edch \u017e\u00e1ky\u0148. P\u0159edev\u0161\u00edm pro Just\u00fdnu Novotnou byl tento start po zran\u011bn\u00ed premi\u00e9rov\u00fdm v\u00a0nejvy\u0161\u0161\u00ed bikov\u00e9 lize. Ob\u011b holky jely jako o \u017eivot. Bar\u010da si zku\u0161en\u011b hl\u00eddala m\u00edsto v\u00a0elitn\u00ed des\u00edtce a Just\u00fdna se do TOP 10 probojovala ze zadn\u00ed startovn\u00ed\u00a0 pozice u\u017e v\u00a0pr\u016fb\u011bhu \u00favodn\u00edho kola! V\u00a0c\u00edli \u201ebrala\u201c Barunka 7. m\u00edsto a Just\u00fdna fini\u0161ovala t\u011bsn\u011b za n\u00ed, na 8. m\u00edst\u011b. Bravo MORAVEC do t\u0159etice!<\/p>\n<figure id=\"attachment_15075\" aria-describedby=\"caption-attachment-15075\" style=\"width: 1873px\" class=\"wp-caption alignnone\"><a href=\"http:\/\/www.moravecteam.cz\/?attachment_id=15075\" rel=\"attachment wp-att-15075\"><img decoding=\"async\" loading=\"lazy\" class=\" wp-image-15075\" alt=\"DSC_0387\" src=\"http:\/\/www.moravecteam.cz\/wp-content\/uploads\/2020\/09\/DSC_0387.jpg\" width=\"1873\" height=\"2000\" srcset=\"https:\/\/www.moravecteam.cz\/wp-content\/uploads\/2020\/09\/DSC_0387.jpg 1873w, https:\/\/www.moravecteam.cz\/wp-content\/uploads\/2020\/09\/DSC_0387-280x300.jpg 280w, https:\/\/www.moravecteam.cz\/wp-content\/uploads\/2020\/09\/DSC_0387-958x1024.jpg 958w\" sizes=\"(max-width: 1873px) 100vw, 1873px\" \/><\/a><figcaption id=\"caption-attachment-15075\" class=\"wp-caption-text\">Bar\u010da Janovsk\u00e1 zajela na Zadov\u011b v\u00fdborn\u011b a odm\u011bnou j\u00ed bylo 7. m\u00edsto!<\/figcaption><\/figure>\n<p style=\"text-align: justify;\">Za poctiv\u00e9 zadovsk\u00e9 v\u00fdkony pat\u0159\u00ed na\u0161emu z\u00e1vodn\u00edmu sextetu velk\u00fd d\u00edk, stejn\u011b jako podp\u016frn\u00e9mu t\u00fdmu, rodinn\u00e9 podp\u016frn\u00e9 t\u00fdmy nevyj\u00edmaje. Op\u011bt se uk\u00e1zalo, \u017ee soustavn\u00e1 sv\u011bdomit\u00e1 tr\u00e9ninkov\u00e1 p\u00edle, spolu s\u00a0l\u00e1skou k\u00a0cyklistice p\u0159in\u00e1\u0161\u00ed \u2013 a\u0165 u\u017e d\u0159\u00edve nebo pozd\u011bji &#8211;\u00a0 zaslou\u017een\u00e9 ovoce! Po t\u0159ech supr zvl\u00e1dnut\u00fdch \u201epoh\u00e1rech\u201c je dobr\u00fd p\u0159edpoklad, \u017ee obstoj\u00edme i v\u00a0posledn\u00ed bitv\u011b \u201ena moravsk\u00e9m poli\u201c, ve fin\u00e1le \u010cesk\u00e9ho poh\u00e1ru v Brn\u011b.<\/p>\n<figure id=\"attachment_15076\" aria-describedby=\"caption-attachment-15076\" style=\"width: 1850px\" class=\"wp-caption alignnone\"><a href=\"http:\/\/www.moravecteam.cz\/?attachment_id=15076\" rel=\"attachment wp-att-15076\"><img decoding=\"async\" loading=\"lazy\" class=\" wp-image-15076 \" alt=\"DSC_0405\" src=\"http:\/\/www.moravecteam.cz\/wp-content\/uploads\/2020\/09\/DSC_0405.jpg\" width=\"1850\" height=\"2000\" srcset=\"https:\/\/www.moravecteam.cz\/wp-content\/uploads\/2020\/09\/DSC_0405.jpg 1850w, https:\/\/www.moravecteam.cz\/wp-content\/uploads\/2020\/09\/DSC_0405-277x300.jpg 277w, https:\/\/www.moravecteam.cz\/wp-content\/uploads\/2020\/09\/DSC_0405-947x1024.jpg 947w\" sizes=\"(max-width: 1850px) 100vw, 1850px\" \/><\/a><figcaption id=\"caption-attachment-15076\" class=\"wp-caption-text\">Skute\u010dn\u00fd k\u0159est ohn\u011bm zvl\u00e1dla po zran\u011bn\u00ed Just\u00fdna Novotn\u00e1 bravurn\u011b!<\/figcaption><\/figure>\n<h5 style=\"text-align: justify;\"><strong><span style=\"color: #800000;\">V\u00fdsledkov\u00fd souhrn na\u0161ich ze Zadova:<\/span><\/strong><\/h5>\n<ul>\n<li>kategorie chlapci od 6 let &#8211;\u00a0<strong><span style=\"color: #993300;\">3. Jon\u00e1\u0161 Janovsk\u00fd<\/span><\/strong><\/li>\n<li>mlad\u0161\u00ed \u017e\u00e1kyn\u011b &#8211; 7. Barbora Janovsk\u00e1, 8. Just\u00fdna Novotn\u00e1<\/li>\n<li>junio\u0159i &#8211; 68. Mat\u011bj \u0160tindl<\/li>\n<li>mu\u017ei EXPERT &#8211;\u00a0<strong><span style=\"color: #ff6600;\">1. Petr \u0160ich<\/span><\/strong>,&#8230; 12. V\u00edt Such\u00e1nek<\/li>\n<\/ul>\n<p style=\"text-align: justify;\">Zde studujte <strong><a href=\"https:\/\/sportsoft.cz\/cs\/zavod\/overview\/5160\">kompletn\u00ed v\u00fdsledkov\u00fd servis<\/a><\/strong> a tu\u0165 najdete 5 par\u00e1dn\u00edch foto galeri\u00ed <span style=\"color: #800000;\"><strong>Karla V\u0161etuly.<\/strong><\/span><\/p>\n<ul>\n<li><strong><a href=\"https:\/\/moravecteam.rajce.idnes.cz\/2020.08.07-09_MTB_CP_Zadov\/\">Fotogalerie \u010d.1<\/a><\/strong><\/li>\n<li><strong><a href=\"https:\/\/moravecteam.rajce.idnes.cz\/2020.07.07-09_MTB_CP_Zadov_-_2\/\">Fotogalerie \u010d.2<\/a><\/strong><\/li>\n<li><strong><a href=\"https:\/\/moravecteam.rajce.idnes.cz\/2020.07.07-09_MTB_CP_Zadov_-_3\/\">Fotogalerie \u010d.3<\/a><\/strong><\/li>\n<li><strong><a href=\"https:\/\/moravecteam.rajce.idnes.cz\/2020.07.07-09_MTB_CP_Zadov_-_4\/\">Fotogalerie \u010d.4<\/a><\/strong><\/li>\n<li><strong><a href=\"https:\/\/moravecteam.rajce.idnes.cz\/2020.07.07-09_MTB_CP_Zadov_-_5\/\">Fotogalerie \u010d.5<\/a><\/strong><\/li>\n<\/ul>\n<figure id=\"attachment_15078\" aria-describedby=\"caption-attachment-15078\" style=\"width: 2000px\" class=\"wp-caption alignnone\"><a href=\"http:\/\/www.moravecteam.cz\/?attachment_id=15078\" rel=\"attachment wp-att-15078\"><img decoding=\"async\" loading=\"lazy\" class=\" wp-image-15078\" alt=\"DSC_0360\" src=\"http:\/\/www.moravecteam.cz\/wp-content\/uploads\/2020\/09\/DSC_0360.jpg\" width=\"2000\" height=\"1398\" srcset=\"https:\/\/www.moravecteam.cz\/wp-content\/uploads\/2020\/09\/DSC_0360.jpg 2000w, https:\/\/www.moravecteam.cz\/wp-content\/uploads\/2020\/09\/DSC_0360-300x209.jpg 300w, https:\/\/www.moravecteam.cz\/wp-content\/uploads\/2020\/09\/DSC_0360-1024x715.jpg 1024w\" sizes=\"(max-width: 2000px) 100vw, 2000px\" \/><\/a><figcaption id=\"caption-attachment-15078\" class=\"wp-caption-text\">Bronzov\u00fd do 6-ti let, n\u00e1\u0161 Jon\u00e1\u0161!<\/figcaption><\/figure>\n","protected":false},"excerpt":{"rendered":"<p>Ve v\u00edt\u011bzn\u00e9m ta\u017een\u00ed v MTB \u010cesk\u00e9m poh\u00e1ru pokra\u010doval Petr \u0160ich i na \u0161umavsk\u00e9m Zadov\u011b, kde letos u\u017e po t\u0159et\u00ed v\u00a0\u0159ad\u011b\u00a0 dos\u00e1hl na v\u00edt\u011bzstv\u00ed v\u00a0z\u00e1vod\u011b kategorie mu\u017e\u016f EXPERT a stal se tak pro n\u00e1s nepsan\u00fdm \u201eKr\u00e1lem \u0160umavy\u201c! Co by pravideln\u00fd dodavatel cenn\u00fdch kov\u016f do pomysln\u00e9 pokladnice MORAVEC Teamu, nez\u016fstal ani na Zadov\u011b osamocen. Jeho mlad\u0161\u00ed t\u00fdmov\u00fd &hellip; <a href=\"https:\/\/www.moravecteam.cz\/?p=14988\" class=\"more-link\">Pokra\u010dov\u00e1n\u00ed textu <span class=\"screen-reader-text\">Kr\u00e1l \u0160umavy!<\/span> <span class=\"meta-nav\">&rarr;<\/span><\/a><\/p>\n","protected":false},"author":3,"featured_media":15071,"comment_status":"open","ping_status":"closed","sticky":false,"template":"","format":"standard","meta":[],"categories":[1],"tags":[],"_links":{"self":[{"href":"https:\/\/www.moravecteam.cz\/index.php?rest_route=\/wp\/v2\/posts\/14988"}],"collection":[{"href":"https:\/\/www.moravecteam.cz\/index.php?rest_route=\/wp\/v2\/posts"}],"about":[{"href":"https:\/\/www.moravecteam.cz\/index.php?rest_route=\/wp\/v2\/types\/post"}],"author":[{"embeddable":true,"href":"https:\/\/www.moravecteam.cz\/index.php?rest_route=\/wp\/v2\/users\/3"}],"replies":[{"embeddable":true,"href":"https:\/\/www.moravecteam.cz\/index.php?rest_route=%2Fwp%2Fv2%2Fcomments&post=14988"}],"version-history":[{"count":9,"href":"https:\/\/www.moravecteam.cz\/index.php?rest_route=\/wp\/v2\/posts\/14988\/revisions"}],"predecessor-version":[{"id":15086,"href":"https:\/\/www.moravecteam.cz\/index.php?rest_route=\/wp\/v2\/posts\/14988\/revisions\/15086"}],"wp:featuredmedia":[{"embeddable":true,"href":"https:\/\/www.moravecteam.cz\/index.php?rest_route=\/wp\/v2\/media\/15071"}],"wp:attachment":[{"href":"https:\/\/www.moravecteam.cz\/index.php?rest_route=%2Fwp%2Fv2%2Fmedia&parent=14988"}],"wp:term":[{"taxonomy":"category","embeddable":true,"href":"https:\/\/www.moravecteam.cz\/index.php?rest_route=%2Fwp%2Fv2%2Fcategories&post=14988"},{"taxonomy":"post_tag","embeddable":true,"href":"https:\/\/www.moravecteam.cz\/index.php?rest_route=%2Fwp%2Fv2%2Ftags&post=14988"}],"curies":[{"name":"wp","href":"https:\/\/api.w.org\/{rel}","templated":true}]}}