{"id":14992,"date":"2020-09-24T22:37:56","date_gmt":"2020-09-24T20:37:56","guid":{"rendered":"http:\/\/www.moravecteam.cz\/?p=14992"},"modified":"2020-09-24T22:37:56","modified_gmt":"2020-09-24T20:37:56","slug":"uplna-kolekce-placek","status":"publish","type":"post","link":"https:\/\/www.moravecteam.cz\/?p=14992","title":{"rendered":"\u00dapln\u00e1 kolekce &#8222;placek&#8220;!"},"content":{"rendered":"<p style=\"text-align: justify;\"><strong><span style=\"color: #800000;\">By\u0165 sestava MORAVEC Teamu nebyla na t\u0159et\u00ed \u201eVrchovin\u011b\u201c v\u00a0Boskovic\u00edch kompletn\u00ed (chyb\u011bl Jan\u00edk \u0160tefl, Ondra Kraj\u00ed\u010dek a brat\u0159i Ullrichovi), poda\u0159ilo se n\u00e1m zde zajet v\u00fdsledkov\u011b zat\u00edm nejlep\u0161\u00ed z\u00e1vod. Jeden\u00e1ct reprezentant\u016f vybojovalo v\u00a0Doubrav\u00e1ch p\u011bt cenn\u00fdch kov\u016f p\u0159i\u010dem\u017e dv\u011b \u201eplacky\u201c jsou zlat\u00e9, dv\u011b st\u0159\u00edbrn\u00e9 a \u00faplnou medailovou kolekci uzav\u00edr\u00e1 jeden bronz! Kdy\u017e k\u00a0tomu p\u0159i\u010dteme, \u017ee dva na\u0161i rajd\u0159i byli sou\u010d\u00e1st\u00ed st\u0159\u00edbrn\u00e9 \u0161tafety, nezb\u00fdv\u00e1 ne\u017e konstatovat: Dobr\u00e1 pr\u00e1ce\u2026 Bravo MORAVEC!<\/span><\/strong><\/p>\n<figure id=\"attachment_15062\" aria-describedby=\"caption-attachment-15062\" style=\"width: 2000px\" class=\"wp-caption alignnone\"><a href=\"http:\/\/www.moravecteam.cz\/?attachment_id=15062\" rel=\"attachment wp-att-15062\"><img decoding=\"async\" loading=\"lazy\" class=\" wp-image-15062\" alt=\"jonda\" src=\"http:\/\/www.moravecteam.cz\/wp-content\/uploads\/2020\/09\/jonda.jpg\" width=\"2000\" height=\"1903\" srcset=\"https:\/\/www.moravecteam.cz\/wp-content\/uploads\/2020\/09\/jonda.jpg 2000w, https:\/\/www.moravecteam.cz\/wp-content\/uploads\/2020\/09\/jonda-25x25.jpg 25w, https:\/\/www.moravecteam.cz\/wp-content\/uploads\/2020\/09\/jonda-300x285.jpg 300w, https:\/\/www.moravecteam.cz\/wp-content\/uploads\/2020\/09\/jonda-1024x974.jpg 1024w\" sizes=\"(max-width: 2000px) 100vw, 2000px\" \/><\/a><figcaption id=\"caption-attachment-15062\" class=\"wp-caption-text\">S legend\u00e1rn\u00edm \u010d\u00edslem 21 si pro st\u0159\u00edbrnou medaili uh\u00e1n\u00ed Jon\u00e1\u0161ek Janovsk\u00fd!<\/figcaption><\/figure>\n<p style=\"text-align: justify;\">Proto\u017ee n\u00e1\u0161 letos jedin\u00fd odr\u00e1\u017eedlista, <strong><span style=\"color: #800000;\">Jan\u00edk \u0160tefl<\/span><\/strong> v\u00a0Boskovic\u00edch nestartoval, zas\u00e1hl jako prvn\u00ed do boj\u016f <strong><span style=\"color: #800000;\">Jon\u00e1\u0161ek Janovsk\u00fd<\/span><\/strong> v\u00a0z\u00e1vod\u011b chlapc\u016f do 6 let. A byl to z\u00e1sah hned medailov\u00fd! Jon\u00e1\u0161ovi se poda\u0159ilo obh\u00e1jit st\u0159\u00edbro z\u00a0prvn\u00edch dvou z\u00e1vod\u016f, kdy\u017e nesta\u010dil pouze na dom\u00e1c\u00edho Martina Hrudu. V\u00a0prvn\u00edm bloku start\u016f to pro n\u00e1s ale medailov\u011b je\u0161t\u011b neskon\u010dilo. <strong><span style=\"color: #800000;\">Mat\u011bj Kalina<\/span><\/strong> (7-8 let), kter\u00fd sahal po medaili jak na Bene\u0161ov\u011b, tak i v\u00a0Bukov\u00e9 se j\u00ed do t\u0159etice do\u010dkal pr\u00e1v\u011b v\u00a0Boskovic\u00edch. Byla bronzov\u00e1 a po v\u00fdborn\u00e9m v\u00fdkonu mu moc slu\u0161ela! P\u0159ipomenu i bojovn\u00e9 v\u00fdkony <strong><span style=\"color: #800000;\">Kl\u00e1ry \u0160teflov\u00e9<\/span><\/strong> (do 6 let) a <strong><span style=\"color: #800000;\">Barborky Tasa\u0159ov\u00e9<\/span><\/strong> (7-8 let), kter\u00e9 holk\u00e1m vynesly um\u00edst\u011bn\u00ed v\u00a0TOP 10.<\/p>\n<figure id=\"attachment_15063\" aria-describedby=\"caption-attachment-15063\" style=\"width: 420px\" class=\"wp-caption aligncenter\"><a href=\"http:\/\/www.moravecteam.cz\/?attachment_id=15063\" rel=\"attachment wp-att-15063\"><img decoding=\"async\" loading=\"lazy\" class=\"size-full wp-image-15063 \" alt=\"such\u00e1nek\" src=\"http:\/\/www.moravecteam.cz\/wp-content\/uploads\/2020\/09\/such\u00e1nek1.png\" width=\"420\" height=\"446\" srcset=\"https:\/\/www.moravecteam.cz\/wp-content\/uploads\/2020\/09\/such\u00e1nek1.png 420w, https:\/\/www.moravecteam.cz\/wp-content\/uploads\/2020\/09\/such\u00e1nek1-282x300.png 282w\" sizes=\"(max-width: 420px) 100vw, 420px\" \/><\/a><figcaption id=\"caption-attachment-15063\" class=\"wp-caption-text\">Mat\u011bj Kalina v Boskovic\u00edch vyv\u00e1l\u010dil v t\u011b\u017ek\u00e9 konkurenci cenn\u00fd bronz!<\/figcaption><\/figure>\n<p style=\"text-align: justify;\">I ve druh\u00e9 t\u0159etin\u011b boskovick\u00e9ho bikov\u00e9ho dne n\u00e1m to medailov\u011b zacinkalo. Postaraly se o to &#8211; jak u\u017e se letos stalo dobr\u00fdm zvykem &#8211; na\u0161e mlad\u0161\u00ed \u017e\u00e1kyn\u011b <strong><span style=\"color: #800000;\">Just\u00fdna Novotn\u00e1<\/span><\/strong> s\u00a0<strong><span style=\"color: #800000;\">Barborou Janovskou.<\/span><\/strong> D\u00edvky i do t\u0159etice spole\u010dn\u011b zcela suver\u00e9nn\u011b ovl\u00e1dly start t\u00e9to kategorie a na dom\u00e1c\u00ed trati si pro zlato dojela\u00a0 Just\u00fdna Novotn\u00e1, Bar\u010da Janovsk\u00e1 brala s\u00a0nevelkou ztr\u00e1tou na v\u00edt\u011bzku cenn\u00e9 st\u0159\u00edbro. S\u00a0ob\u011bma medailistkami startovala v\u00a0t\u00e9to kategorii i <strong><span style=\"color: #800000;\">Jolana \u201eJolanda\u201c Tesa\u0159ov\u00e1<\/span><\/strong>, kter\u00e9 uniklo um\u00edst\u011bn\u00ed v\u00a0elitn\u00ed des\u00edtce jen velmi t\u011bsn\u011b\u2026 V\u00a0poledne vyrazily na tra\u0165 i star\u0161\u00ed \u017e\u00e1kyn\u011b s\u00a0na\u0161i <strong><span style=\"color: #800000;\">Barborou Tlamkovou<\/span> <\/strong>v\u010detn\u011b. V\u00a0t\u011b\u017ek\u00e9 konkurenci brala Bar\u010da v c\u00edli 6,. m\u00edsto. V\u00a0dramatick\u00e9m z\u00e1vod\u011b 15-ti \u0161tafet se bl\u00fdskl v\u00fdbornou j\u00edzdou junior <strong><span style=\"color: #800000;\">Mat\u011bj \u0160tindl<\/span><\/strong>, kter\u00fd jako fini\u0161man kombinovan\u00e9 sestavy MORAVEC\u00a0 Team \/ Short Bike Academy Opletal dovezl sv\u016fj t\u00fdm do c\u00edle na 2. m\u00edst\u011b!<\/p>\n<figure id=\"attachment_15065\" aria-describedby=\"caption-attachment-15065\" style=\"width: 594px\" class=\"wp-caption alignnone\"><a href=\"http:\/\/www.moravecteam.cz\/?attachment_id=15065\" rel=\"attachment wp-att-15065\"><img decoding=\"async\" loading=\"lazy\" class=\" wp-image-15065\" alt=\"\u0161ich\" src=\"http:\/\/www.moravecteam.cz\/wp-content\/uploads\/2020\/09\/\u0161ich.png\" width=\"594\" height=\"811\" srcset=\"https:\/\/www.moravecteam.cz\/wp-content\/uploads\/2020\/09\/\u0161ich.png 594w, https:\/\/www.moravecteam.cz\/wp-content\/uploads\/2020\/09\/\u0161ich-219x300.png 219w\" sizes=\"(max-width: 594px) 100vw, 594px\" \/><\/a><figcaption id=\"caption-attachment-15065\" class=\"wp-caption-text\">Do t\u0159etice to vy\u0161lo! Petr \u0160ich v\u00edt\u011bz\u00ed v Boskovic\u00edch a uj\u00edm\u00e1 se mezi mu\u017ei ELITE veden\u00ed v celkov\u00e9m hodnocen\u00ed &#8222;Vrchoviny&#8220;!<\/figcaption><\/figure>\n<p style=\"text-align: justify;\">S\u00a0nap\u011bt\u00edm jsme pak vyhl\u00ed\u017eeli i z\u00e1v\u011bre\u010dn\u00e9 starty, ze kter\u00fdch n\u00e1s nejv\u00edce zaj\u00edmal z\u00e1vod mu\u017e\u016f ELITE. Do t\u0159etice se vedle sebe na startu postavil n\u00e1\u0161 <strong><span style=\"color: #800000;\">Petr \u0160ich<\/span><\/strong> a \u00fa\u0159aduj\u00edc\u00ed cyklokrosov\u00fd Mistr \u010cR Emil Hekele (ZEKOF Lo\u0161tice). V\u00a0\u00favodn\u00edch dvou z\u00e1vodech byl v\u017edy t\u011bsn\u011b v\u00edt\u011bzn\u011b v\u00a0c\u00edli Emil Hekele a my moc p\u0159\u00e1li Petrovi, aby se mu kone\u010dn\u011b poda\u0159ilo velk\u00e9ho soupe\u0159e porazit. A v\u00a0Boskovic\u00edch to vy\u0161lo! Nakonec to ale nebyl Emil Hekele, kdo svedl s\u00a0Petrem \u0160ichem boj o zlato. Zdatn\u00fdm soupe\u0159em Petrovi byl tentokr\u00e1t \u0160t\u011bp\u00e1n Stloukal (ACT Lerak), kter\u00fd v\u00a0\u00favodn\u00ed polovin\u011b z\u00e1vodu vedl dokonce u\u017e s\u00a0p\u016flminutov\u00fdm n\u00e1skokem! V\u00a0slune\u010dn\u00e9m a hork\u00e9m po\u010das\u00ed ale l\u00e9pe rozvrhl s\u00edly n\u00e1\u0161 \u0161ampion a v\u00a0c\u00edli byl suver\u00e9nn\u011b nejrychlej\u0161\u00ed!\u00a0 Na\u0161e sympatick\u00e9 boskovick\u00e9 \u00fa\u010dinkov\u00e1n\u00ed podtrhli v\u00a0posledn\u00edm bloku start\u016f vedle Petra \u0160icha kvalitn\u00edmi v\u00fdkony a slu\u0161n\u00fdmi v\u00fdsledky i junior <strong><span style=\"color: #800000;\">Mat\u011bj \u0160tindl<\/span><\/strong> a druh\u00fd n\u00e1\u0161 \u201eeli\u0165\u00e1k\u201c \u2013 <span style=\"color: #800000;\"><strong>V\u00ed\u0165a \u201eSucho\u0161\u201c Such\u00e1nek.<\/strong><\/span><\/p>\n<figure id=\"attachment_15066\" aria-describedby=\"caption-attachment-15066\" style=\"width: 380px\" class=\"wp-caption aligncenter\"><a href=\"http:\/\/www.moravecteam.cz\/?attachment_id=15066\" rel=\"attachment wp-att-15066\"><img decoding=\"async\" loading=\"lazy\" class=\"size-full wp-image-15066 \" alt=\"dominik\" src=\"http:\/\/www.moravecteam.cz\/wp-content\/uploads\/2020\/09\/dominik.png\" width=\"380\" height=\"457\" srcset=\"https:\/\/www.moravecteam.cz\/wp-content\/uploads\/2020\/09\/dominik.png 380w, https:\/\/www.moravecteam.cz\/wp-content\/uploads\/2020\/09\/dominik-249x300.png 249w\" sizes=\"(max-width: 380px) 100vw, 380px\" \/><\/a><figcaption id=\"caption-attachment-15066\" class=\"wp-caption-text\">S t\u011b\u017ekou trat\u00ed v Boskovic\u00edch se state\u010dn\u011b popral i Dominik Pt\u00e1\u010dn\u00edk.<\/figcaption><\/figure>\n<h5 style=\"text-align: justify;\"><span style=\"color: #800000;\"><strong>V\u00fdsledkov\u00fd souhrn na\u0161ich z\u00a0Boskovic:<\/strong><\/span><\/h5>\n<p><span style=\"text-decoration: underline;\">Chlapci do 6 let:<\/span>\u00a0<strong><span style=\"color: #808080;\">2. Jon\u00e1\u0161 Janovsk\u00fd<\/span><\/strong><\/p>\n<p><span style=\"text-decoration: underline;\">D\u00edvky do 6 let:<\/span> 7. Kl\u00e1ra \u0160teflov\u00e1<\/p>\n<p>Chlapci 7-8 let: <strong><span style=\"color: #993300;\">3. Mat\u011bj Kalina<\/span><\/strong><\/p>\n<p>D\u00edvky 7-8 let: 8. Barbora Tesa\u0159ov\u00e1<\/p>\n<p>D\u00edvky 11-12 let:\u00a0<strong><span style=\"color: #ff6600;\">1. Just\u00fdna Novotn\u00e1<\/span><\/strong>,\u00a0<strong><span style=\"color: #993300;\">2. Barbora Janovsk\u00e1<\/span><\/strong>, &#8230;11. Jolana Tesa\u0159ov\u00e1<\/p>\n<p>D\u00edvky 13-14 let: 6. Barbora Tlamkov\u00e1<\/p>\n<p>Junio\u0159i-kadeti:\u00a013. Mat\u011bj \u0160tindl<\/p>\n<p>Mu\u017ei ELITE: <strong><span style=\"color: #ff6600;\">1. Petr \u0160ich<\/span><\/strong>, &#8230; 11. V\u00edt Such\u00e1nek<\/p>\n<figure id=\"attachment_15067\" aria-describedby=\"caption-attachment-15067\" style=\"width: 2000px\" class=\"wp-caption alignnone\"><a href=\"http:\/\/www.moravecteam.cz\/?attachment_id=15067\" rel=\"attachment wp-att-15067\"><img decoding=\"async\" loading=\"lazy\" class=\" wp-image-15067\" alt=\"DSC_0213\" src=\"http:\/\/www.moravecteam.cz\/wp-content\/uploads\/2020\/09\/DSC_0213.jpg\" width=\"2000\" height=\"1705\" srcset=\"https:\/\/www.moravecteam.cz\/wp-content\/uploads\/2020\/09\/DSC_0213.jpg 2000w, https:\/\/www.moravecteam.cz\/wp-content\/uploads\/2020\/09\/DSC_0213-300x255.jpg 300w, https:\/\/www.moravecteam.cz\/wp-content\/uploads\/2020\/09\/DSC_0213-1024x872.jpg 1024w\" sizes=\"(max-width: 2000px) 100vw, 2000px\" \/><\/a><figcaption id=\"caption-attachment-15067\" class=\"wp-caption-text\">Zat\u00edm nejlep\u0161\u00ed sez\u00f3nu letos za\u017e\u00edv\u00e1 Barbora Janovsk\u00e1.<\/figcaption><\/figure>\n<p style=\"text-align: justify;\">D\u00edky v\u0161em za vzorn\u00e9 repre odd\u00edlu, podp\u016frn\u00e9 rodinn\u00e9 t\u00fdmy nevyj\u00edmaje! Boskovice byli pro na\u0161e TOP jezdce ur\u010dit\u011b kvalitn\u00ed p\u0159\u00edpravou na fin\u00e1le \u010cP v\u00a0Brn\u011b a pro ostatn\u00ed na\u0161e z\u00e1vo\u010f\u00e1ky na zbyl\u00e9 dva z\u00e1vody MTB \u201eVrchoviny\u201c ve Velenov\u011b a v\u00a0Kn\u00ednic\u00edch. Zde studujte z\u00a0Boskovic <strong><a href=\"http:\/\/vysledky.pohardrahanskevrchoviny.cz\/2020\/?page=vysledky\">kompletn\u00ed v\u00fdsledkov\u00fd servis<\/a><\/strong> a jsou zde k\u00a0omrknut\u00ed i \u010dty\u0159i supr fotogalerie <span style=\"color: #800000;\"><strong>Karla V\u0161etuly.<\/strong><\/span><\/p>\n<ul>\n<li><strong><a href=\"https:\/\/moravecteam.rajce.idnes.cz\/2020.08.22_MTB_PDV_Boskovice\/\">Fotogalerie \u010d.1<\/a><\/strong><\/li>\n<li><strong><a href=\"https:\/\/moravecteam.rajce.idnes.cz\/2020.08.22_MTB_PDV_Boskovice_-_2\/\">Fotogalerie \u010d.2<\/a><\/strong><\/li>\n<li><strong><a href=\"https:\/\/moravecteam.rajce.idnes.cz\/2020.08.22_MTB_PDV_Boskovice_-_3\/\">Fotogalerie \u010d.3<\/a><\/strong><\/li>\n<li><strong><a href=\"https:\/\/moravecteam.rajce.idnes.cz\/2020.08.22_MTB_PDV_Boskovice_-_4\/\">Fotogalerie \u010d.4<\/a><\/strong><\/li>\n<\/ul>\n<p>A tady je i <strong><a href=\"http:\/\/www.pohardrahanskevrchoviny.cz\/korunni-princove\/\">ofici\u00e1ln\u00ed report\u00e1\u017e<\/a><\/strong> ze z\u00e1vod\u016f na mistrovsk\u00fdch trat\u00edch v Boskovic\u00edch.<\/p>\n<figure id=\"attachment_15068\" aria-describedby=\"caption-attachment-15068\" style=\"width: 452px\" class=\"wp-caption alignnone\"><a href=\"http:\/\/www.moravecteam.cz\/?attachment_id=15068\" rel=\"attachment wp-att-15068\"><img decoding=\"async\" loading=\"lazy\" class=\"size-full wp-image-15068\" alt=\"justa\" src=\"http:\/\/www.moravecteam.cz\/wp-content\/uploads\/2020\/09\/justa.png\" width=\"452\" height=\"535\" srcset=\"https:\/\/www.moravecteam.cz\/wp-content\/uploads\/2020\/09\/justa.png 452w, https:\/\/www.moravecteam.cz\/wp-content\/uploads\/2020\/09\/justa-253x300.png 253w\" sizes=\"(max-width: 452px) 100vw, 452px\" \/><\/a><figcaption id=\"caption-attachment-15068\" class=\"wp-caption-text\">A tot\u00e9\u017e plat\u00ed i pro Just\u00fdnu Novotnou, kter\u00e1 obh\u00e1jila mezi mlad\u0161\u00edmi \u017e\u00e1kyn\u011bmi v Boskovic\u00edch v\u00edt\u011bzstv\u00ed z Bukov\u00e9.!<\/figcaption><\/figure>\n<p style=\"text-align: justify;\">\n","protected":false},"excerpt":{"rendered":"<p>By\u0165 sestava MORAVEC Teamu nebyla na t\u0159et\u00ed \u201eVrchovin\u011b\u201c v\u00a0Boskovic\u00edch kompletn\u00ed (chyb\u011bl Jan\u00edk \u0160tefl, Ondra Kraj\u00ed\u010dek a brat\u0159i Ullrichovi), poda\u0159ilo se n\u00e1m zde zajet v\u00fdsledkov\u011b zat\u00edm nejlep\u0161\u00ed z\u00e1vod. Jeden\u00e1ct reprezentant\u016f vybojovalo v\u00a0Doubrav\u00e1ch p\u011bt cenn\u00fdch kov\u016f p\u0159i\u010dem\u017e dv\u011b \u201eplacky\u201c jsou zlat\u00e9, dv\u011b st\u0159\u00edbrn\u00e9 a \u00faplnou medailovou kolekci uzav\u00edr\u00e1 jeden bronz! Kdy\u017e k\u00a0tomu p\u0159i\u010dteme, \u017ee dva na\u0161i rajd\u0159i &hellip; <a href=\"https:\/\/www.moravecteam.cz\/?p=14992\" class=\"more-link\">Pokra\u010dov\u00e1n\u00ed textu <span class=\"screen-reader-text\">\u00dapln\u00e1 kolekce &#8222;placek&#8220;!<\/span> <span class=\"meta-nav\">&rarr;<\/span><\/a><\/p>\n","protected":false},"author":3,"featured_media":15061,"comment_status":"open","ping_status":"closed","sticky":false,"template":"","format":"standard","meta":[],"categories":[1],"tags":[],"_links":{"self":[{"href":"https:\/\/www.moravecteam.cz\/index.php?rest_route=\/wp\/v2\/posts\/14992"}],"collection":[{"href":"https:\/\/www.moravecteam.cz\/index.php?rest_route=\/wp\/v2\/posts"}],"about":[{"href":"https:\/\/www.moravecteam.cz\/index.php?rest_route=\/wp\/v2\/types\/post"}],"author":[{"embeddable":true,"href":"https:\/\/www.moravecteam.cz\/index.php?rest_route=\/wp\/v2\/users\/3"}],"replies":[{"embeddable":true,"href":"https:\/\/www.moravecteam.cz\/index.php?rest_route=%2Fwp%2Fv2%2Fcomments&post=14992"}],"version-history":[{"count":5,"href":"https:\/\/www.moravecteam.cz\/index.php?rest_route=\/wp\/v2\/posts\/14992\/revisions"}],"predecessor-version":[{"id":15070,"href":"https:\/\/www.moravecteam.cz\/index.php?rest_route=\/wp\/v2\/posts\/14992\/revisions\/15070"}],"wp:featuredmedia":[{"embeddable":true,"href":"https:\/\/www.moravecteam.cz\/index.php?rest_route=\/wp\/v2\/media\/15061"}],"wp:attachment":[{"href":"https:\/\/www.moravecteam.cz\/index.php?rest_route=%2Fwp%2Fv2%2Fmedia&parent=14992"}],"wp:term":[{"taxonomy":"category","embeddable":true,"href":"https:\/\/www.moravecteam.cz\/index.php?rest_route=%2Fwp%2Fv2%2Fcategories&post=14992"},{"taxonomy":"post_tag","embeddable":true,"href":"https:\/\/www.moravecteam.cz\/index.php?rest_route=%2Fwp%2Fv2%2Ftags&post=14992"}],"curies":[{"name":"wp","href":"https:\/\/api.w.org\/{rel}","templated":true}]}}