{"id":14996,"date":"2020-09-25T19:17:17","date_gmt":"2020-09-25T17:17:17","guid":{"rendered":"http:\/\/www.moravecteam.cz\/?p=14996"},"modified":"2020-09-25T19:51:05","modified_gmt":"2020-09-25T17:51:05","slug":"bitvy-na-moravskem-poli","status":"publish","type":"post","link":"https:\/\/www.moravecteam.cz\/?p=14996","title":{"rendered":"Bitvy na Moravsk\u00e9m poli!"},"content":{"rendered":"<p style=\"text-align: justify;\"><span style=\"color: #800000;\"><b>\u010ctvrt\u00fd a letos u\u017e posledn\u00ed d\u00edl \u010cesk\u00e9ho poh\u00e1ru horsk\u00fdch kol pohostilo o posledn\u00edm srpnov\u00e9m v\u00edkendu Brno. Jako jsme lo\u0148skou poh\u00e1rovou sez\u00f3nu jsme ozna\u010dili za \u201ezlatou\u201c, m\u016f\u017eeme hovo\u0159it takto sm\u011ble i o t\u00e9 leto\u0161n\u00ed. A to p\u0159edev\u0161\u00edm d\u00edky Petrovi \u0160ichovi, kter\u00fd projel letos v\u00edt\u011bzn\u011b kategori\u00ed mu\u017ei EXPERT a stal se zcela po z\u00e1sluze dal\u0161\u00edm z\u00a0licencovan\u00fdch MORAVC\u016e (po Radimu Kov\u00e1\u0159ovi, Ad\u00e9le \u0160af\u00e1\u0159ov\u00e9, Am\u00e1lii Gottwaldov\u00e9 a Eli\u0161ce Han\u00e1kov\u00e9), kter\u00fd se m\u016f\u017ee py\u0161nit ziskem MTB \u010cesk\u00e9ho poh\u00e1ru! Blahop\u0159ejeme! Bravo MORAVEC!<\/b><\/span><\/p>\n<figure id=\"attachment_15039\" aria-describedby=\"caption-attachment-15039\" style=\"width: 489px\" class=\"wp-caption alignnone\"><a href=\"http:\/\/www.moravecteam.cz\/?attachment_id=15039\" rel=\"attachment wp-att-15039\"><img decoding=\"async\" loading=\"lazy\" class=\" wp-image-15039\" alt=\"sucho\u0161\" src=\"http:\/\/www.moravecteam.cz\/wp-content\/uploads\/2020\/09\/sucho\u0161.jpg\" width=\"489\" height=\"669\" srcset=\"https:\/\/www.moravecteam.cz\/wp-content\/uploads\/2020\/09\/sucho\u0161.jpg 489w, https:\/\/www.moravecteam.cz\/wp-content\/uploads\/2020\/09\/sucho\u0161-219x300.jpg 219w\" sizes=\"(max-width: 489px) 100vw, 489px\" \/><\/a><figcaption id=\"caption-attachment-15039\" class=\"wp-caption-text\">V\u00ed\u0165a Such\u00e1nek m\u011bl v\u00fdborn\u00fd start!<\/figcaption><\/figure>\n<p style=\"text-align: justify;\">Rekodn\u00edch 8 rajdr\u016f n\u00e1s reprezentovalo v\u00a0Brn\u011b u Anthroposu a tato kvantita p\u0159inesla i rekordn\u00ed po\u010det bod\u016f v\u00a0porovn\u00e1n\u00ed s\u00a0p\u0159edchoz\u00edmi t\u0159emi z\u00e1vody. Sobota u\u017e tradi\u010dn\u011b pat\u0159ila kategori\u00edm od kadet\u016f \u201ev\u00fd\u0161\u201c a z\u00a0na\u0161ich tedy zas\u00e1hli do boj\u016f \u201eexperti\u201c <strong><span style=\"color: #800000;\">Petr \u0160ich<\/span><\/strong> a <span style=\"color: #800000;\"><strong>V\u00ed\u0165a Such\u00e1nek<\/strong><\/span> a taky junior <strong><span style=\"color: #800000;\">Mat\u011bj \u0160tindl<\/span><\/strong>. Ten m\u011bl pozici ze v\u0161ech na\u0161ich reprezentant\u016f asi nejt\u011b\u017e\u0161\u00ed, proto\u017ee z\u00e1vod junior\u016f byl v\u00a0Brn\u011b z\u00e1rove\u0148 z\u00e1vodem Sv\u011btov\u00e9ho poh\u00e1ru v\u00a0t\u00e9to kategorii. Mat\u011bj se t\u011b\u017ek\u00e9 konkurence ale nezalekl a by\u0165 se ztr\u00e1tou dvou kol, zajel na hranic\u00ed sv\u00fdch mo\u017enost\u00ed! Odm\u011bnou mu pak bylo 63. m\u00edsto v\u00a0c\u00edli. S\u00a0Mat\u011bjem jsme zatleskali i na\u0161emu odchovanci <strong><span style=\"color: #800000;\">Tom\u00e1\u0161i Tlamkovi \u201eContadorovi\u201c<\/span><\/strong> (Nutrend Specialized Racing), kter\u00fd si svoje juniorsk\u00e9 \u201esv\u011b\u0165\u00e1kov\u00e9\u201c maximum hodn\u011b vylep\u0161il. Po lo\u0148sk\u00e9m 50. m\u00edst\u011b v\u00a0Nov\u00e9m M\u011bst\u011b na Morav\u011b bral letos v\u00a0Brn\u011b 24. m\u00edsto a byl p\u00e1t\u00fdm nejrychlej\u0161\u00edm \u010cechem!<\/p>\n<figure id=\"attachment_15040\" aria-describedby=\"caption-attachment-15040\" style=\"width: 810px\" class=\"wp-caption alignnone\"><a href=\"http:\/\/www.moravecteam.cz\/?attachment_id=15040\" rel=\"attachment wp-att-15040\"><img decoding=\"async\" loading=\"lazy\" class=\" wp-image-15040\" alt=\"petr \u0161ich\" src=\"http:\/\/www.moravecteam.cz\/wp-content\/uploads\/2020\/09\/petr-\u0161ich.jpg\" width=\"810\" height=\"927\" srcset=\"https:\/\/www.moravecteam.cz\/wp-content\/uploads\/2020\/09\/petr-\u0161ich.jpg 810w, https:\/\/www.moravecteam.cz\/wp-content\/uploads\/2020\/09\/petr-\u0161ich-262x300.jpg 262w\" sizes=\"(max-width: 810px) 100vw, 810px\" \/><\/a><figcaption id=\"caption-attachment-15040\" class=\"wp-caption-text\">Obr\u00e1zek, kter\u00fd se neokouk\u00e1! Bravo Pe\u0165a! Bravo MORAVEC!<\/figcaption><\/figure>\n<p style=\"text-align: justify;\"><strong><span style=\"color: #800000;\">Petr \u0160ich<\/span><\/strong> nem\u011bl sice do z\u00e1vodu mu\u017e\u016f EXPERT nejlep\u0161\u00ed start (na rozd\u00edl od <strong><span style=\"color: #800000;\">V\u00edti Such\u00e1nka<\/span><\/strong>, kter\u00fd odstartoval v\u00fdborn\u011b), ale u\u017e b\u011bhem \u00favodn\u00edho ze \u010dty\u0159 kol se probojoval do \u010dela a od t\u00e9 doby sv\u016fj n\u00e1skok u\u017e jen neust\u00e1le zvy\u0161oval. V\u00a0c\u00edli byl p\u0159ed druh\u00fdm v \u00a0po\u0159ad\u00ed, Michalem Volfem (COPR TJ P\u0159e\u0161tice), d\u0159\u00edve s luxusn\u00edm n\u00e1skokem \u00a0dv\u011b a p\u016fl minuty! Ale i \u201eSucho\u0161\u201c se dr\u017eel v\u00fdborn\u011b a 11. m\u00edstem zopakoval svoje leto\u0161n\u00ed nejlep\u0161\u00ed um\u00edst\u011bn\u00ed . Oba \u201eExperti\u201c n\u00e1m \u00a0v\u00a0r.2020 d\u011blali jen radost!<\/p>\n<figure id=\"attachment_15041\" aria-describedby=\"caption-attachment-15041\" style=\"width: 484px\" class=\"wp-caption alignnone\"><a href=\"http:\/\/www.moravecteam.cz\/?attachment_id=15041\" rel=\"attachment wp-att-15041\"><img decoding=\"async\" loading=\"lazy\" class=\" wp-image-15041\" alt=\"\u0161tindl\" src=\"http:\/\/www.moravecteam.cz\/wp-content\/uploads\/2020\/09\/\u0161tindl.jpg\" width=\"484\" height=\"622\" srcset=\"https:\/\/www.moravecteam.cz\/wp-content\/uploads\/2020\/09\/\u0161tindl.jpg 484w, https:\/\/www.moravecteam.cz\/wp-content\/uploads\/2020\/09\/\u0161tindl-233x300.jpg 233w\" sizes=\"(max-width: 484px) 100vw, 484px\" \/><\/a><figcaption id=\"caption-attachment-15041\" class=\"wp-caption-text\">Mat\u011bj \u0160tindl za\u017eil v Brn\u011b zat\u00edm nejt\u011b\u017e\u0161\u00ed konkurenci&#8230;<\/figcaption><\/figure>\n<p style=\"text-align: justify;\">Ned\u011bln\u00ed program odstartoval v\u00a0na\u0161ich barv\u00e1ch tradi\u010dn\u011b z\u00e1vodem kategorie chlapc\u016f do 6 let <strong><span style=\"color: #800000;\">Jon\u00e1\u0161ek Janovsk\u00fd<\/span><\/strong>, kter\u00fd se z\u00a0p\u0159edchoz\u00edch t\u0159\u00ed start\u016f v\u00a0\u010cP mohl pochlubit t\u0159emi cenn\u00fdmi bronzov\u00fdmi medailemi. Nechyb\u011blo mnoho a \u201eJony\u201c byl bronzov\u00fd i po \u010dtvrt\u00e9. P\u0159esn\u011bji \u0159e\u010deno, chyb\u011bly mu k\u00a0tomu nicotn\u00e9 3 desetiny vte\u0159iny\u2026 Tak vz\u00e1cn\u011b vyrovnan\u00fd byl tentokr\u00e1t souboj o bronzovou \u201ebednu\u201c po n\u011bm\u017e na na\u0161eho \u0161ikovn\u00e9ho bikera zbyla nepopul\u00e1rn\u00ed, \u201ebramborov\u00e1\u201c medaile. I toto um\u00edst\u011bn\u00ed v\u0161ak Jon\u00e1\u0161kovi zajistilo celkov\u00fd poh\u00e1rov\u00fd bronz! I jemu blahop\u0159ejeme! Bravo MORAVEC!<\/p>\n<figure id=\"attachment_15042\" aria-describedby=\"caption-attachment-15042\" style=\"width: 2000px\" class=\"wp-caption alignnone\"><a href=\"http:\/\/www.moravecteam.cz\/?attachment_id=15042\" rel=\"attachment wp-att-15042\"><img decoding=\"async\" loading=\"lazy\" class=\" wp-image-15042\" alt=\"DSC_0801\" src=\"http:\/\/www.moravecteam.cz\/wp-content\/uploads\/2020\/09\/DSC_0801.jpg\" width=\"2000\" height=\"1819\" srcset=\"https:\/\/www.moravecteam.cz\/wp-content\/uploads\/2020\/09\/DSC_0801.jpg 2000w, https:\/\/www.moravecteam.cz\/wp-content\/uploads\/2020\/09\/DSC_0801-300x272.jpg 300w, https:\/\/www.moravecteam.cz\/wp-content\/uploads\/2020\/09\/DSC_0801-1024x931.jpg 1024w\" sizes=\"(max-width: 2000px) 100vw, 2000px\" \/><\/a><figcaption id=\"caption-attachment-15042\" class=\"wp-caption-text\">Jon\u00e1\u0161kovi chyb\u011blo k bronzu p\u00e1r centimetr\u016f&#8230;<\/figcaption><\/figure>\n<p style=\"text-align: justify;\">V\u00a0dopoledn\u00edch startech kategori\u00ed MINIME nez\u016fstal tentokr\u00e1t \u201eJonda\u201c\u00a0 samotn\u00fd. Na startu z\u00e1vodu chlapc\u016f 7-8 let se objevil i jeho t\u00fdmov\u00fd kolega, bronzov\u00fd z \u201eVrchovinov\u00fdch\u201c Boskovic \u2013 <strong><span style=\"color: #800000;\">Mat\u011bj Kalina.<\/span><\/strong> A vedl si v\u00fdborn\u011b! By\u0165 startoval z\u00a0posledn\u00ed \u0159ady (jel letos sv\u016fj prvn\u00ed \u010cesk\u00fd poh\u00e1r a tud\u00ed\u017e nem\u011bl vyjet\u00e9 \u017e\u00e1dn\u00e9 body), brzy se prosadil v\u00a0konkurenci v\u00edce jak t\u0159iceti soupe\u0159\u016f do elitn\u00ed des\u00edtky! Ani ve druh\u00e9 polovin\u011b z\u00e1vodu Mat\u011bj nezpomalil, naopak se posouval st\u00e1le kup\u0159edu a v\u00a0c\u00edli z toho bylo nakonec par\u00e1dn\u00ed 6. m\u00edsto! Bravo MORAVEC do t\u0159etice!<\/p>\n<figure id=\"attachment_15043\" aria-describedby=\"caption-attachment-15043\" style=\"width: 688px\" class=\"wp-caption alignnone\"><a href=\"http:\/\/www.moravecteam.cz\/?attachment_id=15043\" rel=\"attachment wp-att-15043\"><img decoding=\"async\" loading=\"lazy\" class=\" wp-image-15043\" alt=\"jus\u0165a\" src=\"http:\/\/www.moravecteam.cz\/wp-content\/uploads\/2020\/09\/jus\u0165a.jpg\" width=\"688\" height=\"831\" srcset=\"https:\/\/www.moravecteam.cz\/wp-content\/uploads\/2020\/09\/jus\u0165a.jpg 688w, https:\/\/www.moravecteam.cz\/wp-content\/uploads\/2020\/09\/jus\u0165a-248x300.jpg 248w\" sizes=\"(max-width: 688px) 100vw, 688px\" \/><\/a><figcaption id=\"caption-attachment-15043\" class=\"wp-caption-text\">Just\u00fdna Novotn\u00e1: \u00fatok!<\/figcaption><\/figure>\n<p style=\"text-align: justify;\">Na\u0161i \u00fasp\u011b\u0161n\u00ed ho\u0161i svoj\u00ed bojovnost\u00ed jakoby inspirovali d\u011bv\u010data MORAVEC Teamu, na kter\u00e9 \u010dekaly jejich z\u00e1vody odpoledne. Mlad\u0161\u00ed \u017e\u00e1kyn\u011b <strong><span style=\"color: #800000;\">Just\u00fdna Novotn\u00e1<\/span><\/strong> s\u00a0<strong><span style=\"color: #800000;\">Barborou Janovskou<\/span><\/strong> znovu potvrdili 8. m\u00edstem (Novotn\u00e1) a 11. m\u00edstem (Janovsk\u00e1) svoji p\u0159\u00edslu\u0161nost k\u00a0u\u017e\u0161\u00ed \u010desk\u00e9 bikov\u00e9 \u0161pi\u010dce v\u00a0t\u00e9to kategorii! Bravo MORAVEC po \u010dtvrt\u00e9! Nav\u00edc se <strong><span style=\"color: #800000;\">Barbora Janovsk\u00e1<\/span><\/strong> prosadila i v\u00a0celkov\u00e9m hodnocen\u00ed, \u010deho\u017e je d\u016fkazem jej\u00ed cenn\u00e9 5.m\u00edsto. A kdo v\u00ed, na jak\u00e9m stup\u00ednku by\u00a0 skon\u010dila <strong><span style=\"color: #800000;\">Just\u00fdna Novotn\u00e1<\/span><\/strong>, kdyby ji z\u00a0prvn\u00edch dvou z\u00e1vod\u016f nevy\u0159adilo zran\u011bn\u00ed\u2026<\/p>\n<figure id=\"attachment_15044\" aria-describedby=\"caption-attachment-15044\" style=\"width: 1766px\" class=\"wp-caption alignnone\"><a href=\"http:\/\/www.moravecteam.cz\/?attachment_id=15044\" rel=\"attachment wp-att-15044\"><img decoding=\"async\" loading=\"lazy\" class=\" wp-image-15044\" alt=\"DSC_0944\" src=\"http:\/\/www.moravecteam.cz\/wp-content\/uploads\/2020\/09\/DSC_0944.jpg\" width=\"1766\" height=\"2000\" srcset=\"https:\/\/www.moravecteam.cz\/wp-content\/uploads\/2020\/09\/DSC_0944.jpg 1766w, https:\/\/www.moravecteam.cz\/wp-content\/uploads\/2020\/09\/DSC_0944-264x300.jpg 264w, https:\/\/www.moravecteam.cz\/wp-content\/uploads\/2020\/09\/DSC_0944-904x1024.jpg 904w\" sizes=\"(max-width: 1766px) 100vw, 1766px\" \/><\/a><figcaption id=\"caption-attachment-15044\" class=\"wp-caption-text\">Bar\u010da Janovsk\u00e1 se m\u016f\u017ee letos t\u011b\u0161it zat\u00edm z nej\u00fasp\u011b\u0161n\u011bj\u0161\u00ed sez\u00f3ny!<\/figcaption><\/figure>\n<p style=\"text-align: justify;\">Posledn\u00ed z\u00a0osmi\u010dky na\u0161ich reprezentant\u016f se postavila na start star\u0161\u00ed \u017e\u00e1kyn\u011b <strong><span style=\"color: #800000;\">Barbora Tlamkov\u00e1<\/span><\/strong> a i ona n\u00e1s hodn\u011b pot\u011b\u0161ila! Zajela \u017eivotn\u00ed z\u00e1vod a odm\u011bnou j\u00ed bylo v\u00a0c\u00edli 26. m\u00edsto, kter\u00e9 je letos jej\u00edm v\u00fdsledkov\u00fdm maximem. Bravo MORAVEC je\u0161t\u011b jednou&#8230;!<\/p>\n<figure id=\"attachment_15045\" aria-describedby=\"caption-attachment-15045\" style=\"width: 546px\" class=\"wp-caption alignnone\"><a href=\"http:\/\/www.moravecteam.cz\/?attachment_id=15045\" rel=\"attachment wp-att-15045\"><img decoding=\"async\" loading=\"lazy\" class=\" wp-image-15045\" alt=\"mat\u011bj\" src=\"http:\/\/www.moravecteam.cz\/wp-content\/uploads\/2020\/09\/mat\u011bj.jpg\" width=\"546\" height=\"460\" srcset=\"https:\/\/www.moravecteam.cz\/wp-content\/uploads\/2020\/09\/mat\u011bj.jpg 546w, https:\/\/www.moravecteam.cz\/wp-content\/uploads\/2020\/09\/mat\u011bj-300x252.jpg 300w\" sizes=\"(max-width: 546px) 100vw, 546px\" \/><\/a><figcaption id=\"caption-attachment-15045\" class=\"wp-caption-text\">Mat\u011bj Kalina byl &#8222;\u010dern\u00fdm kon\u011bm&#8220; z\u00e1vodu. \u0160est\u00e9 m\u00edsto mu bylo odm\u011bnou.<\/figcaption><\/figure>\n<p style=\"text-align: justify;\">D\u00edky v\u0161em reprezentant\u016fm za vzorn\u00e9 repre odd\u00edlu! D\u00edky t\u00e9\u017e podp\u016frn\u00e9mu t\u00fdmu, rodinn\u00fdm podp\u016frn\u00fdm t\u00fdm\u016fm, tren\u00e9r\u016fm a v\u0161em ostatn\u00edm, kte\u0159\u00ed se na zaji\u0161t\u011bn\u00ed d\u016fstojn\u00e9 reprezentace MORAVEC Teamu\u00a0 v\u00a0leto\u0161n\u00edm MTB \u010cesk\u00e9m poh\u00e1ru pod\u00edleli! Na\u0161e celkov\u00e9 12. m\u00edsto v\u00a0neofici\u00e1ln\u00ed t\u00fdmov\u00e9 sout\u011b\u017ei, je asi lep\u0161\u00ed v\u00fdsledek, ne\u017e jak\u00fd jsme p\u0159ed sez\u00f3nou mohli \u010dekat. V\u00a0neposledn\u00ed rad\u011b taky d\u00edk \u00a0na\u0161im\u00a0 \u010dty\u0159em dobrovoln\u00edk\u016fm (<strong><span style=\"color: #993300;\">Jirka<\/span><\/strong>\u00a0<strong><span style=\"color: #800000;\">Tesa\u0159<\/span><\/strong>, <strong><span style=\"color: #993300;\">Vl\u00e1\u010fa<\/span><\/strong>\u00a0<strong><span style=\"color: #800000;\">\u0160tindl<\/span><\/strong>, <strong><span style=\"color: #993300;\">Lenka<\/span><\/strong>\u00a0<strong><span style=\"color: #800000;\">Janovsk\u00e1<\/span><\/strong> a <span style=\"color: #993300;\"><strong>Petr<\/strong><\/span>\u00a0<strong><span style=\"color: #800000;\">Koudelka<\/span><\/strong>), kte\u0159\u00ed na \u017e\u00e1dost po\u0159adatel\u016f v\u00a0\u010dele s\u00a0<strong><span style=\"color: #800000;\">Lubom\u00edrem Vidl\u00e1kem<\/span><\/strong> a <strong><span style=\"color: #800000;\">Luk\u00e1\u0161em Vlachem<\/span><\/strong>\u00a0 ob\u011btav\u011b a hlavn\u011b operativn\u011b vypomohli se zaji\u0161t\u011bn\u00edm\u00a0 z\u00e1vod\u016f jak v\u00a0sobotu (v\u0161ichni \u010dty\u0159i), tak i v\u00a0ned\u011bli (u\u017e jen Lenka Janovsk\u00e1). V\u011bru, kvalitn\u00ed stopu obtiskl MORAVEC Team letos nejen v Brn\u011b, ale i na ostatn\u00edch leto\u0161n\u00edch z\u00e1vodech 1. tuzemsk\u00e9 MTB ligy! Jen tak d\u00e1l!<\/p>\n<figure id=\"attachment_15046\" aria-describedby=\"caption-attachment-15046\" style=\"width: 763px\" class=\"wp-caption alignnone\"><a href=\"http:\/\/www.moravecteam.cz\/?attachment_id=15046\" rel=\"attachment wp-att-15046\"><img decoding=\"async\" loading=\"lazy\" class=\" wp-image-15046\" alt=\"bar\u010da2\" src=\"http:\/\/www.moravecteam.cz\/wp-content\/uploads\/2020\/09\/bar\u010da2.jpg\" width=\"763\" height=\"784\" srcset=\"https:\/\/www.moravecteam.cz\/wp-content\/uploads\/2020\/09\/bar\u010da2.jpg 763w, https:\/\/www.moravecteam.cz\/wp-content\/uploads\/2020\/09\/bar\u010da2-25x25.jpg 25w, https:\/\/www.moravecteam.cz\/wp-content\/uploads\/2020\/09\/bar\u010da2-291x300.jpg 291w\" sizes=\"(max-width: 763px) 100vw, 763px\" \/><\/a><figcaption id=\"caption-attachment-15046\" class=\"wp-caption-text\">V\u00fdborn\u011b zajela Brno i Bar\u010da Tlamkov\u00e1.<\/figcaption><\/figure>\n<h5 style=\"text-align: justify;\"><strong><span style=\"color: #800000;\">V\u00fdsledkov\u00fd souhrn na\u0161ich z fin\u00e1lov\u00e9ho Brna:<\/span><\/strong><\/h5>\n<ul>\n<li>kategorie chlapci od 6 let &#8211; 4. Jon\u00e1\u0161 Janovsk\u00fd \/ <span style=\"color: #993300;\"><span style=\"color: #000000;\">celkov\u011b v \u010cP<\/span><\/span><strong><span style=\"color: #993300;\"> 3. m\u00edsto<\/span><\/strong><\/li>\n<li>kategorie chlapci 7-8 let: 6. Mat\u011bj Kalina \/ 24. m\u00edsto<\/li>\n<li>mlad\u0161\u00ed \u017e\u00e1kyn\u011b &#8211; 8. Just\u00fdna Novotn\u00e1 \/ 25. m\u00edsto, &#8230; 11. Barbora Janovsk\u00e1 \/ 5. m\u00edsto<\/li>\n<li>star\u0161\u00ed \u017e\u00e1kyn\u011b &#8211; 26. Barbora Tlamkov\u00e1 \/ 32. m\u00edsto<\/li>\n<li>junio\u0159i &#8211; 63. Mat\u011bj \u0160tindl \/ 62. m\u00edsto<\/li>\n<li>mu\u017ei EXPERT &#8211;\u00a0<strong><span style=\"color: #ff9900;\">1. Petr \u0160ich<\/span><\/strong><span style=\"color: #ff9900;\"><span style=\"color: #000000;\"> \/<\/span><\/span><strong><span style=\"color: #ff9900;\"> 1. m\u00edsto<\/span><\/strong>,&#8230; 11. V\u00edt Such\u00e1nek \/ 7. m\u00edsto<\/li>\n<li>neofici\u00e1ln\u00ed t\u00fdmov\u00e9 bodov\u00e1n\u00ed V \u010cesk\u00e9m poh\u00e1ru 2020: <strong><span style=\"color: #800000;\">MORAVEC Team\u00a0 &#8211; 12. m\u00edsto &#8211; 3311 bod\u016f<\/span><\/strong><\/li>\n<\/ul>\n<p style=\"text-align: justify;\">Zde studujte <strong><a href=\"https:\/\/sportsoft.cz\/cs\/zavod\/overview\/5134\">kompletn\u00ed v\u00fdsledkov\u00fd servis<\/a><\/strong> a tu\u0165 najdete 6(!) par\u00e1dn\u00edch fotogaleri\u00ed <strong><span style=\"color: #800000;\">Karla V\u0161etuly<\/span><\/strong>. Ta sedm\u00e1 je od <strong><span style=\"color: #800000;\">Franti\u0161ka \u010cefel\u00edna<\/span><\/strong> a i na n\u00ed jsou MORAVCI hodn\u011b vid\u011bt!<\/p>\n<ul>\n<li><strong><a href=\"https:\/\/moravecteam.rajce.idnes.cz\/2020.08.29-30_MTB_CP_Brno\/\">Fotogalerie \u010d.1<\/a><\/strong><\/li>\n<li><strong><a href=\"https:\/\/moravecteam.rajce.idnes.cz\/2020.08.29-30_MTB_CP_Brno_-_2\/\">Fotogalerie \u010d.2<\/a><\/strong><\/li>\n<li><strong><a href=\"https:\/\/moravecteam.rajce.idnes.cz\/2020.08.29-30_MTB_CP_Brno_-_3\/\">Fotogalerie \u010d.3<\/a><\/strong><\/li>\n<li><strong><a href=\"https:\/\/moravecteam.rajce.idnes.cz\/2020.08.29-30_MTB_CP_Brno_-_4\/\">Fotogalerie \u010d.4<\/a><\/strong><\/li>\n<li><strong><a href=\"https:\/\/moravecteam.rajce.idnes.cz\/2020.08.29-30_MTB_CP_Brno_-_5\/\">Fotogalerie \u010d.5<\/a><\/strong><\/li>\n<li><strong><a href=\"https:\/\/moravecteam.rajce.idnes.cz\/2020.08.29-30_MTB_CP_Brno_-_6\/\">Fotogalerie \u010d.6<\/a><\/strong><\/li>\n<li><strong><a href=\"https:\/\/cefra.rajce.idnes.cz\/Cesky_Pohar_MTB_XCO_Brno_29._8_2020\">Fotogalerie \u010d.7<\/a><\/strong><\/li>\n<\/ul>\n<figure id=\"attachment_15090\" aria-describedby=\"caption-attachment-15090\" style=\"width: 2806px\" class=\"wp-caption alignnone\"><a href=\"http:\/\/www.moravecteam.cz\/?attachment_id=15090\" rel=\"attachment wp-att-15090\"><img decoding=\"async\" loading=\"lazy\" class=\" wp-image-15090\" alt=\"DSC_0551\" src=\"http:\/\/www.moravecteam.cz\/wp-content\/uploads\/2020\/09\/DSC_0551.jpg\" width=\"2806\" height=\"2426\" srcset=\"https:\/\/www.moravecteam.cz\/wp-content\/uploads\/2020\/09\/DSC_0551.jpg 2806w, https:\/\/www.moravecteam.cz\/wp-content\/uploads\/2020\/09\/DSC_0551-300x259.jpg 300w, https:\/\/www.moravecteam.cz\/wp-content\/uploads\/2020\/09\/DSC_0551-1024x885.jpg 1024w\" sizes=\"(max-width: 2806px) 100vw, 2806px\" \/><\/a><figcaption id=\"caption-attachment-15090\" class=\"wp-caption-text\">Tom\u00e1\u0161 Tlamka &#8222;Contador&#8220; v p\u0159\u00edm\u00e9m souboji se zahrani\u010dn\u00edmi soupe\u0159i.<\/figcaption><\/figure>\n<p>&nbsp;<\/p>\n","protected":false},"excerpt":{"rendered":"<p>\u010ctvrt\u00fd a letos u\u017e posledn\u00ed d\u00edl \u010cesk\u00e9ho poh\u00e1ru horsk\u00fdch kol pohostilo o posledn\u00edm srpnov\u00e9m v\u00edkendu Brno. Jako jsme lo\u0148skou poh\u00e1rovou sez\u00f3nu jsme ozna\u010dili za \u201ezlatou\u201c, m\u016f\u017eeme hovo\u0159it takto sm\u011ble i o t\u00e9 leto\u0161n\u00ed. A to p\u0159edev\u0161\u00edm d\u00edky Petrovi \u0160ichovi, kter\u00fd projel letos v\u00edt\u011bzn\u011b kategori\u00ed mu\u017ei EXPERT a stal se zcela po z\u00e1sluze dal\u0161\u00edm z\u00a0licencovan\u00fdch MORAVC\u016e &hellip; <a href=\"https:\/\/www.moravecteam.cz\/?p=14996\" class=\"more-link\">Pokra\u010dov\u00e1n\u00ed textu <span class=\"screen-reader-text\">Bitvy na Moravsk\u00e9m poli!<\/span> <span class=\"meta-nav\">&rarr;<\/span><\/a><\/p>\n","protected":false},"author":3,"featured_media":15038,"comment_status":"open","ping_status":"closed","sticky":false,"template":"","format":"standard","meta":[],"categories":[1],"tags":[],"_links":{"self":[{"href":"https:\/\/www.moravecteam.cz\/index.php?rest_route=\/wp\/v2\/posts\/14996"}],"collection":[{"href":"https:\/\/www.moravecteam.cz\/index.php?rest_route=\/wp\/v2\/posts"}],"about":[{"href":"https:\/\/www.moravecteam.cz\/index.php?rest_route=\/wp\/v2\/types\/post"}],"author":[{"embeddable":true,"href":"https:\/\/www.moravecteam.cz\/index.php?rest_route=\/wp\/v2\/users\/3"}],"replies":[{"embeddable":true,"href":"https:\/\/www.moravecteam.cz\/index.php?rest_route=%2Fwp%2Fv2%2Fcomments&post=14996"}],"version-history":[{"count":9,"href":"https:\/\/www.moravecteam.cz\/index.php?rest_route=\/wp\/v2\/posts\/14996\/revisions"}],"predecessor-version":[{"id":15092,"href":"https:\/\/www.moravecteam.cz\/index.php?rest_route=\/wp\/v2\/posts\/14996\/revisions\/15092"}],"wp:featuredmedia":[{"embeddable":true,"href":"https:\/\/www.moravecteam.cz\/index.php?rest_route=\/wp\/v2\/media\/15038"}],"wp:attachment":[{"href":"https:\/\/www.moravecteam.cz\/index.php?rest_route=%2Fwp%2Fv2%2Fmedia&parent=14996"}],"wp:term":[{"taxonomy":"category","embeddable":true,"href":"https:\/\/www.moravecteam.cz\/index.php?rest_route=%2Fwp%2Fv2%2Fcategories&post=14996"},{"taxonomy":"post_tag","embeddable":true,"href":"https:\/\/www.moravecteam.cz\/index.php?rest_route=%2Fwp%2Fv2%2Ftags&post=14996"}],"curies":[{"name":"wp","href":"https:\/\/api.w.org\/{rel}","templated":true}]}}