{"id":15004,"date":"2020-09-27T21:31:08","date_gmt":"2020-09-27T19:31:08","guid":{"rendered":"http:\/\/www.moravecteam.cz\/?p=15004"},"modified":"2020-09-27T21:32:49","modified_gmt":"2020-09-27T19:32:49","slug":"devet-statecnych","status":"publish","type":"post","link":"https:\/\/www.moravecteam.cz\/?p=15004","title":{"rendered":"Dev\u011bt state\u010dn\u00fdch!"},"content":{"rendered":"<p style=\"text-align: justify;\"><strong><span style=\"color: #800000;\">Dev\u011bt state\u010dn\u00fdch MORAVC\u016e reprezentovalo odd\u00edl na posledn\u00ed MTB &#8222;Vrchovin\u011b&#8220;, kterou vzorn\u011b pohostil m\u011bstys Kn\u00ednice. A hned \u0161est z nich dos\u00e1hlo na medailov\u00e9 pozice! Kdy\u017e k tomu p\u0159ipo\u010dteme je\u0161t\u011b dv\u011b um\u00edst\u011bn\u00ed v TOP 10, je z\u0159ejm\u00e9, \u017ee se fin\u00e1lv\u00fd z\u00e1vod na\u0161im rajdr\u016fm hodn\u011b vyda\u0159il! A obdobn\u011b \u00fasp\u011b\u0161nou bilanci maj\u00ed na\u0161i reprezentanti i v celkov\u00e9m hodnocen\u00ed leto\u0161n\u00edho redukovan\u00e9ho ro\u010dn\u00edku. Dva zlat\u00e9, dva st\u0159\u00edbrn\u00e9 a dva bronzov\u00e9 poh\u00e1ry v po\u0159ad\u00ed OPEN jsou toho d\u016fkazem. A v po\u0159ad\u00ed OBCE m\u00e1me je\u0161t\u011b o dva poh\u00e1ry v\u00edce! Tak\u017ee &#8211; spokojenost! Bravo MORAVEC!<\/span><\/strong><\/p>\n<figure id=\"attachment_15016\" aria-describedby=\"caption-attachment-15016\" style=\"width: 671px\" class=\"wp-caption alignnone\"><a href=\"http:\/\/www.moravecteam.cz\/?attachment_id=15016\" rel=\"attachment wp-att-15016\"><img decoding=\"async\" loading=\"lazy\" class=\" wp-image-15016\" alt=\"Janovsk\u00fd\" src=\"http:\/\/www.moravecteam.cz\/wp-content\/uploads\/2020\/09\/Janovsk\u00fd.jpg\" width=\"671\" height=\"868\" srcset=\"https:\/\/www.moravecteam.cz\/wp-content\/uploads\/2020\/09\/Janovsk\u00fd.jpg 671w, https:\/\/www.moravecteam.cz\/wp-content\/uploads\/2020\/09\/Janovsk\u00fd-231x300.jpg 231w\" sizes=\"(max-width: 671px) 100vw, 671px\" \/><\/a><figcaption id=\"caption-attachment-15016\" class=\"wp-caption-text\">St\u00edhac\u00ed j\u00edzda Jon\u00e1\u0161ka Janovsk\u00e9ho.<\/figcaption><\/figure>\n<p style=\"text-align: justify;\">Ji\u017e p\u0159ed n\u00e1ro\u010dn\u00fdmi Kn\u00ednicemi m\u011bli poh\u00e1ry v kapse \u010dty\u0159i MORAVCI: Zlat\u00e9 za prvn\u00ed m\u00edsta mlad\u0161\u00ed \u017e\u00e1kyn\u011b <strong><span style=\"color: #800000;\">Just\u00fdna Novotn\u00e1<\/span><\/strong>, a &#8222;eli\u0165\u00e1k&#8220; <span style=\"color: #800000;\"><strong>Petr \u0160ich<\/strong><\/span>, st\u0159\u00edbrn\u00e9 pak sourozenci <strong><span style=\"color: #800000;\">Janov\u0161t\u00ed<\/span> <\/strong>&#8211; Jon\u00e1\u0161 (do 6 let) a Barbora (mlad\u0161\u00ed \u017e\u00e1kyn\u011b). \u017de budou trofeje ve spr\u00e1vn\u00fdch rukou, to potvrdili v\u0161ichni \u010dty\u0159i v\u00fdborn\u00fdmi v\u00fdkony na trat\u00edch &#8222;Val di Sole&#8220;. Petr \u0160ich si ud\u011blal ze startu mu\u017e\u016f ELITE sv\u016fj z\u00e1vod, kdy\u017e vyhr\u00e1l s luxusn\u00edm n\u00e1skokem t\u0159i a p\u016fl minuty a ud\u011blal zlatou te\u010dku za svoj\u00ed zat\u00edm nejvyda\u0159en\u011bj\u0161\u00ed sez\u00f3nou. Obdobn\u011b v\u00edt\u011bzn\u011b zvl\u00e1dla z\u00e1vod mlad\u0161\u00edch \u017e\u00e1ky\u0148 Just\u00fdna Novotn\u00e1, kter\u00e9 znovu &#8222;st\u0159\u00edbrn\u011b&#8220; sekundovala <strong><span style=\"color: #800000;\">Barbora Janovsk\u00e1<\/span><\/strong>. Dv\u011b hodn\u011b sledovan\u00e9 a presti\u017en\u00ed kategorie byly tedy letos v\u00fdhradn\u011b v re\u017eii rajdr\u016f MORAVEC Teamu!<\/p>\n<figure id=\"attachment_15018\" aria-describedby=\"caption-attachment-15018\" style=\"width: 769px\" class=\"wp-caption alignnone\"><a href=\"http:\/\/www.moravecteam.cz\/?attachment_id=15018\" rel=\"attachment wp-att-15018\"><img decoding=\"async\" loading=\"lazy\" class=\" wp-image-15018\" alt=\"Kalina\" src=\"http:\/\/www.moravecteam.cz\/wp-content\/uploads\/2020\/09\/Kalina.jpg\" width=\"769\" height=\"777\" srcset=\"https:\/\/www.moravecteam.cz\/wp-content\/uploads\/2020\/09\/Kalina.jpg 769w, https:\/\/www.moravecteam.cz\/wp-content\/uploads\/2020\/09\/Kalina-25x25.jpg 25w, https:\/\/www.moravecteam.cz\/wp-content\/uploads\/2020\/09\/Kalina-296x300.jpg 296w\" sizes=\"(max-width: 769px) 100vw, 769px\" \/><\/a><figcaption id=\"caption-attachment-15018\" class=\"wp-caption-text\">Mat\u011bj Kalina uh\u00e1n\u00ed vst\u0159\u00edc cenn\u00e9mu bronzu.<\/figcaption><\/figure>\n<p style=\"text-align: justify;\"><strong><span style=\"color: #800000;\">Jon\u00e1\u0161i Janovsk\u00e9mu<\/span><\/strong> jsme moc p\u0159\u00e1li, aby na dom\u00e1c\u00edch trat\u00edch p\u0159eru\u0161il v\u00edt\u011bznou s\u00e9rii boskovick\u00e9ho Petra Hrudy (Drahansk\u00fd Sportt\u00fdm), ale ten byl i tentokr\u00e1t nad jeho s\u00edly. St\u0159\u00edbrn\u00e1 &#8222;placka&#8220; v\u0161ak na\u0161emu mlad\u00e9mu \u0161ampionovi hodn\u011b slu\u0161ela a ur\u010dit\u011b mu to podobn\u011b &#8222;sekne&#8220; i v listopadu na &#8222;celkov\u00e9 bedn\u011b&#8220; s poh\u00e1rem za druh\u00e9 m\u00edsto. Dal\u0161\u00ed dva na\u0161i rajd\u0159i, <strong><span style=\"color: #800000;\">Mat\u011bj Kalina<\/span> <\/strong>(7-8 let) a <strong><span style=\"color: #800000;\">Barbora Tlamkov\u00e1<\/span><\/strong> (star\u0161\u00ed \u017e\u00e1kyn\u011b) museli o poh\u00e1ry v Kn\u00ednic\u00edch je\u0161t\u011b tvrd\u011b bojovat. A k na\u0161\u00ed velk\u00e9 radosti to oba zvl\u00e1dli. Oba dokon\u010dili z\u00e1vod po kvalitn\u00edch v\u00fdkonech na bronzov\u00fdch pozic\u00edch\u00a0 a zajistili si ve sv\u00fdch kategori\u00edch definitivn\u011b celkov\u00e1 3. m\u00edsta! Pravda, Barunce Tlamkov\u00e9 nahr\u00e1la ne\u00fa\u010dast jej\u00ed nejv\u011bt\u0161\u00ed soupe\u0159ky v boji o t\u0159et\u00ed m\u00edsto, Nikoly Brad\u00e1\u010dkov\u00e9 (ACT Lerak), to nikterak nesni\u017euje jej\u00ed dosa\u017een\u00fd v\u00fdsledek! A historie se na to pt\u00e1t nebude&#8230;<\/p>\n<figure id=\"attachment_15021\" aria-describedby=\"caption-attachment-15021\" style=\"width: 934px\" class=\"wp-caption alignnone\"><a href=\"http:\/\/www.moravecteam.cz\/?attachment_id=15021\" rel=\"attachment wp-att-15021\"><img decoding=\"async\" loading=\"lazy\" class=\" wp-image-15021\" alt=\"just\u00fdna-barbora\" src=\"http:\/\/www.moravecteam.cz\/wp-content\/uploads\/2020\/09\/just\u00fdna-barbora.jpg\" width=\"934\" height=\"645\" srcset=\"https:\/\/www.moravecteam.cz\/wp-content\/uploads\/2020\/09\/just\u00fdna-barbora.jpg 934w, https:\/\/www.moravecteam.cz\/wp-content\/uploads\/2020\/09\/just\u00fdna-barbora-300x207.jpg 300w\" sizes=\"(max-width: 934px) 100vw, 934px\" \/><\/a><figcaption id=\"caption-attachment-15021\" class=\"wp-caption-text\">Radost n\u00e1m po celou sez\u00f3nu d\u011blaly Just\u00fdna Novotn\u00e1 z Barborou Janovskou! Ne jinak tomu bylo i v Kn\u00ednic\u00edch.<\/figcaption><\/figure>\n<p style=\"text-align: justify;\">Dev\u00edtku bojuj\u00edc\u00edch MORAVC\u016e doplnily v Kn\u00ednic\u00edch i sestry <strong><span style=\"color: #800000;\">Barbora\u00a0<\/span><\/strong> a <strong><span style=\"color: #800000;\">Jolana Tesa\u0159ovy<\/span>\u00a0<\/strong>a <span style=\"color: #800000;\"><strong>Dominik Pt\u00e1\u010dn\u00edk<\/strong><\/span>. Ob\u011b d\u00edvky zajely n\u00e1ro\u010dn\u00e9 trat\u011b na hranici sv\u00fdch mo\u017enost\u00ed a odm\u011bnou jim bylo\u00a0 um\u00edst\u011bn\u00ed v elitn\u00ed des\u00edtce v\u00fdsledkov\u00fdch listin. Podobn\u011b se m\u016f\u017eou t\u011b\u0161it i z celkov\u00e9ho v\u00fdsledku, ba co v\u00edc: &#8222;Joland\u011b&#8220; Tesa\u0159ov\u00e9 j\u00ed jej\u00ed celkov\u00fd bodov\u00fd zisk zajistil dokonce p\u00f3diov\u00e9, 5. m\u00edsto! Dominik Pt\u00e1\u010dn\u00edk dokon\u010doval z\u00e1vod state\u010dn\u011b se sebezap\u0159en\u00edm, se ztr\u00e1tou kola, kdy\u017e ho na trati postihl nep\u0159\u00edjemn\u00fd p\u00e1d&#8230;<\/p>\n<figure id=\"attachment_15022\" aria-describedby=\"caption-attachment-15022\" style=\"width: 533px\" class=\"wp-caption alignnone\"><a href=\"http:\/\/www.moravecteam.cz\/?attachment_id=15022\" rel=\"attachment wp-att-15022\"><img decoding=\"async\" loading=\"lazy\" class=\" wp-image-15022\" alt=\"tlamkova\" src=\"http:\/\/www.moravecteam.cz\/wp-content\/uploads\/2020\/09\/tlamkova.jpg\" width=\"533\" height=\"531\" srcset=\"https:\/\/www.moravecteam.cz\/wp-content\/uploads\/2020\/09\/tlamkova.jpg 533w, https:\/\/www.moravecteam.cz\/wp-content\/uploads\/2020\/09\/tlamkova-25x25.jpg 25w, https:\/\/www.moravecteam.cz\/wp-content\/uploads\/2020\/09\/tlamkova-300x298.jpg 300w\" sizes=\"(max-width: 533px) 100vw, 533px\" \/><\/a><figcaption id=\"caption-attachment-15022\" class=\"wp-caption-text\">&#8222;Sones River&#8220; v brilantn\u00edm pod\u00e1n\u00ed Barbory Tlamkov\u00e9!<\/figcaption><\/figure>\n<p style=\"text-align: justify;\">Je\u0161t\u011b dopln\u00edm, \u017ee na\u0161e\u00a0 mlad\u0161\u00ed \u017e\u00e1kyn\u011b byly na &#8222;Val di Sole&#8220; \u00fasp\u011b\u0161n\u00e9 hned dvakr\u00e1t, kdy\u017e spolu svedly\u00a0 nav\u00edc je\u0161t\u011b souboj v z\u00e1vod\u011b \u0161tafet. Tentokr\u00e1t\u00a0 byla \u00fasp\u011b\u0161n\u011bj\u0161\u00ed Bar\u010da, kter\u00e1 byla oporou v\u00edt\u011bzn\u00e9ho tria a radovala se z v\u00edt\u011bzstv\u00ed spolu s Luk\u00e1\u0161em Ra\u0161kou a Nikolou Jaro\u0161em (oba Short Bike Academy Opletal). Ani Just\u00fdna neodch\u00e1zela po z\u00e1vod\u011b ale s pr\u00e1zdnou: doplnila d\u011bv\u010data CP Teamu Annu Han\u00e1kovou a Lucii Gottwaldovou a spole\u010dn\u011b si tato ryze d\u00edv\u010d\u00ed sestava dojela pro bronz!<\/p>\n<figure id=\"attachment_15023\" aria-describedby=\"caption-attachment-15023\" style=\"width: 434px\" class=\"wp-caption aligncenter\"><a href=\"http:\/\/www.moravecteam.cz\/?attachment_id=15023\" rel=\"attachment wp-att-15023\"><img decoding=\"async\" loading=\"lazy\" class=\"size-full wp-image-15023 \" alt=\"tesarova\" src=\"http:\/\/www.moravecteam.cz\/wp-content\/uploads\/2020\/09\/tesarova.jpg\" width=\"434\" height=\"525\" srcset=\"https:\/\/www.moravecteam.cz\/wp-content\/uploads\/2020\/09\/tesarova.jpg 434w, https:\/\/www.moravecteam.cz\/wp-content\/uploads\/2020\/09\/tesarova-248x300.jpg 248w\" sizes=\"(max-width: 434px) 100vw, 434px\" \/><\/a><figcaption id=\"caption-attachment-15023\" class=\"wp-caption-text\">Barborka Tesa\u0159ov\u00e1 v 1. kole z\u00e1vodu d\u00edvek 7-8 let.<\/figcaption><\/figure>\n<p style=\"text-align: justify;\">Tak tedy i na leto\u0161n\u00ed &#8222;Vrchovin\u011b&#8220; zanechal &#8211; oproti lo\u0148sku hodn\u011b oslaben\u00fd MORAVEC Team, &#8211; v\u00fdraznou, pozitivn\u00ed stopu! A nezb\u00fdv\u00e1 si p\u0159\u00e1t, aby nastoupen\u00fd trend pokra\u010doval i nap\u0159esrok, v r.2021, kter\u00fd bude pro odd\u00edl rokem tak trochu jubilejn\u00edm..!<\/p>\n<figure id=\"attachment_15024\" aria-describedby=\"caption-attachment-15024\" style=\"width: 747px\" class=\"wp-caption alignnone\"><a href=\"http:\/\/www.moravecteam.cz\/?attachment_id=15024\" rel=\"attachment wp-att-15024\"><img decoding=\"async\" loading=\"lazy\" class=\" wp-image-15024\" alt=\"\u0161ich\" src=\"http:\/\/www.moravecteam.cz\/wp-content\/uploads\/2020\/09\/\u0161ich.jpg\" width=\"747\" height=\"689\" srcset=\"https:\/\/www.moravecteam.cz\/wp-content\/uploads\/2020\/09\/\u0161ich.jpg 747w, https:\/\/www.moravecteam.cz\/wp-content\/uploads\/2020\/09\/\u0161ich-300x276.jpg 300w\" sizes=\"(max-width: 747px) 100vw, 747px\" \/><\/a><figcaption id=\"caption-attachment-15024\" class=\"wp-caption-text\">Star\u00fd kr\u00e1l nezem\u0159el, a\u0165 \u017eije nov\u00fd kr\u00e1l &#8211; Petr \u0160ich!<\/figcaption><\/figure>\n<p style=\"text-align: justify;\"><strong><span style=\"color: #800000;\">Zde je v\u00fdsledkov\u00fd souhrn na\u0161ich z\u00a0Kn\u00ednic v\u010detn\u011b um\u00edst\u011bn\u00ed v celkov\u00e9m po\u0159ad\u00ed OPEN:<\/span><\/strong><\/p>\n<p><span style=\"text-decoration: underline;\">Odr\u00e1\u017eedla chlapci:<\/span> Jan \u0160tefl (Kn\u00ednice DNS) \/ celkov\u011b 12. m\u00edsto<\/p>\n<p><span style=\"text-decoration: underline;\">Chlapci do 6 let:<\/span>\u00a0<strong><span style=\"color: #808080;\">2. Jon\u00e1\u0161 Janovsk\u00fd \/ 2.<\/span><\/strong><\/p>\n<p><span style=\"text-decoration: underline;\">D\u00edvky do 6 let:<\/span> Kl\u00e1ra \u0160teflov\u00e1 (DNS) \/ 6., Zita Bartol\u0161icov\u00e1 (DNS) \/ 12., Lada Bartol\u0161icov\u00e1 (DNS) \/ 14.<\/p>\n<p><span style=\"text-decoration: underline;\">Chlapci 7-8 let:<\/span>\u00a0<strong><span style=\"color: #993300;\">3. Mat\u011bj Kalina<\/span> <span style=\"color: #993300;\">\/ 3.<\/span><\/strong>, Vojt\u011bch Ullrich (DNS) \/ 19.<\/p>\n<p><span style=\"text-decoration: underline;\">D\u00edvky 7-8 let:<\/span> 7. Barbora Tesa\u0159ov\u00e1 \/ 7.<\/p>\n<p><span style=\"text-decoration: underline;\">Chlapci 9-10 let:<\/span>\u00a0Ond\u0159ej Kraj\u00ed\u010dek (DNS) \/ 37.<\/p>\n<p><span style=\"text-decoration: underline;\">Chlapci 11-12 let:<\/span>\u00a013. Dominik Pt\u00e1\u010dn\u00edk \/ 17., Jakub Ullrich (DNS) \/ 21.<\/p>\n<p><span style=\"text-decoration: underline;\">D\u00edvky 11-12 let:<\/span>\u00a0<strong><span style=\"color: #ff6600;\">1. Just\u00fdna Novotn\u00e1 \/ 1.<\/span><\/strong>,\u00a0<strong><span style=\"color: #808080;\">2. Barbora Janovsk\u00e1 \/ 2.<\/span><\/strong>, &#8230;7. Jolana Tesa\u0159ov\u00e1 \/ 5.<\/p>\n<p><span style=\"text-decoration: underline;\">D\u00edvky 13-14 let:<\/span><strong><span style=\"color: #993300;\"> 3. Barbora Tlamkov\u00e1 \/ 3.<\/span><\/strong><\/p>\n<p><span style=\"text-decoration: underline;\">Junio\u0159i \/ kadeti:<\/span> Mat\u011bj \u0160tindl (DNS) \/ 11.<\/p>\n<p><span style=\"text-decoration: underline;\">Masters II:<\/span> V\u00edt Bartol\u0161ic (DNS) \/ 11.<\/p>\n<p><span style=\"text-decoration: underline;\">\u017deny ELITE:<\/span> Eva Bartol\u0161ic-MORAVCOV\u00c1 (DNS) \/ 7.<\/p>\n<p><span style=\"text-decoration: underline;\">Mu\u017ei ELITE:\u00a0<\/span><strong><span style=\"color: #ff6600;\">1. Petr \u0160ich \/ 1.<\/span><\/strong>, V\u00edt Such\u00e1nek (DNS) \/ 9.<\/p>\n<h5><span style=\"color: #800000;\">Zde je v\u00fdsledkov\u00fd souhrn\u00a0 v celkov\u00e9m po\u0159ad\u00ed OBCE:<\/span><\/h5>\n<p><span style=\"text-decoration: underline;\">Chlapci do 6 let:<\/span>\u00a0<strong><span style=\"color: #808080;\">2. Jon\u00e1\u0161 Janovsk\u00fd\u00a0<\/span><\/strong><\/p>\n<p><span style=\"text-decoration: underline;\">D\u00edvky do 6 let:<\/span> <strong><span style=\"color: #993300;\">3. Kl\u00e1ra \u0160teflov\u00e1\u00a0<\/span><\/strong><\/p>\n<p><span style=\"text-decoration: underline;\">D\u00edvky 7-8 let:<\/span> <strong><span style=\"color: #993300;\">3. Barbora Tesa\u0159ov\u00e1<\/span><\/strong><\/p>\n<p><span style=\"text-decoration: underline;\">Chlapci 11-12 let:<\/span> <span style=\"color: #993300;\"><strong>3. Dominik Pt\u00e1\u010dn\u00edk\u00a0<\/strong><\/span><\/p>\n<p><span style=\"text-decoration: underline;\">D\u00edvky 11-12 let:<\/span>\u00a0<strong><span style=\"color: #ff6600;\">1. Just\u00fdna Novotn\u00e1<\/span><\/strong>,\u00a0<strong><span style=\"color: #808080;\">2. Barbora Janovsk\u00e1<\/span><\/strong>, <span style=\"color: #993300;\"><strong>3. Jolana Tesa\u0159ov\u00e1\u00a0<\/strong><\/span><\/p>\n<p>D\u00edvky 13-14 let:\u00a0<span style=\"color: #993300;\"><strong>3. Barbora Tlamkov\u00e1\u00a0<\/strong><\/span><\/p>\n<p style=\"text-align: justify;\"><span style=\"text-align: justify;\">D\u00edky v\u0161em rajdr\u016fm za vzorn\u00e9 repre odd\u00edlu po celou sez\u00f3nu a d\u00edk t\u00e9\u017e podp\u016frn\u00fdm rodinn\u00fdm t\u00fdm\u016fm!\u00a0Zde studujte z Kn\u00ednic <\/span><strong style=\"text-align: justify;\"><a href=\"http:\/\/vysledky.pohardrahanskevrchoviny.cz\/2020\/?page=vysledky\">kompletn\u00ed v\u00fdsledkov\u00fd servis<\/a><\/strong><span style=\"text-align: justify;\">, tu\u0165 je ofici\u00e1ln\u00ed <\/span><strong style=\"text-align: justify;\"><a href=\"http:\/\/www.pohardrahanskevrchoviny.cz\/dobojovano\/\">report\u00e1\u017e ze z\u00e1vodu<\/a><\/strong><span style=\"text-align: justify;\"> a n\u00ed\u017ee najdete\u00a0 supr fotogalerie <\/span><strong style=\"text-align: justify;\"><span style=\"color: #800000;\">Karla V\u0161etuly<\/span><\/strong><span style=\"text-align: justify;\">\u00a0a jednu nem\u00e9n\u011b kvalitn\u00ed od\u00a0<\/span><strong style=\"text-align: justify;\"><span style=\"color: #800000;\">Franti\u0161ka \u010cefel\u00edna<\/span><\/strong><span style=\"text-align: justify;\">. Ho\u0161i d\u011bkujeme!<\/span><\/p>\n<ul>\n<li><strong><a href=\"https:\/\/cefra.rajce.idnes.cz\/PDV_5_Kninice_12._9._2020_-_Pohar_Drahanske_Vrchoviny\/\">Fotogalerie \u010d.1<\/a><\/strong><\/li>\n<li><strong><a href=\"https:\/\/moravecteam.rajce.idnes.cz\/2020.09.12_MTB_PDV_Kninice\/\">Fotogalerie \u010d.2<\/a><\/strong><\/li>\n<li><strong><a href=\"https:\/\/moravecteam.rajce.idnes.cz\/2020.09.12_MTB_PDV_Kninice_-_2\/\">Fotogalerie \u010d.3<\/a><\/strong><\/li>\n<li><strong><a href=\"https:\/\/moravecteam.rajce.idnes.cz\/2020.09.12_MTB_PDV_Kninice_-_3\/\">Fotogalerie \u010d.4<\/a><\/strong><\/li>\n<li><strong><a href=\"https:\/\/moravecteam.rajce.idnes.cz\/2020.09.12_MTB_Kninice_-_4\/\">Fotogalerie \u010d.5<\/a><\/strong><\/li>\n<li><strong><a href=\"https:\/\/moravecteam.rajce.idnes.cz\/2020.09.12_MTB_PDV_Kninice_-_5\/\">Fotogalerie \u010d.6<\/a><\/strong><\/li>\n<\/ul>\n<p>&nbsp;<\/p>\n","protected":false},"excerpt":{"rendered":"<p>Dev\u011bt state\u010dn\u00fdch MORAVC\u016e reprezentovalo odd\u00edl na posledn\u00ed MTB &#8222;Vrchovin\u011b&#8220;, kterou vzorn\u011b pohostil m\u011bstys Kn\u00ednice. A hned \u0161est z nich dos\u00e1hlo na medailov\u00e9 pozice! Kdy\u017e k tomu p\u0159ipo\u010dteme je\u0161t\u011b dv\u011b um\u00edst\u011bn\u00ed v TOP 10, je z\u0159ejm\u00e9, \u017ee se fin\u00e1lv\u00fd z\u00e1vod na\u0161im rajdr\u016fm hodn\u011b vyda\u0159il! A obdobn\u011b \u00fasp\u011b\u0161nou bilanci maj\u00ed na\u0161i reprezentanti i v celkov\u00e9m hodnocen\u00ed leto\u0161n\u00edho &hellip; <a href=\"https:\/\/www.moravecteam.cz\/?p=15004\" class=\"more-link\">Pokra\u010dov\u00e1n\u00ed textu <span class=\"screen-reader-text\">Dev\u011bt state\u010dn\u00fdch!<\/span> <span class=\"meta-nav\">&rarr;<\/span><\/a><\/p>\n","protected":false},"author":3,"featured_media":15025,"comment_status":"open","ping_status":"closed","sticky":false,"template":"","format":"standard","meta":[],"categories":[1],"tags":[],"_links":{"self":[{"href":"https:\/\/www.moravecteam.cz\/index.php?rest_route=\/wp\/v2\/posts\/15004"}],"collection":[{"href":"https:\/\/www.moravecteam.cz\/index.php?rest_route=\/wp\/v2\/posts"}],"about":[{"href":"https:\/\/www.moravecteam.cz\/index.php?rest_route=\/wp\/v2\/types\/post"}],"author":[{"embeddable":true,"href":"https:\/\/www.moravecteam.cz\/index.php?rest_route=\/wp\/v2\/users\/3"}],"replies":[{"embeddable":true,"href":"https:\/\/www.moravecteam.cz\/index.php?rest_route=%2Fwp%2Fv2%2Fcomments&post=15004"}],"version-history":[{"count":19,"href":"https:\/\/www.moravecteam.cz\/index.php?rest_route=\/wp\/v2\/posts\/15004\/revisions"}],"predecessor-version":[{"id":15096,"href":"https:\/\/www.moravecteam.cz\/index.php?rest_route=\/wp\/v2\/posts\/15004\/revisions\/15096"}],"wp:featuredmedia":[{"embeddable":true,"href":"https:\/\/www.moravecteam.cz\/index.php?rest_route=\/wp\/v2\/media\/15025"}],"wp:attachment":[{"href":"https:\/\/www.moravecteam.cz\/index.php?rest_route=%2Fwp%2Fv2%2Fmedia&parent=15004"}],"wp:term":[{"taxonomy":"category","embeddable":true,"href":"https:\/\/www.moravecteam.cz\/index.php?rest_route=%2Fwp%2Fv2%2Fcategories&post=15004"},{"taxonomy":"post_tag","embeddable":true,"href":"https:\/\/www.moravecteam.cz\/index.php?rest_route=%2Fwp%2Fv2%2Ftags&post=15004"}],"curies":[{"name":"wp","href":"https:\/\/api.w.org\/{rel}","templated":true}]}}