{"id":15201,"date":"2021-05-20T14:26:17","date_gmt":"2021-05-20T12:26:17","guid":{"rendered":"http:\/\/www.moravecteam.cz\/?p=15201"},"modified":"2021-05-20T14:26:17","modified_gmt":"2021-05-20T12:26:17","slug":"tak-jo-jdeme-na-to","status":"publish","type":"post","link":"https:\/\/www.moravecteam.cz\/?p=15201","title":{"rendered":"Tak jo, jdeme na to!"},"content":{"rendered":"<p style=\"text-align: justify;\"><span style=\"color: #800000;\"><b>V\u0161ichni jsme si\u00a0 (v\u00edce \/ m\u00e9n\u011b)\u00a0 na vlastn\u00ed k\u016f\u017ei ov\u011b\u0159ili, \u017ee po n\u011bjakou dobu\u00a0 diktoval\u00a0 pomysln\u00e9 \u201etempo z\u00e1vodu\u201c z\u00e1ludn\u00fd a nevyzpytateln\u00fd \u00a0soupe\u0159 s\u00a0pochybnou licenc\u00ed \u00a0a bez startovn\u00edho \u010d\u00edsla,\u00a0 jm\u00e9nem koronavirus. V\u0161e ale nasv\u011bd\u010duje tomu, \u017ee tento r\u00e1doby \u201eborec\u201c p\u0159ep\u00e1lil start, a \u017ee mu za\u010d\u00edn\u00e1 doch\u00e1zet dech\u2026\u00a0 A n\u00e1m v\u0161em se nyn\u00ed vypl\u00e1c\u00ed, \u017ee jsme ho \u2013 by\u0165 se zna\u010dn\u00fdmi ztr\u00e1tami, ale p\u0159ece jen &#8211; \u201euviseli\u201c , \u017ee n\u00e1m \u201eneujel\u201c, \u017ee n\u00e1s nezv\u00e1lcoval\u2026 \u00a0Nade\u0161el tedy \u010das \u00a0p\u0159ej\u00edt razantn\u00edm \u00fatokem zp\u011bt do \u010dela z\u00e1vodu, do trh\u00e1ku a z\u00e1ludn\u00e9ho prev\u00edta nechat n\u011bkde hodn\u011b, hodn\u011b za sebou\u2026 A, na u\u017e \u2013 doufejme &#8211;\u00a0 v\u011b\u010dn\u00e9 \u010dasy a nikdy jinak..!<\/b><\/span><\/p>\n<p style=\"text-align: justify;\"><a href=\"http:\/\/www.moravecteam.cz\/?attachment_id=15214\" rel=\"attachment wp-att-15214\"><img decoding=\"async\" loading=\"lazy\" class=\"size-full wp-image-15214 alignleft\" title=\"David Bla\u017eek\" alt=\"\" src=\"http:\/\/www.moravecteam.cz\/wp-content\/uploads\/2021\/05\/bla\u017eek.jpg\" width=\"135\" height=\"179\" \/><\/a>MORAVEC Team samoz\u0159ejm\u011b v\u00a0dob\u011b \u201ecovidov\u00e9ho temna\u201c nikterak nelenil. P\u0159echod do ilegality rodinn\u00fdch team\u016f, v\u00a0r\u00e1mci kter\u00fdch prob\u00edhaly individu\u00e1ln\u011b\u00a0 jednotliv\u00e9 sekvence p\u0159\u00edpravn\u00e9ho obdob\u00ed, rajdry MORAVEC Teamu ale nijak z\u00e1sadn\u011b neoslabil, opak je sp\u00ed\u0161e pravdou. Alespo\u0148 tak soud\u011b podle stavu p\u0159ipravenosti na\u0161ich rajdr\u016f, kterou jsme si u\u017e mohli na prahu dal\u0161\u00ed, COVIDem deformovan\u00e9 sez\u00f3ny, ov\u011b\u0159it.<\/p>\n<p style=\"text-align: justify;\"><a href=\"http:\/\/www.moravecteam.cz\/?attachment_id=15211\" rel=\"attachment wp-att-15211\"><img decoding=\"async\" loading=\"lazy\" class=\"size-full wp-image-15211 alignleft\" title=\"Eli\u0161ka \u0160iru\u010dkov\u00e1\" alt=\"\u0161iru\u010dkov\u00e1\" src=\"http:\/\/www.moravecteam.cz\/wp-content\/uploads\/2021\/05\/\u0161iru\u010dkov\u00e1.jpg\" width=\"111\" height=\"152\" \/><\/a>Zcela konkurenceschopn\u00e1 je tr\u00e9ninkov\u00e1 skupina <strong><span style=\"color: #800000;\">Vlast\u00edka Odehnala<\/span><\/strong>, kter\u00fd po velmi d\u016fle\u017eit\u00e9m\u00a0 zimn\u00edm soust\u0159ed\u011bn\u00ed zvl\u00e1dl s\u00a0na\u0161\u00ed elitn\u00ed \u00fadernou skupinou absolvovat i nem\u00e9n\u011b d\u016fle\u017eitou jarn\u00ed p\u0159\u00edpravu v\u00a0tradi\u010dn\u00ed chorvatsk\u00e9 destinaci. Zde m\u011bl krom\u011b tr\u00e9ninku chtiv\u00fdch\u00a0 sv\u011b\u0159enc\u016f i dva v\u00fdznamn\u00e9 pomocn\u00edky: <strong><span style=\"color: #800000;\">Hanka Odehnalov\u00e1<\/span><\/strong> se velmi sv\u011bdomit\u011b postarala o t\u00fdmov\u00e9 z\u00e1zem\u00ed a <strong><span style=\"color: #800000;\">Mirek \u0160iru\u010dek<\/span><\/strong> zvl\u00e1dl nem\u00e9n\u011b zdatn\u011b post tren\u00e9rova sekundanta <a href=\"http:\/\/www.moravecteam.cz\/?attachment_id=15210\" rel=\"attachment wp-att-15210\"><img decoding=\"async\" loading=\"lazy\" class=\"size-full wp-image-15210 alignright\" title=\"Ondra \u0160iru\u010dek\" alt=\"\u0161iru\u010dek\" src=\"http:\/\/www.moravecteam.cz\/wp-content\/uploads\/2021\/05\/\u0161iru\u010dek.jpg\" width=\"155\" height=\"191\" \/><\/a>v\u00a0silni\u010dn\u00edch ter\u00e9nech \u00a0teritoria Balk\u00e1nsk\u00e9ho poloostrova. V\u0161em t\u0159em jmenovan\u00fdm pat\u0159\u00ed\u00a0 velk\u00fd d\u00edk za v\u00fdborn\u011b a nezi\u0161tn\u011b odvedenou pr\u00e1ci! Zde mrkn\u011bte na chorvatskou<em><strong><a href=\"https:\/\/moravecteam.rajce.idnes.cz\/2021.05.01-09_Jarni_soustredeni_Chorvatsko_-_Porec\/\"> fotogalerii<\/a><\/strong><\/em>. Po kvalitn\u00ed jarn\u00ed p\u0159\u00edprav\u011b jsme si s\u00a0Vlast\u00edkem odsouhlasili, kdo tedy \u017ee z\u00a0na\u0161ich bude poct\u011bn vyhotoven\u00edm UCI z\u00e1vodn\u00ed licence? Pro r. 2021 jsou to tato jm\u00e9na:<\/p>\n<ul>\n<li><strong><span style=\"color: #800000;\">Just\u00fdna Novotn\u00e1<\/span><\/strong>, <strong><span style=\"color: #800000;\">Ond\u0159ej \u0160iru\u010dek<\/span><\/strong>, <strong><span style=\"color: #800000;\">V\u011bnek Valenta<\/span><\/strong> (mlad\u0161\u00ed \u017e\u00e1ci)<\/li>\n<li><strong><span style=\"color: #800000;\">Barbora Janovsk\u00e1<\/span><\/strong>, <span style=\"color: #800000;\"><strong>Barbora Tlamkov\u00e1<\/strong><\/span>, <strong><span style=\"color: #800000;\">Eli\u0161ka \u0160iru\u010dkov\u00e1<\/span><\/strong>, <strong><span style=\"color: #800000;\">David Bla\u017eek<\/span> <\/strong>(star\u0161\u00ed \u017e\u00e1ci)<\/li>\n<li><strong><span style=\"color: #800000;\">Mat\u011bj \u0160tindl<\/span><\/strong>, <strong><span style=\"color: #800000;\">Petr \u0160ich<\/span><\/strong>, <strong><span style=\"color: #800000;\">V\u00edt Such\u00e1nek<\/span><\/strong>, <strong><span style=\"color: #800000;\">Jirka \u0160t\u011bpan\u00edk ml.<\/span><\/strong>, (mu\u017ei)<\/li>\n<li><strong><span style=\"color: #800000;\">Pavel Bal\u00e1k<\/span><\/strong>, <strong><span style=\"color: #800000;\">Leo\u0161 Bal\u00e1k<\/span><\/strong> (veter\u00e1ni &#8211; specializace cyklokros)<\/li>\n<\/ul>\n<p style=\"text-align: justify;\"><a href=\"http:\/\/www.moravecteam.cz\/?attachment_id=15212\" rel=\"attachment wp-att-15212\"><img decoding=\"async\" loading=\"lazy\" class=\"size-full wp-image-15212 alignright\" title=\"V\u011bnek Valenta\" alt=\"valenta\" src=\"http:\/\/www.moravecteam.cz\/wp-content\/uploads\/2021\/05\/valenta.jpg\" width=\"168\" height=\"195\" \/><\/a>U\u017e v\u00fd\u0161e v textu jste si mohli v\u0161imnout jm\u00e9na <span style=\"color: #800000;\"><strong>Mirek \u0160iru\u010dek<\/strong><\/span> a n\u00e1sledn\u011b i v seznamu rajdr\u016f nach\u00e1z\u00edme jm\u00e9na, kter\u00e1 nebyla d\u0159\u00edve spojov\u00e1na s MORAVEC Teamem. Ano, jedn\u00e1 se o v\u00fdznamn\u00e9 posily, kter\u00e9 si k n\u00e1m na\u0161ly cestu, a kter\u00fdm se budeme sna\u017eit pomoci v jejich dal\u0161\u00edm v\u00fdkonnostn\u00edm r\u016fstu. D\u00edky rozen\u00e9mu bikerovi\u00a0 <strong><span style=\"color: #800000;\">Davidu Bla\u017ekovi<\/span><\/strong> budeme m\u00edt tedy letos &#8222;repro\u0161e&#8220; v presti\u017en\u00ed kategorii star\u0161\u00edch \u017e\u00e1k\u016f, \u0161ikovn\u00e1 a pracovit\u00e1 <strong><span style=\"color: #800000;\">Eli\u0161ka \u0160iru\u010dkov\u00e1<\/span><\/strong> dopln\u00ed na bitevn\u00edch bikov\u00fdch pol\u00edch duo na\u0161ich star\u0161\u00edch \u017e\u00e1ky\u0148 &#8211; <strong><span style=\"color: #800000;\">Barborky Janovskou a Tlamkovou<\/span><\/strong>. No a t\u011bmi\u00a0 nejmlad\u0161\u00edmi licencovan\u00fdmi\u00a0 nov\u00e1\u010dky jsou dva mlad\u0161\u00ed \u017e\u00e1ci: bojovn\u00edk k pohled\u00e1n\u00ed &#8211; <strong><span style=\"color: #800000;\">Ond\u0159ej \u0160iru\u010dek<\/span><\/strong>\u00a0a excelentn\u00ed technik, kovan\u00fd biketrialista, <strong><span style=\"color: #800000;\">V\u011bnek Valenta.<\/span><\/strong><span style=\"color: #800000;\">\u00a0<\/span><\/p>\n<p style=\"text-align: justify;\"><a href=\"http:\/\/www.moravecteam.cz\/?attachment_id=15216\" rel=\"attachment wp-att-15216\"><img decoding=\"async\" loading=\"lazy\" class=\"size-full wp-image-15216 alignleft\" title=\"Mical Vyroubal (MTB M\u010cR Velk\u00e9 Losina 2008).\" alt=\"michal\" src=\"http:\/\/www.moravecteam.cz\/wp-content\/uploads\/2021\/05\/michal.jpg\" width=\"171\" height=\"222\" \/><\/a>Co se posil MORAVEC Teamu t\u00fd\u010de, nen\u00ed to zdaleka pro sez\u00f3nu 2021 kone\u010dn\u00fd v\u00fd\u010det. Radost m\u00e1me, \u017ee si k n\u00e1m na\u0161li cestu dal\u0161\u00ed kvalitn\u00ed bike\u0159i ve v\u011bku vskutku \u010dasto hodn\u011b &#8222;mlad\u00fdch pu\u0161ek&#8220;. V t\u00e9to souvislosti mus\u00edm trochu zabrousit do minulosti a t\u00edm nast\u00ednit okolnosti: Vskutku v\u00fdrazn\u011b se do odd\u00edlov\u00e9 historie zapsal n\u00e1\u0161 n\u011bkdej\u0161\u00ed kvalitn\u00ed reprezentant <strong><span style=\"color: #800000;\">Michal Vyroubal<\/span><\/strong> (28. m\u00edsto na <em><strong><a href=\"http:\/\/moravec.benesov-u-boskovic.cz\/cz\/zavody\/2008\/mcr-velke-losiny-12-13-7-2008\/\">MTB M\u010cR 2008 ve Velk\u00fdch Losin\u00e1ch<\/a><\/strong><\/em> v z\u00e1vod\u011b, ve kter\u00e9m se Michal popasoval s <em><strong><a href=\"https:\/\/cs.wikipedia.org\/wiki\/Ond%C5%99ej_Cink\">Ondrou Cinkem<\/a><\/strong><\/em>, kter\u00fd zde odstartoval ziskem titulu juniorsk\u00e9ho Mistra \u010cR svou pozoruhodnou kari\u00e9ru). V Michalov\u00fdch \u0161l\u00e9p\u011bj\u00edch pokra\u010duje hned 5(!) jeho synovc\u016f: u\u017e loni se stali pravideln\u00fdmi \u00fa\u010dastn\u00edky MTB &#8222;Vrchoviny&#8220; a z v\u00fdsledkov\u00fdch listin si m\u016f\u017eete ov\u011b\u0159it, \u017ee se nejedn\u00e1 o \u017e\u00e1dn\u00e1 &#8222;o\u0159ez\u00e1v\u00e1tka&#8220;. Nov\u00fdmi posilami MORAVEC Teamu Z &#8222;Vyroubalovic v\u011btve&#8220; jmenovit\u011b jsou: brat\u0159i\u00a0<strong><span style=\"color: #800000;\">Maty\u00e1\u0161 (*2011), Sebasti\u00e1n (*2014) a Eli\u00e1\u0161 (*2017) Maivaldovi<\/span><\/strong>\u00a0z Kocl\u00ed\u0159ova a dvoj\u010data <strong><span style=\"color: #800000;\">\u0160t\u011bp\u00e1n a Tom\u00e1\u0161 Posp\u00ed\u0161ilovic (*2018)<\/span><\/strong> z Radim\u011b\u0159e! Zat\u00edm\u00a0 to skute\u010dn\u011b vypad\u00e1, \u017ee &#8222;jablka nepadla daleko od stromu&#8220; a my jsme r\u00e1di, \u017ee jsou tito pohod\u00e1\u0159i v na\u0161em \u0161iku, v\u010detn\u011b jejich prima rodi\u010d\u016f a dal\u0161\u00edch p\u0159\u00edbuzn\u00fdch (hlavn\u011b <strong><span style=\"color: #800000;\">tety Vlasty<\/span><\/strong> a <strong><span style=\"color: #800000;\">tety Ji\u0159iky<\/span><\/strong>)!<\/p>\n<figure id=\"attachment_15217\" aria-describedby=\"caption-attachment-15217\" style=\"width: 714px\" class=\"wp-caption alignnone\"><a href=\"http:\/\/www.moravecteam.cz\/?attachment_id=15217\" rel=\"attachment wp-att-15217\"><img decoding=\"async\" loading=\"lazy\" class=\" wp-image-15217\" alt=\"maivaldovic\" src=\"http:\/\/www.moravecteam.cz\/wp-content\/uploads\/2021\/05\/maivaldovic.jpg\" width=\"714\" height=\"696\" srcset=\"https:\/\/www.moravecteam.cz\/wp-content\/uploads\/2021\/05\/maivaldovic.jpg 714w, https:\/\/www.moravecteam.cz\/wp-content\/uploads\/2021\/05\/maivaldovic-25x25.jpg 25w, https:\/\/www.moravecteam.cz\/wp-content\/uploads\/2021\/05\/maivaldovic-300x292.jpg 300w\" sizes=\"(max-width: 714px) 100vw, 714px\" \/><\/a><figcaption id=\"caption-attachment-15217\" class=\"wp-caption-text\">Zleva Maty\u00e1\u0161, Sebasti\u00e1n a Eli\u00e1\u0161 Maivaldovi. Snad jsem to nepopletl&#8230;<\/figcaption><\/figure>\n<p style=\"text-align: justify;\">Dal\u0161\u00edmi nad\u011bjn\u00fdmi nov\u00e1\u010dky pro sez\u00f3nu 2021 jsou sourozenci <strong><span style=\"color: #800000;\">Ella (*2015) a \u0160imon Chlubnovi (*2012).<\/span><\/strong> I oni se u\u017e do horn\u00edch \u0159\u00e1dk\u016f\u00a0 v\u00fdsledkov\u00fdch listin &#8222;Vrchoviny&#8220; v ned\u00e1vn\u00e9 minulosti\u00a0 hodn\u011b tu\u010dn\u011b propsali, i z jejich p\u0159\u00edtomnosti, jako i z p\u0159\u00edtomnosti jejich starostliv\u00fdch rodi\u010d\u016f u n\u00e1s, m\u00e1me\u00a0 radost! No a ofici\u00e1ln\u011b jsou v na\u0161em \u0161iku u\u017e i <span style=\"color: #800000;\"><strong>Kl\u00e1rka (*2014) a Honz\u00edk (*2017) \u0160teflovi<\/strong><\/span>, kte\u0159\u00ed zase po \u010dase zvedaj\u00ed skom\u00edraj\u00edc\u00ed prapor rajdr\u016f z obce, ve kter\u00e9 m\u00e1 MORAVEC Team sv\u00e9 ko\u0159eny: <em><strong><a href=\"https:\/\/www.benesov-u-boskovic.cz\/\">Bene\u0161ova u Boskovic<\/a><\/strong><\/em>. <strong><span style=\"color: #800000;\">Tak\u017ee v\u0161em nov\u00e1\u010dk\u016fm a jejich rodi\u010d\u016fm, prarodi\u010d\u016fm&#8230;: a\u0165 je V\u00e1m s n\u00e1mi fajn a a\u0165 to Va\u0161im rajdr\u016fm v dresu MORAVEC Teamu\u00a0 \u0161lape!<\/span><\/strong><span style=\"color: #800000;\">\u00a0<\/span><span style=\"color: #800000;\"><span style=\"color: #000000;\">A proto\u017ee odchod z t\u00fdmu nikdo v p\u0159estupov\u00e9m obdob\u00ed\u00a0 neohl\u00e1sil, m\u016f\u017eeme se i letos op\u0159\u00edt o lo\u0148skou \u00fasp\u011b\u0161nou sestavu, kter\u00e1 bude &#8211; jak pevn\u011b v\u011b\u0159\u00edm &#8211; s vyjmenovan\u00fdmi posilami op\u011bt kl\u00ed\u010dov\u00fdm hr\u00e1\u010dem v bikov\u00fdch kl\u00e1n\u00edch v\u0161eho druhu!<\/span><\/span><\/p>\n<figure id=\"attachment_15218\" aria-describedby=\"caption-attachment-15218\" style=\"width: 481px\" class=\"wp-caption alignnone\"><a href=\"http:\/\/www.moravecteam.cz\/?attachment_id=15218\" rel=\"attachment wp-att-15218\"><img decoding=\"async\" loading=\"lazy\" class=\" wp-image-15218\" alt=\"ella-kl\u00e1ra\" src=\"http:\/\/www.moravecteam.cz\/wp-content\/uploads\/2021\/05\/ella-kl\u00e1ra.jpg\" width=\"481\" height=\"278\" srcset=\"https:\/\/www.moravecteam.cz\/wp-content\/uploads\/2021\/05\/ella-kl\u00e1ra.jpg 481w, https:\/\/www.moravecteam.cz\/wp-content\/uploads\/2021\/05\/ella-kl\u00e1ra-300x173.jpg 300w\" sizes=\"(max-width: 481px) 100vw, 481px\" \/><\/a><figcaption id=\"caption-attachment-15218\" class=\"wp-caption-text\">Dal\u0161\u00ed ze dvou d\u00edv\u010d\u00edch posil MORAVEC Teamu: Ella Chlubnov\u00e1 (vlevo) a Kl\u00e1ra \u0160teflov\u00e1.<\/figcaption><\/figure>\n<p style=\"text-align: justify;\"><a href=\"http:\/\/www.moravecteam.cz\/?attachment_id=15220\" rel=\"attachment wp-att-15220\"><img decoding=\"async\" loading=\"lazy\" class=\"size-full wp-image-15220 alignleft\" title=\"Petr \u0160ich.\" alt=\"pe\u0165a\" src=\"http:\/\/www.moravecteam.cz\/wp-content\/uploads\/2021\/05\/pe\u0165a.png\" width=\"192\" height=\"328\" srcset=\"https:\/\/www.moravecteam.cz\/wp-content\/uploads\/2021\/05\/pe\u0165a.png 192w, https:\/\/www.moravecteam.cz\/wp-content\/uploads\/2021\/05\/pe\u0165a-175x300.png 175w\" sizes=\"(max-width: 192px) 100vw, 192px\" \/><\/a>A proto\u017ee COVID je aktu\u00e1ln\u011b \u010cesk\u00e9 kotlin\u011b hodn\u011b v defenz\u00edv\u011b, m\u016f\u017eeme se u\u017e nejen \u017ee sch\u00e1zet v r\u00e1mci pravideln\u00e9 spole\u010dn\u00e9 p\u0159\u00edpravy v ter\u00e9nu, ale za dve\u0159mi jsou (mimo jin\u00e9) prvn\u00ed dv\u011b vystoupen\u00ed na\u0161ich reprezentant\u016f na z\u00e1vodech\u00a0 <em><strong><a href=\"https:\/\/www.poharmtb.cz\/izomat-mtb-cup-2021\">v r\u00e1mci \u00favodn\u00edch dvou podnik\u016f MTB \u010cP<\/a><\/strong><\/em>, kter\u00e9 pohost\u00ed ve druh\u00e9 polovin\u011b kv\u011btna Zadov a Brno. Program t\u011bchto dvou z\u00e1vod\u016f je ale &#8211; logicky &#8211; zna\u010dn\u011b deformov\u00e1n: pojede se bez div\u00e1k\u016f a<a href=\"http:\/\/www.moravecteam.cz\/?attachment_id=15222\" rel=\"attachment wp-att-15222\"><img decoding=\"async\" loading=\"lazy\" class=\"size-full wp-image-15222 alignright\" title=\"Mat\u011bj \u0160tindl.\" alt=\"mat\u011bj 2\" src=\"http:\/\/www.moravecteam.cz\/wp-content\/uploads\/2021\/05\/mat\u011bj-2.jpg\" width=\"126\" height=\"217\" \/><\/a> z\u00e1vody jsou vyps\u00e1ny pouze pro star\u0161\u00ed v\u011bkov\u00e9 kategorie: kadeti-kadetky, junio\u0159i-juniorky, mu\u017ei U23, \u017eeny U23, mu\u017ei ELITE a \u017eeny ELITE. Ze \u010dty\u0159 na\u0161ich dosp\u011bl\u00fdch zas\u00e1hnou do boj\u016f na Zadov\u011b dva: &#8222;t\u0159iadvac\u00edtk\u00e1\u0159i&#8220; <strong><span style=\"color: #800000;\">Mat\u011bj \u0160tindl<\/span><\/strong> a <strong><span style=\"color: #800000;\">Petr \u0160ich.<\/span> <span style=\"color: #800000;\">Jirka \u0160t\u011bpan\u00edk<\/span><\/strong>, kter\u00fd se sympaticky po \u010dase vrac\u00ed na z\u00e1vodn\u00ed trat\u011b,\u00a0 je omluven\u00a0 z rodinn\u00fdch d\u016fvod\u016f, omluvil se i n\u00e1\u0161 &#8222;\u010dtvrt\u00fd dosp\u011bl\u00fd mu\u0161ket\u00fdr&#8220;, <strong><span style=\"color: #800000;\">V\u00ed\u0165a Such\u00e1nek<\/span><\/strong> &#8211; ten pro zm\u011bnu ze studijn\u00edch d\u016fvod\u016f <em><strong><a href=\"https:\/\/www.youtube.com\/watch?v=RT0weJqVYL8\">(maturant)<\/a><\/strong><\/em>. Mat\u011bjovi i Petrovi ale tuto sobotu ur\u010dit\u011b zm\u00e1\u010dkneme mocn\u011b pale\u010dky! Jak jsme se s konkurenc\u00ed na Zadov\u011b popasovali loni, m\u016f\u017eete <strong><em><a href=\"https:\/\/www.moravecteam.cz\/?p=14988\">zavzpom\u00ednat&#8230;<\/a><\/em><\/strong><\/p>\n<figure id=\"attachment_15224\" aria-describedby=\"caption-attachment-15224\" style=\"width: 422px\" class=\"wp-caption aligncenter\"><a href=\"http:\/\/www.moravecteam.cz\/?attachment_id=15224\" rel=\"attachment wp-att-15224\"><img decoding=\"async\" loading=\"lazy\" class=\"size-full wp-image-15224 \" alt=\"cink\" src=\"http:\/\/www.moravecteam.cz\/wp-content\/uploads\/2021\/05\/cink.jpg\" width=\"422\" height=\"369\" srcset=\"https:\/\/www.moravecteam.cz\/wp-content\/uploads\/2021\/05\/cink.jpg 422w, https:\/\/www.moravecteam.cz\/wp-content\/uploads\/2021\/05\/cink-300x262.jpg 300w\" sizes=\"(max-width: 422px) 100vw, 422px\" \/><\/a><figcaption id=\"caption-attachment-15224\" class=\"wp-caption-text\">Fotka star\u00e1 13 let. Velk\u00e9 Losiny 2008 a prvn\u00ed velk\u00e9 v\u00edt\u011bzstv\u00ed Ondry Cinka. Tak jako tehdy Michal Vyroubal, v sobotu s n\u00edm svedou na Zadov\u011b souboj jin\u00ed MORAVCI: Petr \u0160ich s Mat\u011bjem \u0160tindlem.<\/figcaption><\/figure>\n","protected":false},"excerpt":{"rendered":"<p>V\u0161ichni jsme si\u00a0 (v\u00edce \/ m\u00e9n\u011b)\u00a0 na vlastn\u00ed k\u016f\u017ei ov\u011b\u0159ili, \u017ee po n\u011bjakou dobu\u00a0 diktoval\u00a0 pomysln\u00e9 \u201etempo z\u00e1vodu\u201c z\u00e1ludn\u00fd a nevyzpytateln\u00fd \u00a0soupe\u0159 s\u00a0pochybnou licenc\u00ed \u00a0a bez startovn\u00edho \u010d\u00edsla,\u00a0 jm\u00e9nem koronavirus. V\u0161e ale nasv\u011bd\u010duje tomu, \u017ee tento r\u00e1doby \u201eborec\u201c p\u0159ep\u00e1lil start, a \u017ee mu za\u010d\u00edn\u00e1 doch\u00e1zet dech\u2026\u00a0 A n\u00e1m v\u0161em se nyn\u00ed vypl\u00e1c\u00ed, \u017ee jsme ho &hellip; <a href=\"https:\/\/www.moravecteam.cz\/?p=15201\" class=\"more-link\">Pokra\u010dov\u00e1n\u00ed textu <span class=\"screen-reader-text\">Tak jo, jdeme na to!<\/span> <span class=\"meta-nav\">&rarr;<\/span><\/a><\/p>\n","protected":false},"author":3,"featured_media":15209,"comment_status":"open","ping_status":"closed","sticky":false,"template":"","format":"standard","meta":[],"categories":[1],"tags":[],"_links":{"self":[{"href":"https:\/\/www.moravecteam.cz\/index.php?rest_route=\/wp\/v2\/posts\/15201"}],"collection":[{"href":"https:\/\/www.moravecteam.cz\/index.php?rest_route=\/wp\/v2\/posts"}],"about":[{"href":"https:\/\/www.moravecteam.cz\/index.php?rest_route=\/wp\/v2\/types\/post"}],"author":[{"embeddable":true,"href":"https:\/\/www.moravecteam.cz\/index.php?rest_route=\/wp\/v2\/users\/3"}],"replies":[{"embeddable":true,"href":"https:\/\/www.moravecteam.cz\/index.php?rest_route=%2Fwp%2Fv2%2Fcomments&post=15201"}],"version-history":[{"count":15,"href":"https:\/\/www.moravecteam.cz\/index.php?rest_route=\/wp\/v2\/posts\/15201\/revisions"}],"predecessor-version":[{"id":15230,"href":"https:\/\/www.moravecteam.cz\/index.php?rest_route=\/wp\/v2\/posts\/15201\/revisions\/15230"}],"wp:featuredmedia":[{"embeddable":true,"href":"https:\/\/www.moravecteam.cz\/index.php?rest_route=\/wp\/v2\/media\/15209"}],"wp:attachment":[{"href":"https:\/\/www.moravecteam.cz\/index.php?rest_route=%2Fwp%2Fv2%2Fmedia&parent=15201"}],"wp:term":[{"taxonomy":"category","embeddable":true,"href":"https:\/\/www.moravecteam.cz\/index.php?rest_route=%2Fwp%2Fv2%2Fcategories&post=15201"},{"taxonomy":"post_tag","embeddable":true,"href":"https:\/\/www.moravecteam.cz\/index.php?rest_route=%2Fwp%2Fv2%2Ftags&post=15201"}],"curies":[{"name":"wp","href":"https:\/\/api.w.org\/{rel}","templated":true}]}}