{"id":15261,"date":"2021-06-06T18:31:52","date_gmt":"2021-06-06T16:31:52","guid":{"rendered":"http:\/\/www.moravecteam.cz\/?p=15261"},"modified":"2021-06-06T21:13:39","modified_gmt":"2021-06-06T19:13:39","slug":"nejen-v-brne","status":"publish","type":"post","link":"https:\/\/www.moravecteam.cz\/?p=15261","title":{"rendered":"Nejen v Brn\u011b&#8230;"},"content":{"rendered":"<p style=\"text-align: justify;\"><span style=\"color: #800000;\"><strong>&#8230;na druh\u00e9m MTB \u010cesk\u00e9m poh\u00e1ru o posledn\u00edm kv\u011btnov\u00e9m v\u00edkendu, m\u011b\u0159ili s\u00edly se sv\u00fdmi soupe\u0159i bike\u0159i MORAVEC Teamu&#8230; Ani na silnic\u00edch v okol\u00ed Moravsk\u00e9 T\u0159ebov\u00e9 (zde se rozb\u011bhl popul\u00e1rn\u00ed cyklistick\u00fd seri\u00e1l &#8222;CYKLOMAN&#8220;) nechyb\u011bl jeden n\u00e1\u0161 biker &#8211; &#8222;junior&#8220; a dal\u0161\u00ed na\u0161e &#8222;mlad\u00e9 pu\u0161ky&#8220; n\u00e1s \u00fasp\u011b\u0161n\u011b reprezentovaly\u00a0 na MTB z\u00e1vodech v Hradci Kr\u00e1lov\u00e9 a Orl\u00edku-Vystrkov\u011b. A \u017ee n\u00e1m zacinkali op\u011bt dal\u0161\u00ed &#8222;placky&#8220;, nemus\u00edm nijak zvl\u00e1\u0161\u0165\u00a0 zd\u016fraz\u0148ovat..! MORAVCI jsou i letos, na za\u010d\u00e1tku sez\u00f3ny, &#8222;po \u010dertech&#8220; rychl\u00ed..!<\/strong><\/span><\/p>\n<figure id=\"attachment_15287\" aria-describedby=\"caption-attachment-15287\" style=\"width: 670px\" class=\"wp-caption alignnone\"><a href=\"http:\/\/www.moravecteam.cz\/?attachment_id=15287\" rel=\"attachment wp-att-15287\"><img decoding=\"async\" loading=\"lazy\" class=\" wp-image-15287\" alt=\"IMG-20210531-WA0002\" src=\"http:\/\/www.moravecteam.cz\/wp-content\/uploads\/2021\/06\/IMG-20210531-WA0002.jpg\" width=\"670\" height=\"462\" srcset=\"https:\/\/www.moravecteam.cz\/wp-content\/uploads\/2021\/06\/IMG-20210531-WA0002.jpg 670w, https:\/\/www.moravecteam.cz\/wp-content\/uploads\/2021\/06\/IMG-20210531-WA0002-300x206.jpg 300w\" sizes=\"(max-width: 670px) 100vw, 670px\" \/><\/a><figcaption id=\"caption-attachment-15287\" class=\"wp-caption-text\">Brn\u011bnsk\u00e1 sestava: zleva Jirka \u0160t\u011bpan\u00edk, Mat\u011bj \u0160tindl a Petr \u0160ich.<\/figcaption><\/figure>\n<p style=\"text-align: justify;\"><span style=\"color: #000000;\">V Jihomoravsk\u00e9 metropoli, kde pokra\u010dovala druh\u00fdm z\u00e1vodem na\u0161e nejvy\u0161\u0161\u00ed bikov\u00e1 liga,\u00a0 byli v akci\u00a0 tentokr\u00e1t dokonce hned t\u0159i na\u0161i borci! A svou \u00fa\u010dast\u00ed vytvo\u0159ili odd\u00edlov\u00fd rekord: v na\u0161\u00ed dvacetilet\u00e9 historii to bylo poprv\u00e9, co n\u00e1s reprezentovala v z\u00e1vod\u011b mu\u017e\u016f ELITE takov\u00e1 po\u010detn\u00ed s\u00edla! Podobn\u011b, jako na Zadov\u011b, byl brn\u011bnsk\u00fd z\u00e1vod za\u0159azen UCI do kategorie C1 a tud\u00ed\u017e i zde se se\u0161la siln\u00e1 mezin\u00e1rodn\u00ed konkurence. A na\u0161i se op\u011bt dr\u017eeli! <span style=\"color: #800000;\"><strong>Petr \u0160ich<\/strong><\/span> zopakoval v\u00fdborn\u00fd v\u00fdkon a v podstat\u011b i v\u00fdsledek z prvn\u00edho z\u00e1vodu. Vybojoval celkov\u00e9 31. m\u00edsto a 13. v kategorii U23! A v celkov\u011b figuruje\u00a0 v absolutn\u00edm po\u0159ad\u00ed na 28., na 10. m\u00edst\u011b je ve &#8222;t\u0159iadvac\u00edtk\u00e1ch&#8220;, v t\u00e9to kategorii je dokonce jako sedm\u00fd nejlep\u0161\u00ed z \u010cech\u016f. Bravo MORAVEC!<\/span><\/p>\n<figure id=\"attachment_15294\" aria-describedby=\"caption-attachment-15294\" style=\"width: 1311px\" class=\"wp-caption alignnone\"><a href=\"http:\/\/www.moravecteam.cz\/?attachment_id=15294\" rel=\"attachment wp-att-15294\"><img decoding=\"async\" loading=\"lazy\" class=\" wp-image-15294\" alt=\"IMG_4858\" src=\"http:\/\/www.moravecteam.cz\/wp-content\/uploads\/2021\/06\/IMG_4858.jpg\" width=\"1311\" height=\"1025\" \/><\/a><figcaption id=\"caption-attachment-15294\" class=\"wp-caption-text\">\u0160ich \/ \u0160tindl na brn\u011bnsk\u00e9 trati.<\/figcaption><\/figure>\n<p style=\"text-align: justify;\"><span style=\"color: #000000;\">O 13 p\u0159\u00ed\u010dek oproti premi\u00e9\u0159e si v Brn\u011b polep\u0161il <span style=\"color: #800000;\"><strong>Mat\u011bj \u0160tindl<\/strong><\/span>, kter\u00fd dojel 56.celkov\u011b a v U23 bral 28. m\u00edsto. V t\u00e9to kategorii figuruje v TOP 30 i po dvou z\u00e1vodech (27. m\u00edsto). <span style=\"color: #800000;\"><strong>Jirka \u0160t\u011bpan\u00edk<\/strong><\/span>, kter\u00fd slavil v Brn\u011b come-back do koloto\u010de velk\u00fdch z\u00e1vod\u016f, fini\u0161oval t\u0159i p\u0159\u00ed\u010dky p\u0159ed Mat\u011bjem, jako 53. Tento v\u00fdsledek ho pr\u016fb\u011b\u017en\u011b \u0159ad\u00ed zat\u00edm na celkov\u00e9 81. m\u00edsto. Dobr\u00e1 pr\u00e1ce chlapi! D\u00edky v\u0161em za vzorn\u00e9 repre odd\u00edlu,\u00a0 d\u00edk i tren\u00e9ru<span style=\"color: #800000;\"><strong> Vlast\u00edkovi Odehnalovi<\/strong><\/span>, kter\u00fd v Brn\u011b na\u0161i dosp\u011blou &#8222;\u00faderku&#8220; sv\u011bdomit\u011b &#8222;o\u0161\u00e9foval&#8220;! <strong><a href=\"https:\/\/sportsoft.cz\/OfficialResults\/2021\/20210529_cp_xc_mtb_brno_men.pdf?202105.29.05.17\">Mrkn\u011bte na v\u00fdsledkov\u00e9 listiny&#8230;<\/a><\/strong><span style=\"color: #339966;\"><a href=\"https:\/\/sportsoft.cz\/OfficialResults\/2021\/20210529_cp_xc_mtb_brno_men.pdf?202105.29.05.17\"><span style=\"color: #339966;\"><strong><span style=\"color: #000000;\"><br \/>\n<\/span><\/strong><\/span><\/a><\/span><\/span><\/p>\n<figure id=\"attachment_15288\" aria-describedby=\"caption-attachment-15288\" style=\"width: 1933px\" class=\"wp-caption alignnone\"><a href=\"http:\/\/www.moravecteam.cz\/?attachment_id=15288\" rel=\"attachment wp-att-15288\"><img decoding=\"async\" loading=\"lazy\" class=\" wp-image-15288\" alt=\"IMG_20210530_104604\" src=\"http:\/\/www.moravecteam.cz\/wp-content\/uploads\/2021\/06\/IMG_20210530_104604.jpg\" width=\"1933\" height=\"2088\" srcset=\"https:\/\/www.moravecteam.cz\/wp-content\/uploads\/2021\/06\/IMG_20210530_104604.jpg 1933w, https:\/\/www.moravecteam.cz\/wp-content\/uploads\/2021\/06\/IMG_20210530_104604-277x300.jpg 277w, https:\/\/www.moravecteam.cz\/wp-content\/uploads\/2021\/06\/IMG_20210530_104604-947x1024.jpg 947w\" sizes=\"(max-width: 1933px) 100vw, 1933px\" \/><\/a><figcaption id=\"caption-attachment-15288\" class=\"wp-caption-text\">Maty\u00e1\u0161 Maivald vybojoval v Hradci Kr\u00e1lov\u00e9 cenn\u00fd bronz!<\/figcaption><\/figure>\n<p style=\"text-align: justify;\">Na\u0161i &#8222;\u00dadernou cyklodivizi\u00a0 SEVER&#8220;\u00a0 tvo\u0159\u00ed v sou\u010dasnosti p\u0159edev\u0161\u00edm p\u011bt \u0161ikovn\u00fdch mlad\u00fdch rajdr\u016f multisportovn\u011b zalo\u017een\u00fdch rodin Maivaldovic a Posp\u00ed\u0161ilovic. Tito podnikly v monitorovan\u00e9m obdob\u00ed pozoruhodn\u011b \u00fasp\u011b\u0161n\u00e9 ofenz\u00edvy v z\u00e1padn\u00edm sm\u011bru. Nejd\u0159\u00edve svedli\u00a0 souboje v p\u0159edposledn\u00edm kv\u011btnov\u00e9m dnu na d\u011btsk\u00fdch trat\u00edch v r\u00e1mci Cyklomaratonu v <a href=\"https:\/\/www.hradeckralove.org\/\"><strong>Hradci Kr\u00e1lov\u00e9<\/strong>.<\/a> A pr\u00e1v\u011b zde n\u00e1m to medailov\u011b cinklo poprv\u00e9. A to d\u00edky rychl\u00e9mu <span style=\"color: #800000;\"><strong>Maty\u00e1\u0161i Maivaldovi<\/strong><\/span>, kter\u00fd v z\u00e1vod\u011b kategorie chlapc\u016f 9-10 si dospurtoval pro bronz!\u00a0 Zde omrkn\u011bte<strong> <a href=\"https:\/\/www.sport-base.cz\/vysledky\/2021\/z-cmt-hradec-kids-21?flt%5Bpohl%5D=&amp;flt%5Bkat%5D=DM10%23A3&amp;flt%5Bprijm%5D=&amp;flt%5Bsc%5D=\">Matyho v\u00fdsledek<\/a><\/strong>. V\u00fdborn\u011b mu v Hradci sekundovali i jeho dva mlad\u0161\u00ed br\u00e1chov\u00e9: <strong><span style=\"color: #800000;\">Sebasti\u00e1n Maivald<\/span><\/strong> vybojoval v kategorii chlapc\u016f 7-8 let kvalitn\u00ed um\u00edst\u011bn\u00ed v <strong><a href=\"https:\/\/www.sport-base.cz\/vysledky\/2021\/z-cmt-hradec-kids-21?flt%5Bpohl%5D=&amp;flt%5Bkat%5D=DM8%23A2&amp;flt%5Bprijm%5D=&amp;flt%5Bsc%5D=\">TOP10<\/a><\/strong> a benjam\u00ednek <span style=\"color: #800000;\"><strong>Eli\u00e1\u0161 Maivald<\/strong><\/span>, kter\u00fd aktu\u00e1ln\u011b naj\u00ed\u017ed\u00ed prvn\u00ed kilometry na opravdov\u00e9m kole, a kter\u00fd byl ve startovn\u00ed listin\u011b dvaadvaceti chlapc\u016f jedn\u00edm z nejmlad\u0161\u00edch, dojel v t\u011b\u017ek\u00e9 konkurenci v po\u010detn\u00e9 kategorie chlapc\u016f do 6-ti let v <strong><a href=\"https:\/\/www.sport-base.cz\/vysledky\/2021\/z-cmt-hradec-kids-21?flt%5Bpohl%5D=&amp;flt%5Bkat%5D=DM6%23A1&amp;flt%5Bprijm%5D=&amp;flt%5Bsc%5D=\">TOP15<\/a><\/strong>!\u00a0 A kdy\u017e k tomu p\u0159ipo\u010dteme um\u00edst\u011bn\u00ed v elitn\u00ed des\u00edtce z\u00e1vodu odr\u00e1\u017eedel <strong><span style=\"color: #800000;\">\u0160t\u011bp\u00e1nka Posp\u00ed\u0161ila<\/span><\/strong> (bramborov\u00e9 4. m\u00edsto) a <span style=\"color: #800000;\"><strong>Tom\u00e1\u0161ka Posp\u00ed\u0161ila<\/strong><\/span> (8. m\u00edsto), mus\u00edme podruh\u00e9 zvolat: Bravo MORAVEC!<\/p>\n<figure id=\"attachment_15289\" aria-describedby=\"caption-attachment-15289\" style=\"width: 630px\" class=\"wp-caption alignnone\"><a href=\"http:\/\/www.moravecteam.cz\/?attachment_id=15289\" rel=\"attachment wp-att-15289\"><img decoding=\"async\" loading=\"lazy\" class=\" wp-image-15289\" alt=\"1622296730424\" src=\"http:\/\/www.moravecteam.cz\/wp-content\/uploads\/2021\/06\/1622296730424.jpg\" width=\"630\" height=\"668\" srcset=\"https:\/\/www.moravecteam.cz\/wp-content\/uploads\/2021\/06\/1622296730424.jpg 630w, https:\/\/www.moravecteam.cz\/wp-content\/uploads\/2021\/06\/1622296730424-282x300.jpg 282w\" sizes=\"(max-width: 630px) 100vw, 630px\" \/><\/a><figcaption id=\"caption-attachment-15289\" class=\"wp-caption-text\">Mat\u011bj Kalina uh\u00e1n\u00ed na Cyklomanu pro &#8222;bramboru&#8220;!<\/figcaption><\/figure>\n<p style=\"text-align: justify;\">Seri\u00e1l cykloistick\u00fdch z\u00e1vod\u016f CYKLOMAN je spojov\u00e1n s m\u011bstem <strong><a href=\"https:\/\/www.moravskatrebova.cz\/\">Moravsk\u00e1 T\u0159ebov\u00e1<\/a><\/strong> a v r\u00e1mci MORAVEC Teamu se jm\u00e9nem Petr \u0160ich, kter\u00fd v t\u00e9to s\u00e9rii dos\u00e1hl n\u011bkolika v\u00fdrazn\u00fdch \u00fasp\u011bch\u016f. Tentokr\u00e1t se postavil na start silni\u010dn\u00ed \u010dasovky v kategorii junior\u016f n\u00e1\u0161 dvan\u00e1ctilet\u00fd reprezentant, <strong><span style=\"color: #800000;\">Mat\u011bj Kalina<\/span><\/strong>. \u0160ikovn\u00e9ho rajdra z <strong><a href=\"https:\/\/www.letovice.net\/\">Letovic<\/a><\/strong> to ale nikterak neznerv\u00f3znilo a po v\u00fdborn\u00e9 j\u00edzd\u011b se dok\u00e1zal mezi podstatn\u011b star\u0161\u00edmi soupe\u0159i prosadit na 4. m\u00edsto! Na bronz ztr\u00e1cel Mat\u011bj n\u011bco m\u00e1lo p\u0159es minutu! Bravo MORAVEC do t\u0159etice! Zde si m\u016f\u017eete t\u011b\u017eko uv\u011b\u0159iteln\u00fd <strong><a href=\"https:\/\/us.docworkspace.com\/d\/sIGuprtId7LPKhQY\">Mat\u011bj\u016fv v\u00fdsledek<\/a><\/strong> ov\u011b\u0159it&#8230;<\/p>\n<div style=\"text-align: justify;\"><\/div>\n<figure id=\"attachment_15291\" aria-describedby=\"caption-attachment-15291\" style=\"width: 1026px\" class=\"wp-caption alignnone\"><a href=\"http:\/\/www.moravecteam.cz\/?attachment_id=15291\" rel=\"attachment wp-att-15291\"><img decoding=\"async\" loading=\"lazy\" class=\" wp-image-15291\" alt=\"IMG_20210601_175210\" src=\"http:\/\/www.moravecteam.cz\/wp-content\/uploads\/2021\/06\/IMG_20210601_175210.jpg\" width=\"1026\" height=\"917\" srcset=\"https:\/\/www.moravecteam.cz\/wp-content\/uploads\/2021\/06\/IMG_20210601_175210.jpg 1026w, https:\/\/www.moravecteam.cz\/wp-content\/uploads\/2021\/06\/IMG_20210601_175210-300x268.jpg 300w, https:\/\/www.moravecteam.cz\/wp-content\/uploads\/2021\/06\/IMG_20210601_175210-1024x915.jpg 1024w\" sizes=\"(max-width: 1026px) 100vw, 1026px\" \/><\/a><figcaption id=\"caption-attachment-15291\" class=\"wp-caption-text\">Sourozenci Chlubnovi do MORAVEC Teamu v\u00fdborn\u011b zapadli!<\/figcaption><\/figure>\n<p style=\"text-align: justify;\"><strong><a href=\"https:\/\/www.kolopro.cz\/\">Kolo pro \u017eivot<\/a><\/strong> pokra\u010dovalo v \u010cech\u00e1ch, t\u0159et\u00edm z\u00e1vodem na <strong><a href=\"https:\/\/cs.wikipedia.org\/wiki\/Orl%C3%ADk_nad_Vltavou\">Orl\u00edku<\/a><\/strong> &#8211; Vystrkov\u011b a zde MORAVEC Team op\u011bt reprezentovali sourozenci \u0160imon a Ella Chlubnovi z <strong><a href=\"https:\/\/www.rouchovany.cz\/\">Rouchovan<\/a><\/strong>, kte\u0159\u00ed tvo\u0159\u00ed na\u0161i \u00fadernou &#8222;Cyklodivizi &#8211; JIHO\/Z\u00c1PAD&#8220;. Oba znovu potvrdili, \u017ee ve sv\u00fdch kategori\u00edch pat\u0159\u00ed v t\u00e9to s\u00e9rii k u\u017e\u0161\u00ed \u0161pi\u010dce. <span style=\"color: #800000;\"><strong>\u0160imon Chlubna<\/strong><\/span> fini\u0161oval tentokr\u00e1t v kategorii chlapc\u016f 8-9 let v konkurenci v\u00edce jak 30-ti soupe\u0159\u016f na 7. m\u00edst\u011b a jeho mlad\u0161\u00ed sestra <strong><span style=\"color: #800000;\">Ella\u00a0 Chlubnov\u00e1<\/span><\/strong> dojela v kategorii d\u00edvek 6-7 let jen o p\u0159\u00ed\u010dku h\u016f\u0159, ne\u017e jej\u00ed br\u00e1cha. D\u011bv\u010dat startovalo 18 a zde mrkn\u011bte na <strong><a href=\"https:\/\/sportsoft.cz\/cs\/zavod\/results\/5679?rid=4943&amp;eventid=3\">v\u00fdsledek \u0160imona<\/a><\/strong> a taky na <strong><a href=\"https:\/\/sportsoft.cz\/cs\/zavod\/results\/5679?rid=4943&amp;eventid=4\">v\u00fdsledek Elly<\/a><\/strong>.<\/p>\n<div style=\"text-align: justify;\"><\/div>\n<figure id=\"attachment_15296\" aria-describedby=\"caption-attachment-15296\" style=\"width: 3047px\" class=\"wp-caption alignnone\"><a href=\"http:\/\/www.moravecteam.cz\/?attachment_id=15296\" rel=\"attachment wp-att-15296\"><img decoding=\"async\" loading=\"lazy\" class=\" wp-image-15296\" alt=\"IMG_20210530_104548\" src=\"http:\/\/www.moravecteam.cz\/wp-content\/uploads\/2021\/06\/IMG_20210530_104548.jpg\" width=\"3047\" height=\"2233\" srcset=\"https:\/\/www.moravecteam.cz\/wp-content\/uploads\/2021\/06\/IMG_20210530_104548.jpg 3047w, https:\/\/www.moravecteam.cz\/wp-content\/uploads\/2021\/06\/IMG_20210530_104548-300x219.jpg 300w, https:\/\/www.moravecteam.cz\/wp-content\/uploads\/2021\/06\/IMG_20210530_104548-1024x750.jpg 1024w\" sizes=\"(max-width: 3047px) 100vw, 3047px\" \/><\/a><figcaption id=\"caption-attachment-15296\" class=\"wp-caption-text\">Bylo n\u00e1s p\u011bt! Sourozenci Maivaldovi a Posp\u00ed\u0161ilovi po z\u00e1vod\u011b v Hradci Kr\u00e1lov\u00e9.<\/figcaption><\/figure>\n<p style=\"text-align: justify;\">To ale st\u00e1le je\u0161t\u011b nen\u00ed v\u0161e. Proto\u017ee i leto\u0161n\u00ed sez\u00f3na bude kv\u016fli COVIDu19 op\u011bt zhu\u0161t\u011bn\u00e1 a term\u00ednov\u011b &#8222;na\u0159\u00edzl\u00e1&#8220;, u\u017e nyn\u00ed to \u0159e\u0161\u00ed po\u0159adatel\u00e9 organizov\u00e1n\u00edm z\u00e1vod\u016f netradi\u010dn\u011b uprost\u0159ed t\u00fddne. P\u0159\u00edkladem je Hradeck\u00fd MTB poh\u00e1r, kter\u00fd odstartoval na Den d\u011bt\u00ed, 1, \u010dervna. A op\u011bt u toho byla na\u0161e &#8222;Cyklodivize &#8211; SEVER&#8220; z <strong><a href=\"http:\/\/www.koclirov.cz\/\">Kocl\u00ed\u0159ova<\/a><\/strong> resp. <strong><a href=\"https:\/\/www.obec-radimer.cz\/\">Radim\u011b\u0159e<\/a><\/strong>, v pln\u00e9 s\u00edle p\u011bti mlad\u00fdch rajdr\u016f. A op\u011bt jim zacinkala medaile! Postaral se o ni tentokr\u00e1t v kategorii &#8222;\u017d\u00e1ci mlad\u0161\u00ed I &#8220;\u00a0 <strong><span style=\"color: #800000;\">Sebastian Maivald<\/span><\/strong>, kter\u00fd vybojoval v\u00fdborn\u00e9, 2. m\u00edsto! <strong><span style=\"color: #800000;\">Maty\u00e1\u0161 Maivald<\/span><\/strong> se um\u00edstil v kategorii &#8222;\u017d\u00e1ci star\u0161\u00ed I&#8220; na kvalitn\u00edm 5. m\u00edst\u011b a i t\u0159i nejmlad\u0161\u00ed z tohoto bikersk\u00e9ho klanu se \u010dinili: <strong><span style=\"color: #800000;\">\u0160t\u011bp\u00e1nek s Tom\u00e1\u0161kem Posp\u00ed\u0161ilovi<\/span><\/strong> zopakovali na odr\u00e1\u017eedlech 4. a 8. m\u00edstem sv\u016fj minul\u00fd v\u00fdsledek a <strong><span style=\"color: #800000;\">Eli\u00e1\u0161ek Maivald<\/span><\/strong> se u\u017e na kole dok\u00e1zal prosadit dokonce na bronzov\u00fd stup\u00ednek! Bravo MORAVEC, u\u017e ani nev\u00edm, po kolik\u00e1t\u00e9, v r\u00e1mci t\u00e9to aktuality takhle chv\u00e1l\u00edme! Je to jen d\u016fkaz toho, \u017ee na\u0161i jsou na sezonu jednak dob\u0159e p\u0159ipraven\u00ed a jednak zdrav\u011b &#8222;hladov\u00ed&#8220; po z\u00e1vod\u011bn\u00ed! A to je dob\u0159e&#8230; &#8230;\u00a0Zde jsou &#8211; pro \u00faplnost &#8211;\u00a0 z Hradce Kr\u00e1lov\u00e9<strong> <a href=\"http:\/\/hp.hsk-cycling.cz\/index.php?strana=vysledky&amp;zavod=0_2021&amp;kategorie=164\">\u00fatern\u00ed v\u00fdsledky.<\/a><\/strong><\/p>\n<div style=\"text-align: justify;\"><\/div>\n<figure id=\"attachment_15292\" aria-describedby=\"caption-attachment-15292\" style=\"width: 1725px\" class=\"wp-caption alignnone\"><a href=\"http:\/\/www.moravecteam.cz\/?attachment_id=15292\" rel=\"attachment wp-att-15292\"><img decoding=\"async\" loading=\"lazy\" class=\" wp-image-15292\" alt=\"IMG_5010\" src=\"http:\/\/www.moravecteam.cz\/wp-content\/uploads\/2021\/06\/IMG_5010.jpg\" width=\"1725\" height=\"1315\" srcset=\"https:\/\/www.moravecteam.cz\/wp-content\/uploads\/2021\/06\/IMG_5010.jpg 1725w, https:\/\/www.moravecteam.cz\/wp-content\/uploads\/2021\/06\/IMG_5010-300x228.jpg 300w, https:\/\/www.moravecteam.cz\/wp-content\/uploads\/2021\/06\/IMG_5010-1024x780.jpg 1024w\" sizes=\"(max-width: 1725px) 100vw, 1725px\" \/><\/a><figcaption id=\"caption-attachment-15292\" class=\"wp-caption-text\">Je\u0161t\u011b jedna fotka na\u0161ich &#8222;st\u00edha\u010d\u016f&#8220; z poh\u00e1rov\u00e9ho Brna.<\/figcaption><\/figure>\n<p style=\"text-align: justify;\">Sez\u00f3na tedy nab\u00edr\u00e1 obr\u00e1tky. <strong><a href=\"https:\/\/www.poharmtb.cz\/izomat-mtb-cup-2021\">MTB \u010cesk\u00fd poh\u00e1r<\/a><\/strong> pokra\u010duje o posledn\u00edm \u010dervnov\u00e9m v\u00edkendu v Bed\u0159ichov\u011b ve sv\u00e9 ji\u017e &#8222;neo\u0159ezan\u00e9&#8220; programov\u00e9 podob\u011b\u00a0 a t\u00edm p\u00e1dem t\u0159i na\u0161e dosp\u011bl\u00e9 mu\u0161ket\u00fdry dopln\u00ed i na\u0161i licencovan\u00ed el\u00e9vov\u00e9 a nepochybuji, \u017ee p\u00e1r MORAVC\u016e zas\u00e1hne do boj\u016f i v kategori\u00edch MINIME. P\u0159\u00ed\u0161t\u00ed st\u0159edu, 16. \u010dervna se rozb\u011bhne v Brn\u011b Brn\u011bnsk\u00fd MTB poh\u00e1r (<strong><a href=\"http:\/\/www.moravecteam.cz\/?attachment_id=15284\" rel=\"attachment wp-att-15284\">MTB Brn\u011bnsk\u00fd poh\u00e1r 2021<\/a><\/strong>) a &#8222;na dost\u0159el&#8220; je snad u\u017e i start\u00a0<strong><a href=\"http:\/\/www.pohardrahanskevrchoviny.cz\/start-pdv-odlozen-2\/\">MTB &#8222;Vrchoviny..!<\/a><\/strong><\/p>\n<div style=\"text-align: justify;\"><\/div>\n<div style=\"text-align: justify;\"><\/div>\n<div style=\"text-align: justify;\"><\/div>\n","protected":false},"excerpt":{"rendered":"<p>&#8230;na druh\u00e9m MTB \u010cesk\u00e9m poh\u00e1ru o posledn\u00edm kv\u011btnov\u00e9m v\u00edkendu, m\u011b\u0159ili s\u00edly se sv\u00fdmi soupe\u0159i bike\u0159i MORAVEC Teamu&#8230; Ani na silnic\u00edch v okol\u00ed Moravsk\u00e9 T\u0159ebov\u00e9 (zde se rozb\u011bhl popul\u00e1rn\u00ed cyklistick\u00fd seri\u00e1l &#8222;CYKLOMAN&#8220;) nechyb\u011bl jeden n\u00e1\u0161 biker &#8211; &#8222;junior&#8220; a dal\u0161\u00ed na\u0161e &#8222;mlad\u00e9 pu\u0161ky&#8220; n\u00e1s \u00fasp\u011b\u0161n\u011b reprezentovaly\u00a0 na MTB z\u00e1vodech v Hradci Kr\u00e1lov\u00e9 a Orl\u00edku-Vystrkov\u011b. A \u017ee &hellip; <a href=\"https:\/\/www.moravecteam.cz\/?p=15261\" class=\"more-link\">Pokra\u010dov\u00e1n\u00ed textu <span class=\"screen-reader-text\">Nejen v Brn\u011b&#8230;<\/span> <span class=\"meta-nav\">&rarr;<\/span><\/a><\/p>\n","protected":false},"author":3,"featured_media":15286,"comment_status":"open","ping_status":"closed","sticky":false,"template":"","format":"standard","meta":[],"categories":[1],"tags":[],"_links":{"self":[{"href":"https:\/\/www.moravecteam.cz\/index.php?rest_route=\/wp\/v2\/posts\/15261"}],"collection":[{"href":"https:\/\/www.moravecteam.cz\/index.php?rest_route=\/wp\/v2\/posts"}],"about":[{"href":"https:\/\/www.moravecteam.cz\/index.php?rest_route=\/wp\/v2\/types\/post"}],"author":[{"embeddable":true,"href":"https:\/\/www.moravecteam.cz\/index.php?rest_route=\/wp\/v2\/users\/3"}],"replies":[{"embeddable":true,"href":"https:\/\/www.moravecteam.cz\/index.php?rest_route=%2Fwp%2Fv2%2Fcomments&post=15261"}],"version-history":[{"count":30,"href":"https:\/\/www.moravecteam.cz\/index.php?rest_route=\/wp\/v2\/posts\/15261\/revisions"}],"predecessor-version":[{"id":15302,"href":"https:\/\/www.moravecteam.cz\/index.php?rest_route=\/wp\/v2\/posts\/15261\/revisions\/15302"}],"wp:featuredmedia":[{"embeddable":true,"href":"https:\/\/www.moravecteam.cz\/index.php?rest_route=\/wp\/v2\/media\/15286"}],"wp:attachment":[{"href":"https:\/\/www.moravecteam.cz\/index.php?rest_route=%2Fwp%2Fv2%2Fmedia&parent=15261"}],"wp:term":[{"taxonomy":"category","embeddable":true,"href":"https:\/\/www.moravecteam.cz\/index.php?rest_route=%2Fwp%2Fv2%2Fcategories&post=15261"},{"taxonomy":"post_tag","embeddable":true,"href":"https:\/\/www.moravecteam.cz\/index.php?rest_route=%2Fwp%2Fv2%2Ftags&post=15261"}],"curies":[{"name":"wp","href":"https:\/\/api.w.org\/{rel}","templated":true}]}}