{"id":15303,"date":"2021-09-15T11:16:53","date_gmt":"2021-09-15T09:16:53","guid":{"rendered":"http:\/\/www.moravecteam.cz\/?p=15303"},"modified":"2021-09-15T11:16:53","modified_gmt":"2021-09-15T09:16:53","slug":"rychli-kluci","status":"publish","type":"post","link":"https:\/\/www.moravecteam.cz\/?p=15303","title":{"rendered":"Rychl\u00ed kluci!"},"content":{"rendered":"<p style=\"text-align: justify;\"><strong><span style=\"color: #800000;\">Dal\u0161\u00ed dva MTB z\u00e1vody prob\u011bhly o prvn\u00edm \u010dervnov\u00e9m v\u00edkendu za \u00fa\u010dasti &#8211; tentokr\u00e1t v\u00fdhradn\u011b hoch\u016f &#8211; MORAVEC Teamu. V sobotu se z\u00fa\u010dastnili brat\u0159i Maivaldovi MTB z\u00e1vodu Prima Cup na Doln\u00ed Morav\u011b, aby v\u0161ichni t\u0159i spole\u010dn\u011b stihli i v ned\u011bli MTB z\u00e1vody v\u00a0 okol\u00ed Moravsk\u00e9 T\u0159ebov\u00e9, kde\u00a0 pokra\u010dovala s\u00e9rie z\u00e1vod\u016f Cykloman a Cyklom\u00e1nek. A je u\u017e tradic\u00ed, \u017ee\u00a0 na\u0161i &#8222;t\u0159i mu\u0161ket\u00fd\u0159i&#8220; nejsou zvykl\u00ed se vracet\u00a0 pr\u00e1zdnou! Ne jinak tomu bylo i v p\u0159\u00edpad\u011b \u00fa\u010dasti na Prima Cupu a Cyklom\u00e1nku. Nav\u00edc v ned\u011bli v Moravsk\u00e9 T\u0159ebov\u00e9 &#8222;mlad\u00e9 pu\u0161ky&#8220; \u00fasp\u011b\u0161n\u011b doplnili dv\u011b na\u0161e &#8222;star\u00e9 pu\u0161ky&#8220;&#8230;!\u00a0<\/span><\/strong><\/p>\n<figure id=\"attachment_15310\" aria-describedby=\"caption-attachment-15310\" style=\"width: 960px\" class=\"wp-caption alignnone\"><a href=\"http:\/\/www.moravecteam.cz\/?attachment_id=15310\" rel=\"attachment wp-att-15310\"><img decoding=\"async\" loading=\"lazy\" class=\" wp-image-15310\" alt=\"Maty 1 dm\" src=\"http:\/\/www.moravecteam.cz\/wp-content\/uploads\/2021\/09\/Maty-1-dm.jpg\" width=\"960\" height=\"720\" srcset=\"https:\/\/www.moravecteam.cz\/wp-content\/uploads\/2021\/09\/Maty-1-dm.jpg 960w, https:\/\/www.moravecteam.cz\/wp-content\/uploads\/2021\/09\/Maty-1-dm-300x225.jpg 300w\" sizes=\"(max-width: 960px) 100vw, 960px\" \/><\/a><figcaption id=\"caption-attachment-15310\" class=\"wp-caption-text\">V\u00edt\u011bz z Doln\u00ed Moravy &#8211; Maty\u00e1\u0161 Maivald.<\/figcaption><\/figure>\n<p style=\"text-align: justify;\">Na rekapitulaci poj\u010fme op\u011bt chronologicky: na Doln\u00ed Morav\u011b z\u00e1vod &#8222;sednul&#8220; p\u0159edev\u0161\u00edm <span style=\"color: #800000;\"><strong>Maty\u00e1\u0161i Maivaldovi<\/strong><\/span>, kter\u00fd ve sv\u00e9 kategorii na okruhu, kter\u00fd se vyzna\u010doval n\u00e1ro\u010dn\u00fdm stoup\u00e1n\u00edm po startu a nem\u00e9n\u011b n\u00e1ro\u010dn\u00fdm sjezdem po sjezdovce, a kter\u00fd Maty\u00e1\u0161 absolvoval celkem dvakr\u00e1t, nedal soupe\u0159\u016fm \u017e\u00e1dnou \u0161anci a suver\u00e9nn\u011b zv\u00edt\u011bzil! Mlad\u0161\u00ed ze t\u0159\u00ed bratr\u016f, <strong><span style=\"color: #800000;\">Sebasti\u00e1n Maivald<\/span><\/strong>, byl handicapov\u00e1n lehk\u00fdm nachlazen\u00edm, p\u0159esto i on se ve sv\u00e9 kategorii dok\u00e1zal prosadit v z\u00e1vod\u011b, kter\u00fd m\u011bl vyps\u00e1n na jedno kol, do TOP10, kdy\u017e fini\u0161oval na 7. m\u00edst\u011b. Nejmlad\u0161\u00ed <strong><span style=\"color: #800000;\">Eli\u00e1\u0161ek Maivald<\/span><\/strong>, kter\u00fd naj\u00ed\u017ed\u00ed na &#8222;opravdov\u00e9m&#8220; kole teprve svoje prvn\u00ed kilometry bral cenn\u00e9 &#8222;bramborov\u00e9&#8220; 4. m\u00edsto. Bravo kluci! Bravo MORAVEC! Zde mrkn\u011bte na v\u00fdsledkov\u00fd servis.<\/p>\n<figure id=\"attachment_15311\" aria-describedby=\"caption-attachment-15311\" style=\"width: 720px\" class=\"wp-caption alignnone\"><a href=\"http:\/\/www.moravecteam.cz\/?attachment_id=15311\" rel=\"attachment wp-att-15311\"><img decoding=\"async\" loading=\"lazy\" class=\" wp-image-15311\" alt=\"196045631_4474176025926094_5299075246821846386_n\" src=\"http:\/\/www.moravecteam.cz\/wp-content\/uploads\/2021\/09\/196045631_4474176025926094_5299075246821846386_n.jpg\" width=\"720\" height=\"960\" srcset=\"https:\/\/www.moravecteam.cz\/wp-content\/uploads\/2021\/09\/196045631_4474176025926094_5299075246821846386_n.jpg 720w, https:\/\/www.moravecteam.cz\/wp-content\/uploads\/2021\/09\/196045631_4474176025926094_5299075246821846386_n-225x300.jpg 225w\" sizes=\"(max-width: 720px) 100vw, 720px\" \/><\/a><figcaption id=\"caption-attachment-15311\" class=\"wp-caption-text\">Bronzov\u00fd Seb\u00edk v Moravsk\u00e9 T\u0159ebov\u00e9.<\/figcaption><\/figure>\n<div style=\"text-align: justify;\">V ned\u011bli na Cyklom\u00e1nku se ne\u00fanavn\u00ed brat\u0159i <strong><span style=\"color: #800000;\">Maty\u00e1\u0161 a Sebastian Maivaldovi<\/span><\/strong> postavili ve sv\u00fdch kategori\u00edch na start znovu a v\u00fdsledkem jejich dal\u0161\u00ed dobr\u00e9 pr\u00e1ce byl i kvalitn\u00ed v\u00fdsledek: oba se mohli radovat ze zisku\u00a0 bronzov\u00fdch medail\u00ed! V akci byl &#8211; op\u011bt u\u017e na velk\u00e9m kole &#8211; i nejmlad\u0161\u00ed z bratr\u016f, <strong><span style=\"color: #800000;\">Eli\u00e1\u0161 Maivald<\/span><\/strong>, kter\u00fd ve sv\u00e9 kategorii bral um\u00edst\u011bn\u00ed v TOP10.\u00a0 V Moravsk\u00e9 T\u0159ebov\u00e9 nechyb\u011bli ani brat\u0159i Posp\u00ed\u0161ilovi (dvoj\u010data), kte\u0159\u00ed jsou bratranci tria\u00a0 br\u00e1ch\u016f Maivaldovic. Oba startovali v z\u00e1vod\u011b odr\u00e1\u017eedel a oba vybojovali &#8222;bednu&#8220;: <strong><span style=\"color: #800000;\">\u0160t\u011bp\u00e1nek Posp\u00ed\u0161il<\/span><\/strong> fini\u0161oval na st\u0159\u00edbrn\u00e9m stup\u00ednku a <strong><span style=\"color: #800000;\">Tom\u00e1\u0161ek Posp\u00ed\u0161il<\/span><\/strong> dorazil do c\u00edle t\u011bsn\u011b za n\u00edm, jako t\u0159et\u00ed v po\u0159ad\u00ed!<\/div>\n<div style=\"text-align: justify;\"><\/div>\n<div style=\"text-align: justify;\"><a href=\"http:\/\/www.moravecteam.cz\/?attachment_id=15312\" rel=\"attachment wp-att-15312\"><img decoding=\"async\" loading=\"lazy\" class=\" wp-image-15312\" title=\"Bronzov\u00fd Maty\u00e1\u0161 v Moravsk\u00e9 T\u0159ebov\u00e9.\" alt=\"197734820_4474179282592435_4833246739656947619_n\" src=\"http:\/\/www.moravecteam.cz\/wp-content\/uploads\/2021\/09\/197734820_4474179282592435_4833246739656947619_n.jpg\" width=\"1200\" height=\"1600\" srcset=\"https:\/\/www.moravecteam.cz\/wp-content\/uploads\/2021\/09\/197734820_4474179282592435_4833246739656947619_n.jpg 1200w, https:\/\/www.moravecteam.cz\/wp-content\/uploads\/2021\/09\/197734820_4474179282592435_4833246739656947619_n-225x300.jpg 225w, https:\/\/www.moravecteam.cz\/wp-content\/uploads\/2021\/09\/197734820_4474179282592435_4833246739656947619_n-768x1024.jpg 768w\" sizes=\"(max-width: 1200px) 100vw, 1200px\" \/><\/a><\/div>\n<div style=\"text-align: justify;\"><\/div>\n<div style=\"text-align: justify;\">Tentokr\u00e1t v tom ale Maivaldovi v Moravsk\u00e9 T\u0159ebov\u00e9 nebyli zdaleka sami. Na &#8222;velk\u00e9m&#8220; Cyklomanu reprezentovali MORAVEC Team tak\u00e9 <strong><span style=\"color: #800000;\">Petr \u0160ich<\/span> <\/strong>s <strong><span style=\"color: #800000;\">Mat\u011bjem \u0160tindlem<\/span><\/strong>. A reprezentovali n\u00e1s v\u00edc, ne\u017e zdatn\u011b! M\u011bstsk\u00e9 cross country vyhr\u00e1l v elitn\u00ed kategorii mu\u017e\u016f Petr \u0160ich, kter\u00fd v absolutn\u00edm po\u0159ad\u00ed nesta\u010dil jen na v\u00fdborn\u00e9ho juniora Jakuba Zemene (D2 Mont Merida Cycling Team) za jeho\u017e v\u00edt\u011bzn\u00fdm \u010dasem 51:29 minut zaostal pouze o 9 vte\u0159in. Pe\u0165ovi \u0161est\u00fdm m\u00edstem mezi juniory v\u00fdborn\u011b sekundoval druh\u00fd z na\u0161ich startuj\u00edc\u00edch borc\u016f, Mat\u011bj \u0160tindl. Bravo MORAVEC! A d\u00edky moc v\u0161em za v\u00edkendovou vzornou reprezentaci odd\u00edlu! Jen tak d\u00e1l! Zde jsou\u00a0 z Cyklomanu a Cyklom\u00e1nku v\u00fdsledky:<\/div>\n<div style=\"text-align: justify;\"><\/div>\n<div style=\"text-align: justify;\">\n<ul>\n<li><strong><a href=\"http:\/\/www.moravecteam.cz\/?attachment_id=15307\" rel=\"attachment wp-att-15307\">cyklomanek-20210606-mcc<\/a><\/strong><\/li>\n<li><strong><a href=\"http:\/\/www.cykloman.cz\/?_vysledky2021_03=mestske-cross-country\">cykloman<\/a><\/strong><\/li>\n<\/ul>\n<figure id=\"attachment_15313\" aria-describedby=\"caption-attachment-15313\" style=\"width: 2736px\" class=\"wp-caption alignnone\"><a href=\"http:\/\/www.moravecteam.cz\/?attachment_id=15313\" rel=\"attachment wp-att-15313\"><img decoding=\"async\" loading=\"lazy\" class=\" wp-image-15313\" alt=\"IMG_5101\" src=\"http:\/\/www.moravecteam.cz\/wp-content\/uploads\/2021\/09\/IMG_5101.jpg\" width=\"2736\" height=\"1824\" srcset=\"https:\/\/www.moravecteam.cz\/wp-content\/uploads\/2021\/09\/IMG_5101.jpg 2736w, https:\/\/www.moravecteam.cz\/wp-content\/uploads\/2021\/09\/IMG_5101-300x200.jpg 300w, https:\/\/www.moravecteam.cz\/wp-content\/uploads\/2021\/09\/IMG_5101-1024x682.jpg 1024w\" sizes=\"(max-width: 2736px) 100vw, 2736px\" \/><\/a><figcaption id=\"caption-attachment-15313\" class=\"wp-caption-text\">Nejlep\u0161\u00ed &#8222;eli\u0165\u00e1k&#8220; v Moravsk\u00e9 T\u0159ebov\u00e9, n\u00e1\u0161 Petr \u0160ich!<\/figcaption><\/figure>\n<\/div>\n<div style=\"text-align: justify;\"><\/div>\n<div style=\"text-align: justify;\"><\/div>\n<div style=\"text-align: justify;\"><\/div>\n<div style=\"text-align: justify;\"><\/div>\n<div style=\"text-align: justify;\"><\/div>\n<p style=\"text-align: justify;\">\n","protected":false},"excerpt":{"rendered":"<p>Dal\u0161\u00ed dva MTB z\u00e1vody prob\u011bhly o prvn\u00edm \u010dervnov\u00e9m v\u00edkendu za \u00fa\u010dasti &#8211; tentokr\u00e1t v\u00fdhradn\u011b hoch\u016f &#8211; MORAVEC Teamu. V sobotu se z\u00fa\u010dastnili brat\u0159i Maivaldovi MTB z\u00e1vodu Prima Cup na Doln\u00ed Morav\u011b, aby v\u0161ichni t\u0159i spole\u010dn\u011b stihli i v ned\u011bli MTB z\u00e1vody v\u00a0 okol\u00ed Moravsk\u00e9 T\u0159ebov\u00e9, kde\u00a0 pokra\u010dovala s\u00e9rie z\u00e1vod\u016f Cykloman a Cyklom\u00e1nek. A je u\u017e &hellip; <a href=\"https:\/\/www.moravecteam.cz\/?p=15303\" class=\"more-link\">Pokra\u010dov\u00e1n\u00ed textu <span class=\"screen-reader-text\">Rychl\u00ed kluci!<\/span> <span class=\"meta-nav\">&rarr;<\/span><\/a><\/p>\n","protected":false},"author":3,"featured_media":15309,"comment_status":"open","ping_status":"closed","sticky":false,"template":"","format":"standard","meta":[],"categories":[1],"tags":[],"_links":{"self":[{"href":"https:\/\/www.moravecteam.cz\/index.php?rest_route=\/wp\/v2\/posts\/15303"}],"collection":[{"href":"https:\/\/www.moravecteam.cz\/index.php?rest_route=\/wp\/v2\/posts"}],"about":[{"href":"https:\/\/www.moravecteam.cz\/index.php?rest_route=\/wp\/v2\/types\/post"}],"author":[{"embeddable":true,"href":"https:\/\/www.moravecteam.cz\/index.php?rest_route=\/wp\/v2\/users\/3"}],"replies":[{"embeddable":true,"href":"https:\/\/www.moravecteam.cz\/index.php?rest_route=%2Fwp%2Fv2%2Fcomments&post=15303"}],"version-history":[{"count":4,"href":"https:\/\/www.moravecteam.cz\/index.php?rest_route=\/wp\/v2\/posts\/15303\/revisions"}],"predecessor-version":[{"id":15314,"href":"https:\/\/www.moravecteam.cz\/index.php?rest_route=\/wp\/v2\/posts\/15303\/revisions\/15314"}],"wp:featuredmedia":[{"embeddable":true,"href":"https:\/\/www.moravecteam.cz\/index.php?rest_route=\/wp\/v2\/media\/15309"}],"wp:attachment":[{"href":"https:\/\/www.moravecteam.cz\/index.php?rest_route=%2Fwp%2Fv2%2Fmedia&parent=15303"}],"wp:term":[{"taxonomy":"category","embeddable":true,"href":"https:\/\/www.moravecteam.cz\/index.php?rest_route=%2Fwp%2Fv2%2Fcategories&post=15303"},{"taxonomy":"post_tag","embeddable":true,"href":"https:\/\/www.moravecteam.cz\/index.php?rest_route=%2Fwp%2Fv2%2Ftags&post=15303"}],"curies":[{"name":"wp","href":"https:\/\/api.w.org\/{rel}","templated":true}]}}