{"id":15335,"date":"2021-10-12T19:00:34","date_gmt":"2021-10-12T17:00:34","guid":{"rendered":"http:\/\/www.moravecteam.cz\/?p=15335"},"modified":"2021-10-12T19:14:00","modified_gmt":"2021-10-12T17:14:00","slug":"drzime-palce","status":"publish","type":"post","link":"https:\/\/www.moravecteam.cz\/?p=15335","title":{"rendered":"Dr\u017e\u00edme palce!"},"content":{"rendered":"<p style=\"text-align: justify;\"><strong><span style=\"color: #800000;\">Kdy\u017e jsem se p\u0159ipravoval na moderov\u00e1n\u00ed 5. z\u00e1vodu leto\u0161n\u00ed MTB &#8222;Vrchoviny&#8220;, Velk\u00e9 ceny Kn\u00ednic, mrknul jsem letmo na historii jednoho z nejmlad\u0161\u00edch z\u00e1vodu seri\u00e1lu, kter\u00fd letos &#8211;\u00a0 mimochodem\u00a0 &#8211; oslavil mal\u00e9 jubileum (jel se u\u017e jeho 5. ro\u010dn\u00edk). A upoutal m\u011b v\u00fdsledek startu junior\u016f-kadet\u016f p\u0159i premi\u00e9\u0159e v Kn\u00ednic\u00edch v r. 2017.<\/span><\/strong><\/p>\n<p style=\"text-align: justify;\">V konkurenci \u0161esti mlad\u00fdch borc\u016f obsadili tehdy prvn\u00ed \u010dty\u0159i m\u00edsta reprezentanti <span style=\"color: #800000;\"><strong>MORAVEC Teamu<\/strong><\/span> v \u010dele s <strong><span style=\"color: #800000;\">Honzou &#8222;D\u017eony&#8220; \u0160indel\u00e1\u0159em<\/span><\/strong>, kter\u00fd zde tehdy porazil sv\u00e9 t\u0159i t\u00fdmov\u00e9 kolegy: <strong><span style=\"color: #800000;\">Pe\u0165u \u0160icha<\/span><\/strong>, <strong><span style=\"color: #800000;\">V\u00edtka &#8222;Sucho\u0161e&#8220; Such\u00e1nka<\/span><\/strong> a <strong><span style=\"color: #800000;\">Karla Vinick\u00e9ho<\/span><\/strong>. Z\u00e1vod v Kn\u00ednic\u00edch se tehdy jel 16. z\u00e1\u0159\u00ed a ur\u010dit\u011b si vzpomenete, \u017ee ho prov\u00e1zelo de\u0161tiv\u00e9 a chladn\u00e9 po\u010das\u00ed. Technick\u00e9\u00a0 trat\u011b kn\u00ednick\u00e9ho &#8222;Val di Sole&#8220;, kter\u00e9 jsou dost n\u00e1ro\u010dn\u00e9 i za sucha, se tak r\u00e1zem staly bahnit\u00fdmi, kluzk\u00fdmi a docela extr\u00e9mn\u011b n\u00e1ro\u010dn\u00fdmi. &#8222;D\u017eony&#8220; se v\u0161ak v tomto ne\u010dase a n\u00e1ro\u010dn\u00fdch podm\u00ednk\u00e1ch p\u0159edvedl v tom nejlep\u0161\u00edm sv\u011btle a uk\u00e1zal, \u017ee je vskutku odoln\u00fdm borcem a vysloven\u011b klukem do nepohody. Jeho tehdy<strong><a href=\"http:\/\/vysledky.pohardrahanskevrchoviny.cz\/2017\/?page=vysledky&amp;mode=print&amp;kod=k15&amp;nazev=Junio%F8i%20a%20Kadeti%2015-18%20let\"> jasn\u00e9 v\u00edt\u011bzstv\u00ed<\/a><\/strong> s n\u00e1skokem v\u00edce jak 3 minuty to jen potvrzuje.<\/p>\n<p style=\"text-align: justify;\">I aktu\u00e1ln\u011b jede usm\u011bvav\u00fd sympa\u0165\u00e1k a pohod\u00e1\u0159 ze Svat\u00e9 Kate\u0159iny u Blanska <strong><span style=\"color: #800000;\">Honza \u0160indel\u00e1\u0159<\/span><\/strong> &#8211; p\u0159enesen\u011b \u0159e\u010deno &#8211; podobnou n\u00e1ro\u010dnou &#8222;race&#8220;. Podm\u00ednky jsou znovu docela slo\u017eit\u00e9, by\u0165 ho tentokr\u00e1t nepron\u00e1sleduje sme\u010dka f\u00e9rov\u00fdch soupe\u0159\u016f. Jeho sou\u010dasn\u00fd soupe\u0159 je t\u011b\u017e\u0161\u00ed, proto\u017ee je\u00a0 nekorektn\u00ed, z\u00e1ludn\u00fd, nevyzpytateln\u00fd&#8230; Ale jak zn\u00e1m &#8222;D\u017eonyho&#8220;, v\u016fbec nepochybuji, \u017ee podobn\u011b jako\u00a0 p\u0159ed \u010dty\u0159mi lety to v Kn\u00ednick\u00e9m bl\u00e1t\u011b soupe\u0159\u016fm &#8222;nat\u0159el&#8220; rozd\u00edlem t\u0159\u00eddy, stane se tak i tentokr\u00e1t, a \u017ee nemoc, kter\u00e1 ho v sou\u010dasnosti limituje, poraz\u00ed a p\u0159ekon\u00e1! \u017de za\u010d\u00e1tek p\u0159\u00ed\u0161t\u00ed sez\u00f3ny v pohod\u011b stihne, a \u017ee se s n\u00edm na bikov\u00fdch trat\u00edch op\u011bt brzy uvid\u00edme! Je p\u0159ed n\u00edm\u00a0 toti\u017e je\u0161t\u011b hodn\u011b cyklistick\u00e9 rachoty: nav\u00e1zat nap\u0159\u00edklad na svoje <strong><a href=\"https:\/\/www.moravecteam.cz\/?p=12050\">nemal\u00e9 silni\u010d\u00e1\u0159sk\u00e9 \u00fasp\u011bchy<\/a><\/strong>, ale hlavn\u011b\u00a0 spolu se sv\u00fdmi k\u00e1mo\u0161i &#8211; bikery (a je jedno, jsou-li z MORAVEC Teamu, ACT Lerak, NUTREND Specialized nebo z HEAD ProTeamu Opava) znovu vysoko pozvednout prapor \u010desk\u00e9ho bikingu a pokra\u010dovat ve stop\u00e1ch\u00a0 Kulhav\u00e9ho, Sp\u011b\u0161n\u00e9ho, Cinka&#8230;<\/p>\n<p style=\"text-align: justify;\"><strong><span style=\"text-decoration: underline;\"><span style=\"color: #800000; text-decoration: underline;\">Dr\u017e\u00edme Ti &#8222;D\u017eony&#8220; palce,\u00a0 a p\u0159ejeme Ti velmi brzk\u00e9 uzdraven\u00ed! Proto\u017ee bez Tebe to na z\u00e1vodech nen\u00ed zkr\u00e1tka vono&#8230;! Dr\u017e se chlape a pros\u00edm, posp\u011b\u0161 zp\u00e1tky za n\u00e1mi na start!<\/span><\/span><\/strong><\/p>\n<p style=\"text-align: justify;\"><strong><a href=\"https:\/\/www.moravecteam.cz\/?p=12050\">\u00a0<\/a><\/strong><\/p>\n","protected":false},"excerpt":{"rendered":"<p>Kdy\u017e jsem se p\u0159ipravoval na moderov\u00e1n\u00ed 5. z\u00e1vodu leto\u0161n\u00ed MTB &#8222;Vrchoviny&#8220;, Velk\u00e9 ceny Kn\u00ednic, mrknul jsem letmo na historii jednoho z nejmlad\u0161\u00edch z\u00e1vodu seri\u00e1lu, kter\u00fd letos &#8211;\u00a0 mimochodem\u00a0 &#8211; oslavil mal\u00e9 jubileum (jel se u\u017e jeho 5. ro\u010dn\u00edk). A upoutal m\u011b v\u00fdsledek startu junior\u016f-kadet\u016f p\u0159i premi\u00e9\u0159e v Kn\u00ednic\u00edch v r. 2017. V konkurenci \u0161esti mlad\u00fdch &hellip; <a href=\"https:\/\/www.moravecteam.cz\/?p=15335\" class=\"more-link\">Pokra\u010dov\u00e1n\u00ed textu <span class=\"screen-reader-text\">Dr\u017e\u00edme palce!<\/span> <span class=\"meta-nav\">&rarr;<\/span><\/a><\/p>\n","protected":false},"author":3,"featured_media":15346,"comment_status":"open","ping_status":"closed","sticky":false,"template":"","format":"standard","meta":[],"categories":[1],"tags":[],"_links":{"self":[{"href":"https:\/\/www.moravecteam.cz\/index.php?rest_route=\/wp\/v2\/posts\/15335"}],"collection":[{"href":"https:\/\/www.moravecteam.cz\/index.php?rest_route=\/wp\/v2\/posts"}],"about":[{"href":"https:\/\/www.moravecteam.cz\/index.php?rest_route=\/wp\/v2\/types\/post"}],"author":[{"embeddable":true,"href":"https:\/\/www.moravecteam.cz\/index.php?rest_route=\/wp\/v2\/users\/3"}],"replies":[{"embeddable":true,"href":"https:\/\/www.moravecteam.cz\/index.php?rest_route=%2Fwp%2Fv2%2Fcomments&post=15335"}],"version-history":[{"count":13,"href":"https:\/\/www.moravecteam.cz\/index.php?rest_route=\/wp\/v2\/posts\/15335\/revisions"}],"predecessor-version":[{"id":15355,"href":"https:\/\/www.moravecteam.cz\/index.php?rest_route=\/wp\/v2\/posts\/15335\/revisions\/15355"}],"wp:featuredmedia":[{"embeddable":true,"href":"https:\/\/www.moravecteam.cz\/index.php?rest_route=\/wp\/v2\/media\/15346"}],"wp:attachment":[{"href":"https:\/\/www.moravecteam.cz\/index.php?rest_route=%2Fwp%2Fv2%2Fmedia&parent=15335"}],"wp:term":[{"taxonomy":"category","embeddable":true,"href":"https:\/\/www.moravecteam.cz\/index.php?rest_route=%2Fwp%2Fv2%2Fcategories&post=15335"},{"taxonomy":"post_tag","embeddable":true,"href":"https:\/\/www.moravecteam.cz\/index.php?rest_route=%2Fwp%2Fv2%2Ftags&post=15335"}],"curies":[{"name":"wp","href":"https:\/\/api.w.org\/{rel}","templated":true}]}}