{"id":15357,"date":"2021-10-26T20:15:50","date_gmt":"2021-10-26T18:15:50","guid":{"rendered":"http:\/\/www.moravecteam.cz\/?p=15357"},"modified":"2021-10-26T20:16:01","modified_gmt":"2021-10-26T18:16:01","slug":"nikola-s-danem-na-trati","status":"publish","type":"post","link":"https:\/\/www.moravecteam.cz\/?p=15357","title":{"rendered":"Nikola s Danem na trati!"},"content":{"rendered":"<p style=\"text-align: justify;\"><span style=\"color: #800000;\"><strong>Nen\u00ed to tak d\u00e1vno, co jsme <a href=\"https:\/\/www.moravecteam.cz\/?p=9881\">startovali do stavu man\u017eelsk\u00e9ho Terezku Tlamkovou<\/a> (dnes Hlubinkovou) a Jakuba Hlubinku&#8230; Minulou sobotu p\u0159i\u0161la \u0159ada na Kubovu mlad\u0161\u00ed sestru Nikolu Hlubinkovou (<a href=\"http:\/\/www.moravecteam.cz\/?attachment_id=15363\" rel=\"attachment wp-att-15363\">svatebn\u00ed ozn\u00e1men\u00ed<\/a>), b\u00fdvalou v\u00fdte\u010dnou cyklistku, kter\u00e1 byla po dlouh\u00e1 l\u00e9ta nejen oporou MORAVEC Teamu, ale\u00a0 i \u010cesk\u00e9 juniorsk\u00e9 reprezentace. \u017divotn\u00edm partnerem Nikoly se stal jeden z nejlep\u0161\u00edch sou\u010dasn\u00fdch \u010desk\u00fdch silni\u010d\u00e1\u0159\u016f, Daniel Turek.\u00a0No a MORAVEC Team na startu jejich \u017eivotn\u00edho z\u00e1vodu nemohl chyb\u011bt!\u00a0<\/strong><\/span><\/p>\n<figure id=\"attachment_15367\" aria-describedby=\"caption-attachment-15367\" style=\"width: 1442px\" class=\"wp-caption alignnone\"><a href=\"http:\/\/www.moravecteam.cz\/?attachment_id=15367\" rel=\"attachment wp-att-15367\"><img decoding=\"async\" loading=\"lazy\" class=\" wp-image-15367\" alt=\"DSC_0030\" src=\"http:\/\/www.moravecteam.cz\/wp-content\/uploads\/2021\/10\/DSC_0030.jpg\" width=\"1442\" height=\"2000\" srcset=\"https:\/\/www.moravecteam.cz\/wp-content\/uploads\/2021\/10\/DSC_0030.jpg 1442w, https:\/\/www.moravecteam.cz\/wp-content\/uploads\/2021\/10\/DSC_0030-216x300.jpg 216w, https:\/\/www.moravecteam.cz\/wp-content\/uploads\/2021\/10\/DSC_0030-738x1024.jpg 738w\" sizes=\"(max-width: 1442px) 100vw, 1442px\" \/><\/a><figcaption id=\"caption-attachment-15367\" class=\"wp-caption-text\">Prvn\u00ed kr\u016f\u010dky Nikoly a Dana v nov\u00e9m stavu man\u017eelsk\u00e9m..!<\/figcaption><\/figure>\n<p style=\"text-align: justify;\">Pomysln\u00fd start se odehr\u00e1l p\u0159edposledn\u00ed \u0159\u00edjnovou sobotu v prav\u00e9 poledne v <strong><a href=\"https:\/\/www.benesov-u-boskovic.cz\/dominanty-obce\/kostel-povyseni-sv-krize\/\">kostele Pov\u00fd\u0161en\u00ed Svat\u00e9ho K\u0159\u00ed\u017ee v Bene\u0161ov\u011b<\/a><\/strong>, kde d\u016fle\u017eitou roli &#8222;startera&#8220; obstaral n\u00e1\u0161 kamar\u00e1d a p\u0159\u00edznivec, m\u00edstn\u00ed pan far\u00e1\u0159,\u00a0 P\u00e1ter <span style=\"color: #800000;\"><strong>Pavel Koutn\u00edk<\/strong><\/span>. Mimochodem: &#8222;peloton&#8220; svateb\u010dan\u016f se jen hem\u017eil Danov\u00fdmi cyklistick\u00fdmi par\u0165\u00e1ky &#8211; skute\u010dn\u00fdmi esy ve sv\u00e9m oboru! Za v\u0161echny jmenuji alespo\u0148 skv\u011bl\u00e9ho \u010desk\u00e9ho silni\u010d\u00e1\u0159e <strong><a href=\"https:\/\/cs.wikipedia.org\/wiki\/Leopold_K%C3%B6nig\">Leopolda K\u00f6niga.<\/a>\u00a0<\/strong><\/p>\n<p style=\"text-align: justify;\">Kr\u00e1tce p\u0159ed t\u0159in\u00e1ctou hodinou se otev\u0159eli dve\u0159e kostela a my jsme mohli obdivovat kr\u00e1snou nev\u011bstu! A samoz\u0159ejm\u011b, \u017ee to &#8222;seklo&#8220; i \u017eenichovi! Po spr\u0161ce \u0161t\u011bst\u00ed z r\u00fd\u017ee, kterou sv\u011bdomit\u011b po\u010dastovaly \u010derstv\u00e9 novoman\u017eele d\u011bti z MORAVEC Teamu, p\u0159i\u0161lo na \u0159adu &#8222;zal\u00edkovac\u00ed&#8220; pov\u00edd\u00e1n\u00ed,\u00a0 tentokr\u00e1t sepsan\u00e9 netradi\u010dn\u011b &#8211; v m\u00edstn\u00edm Hor\u00e1ck\u00e9m n\u00e1\u0159e\u010d\u00ed (<strong><a href=\"http:\/\/www.moravecteam.cz\/?attachment_id=15361\" rel=\"attachment wp-att-15361\">Nikola a Daniel<\/a><\/strong>). To, \u017ee pan \u017eenich rozum\u011bl t\u00e9m\u011b\u0159 v\u0161emu dokazuje, \u017ee u\u017e je v na\u0161em regionu velmi dob\u0159e aklimatizov\u00e1n, \u017ee je zde zkr\u00e1tka &#8211; jako doma..!<\/p>\n<figure id=\"attachment_15368\" aria-describedby=\"caption-attachment-15368\" style=\"width: 2000px\" class=\"wp-caption alignnone\"><a href=\"http:\/\/www.moravecteam.cz\/?attachment_id=15368\" rel=\"attachment wp-att-15368\"><img decoding=\"async\" loading=\"lazy\" class=\" wp-image-15368\" alt=\"DSC_0055\" src=\"http:\/\/www.moravecteam.cz\/wp-content\/uploads\/2021\/10\/DSC_0055.jpg\" width=\"2000\" height=\"1347\" srcset=\"https:\/\/www.moravecteam.cz\/wp-content\/uploads\/2021\/10\/DSC_0055.jpg 2000w, https:\/\/www.moravecteam.cz\/wp-content\/uploads\/2021\/10\/DSC_0055-300x202.jpg 300w, https:\/\/www.moravecteam.cz\/wp-content\/uploads\/2021\/10\/DSC_0055-1024x689.jpg 1024w\" sizes=\"(max-width: 2000px) 100vw, 2000px\" \/><\/a><figcaption id=\"caption-attachment-15368\" class=\"wp-caption-text\">Jen p\u00e1r minut je Dan \u017eenat\u00fd a u\u017e nasazuje k \u00faniku..!<\/figcaption><\/figure>\n<p style=\"text-align: justify;\">Nenachytali jsme ho ani j\u00edzdou na historick\u00e9m d\u00e1msk\u00e9m kole ze sb\u00edrky\u00a0\u00a0<strong><span style=\"color: #800000;\">Radka Kaliny<\/span><\/strong>, kter\u00fd je na akci zap\u016fj\u010dil (za p\u016fj\u010den\u00ed velk\u00fd d\u00edk Radku!). Jako nic na n\u011bm odkrou\u017eil dva p\u0159edem stanoven\u00e9 okruhy, p\u0159i\u010dem\u017e jeden z okruh\u016f odjel gentlemansky za novoman\u017eelku Nikolu:\u00a0 jej\u00ed kr\u00e1sn\u00e9 \u0161aty by byly p\u0159ece jen vystaveny nadm\u011brn\u00e9mu riziku a Nik\u010da si s sebou do kostela dres zapomn\u011bla vz\u00edt&#8230;<\/p>\n<p style=\"text-align: justify;\">Proto\u017ee ob\u011b zkou\u0161ky &#8211; jak teoretickou,\u00a0 ze znalosti region\u00e1ln\u00edho jazyka, tak i praktickou cyklistickou zkou\u0161ku ze znalosti j\u00edzdy na kole,\u00a0 Dan zvl\u00e1dl na &#8222;jedni\u010dku&#8220;, shodli jsme se &#8211; jako MORAVEC Team &#8211; \u017ee je Nikoly hoden a \u017ee si ji ur\u010dit\u011b zaslou\u017e\u00ed!<\/p>\n<figure id=\"attachment_15369\" aria-describedby=\"caption-attachment-15369\" style=\"width: 2000px\" class=\"wp-caption alignnone\"><a href=\"http:\/\/www.moravecteam.cz\/?attachment_id=15369\" rel=\"attachment wp-att-15369\"><img decoding=\"async\" loading=\"lazy\" class=\" wp-image-15369\" alt=\"DSC_0006\" src=\"http:\/\/www.moravecteam.cz\/wp-content\/uploads\/2021\/10\/DSC_0006.jpg\" width=\"2000\" height=\"1333\" srcset=\"https:\/\/www.moravecteam.cz\/wp-content\/uploads\/2021\/10\/DSC_0006.jpg 2000w, https:\/\/www.moravecteam.cz\/wp-content\/uploads\/2021\/10\/DSC_0006-300x199.jpg 300w, https:\/\/www.moravecteam.cz\/wp-content\/uploads\/2021\/10\/DSC_0006-1024x682.jpg 1024w\" sizes=\"(max-width: 2000px) 100vw, 2000px\" \/><\/a><figcaption id=\"caption-attachment-15369\" class=\"wp-caption-text\">Takov\u00fd Carbon pod sebou Dan je\u0161t\u011b ur\u010dit\u011b nem\u011bl..!<\/figcaption><\/figure>\n<p style=\"text-align: justify;\">Po p\u0159ed\u00e1n\u00ed d\u00e1re\u010dk\u016f od n\u00e1s, kter\u00e9 jim &#8211; pevn\u011b v\u011b\u0159\u00edme &#8211; budou jejich slavnostn\u00ed den dlouho p\u0159ipom\u00ednat a po spole\u010dn\u00e9m focen\u00ed, vyrazily tedy oba mlad\u00ed cyklist\u00e9 na prolog sv\u00e9 \u017eivotn\u00ed j\u00edzdy, kter\u00fdm zpravidla svatebn\u00ed den a n\u00e1sledn\u00e1 svatebn\u00ed noc b\u00fdv\u00e1. No a od ned\u011ble u\u017e \u0161l\u00e1pli oba do ped\u00e1l\u016f prvn\u00ed &#8222;ostr\u00e9 etapy&#8220; ve stavu man\u017eelsk\u00e9m! P\u0159ejeme, a\u0165 je jejich j\u00edzda v takov\u00e9m tempu, jak\u00e9 si budou p\u0159\u00e1t, bez p\u00e1d\u016f a defekt\u016f a postupn\u011b a\u0165 se jejich dvou\u010dlenn\u00e1 rodinn\u00e1 skupinka v \u00faniku rozroste minim\u00e1ln\u011b na skupinu deseti\u010dlennou! Bude to lep\u0161\u00ed hlavn\u011b na po\u0161et\u0159en\u00ed sil: kdy\u017e se v\u0161ichni pravideln\u011b a poctiv\u011b prost\u0159\u00eddaj\u00ed na \u010dele skupiny v \u00faniku, do c\u00edlov\u00e9 rovinky pak zbude sil na &#8222;\u0161purt&#8220; ur\u010dit\u011b dostatek!<\/p>\n<p style=\"text-align: justify;\">Zde je k vid\u011bn\u00ed\u00a0<strong> <a href=\"https:\/\/moravecteam.rajce.idnes.cz\/2021.10.23_Svatba_Nikola_Hlubinkova_Daniel_Turek\/\">fotogalerie ze slavnostn\u00ed soboty <\/a><\/strong>(z d\u00edlny<strong> <span style=\"color: #800000;\">Karla V\u0161etuly<\/span><\/strong> &#8211; d\u00edky Karle!).<\/p>\n<h4 style=\"text-align: justify;\"><strong><span style=\"color: #800000;\">A je\u0161t\u011b mrkn\u011bte tu\u0165:<\/span><\/strong><\/h4>\n<p style=\"text-align: justify;\"><strong><\/strong><span style=\"color: #800000;\"><strong>Pozv\u00e1n\u00ed MORAVC\u016eM a &#8211; samoz\u0159ejm\u011b i \u010derstv\u00fdm novoman\u017eel\u016fm &#8211; na nejbli\u017e\u0161\u00ed akce, kter\u00e9 budeme organiza\u010dn\u011b zaji\u0161\u0165ovat:<\/strong><\/span><\/p>\n<ul>\n<li style=\"text-align: justify;\"><strong><span style=\"color: #800000;\">\u010ctvrtek 28.10. 2021<\/span><\/strong> &#8211; zakon\u010den\u00ed cyklistick\u00e9 sez\u00f3ny hv\u011bzdicovou j\u00edzdou na <strong><a href=\"https:\/\/cs.wikipedia.org\/wiki\/Mal%C3%BD_Chlum_(rozhledna)\">kopec Mal\u00fd Chlum u Bo\u0159itova<\/a><\/strong>. Sraz cyklist\u016f \u010di turist\u016f (je to jedno) u paty rozhledny mezi 13.00-14.00 hod. Zatop\u00edme, tak\u017ee si vezm\u011bte s sebou na ope\u010den\u00ed p\u00e1rek, klob\u00e1sku&#8230;<\/li>\n<\/ul>\n<figure id=\"attachment_15375\" aria-describedby=\"caption-attachment-15375\" style=\"width: 2000px\" class=\"wp-caption alignnone\"><a href=\"http:\/\/www.moravecteam.cz\/?attachment_id=15375\" rel=\"attachment wp-att-15375\"><img decoding=\"async\" loading=\"lazy\" class=\" wp-image-15375\" alt=\"DSC_0112\" src=\"http:\/\/www.moravecteam.cz\/wp-content\/uploads\/2021\/10\/DSC_0112.jpg\" width=\"2000\" height=\"921\" srcset=\"https:\/\/www.moravecteam.cz\/wp-content\/uploads\/2021\/10\/DSC_0112.jpg 2000w, https:\/\/www.moravecteam.cz\/wp-content\/uploads\/2021\/10\/DSC_0112-300x138.jpg 300w, https:\/\/www.moravecteam.cz\/wp-content\/uploads\/2021\/10\/DSC_0112-1024x471.jpg 1024w\" sizes=\"(max-width: 2000px) 100vw, 2000px\" \/><\/a><figcaption id=\"caption-attachment-15375\" class=\"wp-caption-text\">Na Chlumu m\u00e1me za r. 2020 &#8222;\u00e1\u010dko&#8220;&#8230;<\/figcaption><\/figure>\n<ul>\n<li style=\"text-align: justify;\"><strong><span style=\"color: #800000;\">Ned\u011ble 31.10. 2021<\/span><\/strong> &#8211; draki\u00e1da Drakec MORAVEC. Na tradi\u010dn\u00edm m\u00edst\u011b, v tradi\u010dn\u00edm \u010dase.\u00a0<strong><a href=\"http:\/\/www.moravecteam.cz\/?attachment_id=15373\" rel=\"attachment wp-att-15373\">Draki\u00e1da 2021<\/a><\/strong><\/li>\n<\/ul>\n<figure id=\"attachment_15376\" aria-describedby=\"caption-attachment-15376\" style=\"width: 2000px\" class=\"wp-caption alignnone\"><a href=\"http:\/\/www.moravecteam.cz\/?attachment_id=15376\" rel=\"attachment wp-att-15376\"><img decoding=\"async\" loading=\"lazy\" class=\" wp-image-15376\" alt=\"IMG_9664\" src=\"http:\/\/www.moravecteam.cz\/wp-content\/uploads\/2021\/10\/IMG_9664.jpg\" width=\"2000\" height=\"1501\" srcset=\"https:\/\/www.moravecteam.cz\/wp-content\/uploads\/2021\/10\/IMG_9664.jpg 2000w, https:\/\/www.moravecteam.cz\/wp-content\/uploads\/2021\/10\/IMG_9664-300x225.jpg 300w, https:\/\/www.moravecteam.cz\/wp-content\/uploads\/2021\/10\/IMG_9664-1024x768.jpg 1024w\" sizes=\"(max-width: 2000px) 100vw, 2000px\" \/><\/a><figcaption id=\"caption-attachment-15376\" class=\"wp-caption-text\">Ani Drakec se loni kv\u016fli COVID19 nekonal&#8230; Ale letos jdeme op\u011bt na to!<\/figcaption><\/figure>\n<ul>\n<li style=\"text-align: justify;\"><strong><span style=\"color: #800000;\">Sobota 6.11. 2021<\/span><\/strong> &#8211; slavnostn\u00ed <a href=\"http:\/\/www.pohardrahanskevrchoviny.cz\/vecer-vitezu-se-blizi\/\"><strong>Ve\u010der v\u00edt\u011bz\u016f Poh\u00e1ru Drahansk\u00e9 vrchoviny 2021<\/strong>.<\/a> Pohost\u00ed n\u00e1s op\u011bt kulturn\u00ed d\u016fm obce Such\u00fd, akci odstartujeme v 17.00. T\u00fdk\u00e1 se to hlavn\u011b z na\u0161ich \u0159ad t\u011bch, kte\u0159\u00ed se v celkov\u00e9m po\u0159ad\u00ed OPEN um\u00edstili do 5. m\u00edsta, nebo v celkov\u00e9m po\u0159ad\u00ed OBCE do 3. m\u00edsta. <span style=\"text-decoration: underline;\"><span style=\"color: #800000;\"><em>Pros\u00edm touto cestou MORAVCE &#8211; dobrovoln\u00edky (hlavn\u011b z \u0159ad rodi\u010d\u016f), aby se m\u011b\u00a0 p\u0159ihl\u00e1sili na pomoc, s organiza\u010dn\u00edm zaji\u0161t\u011bn\u00edm slavnostn\u00edho ve\u010dera. P\u0159edem d\u00edky moc!<\/em><\/span><\/span><\/li>\n<\/ul>\n<figure id=\"attachment_15374\" aria-describedby=\"caption-attachment-15374\" style=\"width: 712px\" class=\"wp-caption alignnone\"><a href=\"http:\/\/www.moravecteam.cz\/?attachment_id=15374\" rel=\"attachment wp-att-15374\"><img decoding=\"async\" loading=\"lazy\" class=\" wp-image-15374\" alt=\"editor-8-80-cs_1\" src=\"http:\/\/www.moravecteam.cz\/wp-content\/uploads\/2021\/10\/editor-8-80-cs_1.jpg\" width=\"712\" height=\"473\" srcset=\"https:\/\/www.moravecteam.cz\/wp-content\/uploads\/2021\/10\/editor-8-80-cs_1.jpg 712w, https:\/\/www.moravecteam.cz\/wp-content\/uploads\/2021\/10\/editor-8-80-cs_1-300x199.jpg 300w\" sizes=\"(max-width: 712px) 100vw, 712px\" \/><\/a><figcaption id=\"caption-attachment-15374\" class=\"wp-caption-text\">Po dvou letech op\u011bt pohost\u00ed slavnostn\u00ed ve\u010der Sokolovna obce Such\u00fd.<\/figcaption><\/figure>\n<ul>\n<li style=\"text-align: justify;\"><strong><span style=\"color: #800000;\">\u010ctvrtek 30.12. 2021<\/span> <\/strong>&#8211; tradi\u010dn\u00ed odd\u00edlov\u00e9 V\u00fdro\u010dn\u00ed ro(c)kov\u00e1n\u00ed. Od 15.00 hodin v restauraci Morava Bene\u0161ov.<\/li>\n<\/ul>\n<p style=\"text-align: justify;\">\n","protected":false},"excerpt":{"rendered":"<p>Nen\u00ed to tak d\u00e1vno, co jsme startovali do stavu man\u017eelsk\u00e9ho Terezku Tlamkovou (dnes Hlubinkovou) a Jakuba Hlubinku&#8230; Minulou sobotu p\u0159i\u0161la \u0159ada na Kubovu mlad\u0161\u00ed sestru Nikolu Hlubinkovou (svatebn\u00ed ozn\u00e1men\u00ed), b\u00fdvalou v\u00fdte\u010dnou cyklistku, kter\u00e1 byla po dlouh\u00e1 l\u00e9ta nejen oporou MORAVEC Teamu, ale\u00a0 i \u010cesk\u00e9 juniorsk\u00e9 reprezentace. \u017divotn\u00edm partnerem Nikoly se stal jeden z nejlep\u0161\u00edch sou\u010dasn\u00fdch &hellip; <a href=\"https:\/\/www.moravecteam.cz\/?p=15357\" class=\"more-link\">Pokra\u010dov\u00e1n\u00ed textu <span class=\"screen-reader-text\">Nikola s Danem na trati!<\/span> <span class=\"meta-nav\">&rarr;<\/span><\/a><\/p>\n","protected":false},"author":3,"featured_media":15366,"comment_status":"open","ping_status":"closed","sticky":false,"template":"","format":"standard","meta":[],"categories":[13],"tags":[],"_links":{"self":[{"href":"https:\/\/www.moravecteam.cz\/index.php?rest_route=\/wp\/v2\/posts\/15357"}],"collection":[{"href":"https:\/\/www.moravecteam.cz\/index.php?rest_route=\/wp\/v2\/posts"}],"about":[{"href":"https:\/\/www.moravecteam.cz\/index.php?rest_route=\/wp\/v2\/types\/post"}],"author":[{"embeddable":true,"href":"https:\/\/www.moravecteam.cz\/index.php?rest_route=\/wp\/v2\/users\/3"}],"replies":[{"embeddable":true,"href":"https:\/\/www.moravecteam.cz\/index.php?rest_route=%2Fwp%2Fv2%2Fcomments&post=15357"}],"version-history":[{"count":9,"href":"https:\/\/www.moravecteam.cz\/index.php?rest_route=\/wp\/v2\/posts\/15357\/revisions"}],"predecessor-version":[{"id":15377,"href":"https:\/\/www.moravecteam.cz\/index.php?rest_route=\/wp\/v2\/posts\/15357\/revisions\/15377"}],"wp:featuredmedia":[{"embeddable":true,"href":"https:\/\/www.moravecteam.cz\/index.php?rest_route=\/wp\/v2\/media\/15366"}],"wp:attachment":[{"href":"https:\/\/www.moravecteam.cz\/index.php?rest_route=%2Fwp%2Fv2%2Fmedia&parent=15357"}],"wp:term":[{"taxonomy":"category","embeddable":true,"href":"https:\/\/www.moravecteam.cz\/index.php?rest_route=%2Fwp%2Fv2%2Fcategories&post=15357"},{"taxonomy":"post_tag","embeddable":true,"href":"https:\/\/www.moravecteam.cz\/index.php?rest_route=%2Fwp%2Fv2%2Ftags&post=15357"}],"curies":[{"name":"wp","href":"https:\/\/api.w.org\/{rel}","templated":true}]}}