{"id":1537,"date":"2015-09-14T11:27:02","date_gmt":"2015-09-14T09:27:02","guid":{"rendered":"http:\/\/www.moravecteam.cz\/?p=1537"},"modified":"2015-09-15T08:50:04","modified_gmt":"2015-09-15T06:50:04","slug":"western-biker-story","status":"publish","type":"post","link":"https:\/\/www.moravecteam.cz\/?p=1537","title":{"rendered":"Western &#8211; biker story."},"content":{"rendered":"<p style=\"text-align: justify;\"><span style=\"color: #800000;\"><strong>U\u017e t\u0159et\u00ed rok v \u0159ad\u011b o\u017eilo boskovick\u00e9 westernov\u00e9 m\u011bste\u010dko ruchem pon\u011bkud jin\u00fdm, ne\u017e ve stylu\u00a0americk\u00e9ho divok\u00e9ho Z\u00e1padu\u00a0z konce devaten\u00e1ct\u00e9ho stolet\u00ed&#8230; Druhou z\u00e1\u0159iovou ned\u011bli si zde dala dostaven\u00ed\u010dko po\u010detn\u00e1 komunita biker\u016f nejen z regionu p\u0159i fin\u00e1lov\u00e9m z\u00e1vodu 14. ro\u010dn\u00edku MTB Poh\u00e1ru Drahansk\u00e9 vrchoviny. A do t\u0159etice se jednalo\u00a0o veskrze vyda\u0159enou race s nadpr\u016fm\u011brnou z\u00e1vodnickou \u00fa\u010dast\u00ed a pro div\u00e1ky s p\u0159ehl\u00eddkou mno\u017estv\u00ed nap\u00ednav\u00fdch souboj\u016f, kter\u00e9\u00a0v nejednom p\u0159\u00edpad\u011b vy\u00fastily v ne\u010dekan\u00e1 rozuzlen\u00ed&#8230; \u017de se na t\u011b\u017ek\u00fdch trat\u00edch v lesoparku Doubravy bojovalo na krev (a v n\u011bkter\u00fdch p\u0159\u00edpadech krev skute\u010dn\u011b tekla) je nasnad\u011b, v\u017edy\u0165 ne\u0161lo o nic m\u00ed\u0148, ne\u017e o presti\u017en\u00ed poh\u00e1rov\u00e9 trofeje za celkov\u00e1 um\u00edst\u011bn\u00ed. N\u00e1s samoz\u0159ejm\u011b t\u011b\u017e\u00ed, \u017ee MORAVEC hr\u00e1l v t\u011bchto souboj\u00edch ve v\u011bt\u0161in\u011b kategori\u00ed &#8222;prvn\u00ed housle&#8220;!<\/strong><\/span><\/p>\n<figure id=\"attachment_1547\" aria-describedby=\"caption-attachment-1547\" style=\"width: 1353px\" class=\"wp-caption alignnone\"><a href=\"http:\/\/www.moravecteam.cz\/?attachment_id=1547\" rel=\"attachment wp-att-1547\"><img decoding=\"async\" loading=\"lazy\" class=\" wp-image-1547   \" alt=\"OLYMPUS DIGITAL CAMERA\" src=\"http:\/\/www.moravecteam.cz\/wp-content\/uploads\/2015\/09\/P1010058.jpg\" width=\"1353\" height=\"1440\" srcset=\"https:\/\/www.moravecteam.cz\/wp-content\/uploads\/2015\/09\/P1010058.jpg 1353w, https:\/\/www.moravecteam.cz\/wp-content\/uploads\/2015\/09\/P1010058-281x300.jpg 281w, https:\/\/www.moravecteam.cz\/wp-content\/uploads\/2015\/09\/P1010058-962x1024.jpg 962w\" sizes=\"(max-width: 1353px) 100vw, 1353px\" \/><\/a><figcaption id=\"caption-attachment-1547\" class=\"wp-caption-text\">Nejpar\u00e1dn\u011bj\u0161\u00ed \u010d\u00edslo: Star\u0161\u00ed \u017e\u00e1kyn\u011b MORAVCE Terka Obo\u0159ilov\u00e1, A\u0148a Zem\u00e1nkov\u00e1 a Aneta Fritzov\u00e1 ve sv\u00e9 kategorii zcela ovl\u00e1dli leto\u0161n\u00ed &#8222;Vrchovinu&#8220;.<\/figcaption><\/figure>\n<p style=\"text-align: justify;\">Poj\u010fme ale v\u0161e zrekapitulovat po po\u0159\u00e1dku. I kdy\u017e na rozd\u00edl od minul\u00fdch let nebyl fin\u00e1lov\u00fd z\u00e1vod honorov\u00e1n dvojn\u00e1sobn\u00fdm bodov\u00fdm ziskem, p\u0159esto p\u0159il\u00e1kal rekordn\u00ed po\u010det 176 startuj\u00edc\u00edch, p\u0159i\u010dem\u017e 29 borc\u016f na startovn\u00ed p\u00e1sce kategorie mu\u017e\u016f dokazuje, \u017ee atraktivn\u00ed a n\u00e1ro\u010dn\u00e1 mistrovsk\u00e1 boskovick\u00e1 tra\u0165 byla l\u00e1kadlem a zvu\u010dn\u00fdmi bikersk\u00fdmi jm\u00e9ny (\u0160af\u00e1\u0159ov\u00e1, Kozel, Strnad, Kov\u00e1\u0159, Mayer, O\u0161\u0165\u00e1dal, Olejn\u00ed\u010dek, Vesel\u00e1&#8230;) se startovn\u00ed listiny jen hem\u017eily&#8230; Pro MORAVEC se u\u017e stalo tradic\u00ed, \u017ee na\u0161i medailovou \u017ee\u0148 zah\u00e1jila na odr\u00e1\u017eedlech ziskem zlata rtu\u0165ovit\u00e1 a modrook\u00e1 <strong><span style=\"color: #993300;\">Terezka Fritzov\u00e1<\/span><\/strong>. Jej\u00ed v\u00edt\u011bzstv\u00ed nep\u0159ekvapilo, ale jako v\u017edy pot\u011b\u0161ilo, stejn\u011b jakou bronzov\u00fd stup\u00ednek <strong><span style=\"color: #993300;\">Maru\u0161ky Barto\u0161ov\u00e9<\/span><\/strong>, kter\u00e1 spole\u010dn\u011b se svoj\u00ed sestrou Magdal\u00e9nkou (dojela v z\u00e1vod\u011b na &#8222;bramborov\u00e9m&#8220; \u010dtvrt\u00e9m m\u00edst\u011b) m\u00e1 nam\u00ed\u0159eno do MORAVCE a od sez\u00f3ny 2016 v\u00fdznamn\u011b pos\u00edl\u00ed Junior Team Milana Tlamky. Ani na dal\u0161\u00ed zlatou jsme nemuseli dlouho \u010dekat. P\u0159inesl n\u00e1m ji start d\u011bv\u010dat 7-8 let a v n\u011bm excelentn\u00ed v\u00fdkon <strong><span style=\"color: #993300;\">Barunky Tlamkov\u00e9<\/span><\/strong>! V p\u0159edve\u010der z\u00e1vodu jsem Bar\u010du vid\u011bl na n\u00e1ro\u010dn\u00fdch trat\u00edch tr\u00e9novat, jezdila v pohod\u011b v\u0161echny technick\u00e9 pas\u00e1\u017ee na velk\u00e9 &#8211; dosp\u011bl\u00e1ck\u00e9 trati(!) a r\u00e1zem pro m\u011b byla favoritem na v\u00edt\u011bze sv\u00e9 kategorie. A jsem samoz\u0159ejm\u011b r\u00e1d, \u017ee jsem se ve sv\u00e9m odhadu nem\u00fdlil&#8230; Na dom\u00e1c\u00ed trati potvrdila vysokou v\u00fdkonnost z\u00e1vod od z\u00e1vodu se lep\u0161\u00edc\u00ed <span style=\"color: #993300;\"><strong>Emilka Ry\u0161av\u00e1<\/strong><\/span>, kdy\u017e odm\u011bnou j\u00ed byla po bojovn\u00e9m v\u00fdkonu \u00a0&#8222;bronzov\u00e1 bedna&#8220;. S nejv\u011bt\u0161\u00ed po\u010detn\u00ed p\u0159esilou soupe\u0159\u016f se musel utkat ve sv\u00e9m startu mlad\u0161\u00edch \u017e\u00e1k\u016f <strong><span style=\"color: #993300;\">Jakub Tesa\u0159<\/span><\/strong>. Poradil si po vzoru hrdin\u016f Divok\u00e9ho Z\u00e1padu, kdy\u017e se bez pot\u00ed\u017e\u00ed &#8222;prost\u0159\u00edlel&#8220; ke st\u0159\u00edbrn\u00e9mu stup\u00ednku! N\u00e1vrat na medailov\u00e9 pozice si v Boskovic\u00edch u\u017eila i na\u0161e dal\u0161\u00ed talentovan\u00e1 bikerka, v mlad\u0161\u00edch \u017e\u00e1kyn\u00edch\u00a0v c\u00edli t\u0159et\u00ed, lysick\u00e1\u00a0<span style=\"color: #993300;\"><strong>Ani\u010dka Smutn\u00e1<\/strong><\/span>. Kategorie star\u0161\u00edch \u017e\u00e1k\u016f a \u017e\u00e1ky\u0148 byly na leto\u0161n\u00edm PDV taky na\u0161imi par\u00e1dn\u00edmi&#8230; Ani Boskovice nebyly v\u00fdjimkou. Zat\u00edm co z\u00e1vod d\u011bv\u010dat skon\u010dil k na\u0161\u00ed velk\u00e9 radosti podle o\u010dek\u00e1v\u00e1n\u00ed a bez p\u0159ekvapen\u00ed (1. <span style=\"color: #993300;\"><strong>Terka Obo\u0159ilov\u00e1<\/strong><\/span>, 2. <span style=\"color: #993300;\"><strong>Ani\u010dka Zem\u00e1nkov\u00e1,<\/strong><\/span> 3. <strong><span style=\"color: #993300;\">Anetka Fritzov\u00e1<\/span><\/strong>), z\u00e1vod chlapc\u016f byl div\u00e1cky mnohem atraktivn\u011bj\u0161\u00ed. Dv\u011bma na\u0161im favorit\u016fm (Michal \u0160m\u00edda, Tom\u00e1\u0161 Tlamka &#8222;Contador&#8220;) vlezl &#8222;do zel\u00ed&#8220; Patrik N\u011bmec z Velk\u00fdch Losenic a sv\u016fj\u00a0druh\u00fd leto\u0161n\u00ed\u00a0start na &#8222;Vrchovin\u011b&#8220; prom\u011bnil op\u011bt v jist\u00e9 v\u00edt\u011bzstv\u00ed. Dva na\u0161i borci dojeli za n\u00edm\u00a0 s nevelkou \u010dasovou ztr\u00e1tou, na druh\u00e9m m\u00edst\u011b fini\u0161oval <strong><span style=\"color: #993300;\">Tom\u00e1\u0161 Tlamka &#8222;Contador&#8220;,<\/span> <\/strong>na t\u0159et\u00edm pak <span style=\"color: #993300;\"><strong>Michal \u0160m\u00edda<\/strong><\/span>.<\/p>\n<figure id=\"attachment_1548\" aria-describedby=\"caption-attachment-1548\" style=\"width: 1920px\" class=\"wp-caption alignnone\"><a href=\"http:\/\/www.moravecteam.cz\/?attachment_id=1548\" rel=\"attachment wp-att-1548\"><img decoding=\"async\" loading=\"lazy\" class=\" wp-image-1548   \" alt=\"OLYMPUS DIGITAL CAMERA\" src=\"http:\/\/www.moravecteam.cz\/wp-content\/uploads\/2015\/09\/P1010076.jpg\" width=\"1920\" height=\"1107\" srcset=\"https:\/\/www.moravecteam.cz\/wp-content\/uploads\/2015\/09\/P1010076.jpg 1920w, https:\/\/www.moravecteam.cz\/wp-content\/uploads\/2015\/09\/P1010076-300x172.jpg 300w, https:\/\/www.moravecteam.cz\/wp-content\/uploads\/2015\/09\/P1010076-1024x590.jpg 1024w\" sizes=\"(max-width: 1920px) 100vw, 1920px\" \/><\/a><figcaption id=\"caption-attachment-1548\" class=\"wp-caption-text\">Vp\u0159ed vyr\u00e1\u017e\u00ed rekordn\u00edch 29 mu\u017e\u016f ELITE. Dramatick\u00fd z\u00e1vod m\u011bl hned v \u00favodu ne\u010dekanou z\u00e1pletku&#8230; Zleva pozn\u00e1v\u00e1me Jirku \u0160t\u011bpan\u00edka, favorita Dana Mayera, Jirku O\u0161\u0165\u00e1dala a Radima Kov\u00e1\u0159e.<\/figcaption><\/figure>\n<p style=\"text-align: justify;\">Ale to u\u017e div\u00e1ci s nap\u011bt\u00edm o\u010dek\u00e1vali popoledn\u00ed starty kadet\u016f, junior\u016f a dosp\u011bl\u00fdch. P\u0159edev\u0161\u00edm 29 rajdr\u016f na startu kategorie mu\u017e\u016f slibovalo nap\u00ednav\u00fd souboj. A vlastn\u00ed pr\u016fb\u011bh z\u00e1vodu progn\u00f3zy potvrdil. Ale poj\u010fme op\u011bt chronologicky. \u017de se na sklonku sez\u00f3ny t\u011b\u0161\u00ed z v\u00fdborn\u00e9 formy <span style=\"color: #993300;\"><strong>Patrik Kol\u00e1\u0159<\/strong><\/span>, to on s\u00e1m v Doubrav\u00e1ch\u00a0dolo\u017eil suver\u00e9nn\u00edm v\u00edt\u011bzstv\u00edm v kategorii junior\u016f a kadet\u016f. Pravda, kdyby startoval nemocn\u00fd Dom\u010da Prudek, z\u00e1vod by m\u011bl asi jin\u00fd charakter.\u00a0Na bednu\u00a0tentokr\u00e1t doprovodil Patrika v c\u00edli t\u0159et\u00ed <strong><span style=\"color: #993300;\">Mat\u011bj Maz\u00e1nek,<\/span><\/strong><span style=\"color: #993300;\">\u00a0<\/span>jemu\u017e\u00a0tren\u00e9rsk\u00e9 veden\u00ed\u00a0sehran\u00e9 dvojice Prudek &#8211; \u0160af\u00e1\u0159\u00a0jde vysloven\u011b k duhu. Jeho v\u00fdkonnostn\u00ed posun je toho d\u016fkazem, a kdy\u017e k tomu p\u0159i\u010dteme\u00a0jeho vrozenou\u00a0pracovitost a komunikativnost, m\u016f\u017eeme se od Mat\u011bje do\u010dkat v budoucnu je\u0161t\u011b nejednoho p\u0159\u00edjemn\u00e9ho p\u0159ekv\u00e1pka! Z\u00e1vod juniorek a kadetek byl t\u00e9\u017e pro na\u0161e o\u010di lahodn\u00fd. Po hattricku star\u0161\u00edch \u017e\u00e1ky\u0148 jsme se i zde radovali s tradi\u010dn\u00edho v\u00fdsledku. Jako u\u017e nejednou v leto\u0161n\u00ed sez\u00f3n\u011b vybojovaly pro MORAVEC &#8222;double&#8220; <strong><span style=\"color: #993300;\">Ad\u00e9la \u0160af\u00e1\u0159ov\u00e1<\/span> <\/strong>s <span style=\"color: #993300;\"><strong>Janou Tesa\u0159ovou<\/strong><\/span>. A \u017ee forma dr\u017e\u00ed i Adys dosv\u011bd\u010duje skute\u010dnost, \u017ee na\u0161e juniorka dr\u017eela po cel\u00fd z\u00e1vod krok s pozd\u011bj\u0161\u00ed v\u00edt\u011bzkou z\u00e1vodu \u017een, zku\u0161enou Luci\u00ed Veselou..! K medail\u00edm se &#8222;prost\u0159\u00edleli&#8220; i na\u0161i veter\u00e1ni. <span style=\"color: #993300;\"><strong>Martin Gottwald<\/strong> <\/span>ve dvojka\u0159\u00edch Mastrech uk\u00e1zal, kdo \u017ee je v t\u00e9to kategorii p\u00e1nem!\u00a0&#8222;Go\u0165\u00e1k&#8220; je \u0161iroko daleko bez konkurence a suver\u00e9nn\u011b si dojel pro prvenstv\u00ed i v Boskovic\u00edch.\u00a0Bronzov\u00fd stupe\u0148 zabral v Mastrech trojka\u0159\u00edch po zran\u011bn\u00ed se na trat\u011b navr\u00e1tiv\u0161\u00ed\u00a0<span style=\"color: #993300;\"><strong>V\u00ed\u0165a Prudek<\/strong><\/span>\u00a0\u00a0a spolu s Milanem \u0160af\u00e1\u0159em (v c\u00edli 4. m\u00edsto) div\u00e1k\u016fm p\u0159edvedli, \u017ee pat\u0159\u00ed ve sv\u00e9 kategorii (nejen) v regionu k neju\u017e\u0161\u00ed z\u00e1vodnick\u00e9 \u0161pi\u010dce. Spr\u00e1vn\u00fd seri\u00e1l (v na\u0161em p\u0159\u00edpad\u011b t\u0159in\u00e1ctid\u00edln\u00fd) m\u00e1 m\u00edt ne\u010dekan\u00e9 rozuzlen\u00ed. Bereme-li, jako hlavn\u00ed sledovanou\u00a0kategorii mu\u017ei ELITE, tak tomu letos skute\u010dn\u011b bylo.\u00a0O\u010dek\u00e1van\u00e9ho celkov\u00e9ho v\u00edt\u011bze, suver\u00e9na osmi velk\u00fdch cen leto\u0161n\u00edho seri\u00e1lu,\u00a0Dana Mayera z Polni\u010dky postihla v Boskovic\u00edch nehor\u00e1zn\u00e1 sm\u016fla v podob\u011b technick\u00e9ho probl\u00e9mu v prvn\u00edm kole, co\u017e p\u0159i jeho nucen\u00e9m odstoupen\u00ed ze z\u00e1vodu znamenalo nakonec nad\u011bj\u00ed na celkov\u00e9 prvenstv\u00ed&#8230; Z n\u011bho se za dan\u00e9 situace mohl t\u011b\u0161it v c\u00edli bronzov\u00fd Jirka O\u0161\u0165\u00e1dal. Jedna z mnoha mal\u00fdch sportovn\u00edch trag\u00e9di\u00ed, kter\u00e1 ukazuje na ne\u0161\u0165astnou\u00a0i \u0161\u0165astnou str\u00e1nku sportovn\u00edho z\u00e1polen\u00ed&#8230; V &#8222;na\u0159ezan\u00e9m&#8220; z\u00e1vod\u011b mu\u017e\u016f p\u0159ijel do amfite\u00e1tru na \u010dtvrt\u00e9m m\u00edst\u011b n\u00e1\u0161 Radim Kov\u00e1\u0159 a\u00a0nazna\u010dil, \u017ee je krok za krokem na spr\u00e1vn\u00e9 cest\u011b zp\u011bt do absolutn\u00ed n\u00e1rodn\u00ed mu\u017esk\u00e9 bikersk\u00e9 \u0161pi\u010dky. Po\u010d\u00edt\u00e1m &#8211; li tedy dob\u0159e, v &#8222;Divok\u00fdch Doubrav\u00e1ch&#8220; jsme si\u00a0v ned\u011bli t\u0159in\u00e1ct\u00e9ho \u00a0&#8222;vyst\u0159\u00edleli&#8220; \u0161est zlat\u00fdch, \u010dty\u0159i st\u0159\u00edbrn\u00e9 a \u0161est bronzov\u00fdch placek! Bravo MORAVEC!<\/p>\n<figure id=\"attachment_1549\" aria-describedby=\"caption-attachment-1549\" style=\"width: 1578px\" class=\"wp-caption alignnone\"><a href=\"http:\/\/www.moravecteam.cz\/?attachment_id=1549\" rel=\"attachment wp-att-1549\"><img decoding=\"async\" loading=\"lazy\" class=\" wp-image-1549\" alt=\"OLYMPUS DIGITAL CAMERA\" src=\"http:\/\/www.moravecteam.cz\/wp-content\/uploads\/2015\/09\/P1010175.jpg\" width=\"1578\" height=\"1401\" srcset=\"https:\/\/www.moravecteam.cz\/wp-content\/uploads\/2015\/09\/P1010175.jpg 1578w, https:\/\/www.moravecteam.cz\/wp-content\/uploads\/2015\/09\/P1010175-300x266.jpg 300w, https:\/\/www.moravecteam.cz\/wp-content\/uploads\/2015\/09\/P1010175-1024x909.jpg 1024w\" sizes=\"(max-width: 1578px) 100vw, 1578px\" \/><\/a><figcaption id=\"caption-attachment-1549\" class=\"wp-caption-text\">V c\u00edli to bylo trochu jinak, ne\u017e na startu. V\u00edt\u011bz Lubo\u0161 Kozel potvrdil extrat\u0159\u00eddu, stejn\u011b jako st\u0159\u00edbrn\u00fd Roman Kubica a bronzov\u00fd Jirka O\u0161\u0165\u00e1dal. Ten nakonec bral korunu celkov\u00e9ho v\u00edt\u011bze nejpresti\u017en\u011bj\u0161\u00ed kategorie.<\/figcaption><\/figure>\n<p style=\"text-align: justify;\">A je\u0161t\u011b lep\u0161\u00ed to bylo v celkov\u00e9m sou\u010dtu po t\u0159in\u00e1cti odjet\u00fdch z\u00e1vodech leto\u0161n\u00edho ro\u010dn\u00edku MTB Poh\u00e1ru Drahansk\u00e9 vrchoviny. Posu\u010fte sami: V po\u0159ad\u00ed OPEN je jsou z na\u0161ich \u0159ad dr\u017eiteli presti\u017en\u00edch trofej\u00ed:<\/p>\n<h5 style=\"text-align: justify;\"><span style=\"color: #993300;\">Zlat\u00e9 poh\u00e1ry<\/span><\/h5>\n<p style=\"text-align: justify;\">Terezka \u00a0Fritzov\u00e1 (odr\u00e1\u017eedla), Jakub Tesa\u0159 (mlad\u0161\u00ed \u017e\u00e1ci), Tom\u00e1\u0161 Tlamka &#8222;Contador&#8220; (star\u0161\u00ed \u017e\u00e1ci), Tereza Obo\u0159ilov\u00e1 (star\u0161\u00ed \u017e\u00e1kyn\u011b), Patrik Kol\u00e1\u0159 (junio\u0159i a kadeti), Jana Tesa\u0159ov\u00e1 (juniorky a kadetky) a Martin Gottwald (masters II).<\/p>\n<h5><span style=\"color: #993300;\">St\u0159\u00edbrn\u00e9 poh\u00e1ry<\/span><\/h5>\n<p style=\"text-align: justify;\">Barborka Tlamkov\u00e1 (7-8 let), Michal Fritz (9-10 let), Krist\u00fdna Kol\u00e1\u0159ov\u00e1 (mlad\u0161\u00ed \u017e\u00e1kyn\u011b), Anna Zem\u00e1nkov\u00e1 (star\u0161\u00ed \u017e\u00e1kyn\u011b) a Petr Koudelka (masters III).<\/p>\n<h5><span style=\"color: #993300;\">Bronzov\u00e9 poh\u00e1ry<\/span><\/h5>\n<p style=\"text-align: justify;\">Ani\u010dka Smutn\u00e1 (mlad\u0161\u00ed \u017e\u00e1kyn\u011b), Michal \u0160m\u00edda (star\u0161\u00ed \u017e\u00e1ci), Aneta Fritzov\u00e1 (star\u0161\u00ed \u017e\u00e1kyn\u011b), Jan \u0160m\u00edda (junio\u0159i a kadeti), Monika Kone\u010dn\u00e1 (juniorky a kadetky) a Radim Kov\u00e1\u0159 (mu\u017ei ELITE).<\/p>\n<p style=\"text-align: justify;\">Suma sum\u00e1rum: sedm zlat\u00fdch, p\u011bt st\u0159\u00edbrn\u00fdch a \u0161est bronzov\u00fdch poh\u00e1r\u016f potvrzuje p\u0159etrv\u00e1vaj\u00edc\u00ed vysok\u00fd v\u00fdkonnostn\u00ed standard MORAVCE. Nezapome\u0148me ale ani na po\u0159ad\u00ed po\u0159\u00e1daj\u00edc\u00edch OBC\u00cd, kter\u00e9 se bude vyhla\u0161ovat 30.ledna 2016 na cyklistick\u00e9m plese MORAVCE ve Valchov\u011b. Zde se na\u0161i tu\u017eili nem\u00e9n\u011b:<\/p>\n<h5 style=\"text-align: justify;\"><span style=\"color: #993300;\">Prvn\u00ed m\u00edsta vybojovali:<\/span><\/h5>\n<p style=\"text-align: justify;\">Terezka \u00a0Fritzov\u00e1 (odr\u00e1\u017eedla), Michal Fritz (9-10 let), Jakub Tesa\u0159 (mlad\u0161\u00ed \u017e\u00e1ci), Krist\u00fdna Kol\u00e1\u0159ov\u00e1 (mlad\u0161\u00ed \u017e\u00e1kyn\u011b), Anna Zem\u00e1nkov\u00e1 (star\u0161\u00ed \u017e\u00e1kyn\u011b), Tom\u00e1\u0161 Tlamka &#8222;Contador&#8220; (star\u0161\u00ed \u017e\u00e1ci), Patrik Kol\u00e1\u0159 (junio\u0159i a kadeti) a\u00a0Jana Tesa\u0159ov\u00e1 (juniorky a kadetky).<\/p>\n<h5><span style=\"color: #993300;\">Druh\u00e1\u00a0m\u00edsta vybojovali:<\/span><\/h5>\n<p style=\"text-align: justify;\">Barborka Tlamkov\u00e1 (7-8 let), Maty\u00e1\u0161 Koudelka (9-10 let), Emilka Ry\u0161av\u00e1 (9-10 let), Aneta Fritzov\u00e1 (star\u0161\u00ed \u017e\u00e1kyn\u011b), Michal \u0160m\u00edda (star\u0161\u00ed \u017e\u00e1ci), Jan \u0160m\u00edda (junio\u0159i a kadeti)\u00a0a Monika Kone\u010dn\u00e1 (juniorky a kadetky).<\/p>\n<h5 style=\"text-align: justify;\"><span style=\"color: #993300;\"><strong>T\u0159et\u00ed\u00a0m\u00edsta vybojovali:<\/strong><\/span><\/h5>\n<p style=\"text-align: justify;\">Eli\u0161ka Dokoupilov\u00e1 (odr\u00e1\u017eedla), V\u00e1clav Kol\u00e1\u0159 (do 6 let), V\u00ed\u0165a Such\u00e1nek (star\u0161\u00ed \u017e\u00e1ci), Mat\u011bj Maz\u00e1nek (junio\u0159i a kadeti) a Ad\u00e9la \u0160af\u00e1\u0159ov\u00e1 (juniorky a kadetky).<\/p>\n<p style=\"text-align: justify;\">\u010ctrn\u00e1ct\u00fd\u00a0ro\u010dn\u00edk &#8222;Vrchoviny&#8220; je tedy minulost\u00ed a my u\u017e m\u016f\u017eeme p\u0159em\u00fd\u0161let nad dal\u0161\u00edm, jubilejn\u00edm, patn\u00e1ct\u00fdm ro\u010dn\u00edkem. A\u0165 tak \u010di tak, mysl\u00edm si, \u017ee hlavn\u00ed c\u00edl, kter\u00fd si tento z\u00e1vod u\u017e po l\u00e9ta ty\u010d\u00ed &#8211; to je objevovat mezi d\u011btmi cyklistick\u00e9 talenty &#8211; se da\u0159\u00ed plnit a leto\u0161n\u00ed ro\u010dn\u00edk z tohoto trendu nikterak nevybo\u010dil. Zde studujte kompletn\u00ed <a href=\"http:\/\/vysledky.pohardrahanskevrchoviny.cz\/2015\/?page=vysledky\"><strong>v\u00fdsledkov\u00fd servis<\/strong><\/a>, zde jsou u\u017e\u00a0k omrknut\u00ed i <strong><a href=\"http:\/\/moravecteam.rajce.idnes.cz\/2015.09.13._PDV_Boskovice_-_finale\/\">fotky<\/a>.<\/strong><\/p>\n<p>&nbsp;<\/p>\n<p>&nbsp;<\/p>\n<p style=\"text-align: justify;\">\n","protected":false},"excerpt":{"rendered":"<p>U\u017e t\u0159et\u00ed rok v \u0159ad\u011b o\u017eilo boskovick\u00e9 westernov\u00e9 m\u011bste\u010dko ruchem pon\u011bkud jin\u00fdm, ne\u017e ve stylu\u00a0americk\u00e9ho divok\u00e9ho Z\u00e1padu\u00a0z konce devaten\u00e1ct\u00e9ho stolet\u00ed&#8230; Druhou z\u00e1\u0159iovou ned\u011bli si zde dala dostaven\u00ed\u010dko po\u010detn\u00e1 komunita biker\u016f nejen z regionu p\u0159i fin\u00e1lov\u00e9m z\u00e1vodu 14. ro\u010dn\u00edku MTB Poh\u00e1ru Drahansk\u00e9 vrchoviny. A do t\u0159etice se jednalo\u00a0o veskrze vyda\u0159enou race s nadpr\u016fm\u011brnou z\u00e1vodnickou \u00fa\u010dast\u00ed a &hellip; <a href=\"https:\/\/www.moravecteam.cz\/?p=1537\" class=\"more-link\">Pokra\u010dov\u00e1n\u00ed textu <span class=\"screen-reader-text\">Western &#8211; biker story.<\/span> <span class=\"meta-nav\">&rarr;<\/span><\/a><\/p>\n","protected":false},"author":3,"featured_media":1550,"comment_status":"closed","ping_status":"closed","sticky":false,"template":"","format":"standard","meta":[],"categories":[1],"tags":[],"_links":{"self":[{"href":"https:\/\/www.moravecteam.cz\/index.php?rest_route=\/wp\/v2\/posts\/1537"}],"collection":[{"href":"https:\/\/www.moravecteam.cz\/index.php?rest_route=\/wp\/v2\/posts"}],"about":[{"href":"https:\/\/www.moravecteam.cz\/index.php?rest_route=\/wp\/v2\/types\/post"}],"author":[{"embeddable":true,"href":"https:\/\/www.moravecteam.cz\/index.php?rest_route=\/wp\/v2\/users\/3"}],"replies":[{"embeddable":true,"href":"https:\/\/www.moravecteam.cz\/index.php?rest_route=%2Fwp%2Fv2%2Fcomments&post=1537"}],"version-history":[{"count":14,"href":"https:\/\/www.moravecteam.cz\/index.php?rest_route=\/wp\/v2\/posts\/1537\/revisions"}],"predecessor-version":[{"id":1588,"href":"https:\/\/www.moravecteam.cz\/index.php?rest_route=\/wp\/v2\/posts\/1537\/revisions\/1588"}],"wp:featuredmedia":[{"embeddable":true,"href":"https:\/\/www.moravecteam.cz\/index.php?rest_route=\/wp\/v2\/media\/1550"}],"wp:attachment":[{"href":"https:\/\/www.moravecteam.cz\/index.php?rest_route=%2Fwp%2Fv2%2Fmedia&parent=1537"}],"wp:term":[{"taxonomy":"category","embeddable":true,"href":"https:\/\/www.moravecteam.cz\/index.php?rest_route=%2Fwp%2Fv2%2Fcategories&post=1537"},{"taxonomy":"post_tag","embeddable":true,"href":"https:\/\/www.moravecteam.cz\/index.php?rest_route=%2Fwp%2Fv2%2Ftags&post=1537"}],"curies":[{"name":"wp","href":"https:\/\/api.w.org\/{rel}","templated":true}]}}