{"id":15378,"date":"2021-10-31T18:30:55","date_gmt":"2021-10-31T17:30:55","guid":{"rendered":"http:\/\/www.moravecteam.cz\/?p=15378"},"modified":"2021-10-31T18:30:55","modified_gmt":"2021-10-31T17:30:55","slug":"zlaty-finis-v-brne-lesne","status":"publish","type":"post","link":"https:\/\/www.moravecteam.cz\/?p=15378","title":{"rendered":"Zlat\u00fd fini\u0161 v Brn\u011b-Lesn\u00e9!"},"content":{"rendered":"<p style=\"text-align: justify;\"><strong><span style=\"color: #800000;\">Po lo\u0148sk\u00e9 pauze, kterou zap\u0159\u00ed\u010dinil COVID19, se letos o druh\u00e9 \u0159\u00edjnov\u00e9 ned\u011bli op\u011bt rozto\u010dila kola obl\u00edben\u00e9ho a popul\u00e1rn\u00edho region\u00e1ln\u00edho z\u00e1vodu horsk\u00fdch kol &#8211; Sob\u011b\u0161ick\u00e1 mulda. Hojn\u00e1 \u00fa\u010dast biker\u016f na leto\u0161n\u00edm ro\u010dn\u00edku je\u00a0 jasn\u00fdm sign\u00e1lem, \u017ee COVID19 jim z\u00e1vod z pam\u011bti zdaleka nevymazal! Bodej\u0165! V\u017edy\u0165 trat\u011b v les\u00edch mezi Lesnou a Sob\u011b\u0161icemi se u\u017e\u00a0 l\u00e9ty staly &#8211; COVID \/ NECOVID &#8211; v pravd\u011b kultovn\u00edmi! Letos n\u00e1s zde hodn\u011b d\u016fstojn\u011b reprezentovala siln\u00e1 skupina \u0161esti rajdr\u016f.<\/span><\/strong><\/p>\n<p style=\"text-align: justify;\">Kdy\u017e p\u00ed\u0161i siln\u00e1 skupina, nijak nep\u0159eh\u00e1n\u00edm. T\u0159\u00ed d\u00edvky, jeden chlapec a dva mu\u017ei vybojovali celkem 6 medail\u00ed, z toho je jedna zlat\u00e1, 4 st\u0159\u00edbrn\u00e9 a jedna bronzov\u00e1. V\u00fdborn\u00e1 bilance! Bravo MORAVEC!<\/p>\n<figure id=\"attachment_15389\" aria-describedby=\"caption-attachment-15389\" style=\"width: 438px\" class=\"wp-caption aligncenter\"><a href=\"http:\/\/www.moravecteam.cz\/?attachment_id=15389\" rel=\"attachment wp-att-15389\"><img decoding=\"async\" loading=\"lazy\" class=\"size-full wp-image-15389 \" alt=\"chlubnov\u00e1\" src=\"http:\/\/www.moravecteam.cz\/wp-content\/uploads\/2021\/10\/chlubnov\u00e1.jpg\" width=\"438\" height=\"432\" srcset=\"https:\/\/www.moravecteam.cz\/wp-content\/uploads\/2021\/10\/chlubnov\u00e1.jpg 438w, https:\/\/www.moravecteam.cz\/wp-content\/uploads\/2021\/10\/chlubnov\u00e1-25x25.jpg 25w, https:\/\/www.moravecteam.cz\/wp-content\/uploads\/2021\/10\/chlubnov\u00e1-300x295.jpg 300w\" sizes=\"(max-width: 438px) 100vw, 438px\" \/><\/a><figcaption id=\"caption-attachment-15389\" class=\"wp-caption-text\">\u0160estilet\u00e1 Ella Chlubnov\u00e1 uh\u00e1n\u00ed pro st\u0159\u00edbro!<\/figcaption><\/figure>\n<p style=\"text-align: justify;\">Dva na\u0161i &#8222;repro\u0161i&#8220; z\u00e1vodili v r\u00e1mci &#8222;Muldi\u010dky&#8220; na spodn\u00ed louce. T\u00edm prvn\u00edm byla v kategorii d\u00edvek 6-7 let\u00a0 \u00a0\u0161estilet\u00e1 <strong><span style=\"color: #800000;\">Ella Chlubnov\u00e1<\/span><\/strong>, kter\u00e1 obsadila 2. m\u00edsto, kdy\u017e nesta\u010dila pouze na o rok zku\u0161en\u011bj\u0161\u00ed <strong><span style=\"color: #800000;\">Teu \u017d\u00e1\u010dkovou<\/span><\/strong> (Open Cycling Academy). T\u00e9 ve fin\u00e1lov\u00e9m z\u00e1vod\u011b podlehla nakonec o pouh\u00fdch 12 vte\u0159in. Ellinka tak znovu potvrdila, \u017ee jej\u00ed leto\u0161n\u00ed v\u00fdsledky nebyly v\u016fbec n\u00e1hodn\u00e9, a \u017ee j\u00ed jak titul v\u00edt\u011bzky MTB &#8222;Vrchoviny&#8220;, tak p\u0159edev\u0161\u00edm <strong><a href=\"https:\/\/www.sportsoft.cz\/OfficialResults\/2021\/20210822_mcrxcharrachov_xco_z5.pdf?202108.22.11.02\">titul Mistryn\u011b \u010cR<\/a><\/strong> (ob\u011b prvenstv\u00ed v kategorii d\u00edvek do 6-ti let) pat\u0159\u00ed zcela po z\u00e1sluze! Jen tak d\u00e1l!<\/p>\n<p style=\"text-align: justify;\">Druh\u00fdm na\u0161\u00edm reprezentantem na &#8222;Muldi\u010dce&#8220; byl \u010derstv\u00fd celkov\u00fd v\u00edt\u011bz ve sv\u00e9 kategorii na \u0160umpersk\u00e9m poh\u00e1ru &#8211; dev\u00edtilet\u00fd <span style=\"color: #800000;\"><strong>Mat\u011bj Kalina.<\/strong><\/span> Ten startoval v chlapeck\u00e9 kategorii 8-9 let a stejn\u011b jako Ella, i on vybojoval cenn\u00e9 st\u0159\u00edbro!\u00a0Rychlej\u0161\u00ed Mat\u011bje byl o 4 vte\u0159inky n\u00e1m dob\u0159e zn\u00e1m\u00fd, <strong><span style=\"color: #800000;\">Samuel Z\u00edtka<\/span><\/strong> (Bike Team Nov\u00e9 M\u011bsto na Morav\u011b), v\u00edt\u011bz leto\u0161n\u00edho z\u00e1vodu MTB &#8222;Vrchoviny&#8220; v Boskovic\u00edch a st\u0159\u00edbrn\u00fd ze z\u00e1vodu stejn\u00e9 s\u00e9rie v Kn\u00ednic\u00edch.<\/p>\n<figure id=\"attachment_15391\" aria-describedby=\"caption-attachment-15391\" style=\"width: 722px\" class=\"wp-caption aligncenter\"><a href=\"http:\/\/www.moravecteam.cz\/?attachment_id=15391\" rel=\"attachment wp-att-15391\"><img decoding=\"async\" loading=\"lazy\" class=\" wp-image-15391 \" alt=\"novotn\u00e1\" src=\"http:\/\/www.moravecteam.cz\/wp-content\/uploads\/2021\/10\/novotn\u00e1.jpg\" width=\"722\" height=\"531\" srcset=\"https:\/\/www.moravecteam.cz\/wp-content\/uploads\/2021\/10\/novotn\u00e1.jpg 722w, https:\/\/www.moravecteam.cz\/wp-content\/uploads\/2021\/10\/novotn\u00e1-300x220.jpg 300w\" sizes=\"(max-width: 722px) 100vw, 722px\" \/><\/a><figcaption id=\"caption-attachment-15391\" class=\"wp-caption-text\">Just\u00fdna Novotn\u00e1 zakon\u010dila mistrovskou sez\u00f3nu . jak,jinak &#8211; mistrovsky!<\/figcaption><\/figure>\n<p style=\"text-align: justify;\">Na okruhu 5 km svedlo souboj 9 d\u00edvek ml\u00e1d\u00ed 10-12 let. Na\u0161e hork\u00e1 favoritka, <strong><a href=\"https:\/\/www.sportsoft.cz\/OfficialResults\/2021\/20210822_mcrxcharrachov_xco_zakyne1.pdf?202108.22.02.45\">\u00fa\u0159aduj\u00edc\u00ed Mistryn\u011b \u010cR<\/a><\/strong>, <strong><span style=\"color: #800000;\">Just\u00fdna Novotn\u00e1<\/span><\/strong> potvrdila suver\u00e9nn\u011b \u00falohu hork\u00e9 favoritky a zv\u00edt\u011bzila p\u0159ed dvojic\u00ed d\u011bv\u010dat Bike Teamu Nov\u00e9 M\u011bsto na Morav\u011b &#8211; <strong><span style=\"color: #800000;\">Kop\u0159ivov\u00e1<\/span><\/strong>, <strong><span style=\"color: #800000;\">Mare\u0161ov\u00e1<\/span><\/strong>. Pr\u00e1v\u011b Jus\u0165a ud\u011blala symbolickou zlatou te\u010dku za \u00fa\u010dinkov\u00e1n\u00edm MORAVEC\u00a0 Teamu v leto\u0161n\u00ed sez\u00f3n\u011b!<\/p>\n<p style=\"text-align: justify;\">Medailov\u011b jsme ale ten den na &#8222;Muld\u011b&#8220; je\u0161t\u011b zdaleka nekon\u010dili&#8230; Asi jako na hodn\u011b vyda\u0159en\u00fd rok bude na ten leto\u0161n\u00ed vzpom\u00ednat i dal\u0161\u00ed na\u0161e z ji\u017e zku\u0161en\u00e1 reprezentantka, star\u0161\u00ed \u017e\u00e1kyn\u011b <strong><span style=\"color: #800000;\">Barbora Tlamkov\u00e1.<\/span><\/strong>\u00a0I ta si vyjela v Brn\u011b &#8211; Lesn\u00e9 cenn\u00e9 2. m\u00edsto, kdy\u017e o slabou p\u016flminutku nest\u00edhala jen v\u00fdbornou <strong><span style=\"color: #800000;\">Nikolu Brad\u00e1\u010dovou<\/span><\/strong> (ACT Lerak).<\/p>\n<figure id=\"attachment_15392\" aria-describedby=\"caption-attachment-15392\" style=\"width: 626px\" class=\"wp-caption alignnone\"><a href=\"http:\/\/www.moravecteam.cz\/?attachment_id=15392\" rel=\"attachment wp-att-15392\"><img decoding=\"async\" loading=\"lazy\" class=\" wp-image-15392\" alt=\"tlamkov\u00e1\" src=\"http:\/\/www.moravecteam.cz\/wp-content\/uploads\/2021\/10\/tlamkov\u00e1.jpg\" width=\"626\" height=\"513\" srcset=\"https:\/\/www.moravecteam.cz\/wp-content\/uploads\/2021\/10\/tlamkov\u00e1.jpg 626w, https:\/\/www.moravecteam.cz\/wp-content\/uploads\/2021\/10\/tlamkov\u00e1-300x245.jpg 300w\" sizes=\"(max-width: 626px) 100vw, 626px\" \/><\/a><figcaption id=\"caption-attachment-15392\" class=\"wp-caption-text\">Cenn\u00e9 st\u0159\u00edbro pro Bar\u010du Tlamkovou.<\/figcaption><\/figure>\n<p style=\"text-align: justify;\">V z\u00e1v\u011bru bikov\u00e9ho dne v Brn\u011b se bezvadn\u011b prezentovali je\u0161t\u011b dva na\u0161i dopsp\u011bl\u00ed &#8222;snajp\u0159i&#8220;. <strong><span style=\"color: #800000;\">Pavel Bal\u00e1k<\/span><\/strong> na &#8222;patn\u00e1ctce&#8220; bral v konkurenci 19-ti borc\u016f tak\u00e9 st\u0159\u00edbro,\u00a0 od zlata ho d\u011blilo nicotn\u00fdch 9 vte\u0159in. Bezm\u00e1la pades\u00e1tka borc\u016f &#8211; elitn\u00edch mu\u017e\u016f, v\u010detn\u011b MORAVCE <strong><span style=\"color: #800000;\">Petra \u0160icha<\/span><\/strong>, svedla souboj na &#8222;t\u0159ic\u00edtce&#8220; a i Pe\u0165ovi se poda\u0159ilo vyjet bednu! Obh\u00e1jil bronz z minul\u00e9ho ro\u010dn\u00edku Muldy v r. 2019 a i on asi bude m\u00edt na sez\u00f3nu r. 2021 p\u0159ev\u00e1\u017en\u011b pozitivn\u00ed vzpom\u00ednky.<\/p>\n<figure id=\"attachment_15393\" aria-describedby=\"caption-attachment-15393\" style=\"width: 328px\" class=\"wp-caption aligncenter\"><a href=\"http:\/\/www.moravecteam.cz\/?attachment_id=15393\" rel=\"attachment wp-att-15393\"><img decoding=\"async\" loading=\"lazy\" class=\"size-full wp-image-15393  \" alt=\"bal\u00e1k\" src=\"http:\/\/www.moravecteam.cz\/wp-content\/uploads\/2021\/10\/bal\u00e1k.jpg\" width=\"328\" height=\"505\" srcset=\"https:\/\/www.moravecteam.cz\/wp-content\/uploads\/2021\/10\/bal\u00e1k.jpg 328w, https:\/\/www.moravecteam.cz\/wp-content\/uploads\/2021\/10\/bal\u00e1k-194x300.jpg 194w\" sizes=\"(max-width: 328px) 100vw, 328px\" \/><\/a><figcaption id=\"caption-attachment-15393\" class=\"wp-caption-text\">Spolehliv\u00fd sb\u011bratel medail\u00ed pro MORAVEC Team: Pavel Bal\u00e1k. Svoje kvality potvrdil ziskem st\u0159\u00edbra i na Muld\u011b!<\/figcaption><\/figure>\n<p style=\"text-align: justify;\">Stejn\u011b jako cel\u00fd MORAVEC Team, kter\u00fd letos znovu potvrdil, \u017ee se p\u0159ed jeho rajdry mus\u00ed m\u00edt st\u00e1le v\u0161ichni soupe\u0159i &#8222;zatracen\u011b&#8220; na pozoru! D\u00edky \u0161esti state\u010dn\u00fdm z Brna-Lesn\u00e9 za vzorn\u00e9 repre odd\u00edlu (d\u00edk t\u00e9\u017e jejich podp\u016frn\u00fdm t\u00fdm\u016fm), a k jejich medailov\u00fdm profit\u016fm samoz\u0159ejm\u011b &#8211;\u00a0 gratulace! Zde je kompletn\u00ed <strong><a href=\"https:\/\/www.czex.cz\/mulda\/vysledky\">v\u00fdsledkov\u00fd servis<\/a><\/strong> a proto\u017ee na Muld\u011b nechyb\u011bl ani letos zku\u0161en\u00fd fotograf a n\u00e1\u0161 kamar\u00e1d, <strong><span style=\"color: #800000;\">Franti\u0161ek \u010cefel\u00edn<\/span><\/strong>, je k okouknut\u00ed i <strong><a href=\"https:\/\/cefra.rajce.idnes.cz\/Sobesicka_Mulda_2021_10._10._2021\/\">bezva fotogalerie.<\/a><\/strong><\/p>\n<figure id=\"attachment_15394\" aria-describedby=\"caption-attachment-15394\" style=\"width: 744px\" class=\"wp-caption alignnone\"><a href=\"http:\/\/www.moravecteam.cz\/?attachment_id=15394\" rel=\"attachment wp-att-15394\"><img decoding=\"async\" loading=\"lazy\" class=\" wp-image-15394\" alt=\"\u0161ich 2\" src=\"http:\/\/www.moravecteam.cz\/wp-content\/uploads\/2021\/10\/\u0161ich-2.jpg\" width=\"744\" height=\"616\" srcset=\"https:\/\/www.moravecteam.cz\/wp-content\/uploads\/2021\/10\/\u0161ich-2.jpg 744w, https:\/\/www.moravecteam.cz\/wp-content\/uploads\/2021\/10\/\u0161ich-2-300x248.jpg 300w\" sizes=\"(max-width: 744px) 100vw, 744px\" \/><\/a><figcaption id=\"caption-attachment-15394\" class=\"wp-caption-text\">&#8222;Rapsodie ve \u017elut\u00e9m&#8220;..! Aneb to nejlep\u0161\u00ed z Muldy 2021. S na\u0161\u00edm Pe\u0165ou \u0160ichem v\u010detn\u011b!<\/figcaption><\/figure>\n<p style=\"text-align: justify;\">\n","protected":false},"excerpt":{"rendered":"<p>Po lo\u0148sk\u00e9 pauze, kterou zap\u0159\u00ed\u010dinil COVID19, se letos o druh\u00e9 \u0159\u00edjnov\u00e9 ned\u011bli op\u011bt rozto\u010dila kola obl\u00edben\u00e9ho a popul\u00e1rn\u00edho region\u00e1ln\u00edho z\u00e1vodu horsk\u00fdch kol &#8211; Sob\u011b\u0161ick\u00e1 mulda. Hojn\u00e1 \u00fa\u010dast biker\u016f na leto\u0161n\u00edm ro\u010dn\u00edku je\u00a0 jasn\u00fdm sign\u00e1lem, \u017ee COVID19 jim z\u00e1vod z pam\u011bti zdaleka nevymazal! Bodej\u0165! V\u017edy\u0165 trat\u011b v les\u00edch mezi Lesnou a Sob\u011b\u0161icemi se u\u017e\u00a0 l\u00e9ty staly &hellip; <a href=\"https:\/\/www.moravecteam.cz\/?p=15378\" class=\"more-link\">Pokra\u010dov\u00e1n\u00ed textu <span class=\"screen-reader-text\">Zlat\u00fd fini\u0161 v Brn\u011b-Lesn\u00e9!<\/span> <span class=\"meta-nav\">&rarr;<\/span><\/a><\/p>\n","protected":false},"author":3,"featured_media":15387,"comment_status":"open","ping_status":"closed","sticky":false,"template":"","format":"standard","meta":[],"categories":[1],"tags":[],"_links":{"self":[{"href":"https:\/\/www.moravecteam.cz\/index.php?rest_route=\/wp\/v2\/posts\/15378"}],"collection":[{"href":"https:\/\/www.moravecteam.cz\/index.php?rest_route=\/wp\/v2\/posts"}],"about":[{"href":"https:\/\/www.moravecteam.cz\/index.php?rest_route=\/wp\/v2\/types\/post"}],"author":[{"embeddable":true,"href":"https:\/\/www.moravecteam.cz\/index.php?rest_route=\/wp\/v2\/users\/3"}],"replies":[{"embeddable":true,"href":"https:\/\/www.moravecteam.cz\/index.php?rest_route=%2Fwp%2Fv2%2Fcomments&post=15378"}],"version-history":[{"count":10,"href":"https:\/\/www.moravecteam.cz\/index.php?rest_route=\/wp\/v2\/posts\/15378\/revisions"}],"predecessor-version":[{"id":15402,"href":"https:\/\/www.moravecteam.cz\/index.php?rest_route=\/wp\/v2\/posts\/15378\/revisions\/15402"}],"wp:featuredmedia":[{"embeddable":true,"href":"https:\/\/www.moravecteam.cz\/index.php?rest_route=\/wp\/v2\/media\/15387"}],"wp:attachment":[{"href":"https:\/\/www.moravecteam.cz\/index.php?rest_route=%2Fwp%2Fv2%2Fmedia&parent=15378"}],"wp:term":[{"taxonomy":"category","embeddable":true,"href":"https:\/\/www.moravecteam.cz\/index.php?rest_route=%2Fwp%2Fv2%2Fcategories&post=15378"},{"taxonomy":"post_tag","embeddable":true,"href":"https:\/\/www.moravecteam.cz\/index.php?rest_route=%2Fwp%2Fv2%2Ftags&post=15378"}],"curies":[{"name":"wp","href":"https:\/\/api.w.org\/{rel}","templated":true}]}}