{"id":15480,"date":"2022-08-23T09:30:37","date_gmt":"2022-08-23T07:30:37","guid":{"rendered":"http:\/\/www.moravecteam.cz\/?p=15480"},"modified":"2025-08-20T09:45:00","modified_gmt":"2025-08-20T07:45:00","slug":"dalsi-mistrovsky-rok","status":"publish","type":"post","link":"https:\/\/www.moravecteam.cz\/?p=15480","title":{"rendered":"Dal\u0161\u00ed Mistrovsk\u00fd rok!"},"content":{"rendered":"<p style=\"text-align: justify;\"><strong><span style=\"color: #800000;\">Rok 2021 byl pro MORAVEC Team &#8211; co se t\u00fd\u010de &#8222;nejvy\u0161\u0161\u00ed tuzemsk\u00e9 MTB ligy&#8220; &#8211; dal\u0161\u00edm Mistrovsk\u00fdm. A to d\u00edky na\u0161\u00ed\u00a0 talentovan\u00e9 a piln\u00e9\u00a0 mlad\u0161\u00ed \u017e\u00e1kyni &#8211; Just\u00fdn\u011b Novotn\u00e9. Na Mistrovstv\u00ed \u010cR, 19. srpna 2021 v Harrachov\u011b nedala soupe\u0159k\u00e1m \u0161anci a p\u0159i\u0159adila se k dosavadn\u00edm MTB n\u00e1rodn\u00edm \u0161ampion\u016fm z \u0159ad MORAVEC Teamu: Radimu Kov\u00e1\u0159ovi, Ad\u00e9le \u0160af\u00e1\u0159ov\u00e9 a sestr\u00e1m Eli\u0161ce a Ani\u010dce Han\u00e1kov\u00fdch.<\/span><span style=\"color: #800000;\"> To<\/span><span style=\"color: #800000;\"> ale nen\u00ed v\u0161echno: z r. 2021 m\u00e1me je\u0161t\u011b jeden Mistrovsk\u00fd dres: v z\u00e1vodech d\u011bt\u00ed MINIME ho taky v Harrachov\u011b vybojovala v kategorii d\u00edvek 5-6 let Ellinka Chlubnov\u00e1! Bravo MORAVEC!\u00a0<\/span><\/strong><\/p>\n<p style=\"text-align: justify;\">I cyklistick\u00fd r. 2021 byl poznamen\u00e1n omezen\u00edmi z d\u016fvodu \u0161\u00ed\u0159en\u00ed n\u00e1kazy COVID19. Prvn\u00ed dva z\u00e1vody &#8211; na Zadov\u011b a v Brn\u011b &#8211; to poc\u00edtily nejv\u00edc, od z\u00e1vodu v Bed\u0159ichov\u011b se u\u017e ale presti\u017en\u00ed s\u00e9rie odjela dle napl\u00e1novan\u00e9ho kalend\u00e1\u0159e. V t\u00e9to aktualit\u011b si p\u0159ipomeneme \u010dty\u0159i z\u00e1vody: Bed\u0159ichov, Hlinsko, &#8222;mistr\u00e1k&#8220; v Harrachov\u011b a fin\u00e1le v Tou\u0161kov\u011b. Ze Zadova a z Brna najdete na t\u011bchto str\u00e1nk\u00e1ch samostatn\u00e9 aktuality.<\/p>\n<h5 style=\"text-align: justify;\"><strong><span style=\"color: #800000;\">\u010cP MTB Bed\u0159ichov &#8211; 26. &#8211; 27.6.2021<\/span><\/strong><\/h5>\n<p style=\"text-align: justify;\">Celkem 15 rajdr\u016f n\u00e1s reprezentovalo na tradi\u010dn\u00ed &#8222;\u0161taci&#8220; pod sv\u011bdomitou taktovkou tren\u00e9ra <strong><span style=\"color: #800000;\">Vlast\u00edka Odehnala<\/span><\/strong> a za pomoci nem\u00e9n\u011b sv\u011bdomit\u00fdch rodi\u010d\u016f na\u0161ich nejmlad\u0161\u00edch &#8222;repro\u0161\u016f&#8220;. A da\u0159ilo se n\u00e1m nadm\u00edru: po Mistrovsk\u00e9m Harrachov\u011b byl pr\u00e1v\u011b z\u00e1vod v Bed\u0159ichov\u011b pro n\u00e1s t\u00edm nej\u00fasp\u011b\u0161n\u011bj\u0161\u00edm!<\/p>\n<figure id=\"attachment_15497\" aria-describedby=\"caption-attachment-15497\" style=\"width: 1001px\" class=\"wp-caption alignnone\"><a href=\"http:\/\/www.moravecteam.cz\/?attachment_id=15497\" rel=\"attachment wp-att-15497\"><img decoding=\"async\" loading=\"lazy\" class=\" wp-image-15497\" src=\"http:\/\/www.moravecteam.cz\/wp-content\/uploads\/2022\/08\/DSC07104.jpg\" alt=\"DSC07104\" width=\"1001\" height=\"1200\" srcset=\"https:\/\/www.moravecteam.cz\/wp-content\/uploads\/2022\/08\/DSC07104.jpg 1001w, https:\/\/www.moravecteam.cz\/wp-content\/uploads\/2022\/08\/DSC07104-250x300.jpg 250w, https:\/\/www.moravecteam.cz\/wp-content\/uploads\/2022\/08\/DSC07104-854x1024.jpg 854w\" sizes=\"(max-width: 1001px) 100vw, 1001px\" \/><\/a><figcaption id=\"caption-attachment-15497\" class=\"wp-caption-text\">Viktorka Hlubinkov\u00e1: p\u0159ijela (poprv\u00e9), vid\u011bla a &#8211; zv\u00edt\u011bzila!<\/figcaption><\/figure>\n<p style=\"text-align: justify;\">V sobotu n\u00e1s reprezentovalo zku\u0161en\u00e9 duo\u00a0\u00a0 &#8222;eli\u0165\u00e1k\u016f&#8220; &#8211;\u00a0\u00a0<strong><span style=\"color: #800000;\">Petr \u0160ich<\/span><\/strong> s <span style=\"color: #800000;\"><strong>Mat\u011bjem \u0160tindlem<\/strong><\/span>.\u00a0 Mat\u011bj \u0160tind zopakoval tak\u0159ka p\u0159esn\u011b solidn\u00ed v\u00fdsledek z Brna a na dosavadn\u00ed v\u00fdsledkov\u00e9 maximum v elitn\u00ed kategorii dos\u00e1hl Petr \u0160ich a r\u00e1zem se tak za\u010dal \u0159adit do \u0161ir\u0161\u00ed \u0161pi\u010dky absolutn\u011b a a do u\u017e\u0161\u00ed v kategorii U23!<\/p>\n<figure id=\"attachment_15498\" aria-describedby=\"caption-attachment-15498\" style=\"width: 1200px\" class=\"wp-caption alignnone\"><a href=\"http:\/\/www.moravecteam.cz\/?attachment_id=15498\" rel=\"attachment wp-att-15498\"><img decoding=\"async\" loading=\"lazy\" class=\" wp-image-15498\" src=\"http:\/\/www.moravecteam.cz\/wp-content\/uploads\/2022\/08\/DSC07943.jpg\" alt=\"DSC07943\" width=\"1200\" height=\"800\" srcset=\"https:\/\/www.moravecteam.cz\/wp-content\/uploads\/2022\/08\/DSC07943.jpg 1200w, https:\/\/www.moravecteam.cz\/wp-content\/uploads\/2022\/08\/DSC07943-300x200.jpg 300w, https:\/\/www.moravecteam.cz\/wp-content\/uploads\/2022\/08\/DSC07943-1024x682.jpg 1024w\" sizes=\"(max-width: 1200px) 100vw, 1200px\" \/><\/a><figcaption id=\"caption-attachment-15498\" class=\"wp-caption-text\">Ellika Chlubnov\u00e1 se po v\u00edt\u011bzstv\u00ed V Brn\u011b v kategorii d\u00edvek 7-8 let r\u00e1zem za\u0159adila mezi hork\u00e9 favoritky na &#8222;mistr\u00e1ku&#8220; v Harrachov\u011b!<\/figcaption><\/figure>\n<p style=\"text-align: justify;\">Zb\u00fdvaj\u00edc\u00edch t\u0159in\u00e1ct na\u0161ich z\u00e1vodn\u00edk\u016f zas\u00e1hlo do boj\u016f v ned\u011bli a ta byla pro n\u00e1s vskutku &#8222;zlatou&#8220;! V\u017edy\u0165 <strong><span style=\"color: #800000;\">Viktorka Hlubinkov\u00e1<\/span><\/strong> vyhr\u00e1la z\u00e1vod d\u011bv\u010dat na odr\u00e1\u017eedlech a <strong><span style=\"color: #800000;\">Ellinka Chlubnov\u00e1<\/span><\/strong> z\u00e1vod d\u00edvek 5-6 let! A kdy\u017e k tomu p\u0159idala st\u0159\u00edbro mlad\u0161\u00ed \u017e\u00e1kyn\u011b <strong><span style=\"color: #800000;\">Just\u00fdna Novotn\u00e1<\/span><\/strong>, nem\u011blo to pro n\u00e1s v Bed\u0159ichov\u011b chybu! Elitn\u00ed des\u00edtka pak t\u011bsn\u011b unikla sedmilet\u00e9mu\u00a0<span style=\"color: #800000;\"><strong>Jon\u00e1\u0161ku Janovsk\u00e9mu.<\/strong><\/span><\/p>\n<p style=\"text-align: justify;\"><strong><span style=\"color: #800000;\">Na\u0161e v\u00fdsledky z Bed\u0159ichova:<\/span><\/strong><\/p>\n<ul>\n<li>Odr\u00e1\u017eedla &#8211; d\u00edvky: <span style=\"color: #ff6600;\"><strong>1. Viktorka Hlubinkov\u00e1<\/strong><\/span><\/li>\n<li>5-6 let &#8211; d\u00edvky: <strong><span style=\"color: #ff6600;\">1. Ella Chlubnov\u00e1<\/span><\/strong><\/li>\n<li>7-8 let &#8211; chlapci: 11. Jon\u00e1\u0161 Janovsk\u00fd, 21. Sebastian Maivald<\/li>\n<li>9-10 let &#8211; chlapci: 24. Maty\u00e1\u0161 Maivald, 29. \u0160imon Chlubna<\/li>\n<li>11-12 let &#8211; d\u00edvky: <span style=\"color: #808080;\"><strong>2. Just\u00fdna Novotn\u00e1<\/strong><\/span><\/li>\n<li>11-12 let &#8211; chlapci: 35. V\u011bnek Valenta, 64. Ondra \u0160iru\u010dek<\/li>\n<li>13-14 let &#8211; d\u00edvky: 27. Barbora Tlamkov\u00e1, 30. Barbora Janovsk\u00e1, 43. Eli\u0161ka \u0160iru\u010dkov\u00e1.<\/li>\n<li>13-14 let &#8211; chlapci: 41. David Bla\u017eek<\/li>\n<li>Mu\u017ei ELITE: 21. Petr \u0160ich (9. m\u00edsto v U23), 58. Mat\u011bj \u0160tindl (31. m\u00edsto v U23) Zde jsou z Bed\u0159ichova <a href=\"https:\/\/sportsoft.cz\/cs\/zavod\/overview\/5759\">kompletn\u00ed v\u00fdsledky<\/a>.<\/li>\n<\/ul>\n<p>Co se v Bed\u0159ichov\u011b d\u011blo, mapuj\u00ed fotogalerie <strong><span style=\"color: #800000;\">Karla V\u0161etuly<\/span><\/strong>:<\/p>\n<ul>\n<li><strong><a href=\"https:\/\/moravecteam.rajce.idnes.cz\/2021.06.26._-_27._MTB_CP_Bedrichov\/\">Fotogalerie \u010d.1<\/a><\/strong><\/li>\n<li><strong><a href=\"https:\/\/moravecteam.rajce.idnes.cz\/2021.06.26._-_27._MTB_CP_Bedrichov_-_2\/\">Fotogalerie \u010d.2<\/a><\/strong><\/li>\n<li><strong><a href=\"https:\/\/moravecteam.rajce.idnes.cz\/2021.06.26._-_27._MTB_CP_Bedrichov_-_3\/\">Fotogalerie \u010d.3<\/a><\/strong><\/li>\n<li><strong><a href=\"https:\/\/moravecteam.rajce.idnes.cz\/2021.06.26._-_27._MTB_CP_Bedrichov_-_4\/\">Fotogalerie \u010d.4<\/a><\/strong><\/li>\n<li><strong><a href=\"https:\/\/moravecteam.rajce.idnes.cz\/2021.06.26._-_27._MTB_CP_Bedrichov_-_5\/\">Fotogalerie \u010d.5<\/a><\/strong><\/li>\n<li><strong><a href=\"https:\/\/moravecteam.rajce.idnes.cz\/2021.06.26._-_27._MTB_CP_Bedrichov_-_6\/\">Fotogalerie \u010d.6<\/a><\/strong><\/li>\n<\/ul>\n<h5><span style=\"color: #800000;\">\u010cP MTB Hlinsko &#8211; 31.7. &#8211; 1.8. 2021<\/span><\/h5>\n<p style=\"text-align: justify;\">Oproti Bed\u0159ichovu n\u00e1s v Hlinsku reprezentovala o n\u011bco m\u00e1lo v\u00edc,\u00a0 ne\u017e polovina reprezentant\u016f. Chyb\u011bli <strong><span style=\"color: #800000;\">Chlubnovi<\/span><\/strong> a <strong><span style=\"color: #800000;\">Maivaldovi<\/span><\/strong>,\u00a0<strong><span style=\"color: #800000;\"> Bar\u010du Janovskou<\/span><\/strong> nepustili na start zdravotn\u00ed probl\u00e9my&#8230; P\u0159esto bylo i Hlinsko pro n\u00e1s zlat\u00e9! <strong><span style=\"color: #800000;\">Just\u00fdna Novotn\u00e1<\/span> <\/strong>v kategorii mlad\u0161\u00edch \u017e\u00e1ky\u0148 nedala soupe\u0159k\u00e1m \u0161anci a p\u0159ed bl\u00ed\u017e\u00edc\u00edm se M\u010cR v Harrachov\u011b se tak naladila na v\u00edt\u011bznou vlnu! Vyzvednout je t\u0159eba i sobotn\u00ed v\u00fdkony a v\u00fdsledky na\u0161ich dvou &#8222;eli\u0165\u00e1k\u016f&#8220;. Oba si zde zajeli svoje v\u00fdsledkov\u00e1 maxima! <strong><span style=\"color: #800000;\">Pe\u0165a \u0160ich<\/span><\/strong> nakoukl poprv\u00e9 do elitn\u00ed &#8222;dvac\u00edtky&#8220; a <strong><span style=\"color: #800000;\">Mat\u011bj &#8222;Mathieu&#8220; \u0160tindl<\/span><\/strong> si u\u017e brous\u00ed zuby na elitn\u00ed pades\u00e1tku!<\/p>\n<figure id=\"attachment_15499\" aria-describedby=\"caption-attachment-15499\" style=\"width: 1200px\" class=\"wp-caption alignnone\"><a href=\"http:\/\/www.moravecteam.cz\/?attachment_id=15499\" rel=\"attachment wp-att-15499\"><img decoding=\"async\" loading=\"lazy\" class=\" wp-image-15499\" src=\"http:\/\/www.moravecteam.cz\/wp-content\/uploads\/2022\/08\/DSC01320.jpg\" alt=\"DSC01320\" width=\"1200\" height=\"1017\" srcset=\"https:\/\/www.moravecteam.cz\/wp-content\/uploads\/2022\/08\/DSC01320.jpg 1200w, https:\/\/www.moravecteam.cz\/wp-content\/uploads\/2022\/08\/DSC01320-300x254.jpg 300w, https:\/\/www.moravecteam.cz\/wp-content\/uploads\/2022\/08\/DSC01320-1024x867.jpg 1024w\" sizes=\"(max-width: 1200px) 100vw, 1200px\" \/><\/a><figcaption id=\"caption-attachment-15499\" class=\"wp-caption-text\">Gener\u00e1lku na &#8222;mistr\u00e1k&#8220; zvl\u00e1dla Just\u00fdna Novotn\u00e1 v Hlinsku ve zlat\u00e9m stylu!<\/figcaption><\/figure>\n<p><strong><span style=\"color: #800000;\">Na\u0161e v\u00fdsledky z Hlinska:<\/span><\/strong><\/p>\n<ul>\n<li>7-8 let &#8211; chlapci: 21. Jon\u00e1\u0161 Janovsk\u00fd<\/li>\n<li>11-12 let &#8211; d\u00edvky: <span style=\"color: #ff6600;\"><strong>1. Just\u00fdna Novotn\u00e1<\/strong><\/span><\/li>\n<li>11-12 let &#8211; chlapci:\u00a0 64. Ondra \u0160iru\u010dek<\/li>\n<li>13-14 let &#8211; d\u00edvky: 28. Barbora Tlamkov\u00e1,\u00a0 44. Eli\u0161ka \u0160iru\u010dkov\u00e1.<\/li>\n<li>13-14 let &#8211; chlapci: 52. David Bla\u017eek<\/li>\n<li>Mu\u017ei ELITE: 20. Petr \u0160ich (10. m\u00edsto v U23), 52. Mat\u011bj \u0160tindl (23. m\u00edsto v U23) Zde jsou z Hlinska <strong><a href=\"https:\/\/sportsoft.cz\/cs\/zavod\/overview\/6889\">kompletn\u00ed v\u00fdsledky z ned\u011ble<\/a><\/strong> a zde jsou <strong><a href=\"https:\/\/sportsoft.cz\/cs\/zavod\/overview\/5813\">v\u00fdsledky ze soboty.<\/a><\/strong><\/li>\n<\/ul>\n<p>Co se v Hlinsku d\u011blo,\u00a0 mapuj\u00ed dv\u011b fotogalerie\u00a0<strong><span style=\"color: #800000;\">Karla V\u0161etuly:<\/span><\/strong><\/p>\n<ul>\n<li><strong><a href=\"https:\/\/moravecteam.rajce.idnes.cz\/2021.08.01_MTB_CP_Hlinsko\/\">Fotogalerie \u010d.1<\/a><\/strong><\/li>\n<li><strong><a href=\"https:\/\/moravecteam.rajce.idnes.cz\/2021.08.01_MTB_CP_Hlinsko_-_2\/\">Fotogalerie \u010d.2<\/a><\/strong><\/li>\n<\/ul>\n<h5><span style=\"color: #800000;\">M\u010cR MTB Harrachov &#8211; 19. &#8211; 22.8. 2021<\/span><\/h5>\n<p style=\"text-align: justify;\">Zlat\u00fdm p\u00edsmem bude v odd\u00edlov\u00e9 kronice zaps\u00e1n i Harrachov 2021. \u017de forma na\u0161im rajdr\u016fm vyvrcholila v prav\u00fd \u010das, uk\u00e1zaly ji\u017e sobotn\u00ed starty. Tradi\u010dn\u011b jsme v sobotu m\u011bli &#8222;v ohni&#8220; dv\u011b &#8222;\u017eel\u00edzka&#8220;: <strong><span style=\"color: #800000;\">Mat\u011bje \u0160tindla<\/span><\/strong> a <strong><span style=\"color: #800000;\">Petra \u0160icha<\/span><\/strong>. A k na\u0161\u00ed obrovsk\u00e9 radosti se oba v pr\u016fb\u011bhu z\u00e1vodu na trati p\u0159ekon\u00e1vali! Petr \u0160ich se poprv\u00e9 prosadil do elitn\u00ed dvac\u00edtky a Mat\u011bj \u0160tindl posko\u010dil v\u00fdsledkov\u011b rovnou\u00a0 do TOP40! V hodnocen\u00ed U23 to znamenalo pro Petre TOP10 a pro Mat\u011bje TOP20!!! Nejlep\u0161\u00ed v\u00fdkony obou p\u0159i\u0161ly v prav\u00fd okam\u017eik! Bravo MORAVEC!!!<\/p>\n<figure id=\"attachment_15500\" aria-describedby=\"caption-attachment-15500\" style=\"width: 1200px\" class=\"wp-caption alignnone\"><a href=\"http:\/\/www.moravecteam.cz\/?attachment_id=15500\" rel=\"attachment wp-att-15500\"><img decoding=\"async\" loading=\"lazy\" class=\" wp-image-15500\" src=\"http:\/\/www.moravecteam.cz\/wp-content\/uploads\/2022\/08\/DSC03463.jpg\" alt=\"DSC03463\" width=\"1200\" height=\"739\" srcset=\"https:\/\/www.moravecteam.cz\/wp-content\/uploads\/2022\/08\/DSC03463.jpg 1200w, https:\/\/www.moravecteam.cz\/wp-content\/uploads\/2022\/08\/DSC03463-300x184.jpg 300w, https:\/\/www.moravecteam.cz\/wp-content\/uploads\/2022\/08\/DSC03463-1024x630.jpg 1024w\" sizes=\"(max-width: 1200px) 100vw, 1200px\" \/><\/a><figcaption id=\"caption-attachment-15500\" class=\"wp-caption-text\">Jak Mat\u011bj Stindl, tak Petr \u0160ich, oba si v elit\u011b zajeli v Harrachov\u011b svoje dosavadn\u00ed TOP v\u00fdsledky!<\/figcaption><\/figure>\n<p style=\"text-align: justify;\">Bojovnost\u00ed a odhodl\u00e1n\u00edm, jakoby <strong><span style=\"color: #800000;\">Petr \u0160ich<\/span><\/strong> s <span style=\"color: #800000;\"><strong>Mat\u011bjem \u0160tindlem<\/strong><\/span> &#8222;nakazili&#8220; i zbytek na\u0161ich reprezentant\u016f, kte\u0159\u00ed startovali o den pozd\u011bji. Sv\u00fdm bojovn\u00fdm a vyzr\u00e1l\u00fdm v\u00fdkonem n\u00e1s na zlatou ned\u011bln\u00ed vlnu naladila 6-ti let\u00e1 <strong><span style=\"color: #800000;\">Ella Chlubnov\u00e1.<\/span><\/strong> Z\u00e1vod ve sv\u00e9 kategorii za\u010dala rozv\u00e1\u017en\u011b. Postupn\u011b ale zrychlovala a v c\u00edli z toho byl zaslou\u017een\u00fd titul Mistryn\u011b \u010cR! Podruh\u00e9 bravo MORAVEC!<\/p>\n<figure id=\"attachment_15501\" aria-describedby=\"caption-attachment-15501\" style=\"width: 1200px\" class=\"wp-caption alignnone\"><a href=\"http:\/\/www.moravecteam.cz\/?attachment_id=15501\" rel=\"attachment wp-att-15501\"><img decoding=\"async\" loading=\"lazy\" class=\" wp-image-15501\" src=\"http:\/\/www.moravecteam.cz\/wp-content\/uploads\/2022\/08\/DSC05007-1.jpg\" alt=\"DSC05007 (1)\" width=\"1200\" height=\"944\" srcset=\"https:\/\/www.moravecteam.cz\/wp-content\/uploads\/2022\/08\/DSC05007-1.jpg 1200w, https:\/\/www.moravecteam.cz\/wp-content\/uploads\/2022\/08\/DSC05007-1-300x236.jpg 300w, https:\/\/www.moravecteam.cz\/wp-content\/uploads\/2022\/08\/DSC05007-1-1024x805.jpg 1024w\" sizes=\"(max-width: 1200px) 100vw, 1200px\" \/><\/a><figcaption id=\"caption-attachment-15501\" class=\"wp-caption-text\">Nov\u00e1 Mistryn\u011b \u010cR, Ellinka Chlubnov\u00e1, s nov\u00fdm ply\u0161ov\u00fdm kamar\u00e1dem.<\/figcaption><\/figure>\n<p style=\"text-align: justify;\">Bojovnost sr\u0161ela i z <strong><span style=\"color: #800000;\">Jon\u00e1\u0161e Janovsk\u00e9ho.<\/span><\/strong>\u00a0Ten se &#8211; co by prvoro\u010d\u00e1k v kategorii 7-8 let, prosadil v n\u00e1ro\u010dn\u00e9 konkurenci do elitn\u00ed patn\u00e1ctky. A do elitn\u00ed t\u0159ic\u00edtky sv\u016fj z\u00e1vod zvl\u00e1dl dal\u0161\u00ed osv\u011bd\u010den\u00fd bojovn\u00edk v na\u0161em dresu &#8211; dev\u00edtilet\u00fd <strong><span style=\"color: #800000;\">\u0160imon Chlubna<\/span><\/strong>.<\/p>\n<figure id=\"attachment_15502\" aria-describedby=\"caption-attachment-15502\" style=\"width: 1200px\" class=\"wp-caption alignnone\"><a href=\"http:\/\/www.moravecteam.cz\/?attachment_id=15502\" rel=\"attachment wp-att-15502\"><img decoding=\"async\" loading=\"lazy\" class=\" wp-image-15502\" src=\"http:\/\/www.moravecteam.cz\/wp-content\/uploads\/2022\/08\/DSC04878-1.jpg\" alt=\"DSC04878 (1)\" width=\"1200\" height=\"689\" srcset=\"https:\/\/www.moravecteam.cz\/wp-content\/uploads\/2022\/08\/DSC04878-1.jpg 1200w, https:\/\/www.moravecteam.cz\/wp-content\/uploads\/2022\/08\/DSC04878-1-300x172.jpg 300w, https:\/\/www.moravecteam.cz\/wp-content\/uploads\/2022\/08\/DSC04878-1-1024x587.jpg 1024w\" sizes=\"(max-width: 1200px) 100vw, 1200px\" \/><\/a><figcaption id=\"caption-attachment-15502\" class=\"wp-caption-text\">I \u0160imonu Chlubnovi (zcela vlevo), vyvrcholila forma v prav\u00fd \u010das!<\/figcaption><\/figure>\n<p style=\"text-align: justify;\">Pak u\u017e jsme s nap\u011bt\u00edm vyhl\u00ed\u017eeli start mlad\u0161\u00edch \u017e\u00e1ky\u0148 s na\u0161\u00ed tajnou favoritkou, <strong><span style=\"color: #800000;\">Just\u00fdnou Novotnou<\/span><\/strong> na startu. A Jus\u0165a zde zajela \u017eivotn\u00ed z\u00e1vod! Uk\u00e1zala s\u00edlu a tah p\u0159edev\u0161\u00edm v kopc\u00edch, kde p\u0159edev\u0161\u00edm p\u0159evy\u0161ovala svoj\u00ed nejv\u011bt\u0161\u00ed soupe\u0159kou <strong><span style=\"color: #800000;\">Klotyldou Slukovou<\/span><\/strong> (Adastra) a zcela po z\u00e1sluze se po necel\u00e9 p\u016flhodin\u011b mohla radovat ze sv\u00e9ho prvn\u00edho Mistrovsk\u00e9ho titulu! Bravo MORAVEC do t\u0159etice!!!<\/p>\n<figure id=\"attachment_15517\" aria-describedby=\"caption-attachment-15517\" style=\"width: 1200px\" class=\"wp-caption alignnone\"><a href=\"http:\/\/www.moravecteam.cz\/?attachment_id=15517\" rel=\"attachment wp-att-15517\"><img decoding=\"async\" loading=\"lazy\" class=\" wp-image-15517\" src=\"http:\/\/www.moravecteam.cz\/wp-content\/uploads\/2022\/08\/DSC05106-1.jpg\" alt=\"DSC05106 (1)\" width=\"1200\" height=\"842\" srcset=\"https:\/\/www.moravecteam.cz\/wp-content\/uploads\/2022\/08\/DSC05106-1.jpg 1200w, https:\/\/www.moravecteam.cz\/wp-content\/uploads\/2022\/08\/DSC05106-1-300x210.jpg 300w, https:\/\/www.moravecteam.cz\/wp-content\/uploads\/2022\/08\/DSC05106-1-1024x718.jpg 1024w\" sizes=\"(max-width: 1200px) 100vw, 1200px\" \/><\/a><figcaption id=\"caption-attachment-15517\" class=\"wp-caption-text\">Je to doma! Nejrychlej\u0161\u00ed mlad\u0161\u00ed \u017e\u00e1kyn\u00ed v \u010cesk\u00e9 republice je v roce .2021 Just\u00fdna Novotn\u00e1 (MORAVEC Team)!<\/figcaption><\/figure>\n<p style=\"text-align: justify;\">No a nad p\u0159\u00edkladnou bojovnost\u00ed jsme uznale pok\u00fdvali hlavou i v p\u0159\u00edpad\u011b mlad\u0161\u00edho \u017e\u00e1ka Ondry \u0160iru\u010dka a star\u0161\u00edch \u017e\u00e1ky\u0148 Barbory Tlamkov\u00e9 a Eli\u0161ky \u0160iru\u010dkov\u00e9. Skute\u010dn\u011b to byl pro n\u00e1s par\u00e1dn\u00ed Mistr\u00e1k, kter\u00fd n\u00e1m z\u016fstane zaryt\u00fd v pam\u011bti hodn\u011b, hodn\u011b dlouho..!<\/p>\n<p><span style=\"color: #800000;\"><strong>Na\u0161e v\u00fdsledky z Harrachova:<\/strong><\/span><\/p>\n<ul>\n<li>5-6 let &#8211; d\u00edvky:\u00a0<strong><span style=\"color: #ff6600;\">1. Ella Chlubnov\u00e1<\/span><\/strong><\/li>\n<li>7-8 let &#8211; chlapci: 15. Jon\u00e1\u0161 Janovsk\u00fd<\/li>\n<li>9-10 let &#8211; chlapci:\u00a0 29. \u0160imon Chlubna<\/li>\n<li>11-12 let &#8211; d\u00edvky: <strong><span style=\"color: #ff6600;\">1. Just\u00fdna Novotn\u00e1<\/span><\/strong><\/li>\n<li>11-12 let &#8211; chlapci: 60. Ondra \u0160iru\u010dek<\/li>\n<li>13-14 let &#8211; d\u00edvky: 29. Barbora Tlamkov\u00e1,\u00a0 44. Eli\u0161ka \u0160iru\u010dkov\u00e1.<\/li>\n<li>13-14 let &#8211; chlapci: 53. David Bla\u017eek<\/li>\n<li>Mu\u017ei ELITE: 18. Petr \u0160ich (8. m\u00edsto v U23), 37. Mat\u011bj \u0160tindl (19. m\u00edsto v U23). Zde jsou z Harrachova <strong><a href=\"https:\/\/sportsoft.cz\/cs\/zavod\/overview\/6903\">kompletn\u00ed v\u00fdsledky<\/a>.<\/strong><\/li>\n<\/ul>\n<p style=\"text-align: justify;\">Jak to bylo v Harrachov\u011b,\u00a0 si p\u0159ipome\u0148te na stovk\u00e1ch fotek <strong><span style=\"color: #800000;\">Karla V\u0161etuly<\/span><\/strong>:<\/p>\n<ul>\n<li><strong><a href=\"https:\/\/moravecteam.rajce.idnes.cz\/2021_.08.19._-_22._MTB_MCR_Harrachov\/\">Fotogalerie \u010d.1<\/a><\/strong><\/li>\n<li><strong><a href=\"https:\/\/moravecteam.rajce.idnes.cz\/2021.08.19._-_22._MTB_MCR_Harrachov_-_2\/\">Fotogalerie \u010d.2<\/a><\/strong><\/li>\n<li><a href=\"https:\/\/moravecteam.rajce.idnes.cz\/2021.08.19._-_22._MTB_MCR_Harrachov_-_3\/\"><strong>Fotogalerie \u010d.3<\/strong><\/a><\/li>\n<li><a href=\"https:\/\/moravecteam.rajce.idnes.cz\/2021.08.19._-_22._MTB_MCR_Harrachov_-_4\/\"><strong>Fotogalerie \u010d.4<\/strong><\/a><\/li>\n<li><a href=\"https:\/\/moravecteam.rajce.idnes.cz\/2021.08.19._-_22._MTB_MCR_Harrachov_-_5\/\"><strong>Fotogalerie \u010d.5<\/strong><\/a><\/li>\n<li><a href=\"https:\/\/moravecteam.rajce.idnes.cz\/2021.08.19._-_22._MTB_MCR_Harrachov_-_6\/\"><strong>Fotogalerie \u010d.6<\/strong><\/a><\/li>\n<li><a href=\"https:\/\/moravecteam.rajce.idnes.cz\/2021.08.19._-_22._MTB_MCR_Harrachov_-_7\/\"><strong>Fotogalerie \u010d.7<\/strong><\/a><\/li>\n<li><strong><a href=\"https:\/\/moravecteam.rajce.idnes.cz\/2021.08.19._-_22._MTB_MCR_Harrachov_-_8\/\">Fotogalerie \u010d.8<\/a><\/strong><\/li>\n<li><a href=\"https:\/\/moravecteam.rajce.idnes.cz\/2021.08.19._-_22._MTB_MCR_Harrachov_-_9\/\"><strong>Fotogalerie \u010d.9<\/strong><\/a><\/li>\n<li><a href=\"https:\/\/moravecteam.rajce.idnes.cz\/2021.08.19._-_22._MTB_MCR_Harrachov_-_10\/\"><strong>Fotogalerie \u010d.10<\/strong><\/a><\/li>\n<\/ul>\n<h5><span style=\"color: #800000;\">\u010cP MTB Tou\u0161kov &#8211; 11. &#8211; 12.9. 2021<\/span><\/h5>\n<p style=\"text-align: justify;\">Na fin\u00e1le \u010cesk\u00e9ho poh\u00e1ru vyrazila dev\u00edtka na\u0161ich reprezentant\u016f. medailov\u011b se op\u011bt bl\u00fdskla na\u0161e d\u011bv\u010data: <strong><span style=\"color: #800000;\">Ellinka Chlubnov\u00e1<\/span><\/strong> vyhr\u00e1la letos do t\u0159etice z\u00e1vod d\u00edvek do 6 let a\u00a0<span style=\"color: #800000; font-weight: bold;\">Just\u00fdna Novotn\u00e1<\/span>\u00a0byla 2. mezi mlad\u0161\u00edmi \u017e\u00e1kyn\u011bmi. Kdy\u017e k tomu p\u0159ipo\u010dteme, \u017ee <strong><span style=\"color: #800000;\">Jon\u00e1\u0161 Janovsk\u00fd<\/span><\/strong>, <span style=\"color: #800000;\"><strong>\u0160imon Chlubna<\/strong><\/span>, sourozenci <strong><span style=\"color: #800000;\">Ondra a Eli\u0161ka \u0160iru\u010dkovi<\/span><\/strong> a uzdraven\u00e1 <strong><span style=\"color: #800000;\">Bar\u010da Janovsk\u00e1<\/span><\/strong> &#8211; ti v\u0161ichni dos\u00e1hli v Tou\u0161kov\u011b na sv\u016fj leto\u0161n\u00ed nejlep\u0161\u00ed v\u00fdsledek, a \u017ee v\u00fdborn\u00e9 v\u00fdsledky z Harrachova zde podr\u017eeli i na\u0161i &#8222;eli\u0165\u00e1ci&#8220; &#8211; <strong><span style=\"color: #800000;\">Petr \u0160ich<\/span><\/strong> s <strong><span style=\"color: #800000;\">Mat\u011bjem \u0160tindlem<\/span><\/strong>, nezb\u00fdv\u00e1 ne\u017e op\u011bt zvolat: Bravo MORAVEC!!! Par\u00e1dn\u00ed te\u010dka za hodn\u011b vyda\u0159enou sez\u00f3nou! Mockr\u00e1t d\u00edky v\u0161em, kdo se o ni jakkoli zaslou\u017eili! Zb\u00fdv\u00e1 u\u017e jen doplnit, \u017ee v neofici\u00e1ln\u00edm bodov\u00e9m hodnocen\u00ed t\u00fdm\u016f n\u00e1m za sez\u00f3nu pat\u0159\u00ed se ziskem 3217 bod\u016f sympatick\u00e9, 27. m\u00edsto (bodov\u011b byl pro n\u00e1s TOP Bed\u0159ichov, kde jich na\u0161i posb\u00edrali \u00factyhodn\u00fdch 806)! A stoj\u00ed za to ur\u010dit\u011b i zd\u016fraznit celkov\u00e9 t\u0159et\u00ed m\u00edsto <strong><span style=\"color: #800000;\">Viktorky Hlubinkov\u00e9<\/span><\/strong> v \u010cesk\u00e9m poh\u00e1ru 2022 MINIME v kategorii odr\u00e1\u017eedel a celkov\u00e9 druh\u00e9 m\u00edsto mlad\u0161\u00ed \u017e\u00e1kyn\u011b <strong><span style=\"color: #800000;\">Just\u00fdny Novotn\u00e9<\/span><\/strong>! <strong><span style=\"color: #800000;\">Bravo MORAVEC!!!<\/span><\/strong><\/p>\n<figure id=\"attachment_15506\" aria-describedby=\"caption-attachment-15506\" style=\"width: 1200px\" class=\"wp-caption alignnone\"><a href=\"http:\/\/www.moravecteam.cz\/?attachment_id=15506\" rel=\"attachment wp-att-15506\"><img decoding=\"async\" loading=\"lazy\" class=\" wp-image-15506\" src=\"http:\/\/www.moravecteam.cz\/wp-content\/uploads\/2022\/08\/DSC08243.jpg\" alt=\"DSC08243\" width=\"1200\" height=\"800\" srcset=\"https:\/\/www.moravecteam.cz\/wp-content\/uploads\/2022\/08\/DSC08243.jpg 1200w, https:\/\/www.moravecteam.cz\/wp-content\/uploads\/2022\/08\/DSC08243-300x200.jpg 300w, https:\/\/www.moravecteam.cz\/wp-content\/uploads\/2022\/08\/DSC08243-1024x682.jpg 1024w\" sizes=\"(max-width: 1200px) 100vw, 1200px\" \/><\/a><figcaption id=\"caption-attachment-15506\" class=\"wp-caption-text\">Ella Chlubnov\u00e1 byla ve sv\u00e9 kategorii nejrychlej\u0161\u00ed i v Tou\u0161kov\u011b!<\/figcaption><\/figure>\n<p><strong><span style=\"color: #800000;\">Na\u0161e v\u00fdsledky &#8211; Tou\u0161kov:<\/span><\/strong><\/p>\n<ul>\n<li>5-6 let &#8211; d\u00edvky:\u00a0<strong><span style=\"color: #ff6600;\">1. Ella Chlubnov\u00e1<\/span><\/strong><\/li>\n<li>7-8 let &#8211; chlapci: 7. Jon\u00e1\u0161 Janovsk\u00fd<\/li>\n<li>9-10 let &#8211; chlapci:\u00a0 20. \u0160imon Chlubna<\/li>\n<li>11-12 let &#8211; d\u00edvky: <strong><span style=\"color: #808080;\">2. Just\u00fdna Novotn\u00e1<\/span><\/strong><\/li>\n<li>11-12 let &#8211; chlapci: 56. Ondra \u0160iru\u010dek<\/li>\n<li>13-14 let &#8211; d\u00edvky: 20. Barbora Janovsk\u00e1, 39. Eli\u0161ka \u0160iru\u010dkov\u00e1.<\/li>\n<li>Mu\u017ei ELITE: 22. Petr \u0160ich (11. m\u00edsto v U23), 40. Mat\u011bj \u0160tindl (20. m\u00edsto v U23). Zde jsou z Tou\u0161kova <strong><a href=\"https:\/\/sportsoft.cz\/cs\/zavod\/overview\/6933\">kompletn\u00ed v\u00fdsledky<\/a>.<\/strong><\/li>\n<\/ul>\n<figure id=\"attachment_15507\" aria-describedby=\"caption-attachment-15507\" style=\"width: 1200px\" class=\"wp-caption alignnone\"><a href=\"http:\/\/www.moravecteam.cz\/?attachment_id=15507\" rel=\"attachment wp-att-15507\"><img decoding=\"async\" loading=\"lazy\" class=\" wp-image-15507\" src=\"http:\/\/www.moravecteam.cz\/wp-content\/uploads\/2022\/08\/DSC08704.jpg\" alt=\"DSC08704\" width=\"1200\" height=\"800\" srcset=\"https:\/\/www.moravecteam.cz\/wp-content\/uploads\/2022\/08\/DSC08704.jpg 1200w, https:\/\/www.moravecteam.cz\/wp-content\/uploads\/2022\/08\/DSC08704-300x200.jpg 300w, https:\/\/www.moravecteam.cz\/wp-content\/uploads\/2022\/08\/DSC08704-1024x682.jpg 1024w\" sizes=\"(max-width: 1200px) 100vw, 1200px\" \/><\/a><figcaption id=\"caption-attachment-15507\" class=\"wp-caption-text\">Povedenou sez\u00f3nu zakon\u010dila &#8222;Jus\u0165a&#8220; ziskom cenn\u00e9ho st\u0159\u00edbra!<\/figcaption><\/figure>\n<p><span style=\"color: #800000;\"><strong>Na\u0161e celkov\u00e9 v\u00fdsledky v \u010cP MTB 2021:<\/strong><\/span><\/p>\n<ul>\n<li>Odr\u00e1\u017eedla &#8211; d\u00edvky: <strong><span style=\"color: #993300;\">3. Viktorka Hlubinkov\u00e1<\/span><\/strong><\/li>\n<li>5-6 let &#8211; d\u00edvky: 4. Ella Chlubnov\u00e1<\/li>\n<li>7-8 let &#8211; chlapci: 12. Jon\u00e1\u0161 Janovsk\u00fd, 39. Sebastian Maivald<\/li>\n<li>9-10 let &#8211; chlapci: 33. \u0160imon Chlubna, 46. Maty\u00e1\u0161 Maivald<\/li>\n<li>11-12 let &#8211; d\u00edvky:\u00a0<strong><span style=\"color: #808080;\">2. Just\u00fdna Novotn\u00e1<\/span><\/strong><\/li>\n<li>11-12 let &#8211; chlapci: 59. Ondra \u0160iru\u010dek,\u00a0\u00a063. V\u011bnek Valenta<\/li>\n<li>13-14 let &#8211; d\u00edvky: 31. Barbora Tlamkov\u00e1, 35.\u00a0Eli\u0161ka \u0160iru\u010dkov\u00e1, 37. Barbora Janovsk\u00e1<\/li>\n<li>13-14 let &#8211; chlapci: 51. David Bla\u017eek<\/li>\n<li>Mu\u017ei ELITE: 23. Petr \u0160ich (9. m\u00edsto v U23), 38. Mat\u011bj \u0160tindl (18. m\u00edsto v U23)<\/li>\n<\/ul>\n<p>Tou\u0161kov si p\u0159ipome\u0148te v t\u00e9to mal\u00e9 fotogalerii:<\/p>\n<ul>\n<li><strong><a href=\"https:\/\/moravecteam.rajce.idnes.cz\/2021.09.11._-_12._MTB_CP_Touskov\/\">Fotogalerie \u010d.1<\/a><\/strong><\/li>\n<\/ul>\n<p style=\"text-align: justify;\">\n","protected":false},"excerpt":{"rendered":"<p>Rok 2021 byl pro MORAVEC Team &#8211; co se t\u00fd\u010de &#8222;nejvy\u0161\u0161\u00ed tuzemsk\u00e9 MTB ligy&#8220; &#8211; dal\u0161\u00edm Mistrovsk\u00fdm. A to d\u00edky na\u0161\u00ed\u00a0 talentovan\u00e9 a piln\u00e9\u00a0 mlad\u0161\u00ed \u017e\u00e1kyni &#8211; Just\u00fdn\u011b Novotn\u00e9. Na Mistrovstv\u00ed \u010cR, 19. srpna 2021 v Harrachov\u011b nedala soupe\u0159k\u00e1m \u0161anci a p\u0159i\u0159adila se k dosavadn\u00edm MTB n\u00e1rodn\u00edm \u0161ampion\u016fm z \u0159ad MORAVEC Teamu: Radimu Kov\u00e1\u0159ovi, Ad\u00e9le &hellip; <a href=\"https:\/\/www.moravecteam.cz\/?p=15480\" class=\"more-link\">Pokra\u010dov\u00e1n\u00ed textu <span class=\"screen-reader-text\">Dal\u0161\u00ed Mistrovsk\u00fd rok!<\/span> <span class=\"meta-nav\">&rarr;<\/span><\/a><\/p>\n","protected":false},"author":3,"featured_media":15516,"comment_status":"open","ping_status":"closed","sticky":false,"template":"","format":"standard","meta":[],"categories":[1],"tags":[],"_links":{"self":[{"href":"https:\/\/www.moravecteam.cz\/index.php?rest_route=\/wp\/v2\/posts\/15480"}],"collection":[{"href":"https:\/\/www.moravecteam.cz\/index.php?rest_route=\/wp\/v2\/posts"}],"about":[{"href":"https:\/\/www.moravecteam.cz\/index.php?rest_route=\/wp\/v2\/types\/post"}],"author":[{"embeddable":true,"href":"https:\/\/www.moravecteam.cz\/index.php?rest_route=\/wp\/v2\/users\/3"}],"replies":[{"embeddable":true,"href":"https:\/\/www.moravecteam.cz\/index.php?rest_route=%2Fwp%2Fv2%2Fcomments&post=15480"}],"version-history":[{"count":21,"href":"https:\/\/www.moravecteam.cz\/index.php?rest_route=\/wp\/v2\/posts\/15480\/revisions"}],"predecessor-version":[{"id":16415,"href":"https:\/\/www.moravecteam.cz\/index.php?rest_route=\/wp\/v2\/posts\/15480\/revisions\/16415"}],"wp:featuredmedia":[{"embeddable":true,"href":"https:\/\/www.moravecteam.cz\/index.php?rest_route=\/wp\/v2\/media\/15516"}],"wp:attachment":[{"href":"https:\/\/www.moravecteam.cz\/index.php?rest_route=%2Fwp%2Fv2%2Fmedia&parent=15480"}],"wp:term":[{"taxonomy":"category","embeddable":true,"href":"https:\/\/www.moravecteam.cz\/index.php?rest_route=%2Fwp%2Fv2%2Fcategories&post=15480"},{"taxonomy":"post_tag","embeddable":true,"href":"https:\/\/www.moravecteam.cz\/index.php?rest_route=%2Fwp%2Fv2%2Ftags&post=15480"}],"curies":[{"name":"wp","href":"https:\/\/api.w.org\/{rel}","templated":true}]}}