{"id":1554,"date":"2015-09-13T13:23:09","date_gmt":"2015-09-13T11:23:09","guid":{"rendered":"http:\/\/www.moravecteam.cz\/?p=1554"},"modified":"2015-09-14T14:36:07","modified_gmt":"2015-09-14T12:36:07","slug":"cmt-ostrava-1-contador","status":"publish","type":"post","link":"https:\/\/www.moravecteam.cz\/?p=1554","title":{"rendered":"CMT Skalka: 1. Contador!"},"content":{"rendered":"<p style=\"text-align: justify;\"><strong><span style=\"color: #993300;\">Nen\u00ed to tak dlouho, co na\u0161e zrakov\u00e9 senzory\u00a0up\u0159ely pozornost na sever Moravy, konkr\u00e9tn\u011b do Ostarvy &#8211; B\u011blsk\u00e9ho lesa, kde jsme velice bedliv\u011b sledovali v\u00fdkony a v\u00fdsledky na\u0161ich rider\u016f v r\u00e1mci presti\u017en\u00edho MTB z\u00e1vodu Ostravsk\u00fd Chachar. A po \u010dtrn\u00e1cti dnech jsme svoji pozornost do severomoravsk\u00e9 metropole soust\u0159edili op\u011bt. Tentokr\u00e1t do m\u00edstn\u00ed m\u011bstsk\u00e9 \u010d\u00e1sti Skalka.<\/span><\/strong><\/p>\n<p style=\"text-align: justify;\"><a href=\"http:\/\/www.moravecteam.cz\/?attachment_id=1561\" rel=\"attachment wp-att-1561\"><img decoding=\"async\" loading=\"lazy\" class=\"size-full wp-image-1561 alignleft\" alt=\"P1150582\" src=\"http:\/\/www.moravecteam.cz\/wp-content\/uploads\/2015\/09\/P1150582.jpg\" width=\"176\" height=\"250\" \/><\/a>V sobotu 12. z\u00e1\u0159\u00ed 2015 zde pokra\u010dovala dal\u0161\u00edm z\u00e1vodem popul\u00e1rn\u00ed MTB s\u00e9rie CykloMaraton Tour a MORAVEC zde velice zdatn\u011b reprezentovalo &#8222;Okrouhleck\u00e9 k\u0159\u00eddlo&#8220;, jmenovit\u011b <span style=\"color: #993300;\"><strong>Tom\u00e1\u0161 Tlamka &#8222;Contador&#8220;<\/strong> <\/span>a <strong><span style=\"color: #993300;\">Monika &#8222;Tyg\u0159ice&#8220; Kone\u010dn\u00e1<\/span><\/strong>. Mlad\u0161\u00ed Tom\u00e1\u0161 se \u00fasp\u011b\u0161n\u011b popasoval v doprovodn\u00e9m z\u00e1vod\u011b star\u0161\u00edch \u017e\u00e1k\u016f s docela slu\u0161nou konkurenc\u00ed deseti soupe\u0159\u016f, kdy\u017e si s n\u00e1skokem devaten\u00e1cti sekund dojel s p\u0159ehledem pro prvenstv\u00ed a znovu potvrdil pov\u011bst na CMT\u00a0t\u011b\u017eko poraziteln\u00e9ho rajdra.<\/p>\n<p style=\"text-align: justify;\">Pon\u011bkud n\u00e1ro\u010dn\u011bj\u0161\u00ed \u00fakol m\u011bla Monika, kter\u00e1 vzhledem ke sv\u00e9mu<a href=\"http:\/\/www.moravecteam.cz\/?attachment_id=1563\" rel=\"attachment wp-att-1563\"><img decoding=\"async\" loading=\"lazy\" class=\"size-full wp-image-1563 alignright\" alt=\"OLYMPUS DIGITAL CAMERA\" src=\"http:\/\/www.moravecteam.cz\/wp-content\/uploads\/2015\/09\/P1010061.jpg\" width=\"177\" height=\"250\" \/><\/a> v\u011bku kadetky ji\u017e vyrazila na maratonskou tra\u0165 o distanci 34 km. Jak je\u00a0ale\u00a0u n\u00ed\u00a0 dobr\u00fdm zvykem, nechala na trati v\u0161echny s\u00edly a i d\u00edky &#8222;Contadorov\u011b&#8220; nezi\u0161tn\u00e9 podpo\u0159e v\u00a0druh\u00e9 polovin\u011b z\u00e1vodu z toho bylo v c\u00edli \u00a0nakonec v\u00fdborn\u00e9, by\u0165 tolik nepopul\u00e1rn\u00ed &#8222;bramborov\u00e9&#8220; \u010dtvrt\u00e9 m\u00edsto! D\u00edky moc ob\u011bma za vzorn\u00e9 repre MORAVCE, stihnou-li je\u0161t\u011b na\u00a0n\u011bkter\u00e9m ze z\u00e1vod\u016f CMT\u00a0\u00fasp\u011b\u0161n\u011b startovat, nemus\u00ed b\u00fdt ani letos bez \u0161ance na celkov\u00e9 medailov\u00e9 um\u00edst\u011bn\u00ed! Zde je ze soboty <a href=\"http:\/\/www.sport-base.cz\/vysledky\/2015\/2015.htm\"><strong>v\u00fdsledkov\u00fd servis<\/strong><\/a>.<\/p>\n<p style=\"text-align: justify;\">\n","protected":false},"excerpt":{"rendered":"<p>Nen\u00ed to tak dlouho, co na\u0161e zrakov\u00e9 senzory\u00a0up\u0159ely pozornost na sever Moravy, konkr\u00e9tn\u011b do Ostarvy &#8211; B\u011blsk\u00e9ho lesa, kde jsme velice bedliv\u011b sledovali v\u00fdkony a v\u00fdsledky na\u0161ich rider\u016f v r\u00e1mci presti\u017en\u00edho MTB z\u00e1vodu Ostravsk\u00fd Chachar. A po \u010dtrn\u00e1cti dnech jsme svoji pozornost do severomoravsk\u00e9 metropole soust\u0159edili op\u011bt. Tentokr\u00e1t do m\u00edstn\u00ed m\u011bstsk\u00e9 \u010d\u00e1sti Skalka. V sobotu &hellip; <a href=\"https:\/\/www.moravecteam.cz\/?p=1554\" class=\"more-link\">Pokra\u010dov\u00e1n\u00ed textu <span class=\"screen-reader-text\">CMT Skalka: 1. Contador!<\/span> <span class=\"meta-nav\">&rarr;<\/span><\/a><\/p>\n","protected":false},"author":3,"featured_media":1564,"comment_status":"closed","ping_status":"closed","sticky":false,"template":"","format":"standard","meta":[],"categories":[1],"tags":[],"_links":{"self":[{"href":"https:\/\/www.moravecteam.cz\/index.php?rest_route=\/wp\/v2\/posts\/1554"}],"collection":[{"href":"https:\/\/www.moravecteam.cz\/index.php?rest_route=\/wp\/v2\/posts"}],"about":[{"href":"https:\/\/www.moravecteam.cz\/index.php?rest_route=\/wp\/v2\/types\/post"}],"author":[{"embeddable":true,"href":"https:\/\/www.moravecteam.cz\/index.php?rest_route=\/wp\/v2\/users\/3"}],"replies":[{"embeddable":true,"href":"https:\/\/www.moravecteam.cz\/index.php?rest_route=%2Fwp%2Fv2%2Fcomments&post=1554"}],"version-history":[{"count":7,"href":"https:\/\/www.moravecteam.cz\/index.php?rest_route=\/wp\/v2\/posts\/1554\/revisions"}],"predecessor-version":[{"id":1566,"href":"https:\/\/www.moravecteam.cz\/index.php?rest_route=\/wp\/v2\/posts\/1554\/revisions\/1566"}],"wp:featuredmedia":[{"embeddable":true,"href":"https:\/\/www.moravecteam.cz\/index.php?rest_route=\/wp\/v2\/media\/1564"}],"wp:attachment":[{"href":"https:\/\/www.moravecteam.cz\/index.php?rest_route=%2Fwp%2Fv2%2Fmedia&parent=1554"}],"wp:term":[{"taxonomy":"category","embeddable":true,"href":"https:\/\/www.moravecteam.cz\/index.php?rest_route=%2Fwp%2Fv2%2Fcategories&post=1554"},{"taxonomy":"post_tag","embeddable":true,"href":"https:\/\/www.moravecteam.cz\/index.php?rest_route=%2Fwp%2Fv2%2Ftags&post=1554"}],"curies":[{"name":"wp","href":"https:\/\/api.w.org\/{rel}","templated":true}]}}