{"id":1568,"date":"2015-09-14T14:03:59","date_gmt":"2015-09-14T12:03:59","guid":{"rendered":"http:\/\/www.moravecteam.cz\/?p=1568"},"modified":"2015-09-15T08:35:43","modified_gmt":"2015-09-15T06:35:43","slug":"co-se-bude-dit-st38","status":"publish","type":"post","link":"https:\/\/www.moravecteam.cz\/?p=1568","title":{"rendered":"Co se bude d\u00edt? (ST38)"},"content":{"rendered":"<h5><span style=\"color: #993300;\">\u00dater\u00fd 15.9. 2015<\/span><\/h5>\n<p style=\"text-align: justify;\">Dal\u0161\u00ed\u00a0 tr\u00e9nink z\u00e1vodn\u00edho t\u00fdmu pro \u010cesk\u00e9 poh\u00e1ry s\u00a0V\u00ed\u0165ou Prudkem.\u00a0Sraz v Boskovic\u00edch u Novibry v 17.00 hodin. Kdo se nebude moci \u00fa\u010dastnit, omluvte se v\u010das V\u00ed\u0165ovi na jeho mobiln\u00ed apart\u00e1t s identifik\u00e1torem\u00a0731 180 096.<\/p>\n<h5><span style=\"color: #993300;\">St\u0159eda 16.9. 2015<\/span><\/h5>\n<p style=\"text-align: justify;\">Pravideln\u00fd tr\u00e9nink biker\u016f MORAVCE &#8222;druh\u00e9ho sledu&#8220; &#8211; tj. t\u011bch, kte\u0159\u00ed je\u0161t\u011b \u010cesk\u00fd poh\u00e1r horsk\u00fdch kol nejezd\u00ed, ale jsou zdatn\u00ed v region\u00e1ln\u00edm seri\u00e1lu o Poh\u00e1r Drahansk\u00e9 vrchoviny. Sraz mlad\u00fdch biker\u016f je v 17.00 hodin, u Z\u0160 Bene\u0161ov, tr\u00e9nink povede\u00a0Milan Tlamka.\u00a0V p\u0159\u00edpad\u011b \u00a0dotaz\u016f kontaktujte Milana na jeho mobiln\u00ed apar\u00e1t s identifik\u00e1torem\u00a0776 108 046.<\/p>\n<h5><span style=\"color: #993300;\">Sobota\u00a019.9. 2015<\/span><\/h5>\n<p style=\"text-align: justify;\">Po dvoj\u00ed zm\u011bn\u011b term\u00ednu &#8211; snad se p\u0159ece jen odjede z\u00e1vod v Repech\u00e1ch, kter\u00fd po\u0159\u00e1daj\u00ed na\u0161i kamar\u00e1di B\u0159e\u0165a Usnul a Lada Kozl\u00edkov\u00e1. Rozpis z\u00e1vodu studujte zde\u00a0<strong> <a href=\"http:\/\/www.moravecteam.cz\/?attachment_id=1581\" rel=\"attachment wp-att-1581\">Repechy Tour-rozpis<\/a>, <\/strong>tra\u0165 je zase k omrknut\u00ed tady<strong>:\u00a0<a href=\"http:\/\/www.moravecteam.cz\/?attachment_id=1580\" rel=\"attachment wp-att-1580\">Repechy Tour &#8211; trat\u011b<\/a>.\u00a0<\/strong><\/p>\n<h5><span style=\"color: #993300;\">Ned\u011ble 20.9. 2015<\/span><\/h5>\n<p style=\"text-align: justify;\">Na sklonku l\u00e9ta se u\u017e tradi\u010dn\u011b jezd\u00ed v Brn\u011b m\u011bstsk\u00e9 MTB krit\u00e9rium, nad kter\u00fdm m\u00e1 z\u00e1\u0161titu firma Pells. Jede se, samo \u017ee, i letos a j\u00e1 pochybuji, \u017ee by dresy MORAVCE \u00a0ve startovn\u00edm poli mohly chyb\u011bt! Zde jsou <strong><a href=\"http:\/\/www.mtbkriterium.cz\/\">propozice<\/a>, <\/strong>\u00fa\u010dast a dopravu si ka\u017ed\u00fd zaji\u0161\u0165uje s\u00e1m.<\/p>\n<p>&nbsp;<\/p>\n","protected":false},"excerpt":{"rendered":"<p>\u00dater\u00fd 15.9. 2015 Dal\u0161\u00ed\u00a0 tr\u00e9nink z\u00e1vodn\u00edho t\u00fdmu pro \u010cesk\u00e9 poh\u00e1ry s\u00a0V\u00ed\u0165ou Prudkem.\u00a0Sraz v Boskovic\u00edch u Novibry v 17.00 hodin. Kdo se nebude moci \u00fa\u010dastnit, omluvte se v\u010das V\u00ed\u0165ovi na jeho mobiln\u00ed apart\u00e1t s identifik\u00e1torem\u00a0731 180 096. St\u0159eda 16.9. 2015 Pravideln\u00fd tr\u00e9nink biker\u016f MORAVCE &#8222;druh\u00e9ho sledu&#8220; &#8211; tj. t\u011bch, kte\u0159\u00ed je\u0161t\u011b \u010cesk\u00fd poh\u00e1r horsk\u00fdch kol nejezd\u00ed, &hellip; <a href=\"https:\/\/www.moravecteam.cz\/?p=1568\" class=\"more-link\">Pokra\u010dov\u00e1n\u00ed textu <span class=\"screen-reader-text\">Co se bude d\u00edt? (ST38)<\/span> <span class=\"meta-nav\">&rarr;<\/span><\/a><\/p>\n","protected":false},"author":3,"featured_media":1572,"comment_status":"closed","ping_status":"closed","sticky":false,"template":"","format":"standard","meta":[],"categories":[11],"tags":[],"_links":{"self":[{"href":"https:\/\/www.moravecteam.cz\/index.php?rest_route=\/wp\/v2\/posts\/1568"}],"collection":[{"href":"https:\/\/www.moravecteam.cz\/index.php?rest_route=\/wp\/v2\/posts"}],"about":[{"href":"https:\/\/www.moravecteam.cz\/index.php?rest_route=\/wp\/v2\/types\/post"}],"author":[{"embeddable":true,"href":"https:\/\/www.moravecteam.cz\/index.php?rest_route=\/wp\/v2\/users\/3"}],"replies":[{"embeddable":true,"href":"https:\/\/www.moravecteam.cz\/index.php?rest_route=%2Fwp%2Fv2%2Fcomments&post=1568"}],"version-history":[{"count":10,"href":"https:\/\/www.moravecteam.cz\/index.php?rest_route=\/wp\/v2\/posts\/1568\/revisions"}],"predecessor-version":[{"id":1587,"href":"https:\/\/www.moravecteam.cz\/index.php?rest_route=\/wp\/v2\/posts\/1568\/revisions\/1587"}],"wp:featuredmedia":[{"embeddable":true,"href":"https:\/\/www.moravecteam.cz\/index.php?rest_route=\/wp\/v2\/media\/1572"}],"wp:attachment":[{"href":"https:\/\/www.moravecteam.cz\/index.php?rest_route=%2Fwp%2Fv2%2Fmedia&parent=1568"}],"wp:term":[{"taxonomy":"category","embeddable":true,"href":"https:\/\/www.moravecteam.cz\/index.php?rest_route=%2Fwp%2Fv2%2Fcategories&post=1568"},{"taxonomy":"post_tag","embeddable":true,"href":"https:\/\/www.moravecteam.cz\/index.php?rest_route=%2Fwp%2Fv2%2Ftags&post=1568"}],"curies":[{"name":"wp","href":"https:\/\/api.w.org\/{rel}","templated":true}]}}