{"id":15730,"date":"2023-03-19T13:28:00","date_gmt":"2023-03-19T12:28:00","guid":{"rendered":"https:\/\/www.moravecteam.cz\/?p=15730"},"modified":"2025-07-11T11:07:17","modified_gmt":"2025-07-11T09:07:17","slug":"sest-statecnych","status":"publish","type":"post","link":"https:\/\/www.moravecteam.cz\/?p=15730","title":{"rendered":"\u0160est state\u010dn\u00fdch!"},"content":{"rendered":"<p style=\"text-align: justify;\"><span style=\"color: #800000;\"><strong>I rok 2023 byl ve znamen\u00ed \u00fa\u010dasti rajdr\u016f MORAVEC Teamu v&nbsp;nejvy\u0161\u0161\u00ed \u010desk\u00e9 bikov\u00e9 lize \u2013 tj. v&nbsp;\u010cesk\u00e9m poh\u00e1ru horsk\u00fdch kol. Celkem \u0161est state\u010dn\u00fdch MORAVC\u016e sv\u00e1d\u011blo n\u00e1ro\u010dn\u00e9 souboje s&nbsp;t\u011b\u017ekou konkurenc\u00ed vesm\u011bs na tradi\u010dn\u00edch, zaveden\u00fdch trat\u00edch trat\u00edch, kdy\u017e co by tren\u00e9r, m\u011bl p\u0159ev\u00e1\u017enou v\u011bt\u0161inu z&nbsp;nich na starosti zku\u0161en\u00fd a osv\u011bd\u010den\u00fd Vlast\u00edk Odehnal. P\u0159es to, \u017ee na\u0161ich \u201erepro\u0161\u016f\u201c jezdilo \u010cP poskrovnu, v\u00fdsledky byly v\u00fdborn\u00e9!<\/strong><\/span><\/p>\n<p class=\"has-text-align-center\" style=\"text-align: justify;\">Kdy\u017e jsem se zm\u00ednil o zaveden\u00fdch trat\u00edch, bude mo\u017en\u00e1 z\u00e1hodno p\u0159ipomenout si term\u00ednovou listinu MTB \u010cP r. 2023: <span style=\"color: #ffff00;\"><mark class=\"has-inline-color has-vivid-red-color\"><strong>01. 04. Kutn\u00e1 Hora, 29. 04. Tou\u0161kov, 20.05. Zadov, 09.07. Ostrava (jen d\u011btsk\u00e9 kategorie do 14-ti let), 21.07. Bed\u0159ichov &#8211; Mistrovstv\u00ed \u010cR, 19.08. Harrachov \u2013 fin\u00e1le.<\/strong><\/mark><\/span><\/p>\n<p class=\"has-text-align-center\" style=\"text-align: justify;\">Jedinou reprezentantku jsme nasazovali do souboj\u016f v&nbsp;kategori\u00edch nejmlad\u0161\u00edch d\u011bt\u00ed \u2013 MINIME. &nbsp;<strong><mark class=\"has-inline-color has-vivid-red-color\">Ella Chlubnov\u00e1<\/mark><\/strong> z Rouchovan znovu dokazovala na trat\u00edch sv\u016fj \u0161irok\u00fd sportovn\u00ed talent i v discipl\u00edn\u011b, kter\u00e1 do budoucna bude pro ni pravd\u011bpodobn\u011b jen jako dopl\u0148kov\u00fd sport.&nbsp; Je v\u0161eobecn\u011b zn\u00e1mo, kter\u00fd sport Ellinku nejv\u00edc bav\u00ed: mnoz\u00ed z V\u00e1s ur\u010dit\u011b v\u00ed, ano, je to skute\u010dn\u011b ledn\u00ed hokej! V \u010desk\u00e9m poh\u00e1ru MINIME, kategorie d\u00edvek 7-8 let brala v dresu MORAVEC Teamu tato mlad\u00e1 multi-sportovkyn\u011b celkov\u00e9 v\u00fdborn\u00e9 3. m\u00edsto, kdy\u017e stihla vybojovat \u00factyhodn\u00fdch 1030 bod\u016f! V Kutn\u00e9 Ho\u0159e dojela p\u00e1t\u00e1, v Tou\u0161kov\u011b brala dokonce bronz a poveden\u00e9 \u00fa\u010dinkov\u00e1n\u00ed zakon\u010dila 6. m\u00edstem v Ostrav\u011b. Bravo MORAVEC! Zde je souhrnn\u00fd <strong><a href=\"https:\/\/www.moravecteam.cz\/?attachment_id=16129\" rel=\"attachment wp-att-16129\">v\u00fdsledek Elly Chlubnov\u00e9 v MTB \u010cP 2023<\/a><\/strong>&nbsp;a zde <strong><a href=\"https:\/\/cpxcmtb.sportsoft.cz\/2023\/racer_minime.aspx?id=449\">detailn\u00ed v\u00fdpis.<\/a><\/strong><\/p>\n<figure style=\"width: 995px\" class=\"wp-caption alignnone\"><img decoding=\"async\" loading=\"lazy\" src=\"http:\/\/www.moravecteam.cz\/wp-content\/uploads\/2025\/03\/Justyna-Novotna-scaled-e1742299407984-995x1024.jpg\" alt=\"Just\u00fdna Novotn\u00e1.\" width=\"995\" height=\"1024\"><figcaption class=\"wp-caption-text\">Just\u00fdna Novotn\u00e1.<\/figcaption><\/figure>\n<p class=\"has-text-align-center\" style=\"text-align: justify;\">V&nbsp;kategorii st. \u017e\u00e1ky\u0148 podr\u017eela hodn\u011b vysoko prapor MORAVEC Teamu ji\u017e na\u0161e zku\u0161en\u00e1 reprezentantka \u2013<strong><mark class=\"has-inline-color has-vivid-red-color\"> Just\u00fdna Novotn\u00e1<\/mark><\/strong> z&nbsp;Boskovic. V&nbsp;poh\u00e1rov\u00e9m hodnocen\u00ed byla sice celkov\u011b se ziskem 1826 bod\u016f \u201ea\u017e\u201c p\u00e1t\u00e1 (chyb\u011bly hlavn\u011b body z&nbsp;Ostravy, kde nestartovala), ale titul vicemistryn\u011b \u010cR z \u201emistr\u00e1ku\u201c v&nbsp;Bed\u0159ichov\u011b talentovan\u00e9 z\u00e1vodnici moc slu\u0161el! \u017de pat\u0159\u00ed do neju\u017e\u0161\u00ed \u0161pi\u010dky, sv\u011bd\u010d\u00ed i um\u00edst\u011bn\u00ed z&nbsp;Harrachova (2. m\u00edsto), Tou\u0161kova (3. m\u00edsto) a Zadova (4. m\u00edsto). A dopln\u00edm je\u0161t\u011b i jej\u00ed v\u00fdsledek z&nbsp;Kutn\u00e9 Hory, kde dojela na 22. m\u00edst\u011b. A taky dopln\u00edm je\u0161t\u011b nejlep\u0161\u00ed v\u00fdsledek Just\u00fdny v&nbsp;p\u0159idru\u017een\u00e9 disciplin\u011b \u201etechnick\u00e9 sekce\u201c: kvalitn\u00ed \u0161est\u00e9 m\u00edsto vybojovala na Zadov\u011b. Skute\u010dn\u011b par\u00e1dn\u00ed posledn\u00ed sez\u00f3nu v&nbsp;dresu MORAVEC Teamu za\u017eila v&nbsp;r. 2023 <strong><mark class=\"has-inline-color has-vivid-red-color\">Just\u00fdna Novotn\u00e1<\/mark><\/strong>\u2026 A my j\u00ed samoz\u0159ejm\u011b p\u0159ejeme, aby stejn\u00fdch \u2013 ba je\u0161t\u011b lep\u0161\u00edch &#8211;&nbsp; v\u00fdsledk\u016f dosahovala ve sv\u00e9m nov\u00e9m p\u016fsobi\u0161ti, v&nbsp;t\u00fdmu <strong><a href=\"https:\/\/headbike.webnode.cz\/\">HEAD Pro Team Opava<\/a>, <\/strong>kam m\u00e1 od r. 2024 nam\u00ed\u0159eno. Budeme dr\u017eet palce a s nap\u011bt\u00edm sledovat jej\u00ed dal\u0161\u00ed v\u00fdkonnostn\u00ed r\u016fst v ji\u017e skute\u010dn\u011b \u0161pi\u010dkov\u00e9m \u201eman\u010daftu\u201c\u2026 Mrkn\u011bte na <strong><a href=\"https:\/\/cpxcmtb.sportsoft.cz\/2023\/racer.aspx?id=714\">detailn\u00ed v\u00fdpis<\/a><\/strong> a taky na <a href=\"https:\/\/www.moravecteam.cz\/?attachment_id=16131\" rel=\"attachment wp-att-16131\"><strong>v\u00fdsledkovou listinu s Just\u00fdnou Novotnou<\/strong><\/a>.<\/p>\n<p class=\"has-text-align-center\" style=\"text-align: justify;\">Zdaleka ne tak piln\u00e9, jako Jus\u0165a, byly v&nbsp;r. 2023 dv\u011b na\u0161e kadetky. Nicm\u00e9n\u011b i jejich snaha si ur\u010dit\u011b zaslou\u017e\u00ed zaznamen\u00e1n\u00ed. Sna\u017eiv\u00e1 <strong><mark class=\"has-inline-color has-vivid-red-color\">Eli\u0161ka \u0160iru\u010dkov\u00e1<\/mark><\/strong>, co by \u201eprvoro\u010da\u010dka\u201c v t\u00e9to kategorii, stihla odjet bohu\u017eel pouze dva z\u00e1vody: v Kutn\u00e9 Ho\u0159e dojela 36. a v Tou\u0161kov\u011b brala 37. m\u00edsto. To ji za\u0159adilo v celkov\u00e9 klasifikaci se ziskem 127 bod\u016f na 43 m\u00edsto <strong><a href=\"https:\/\/cpxcmtb.sportsoft.cz\/2023\/racer.aspx?id=294\">(zde je detailn\u00ed v\u00fdpis<\/a><\/strong>). O rok star\u0161\u00ed <strong><mark class=\"has-inline-color has-vivid-red-color\">Barbora Tlamkov\u00e1<\/mark><\/strong> byla sice p\u0159ihl\u00e1\u0161ena do \u00favodn\u00edho z\u00e1vodu v&nbsp;Kutn\u00e9 Ho\u0159e, ale nakonec zde nastartovala a i v&nbsp;regionu jsme ji na MTB z\u00e1vodech vid\u011bli velmi sporadicky. Nutno ale zd\u016fraznit, \u017ee Bar\u010da se \u00fasp\u011b\u0161n\u011b za\u0159adila do t\u00fdmu rozhod\u010d\u00edch v&nbsp;r\u00e1mci MTB Poh\u00e1ru Drahansk\u00e9 vrchoviny, tak\u017ee na tomto postu m\u00e1me nyn\u00ed kvalitn\u00ed, mladou \u2013 a t\u00edm p\u00e1dem perspektivn\u00ed zdatnou s\u00edlu!<\/p>\n<figure style=\"width: 1024px\" class=\"wp-caption alignnone\"><img decoding=\"async\" loading=\"lazy\" src=\"https:\/\/www.moravecteam.cz\/wp-content\/uploads\/2025\/05\/image.png\" alt=\"Ond\u0159ej \u0160iru\u010dek.\" width=\"1024\" height=\"823\"><figcaption class=\"wp-caption-text\">Ond\u0159ej \u0160iru\u010dek.<\/figcaption><\/figure>\n<p class=\"has-text-align-center\" style=\"text-align: justify;\">P\u00e1t\u00fdm state\u010dn\u00fdm MORAVCEM byl star\u0161\u00ed \u017e\u00e1k, <strong><mark class=\"has-inline-color has-vivid-red-color\">Ond\u0159ej \u0160iru\u010dek<\/mark><\/strong>, kter\u00fd startoval v Kutn\u00e9 Ho\u0159e, Tou\u0161kov\u011b, na Zadov\u011b a v Harrachov\u011b. Celkov\u011b skon\u010dil se ziskem 575 bod\u016f na 78. m\u00edst\u011b. Nejlep\u0161\u00ed v\u00fdsledek v cross country zaznamenal na fin\u00e1le v Harrachov\u011b \u2013 68. m\u00edsto a v technick\u00fdch sekc\u00edch se mu nejv\u00edc da\u0159ilo na Zadov\u011b: 71. m\u00edsto. Zde mrkn\u011bte na jeho <strong><a href=\"https:\/\/cpxcmtb.sportsoft.cz\/2023\/racer.aspx?id=828\">detailn\u00ed v\u00fdpis.<\/a><\/strong> Druh\u00fd n\u00e1\u0161 star\u0161\u00ed \u017e\u00e1k, <strong><mark class=\"has-inline-color has-vivid-red-color\">V\u011bnek Valenta<\/mark><\/strong> \u2013 \u0161est\u00fd state\u010dn\u00fd \u2013 se bl\u00fdsknul nejen 42. m\u00edstem v cross country v Kutn\u00e9 Ho\u0159e, ale p\u0159edev\u0161\u00edm suver\u00e9nn\u00edm v\u00edt\u011bzstv\u00edm na tomto z\u00e1vod\u011b v discipl\u00edn\u011b technick\u00e9 sekce! Celkem v KH vybojoval 208 bod\u016f, a proto\u017ee u\u017e nikde jinde nestartoval (co\u017e byla \u0161koda), byl celkov\u011b klasifikov\u00e1n na 98. m\u00edst\u011b. I zde je k dispozici <strong><a href=\"https:\/\/cpxcmtb.sportsoft.cz\/2023\/racer.aspx?id=752\">detailn\u00ed v\u00fdpis.<\/a><\/strong> K v\u00fdsledk\u016fm na\u0161ich star\u0161\u00edch \u017e\u00e1k\u016f nutno podotknout, \u017ee se oba pot\u00fdkali s nejpo\u010detn\u011bj\u0161\u00ed konkurenc\u00ed! V celkov\u00e9m po\u0159ad\u00ed v\u00fdsledkov\u00fdch listin bylo nakonec klasifikov\u00e1no 131 (!) star\u0161\u00edch \u017e\u00e1k\u016f\u2026<\/p>\n<p class=\"has-text-align-center\" style=\"text-align: justify;\">Zb\u00fdv\u00e1 je\u0161t\u011b doplnit v\u00fdsledek <strong><mark class=\"has-inline-color has-vivid-red-color\">MORAVEC Teamu<\/mark><\/strong> v neofici\u00e1ln\u00ed t\u00fdmov\u00e9 sout\u011b\u017ei. V konkurenci 299&nbsp; t\u00fdm\u016f jsme skon\u010dili se ziskem 1436 na 53.&nbsp; m\u00edst\u011b..! Dost dobr\u00e1 pr\u00e1ce..! Na\u0161e pozoruhodn\u00e9 v\u00fdsledky z \u010cP XCO 2023 si m\u016f\u017eete prostudovat a ov\u011b\u0159it zde: <strong><a href=\"https:\/\/cpxcmtb.sportsoft.cz\/2023\/results.aspx\">https:\/\/cpxcmtb.sportsoft.cz\/2023\/results.aspx<\/a> <\/strong><\/p>\n\n\n<div class=\"wp-block-file\"><object class=\"wp-block-file__embed\" data=\"http:\/\/www.moravecteam.cz\/wp-content\/uploads\/2023\/03\/vysledek-Elly-Chlubnove-v-MTB-CP-2023.pdf\" type=\"application\/pdf\" style=\"width:100%;height:600px\" aria-label=\"Vlo\u017eit z v\u00fdsledek Elly Chlubnov\u00e9 v MTB \u010cP 2023.\"><\/object><a id=\"wp-block-file--media-cdaab5ec-627d-474c-bfbe-f7447377c82f\" href=\"http:\/\/www.moravecteam.cz\/wp-content\/uploads\/2023\/03\/vysledek-Elly-Chlubnove-v-MTB-CP-2023.pdf\">v\u00fdsledek Elly Chlubnov\u00e9 v MTB \u010cP 2023<\/a><a href=\"http:\/\/www.moravecteam.cz\/wp-content\/uploads\/2023\/03\/vysledek-Elly-Chlubnove-v-MTB-CP-2023.pdf\" class=\"wp-block-file__button wp-element-button\" download aria-describedby=\"wp-block-file--media-cdaab5ec-627d-474c-bfbe-f7447377c82f\">St\u00e1hnout<\/a><\/div>\n","protected":false},"excerpt":{"rendered":"<p>I rok 2023 byl ve znamen\u00ed \u00fa\u010dasti rajdr\u016f MORAVEC Teamu v&nbsp;nejvy\u0161\u0161\u00ed \u010desk\u00e9 bikov\u00e9 lize \u2013 tj. v&nbsp;\u010cesk\u00e9m poh\u00e1ru horsk\u00fdch kol. Celkem \u0161est state\u010dn\u00fdch MORAVC\u016e sv\u00e1d\u011blo n\u00e1ro\u010dn\u00e9 souboje s&nbsp;t\u011b\u017ekou konkurenc\u00ed vesm\u011bs na tradi\u010dn\u00edch, zaveden\u00fdch trat\u00edch trat\u00edch, kdy\u017e co by tren\u00e9r, m\u011bl p\u0159ev\u00e1\u017enou v\u011bt\u0161inu z&nbsp;nich na starosti zku\u0161en\u00fd a osv\u011bd\u010den\u00fd Vlast\u00edk Odehnal. P\u0159es to, \u017ee na\u0161ich \u201erepro\u0161\u016f\u201c &hellip; <a href=\"https:\/\/www.moravecteam.cz\/?p=15730\" class=\"more-link\">Pokra\u010dov\u00e1n\u00ed textu <span class=\"screen-reader-text\">\u0160est state\u010dn\u00fdch!<\/span> <span class=\"meta-nav\">&rarr;<\/span><\/a><\/p>\n","protected":false},"author":3,"featured_media":15767,"comment_status":"open","ping_status":"closed","sticky":false,"template":"","format":"standard","meta":[],"categories":[1],"tags":[],"_links":{"self":[{"href":"https:\/\/www.moravecteam.cz\/index.php?rest_route=\/wp\/v2\/posts\/15730"}],"collection":[{"href":"https:\/\/www.moravecteam.cz\/index.php?rest_route=\/wp\/v2\/posts"}],"about":[{"href":"https:\/\/www.moravecteam.cz\/index.php?rest_route=\/wp\/v2\/types\/post"}],"author":[{"embeddable":true,"href":"https:\/\/www.moravecteam.cz\/index.php?rest_route=\/wp\/v2\/users\/3"}],"replies":[{"embeddable":true,"href":"https:\/\/www.moravecteam.cz\/index.php?rest_route=%2Fwp%2Fv2%2Fcomments&post=15730"}],"version-history":[{"count":84,"href":"https:\/\/www.moravecteam.cz\/index.php?rest_route=\/wp\/v2\/posts\/15730\/revisions"}],"predecessor-version":[{"id":16166,"href":"https:\/\/www.moravecteam.cz\/index.php?rest_route=\/wp\/v2\/posts\/15730\/revisions\/16166"}],"wp:featuredmedia":[{"embeddable":true,"href":"https:\/\/www.moravecteam.cz\/index.php?rest_route=\/wp\/v2\/media\/15767"}],"wp:attachment":[{"href":"https:\/\/www.moravecteam.cz\/index.php?rest_route=%2Fwp%2Fv2%2Fmedia&parent=15730"}],"wp:term":[{"taxonomy":"category","embeddable":true,"href":"https:\/\/www.moravecteam.cz\/index.php?rest_route=%2Fwp%2Fv2%2Fcategories&post=15730"},{"taxonomy":"post_tag","embeddable":true,"href":"https:\/\/www.moravecteam.cz\/index.php?rest_route=%2Fwp%2Fv2%2Ftags&post=15730"}],"curies":[{"name":"wp","href":"https:\/\/api.w.org\/{rel}","templated":true}]}}