{"id":15798,"date":"2023-04-19T13:43:00","date_gmt":"2023-04-19T11:43:00","guid":{"rendered":"https:\/\/www.moravecteam.cz\/?p=15798"},"modified":"2025-07-17T11:28:27","modified_gmt":"2025-07-17T09:28:27","slug":"kemp-beskydy-2023","status":"publish","type":"post","link":"https:\/\/www.moravecteam.cz\/?p=15798","title":{"rendered":"Kemp Beskydy 2023"},"content":{"rendered":"<p style=\"text-align: justify;\"><strong><span style=\"color: #800000;\">Jako dal\u0161\u00ed lokalita pro na\u0161e ka\u017edoro\u010dn\u00ed pr\u00e1zdninov\u00e9 putov\u00e1n\u00ed je vybr\u00e1na lokalita Vala\u0161ska, konkr\u00e9tn\u011b vesnice <a href=\"https:\/\/cs.wikipedia.org\/wiki\/Byst%C5%99i%C4%8Dka\">Byst\u0159i\u010dka<\/a> v okrese Vset\u00edn, pobl\u00ed\u017e <a href=\"https:\/\/www.valasskemezirici.cz\/\">Vala\u0161sk\u00e9ho Mezi\u0159\u00ed\u010d\u00ed.<\/a> Pobl\u00ed\u017e obce se nach\u00e1z\u00ed bezm\u00e1la \u010dty\u0159icetihektarov\u00e1 <\/span><span style=\"color: #800000;\"><a href=\"https:\/\/cs.wikipedia.org\/wiki\/Vodn%C3%AD_n%C3%A1dr%C5%BE_Byst%C5%99i%C4%8Dka\">vodn\u00ed n\u00e1dr\u017e<\/a><\/span><span style=\"color: #800000;\"> se stejn\u00fdm n\u00e1zvem, kter\u00e1 v sou\u010dasnosti slou\u017e\u00ed ji\u017e v\u00fdhradn\u011b k rekrea\u010dn\u00edm \u00fa\u010del\u016fm. A to byl druh\u00fd d\u016fvod, pro\u010d kempovat pr\u00e1v\u011b zde. T\u00edm prvn\u00edm jsou samoz\u0159ejm\u011b pro cyklisty atraktivn\u00ed, kopcovit\u00e9 ter\u00e9ny. Poho\u0159\u00ed&nbsp; <a href=\"https:\/\/cs.wikipedia.org\/wiki\/Moravskoslezsk%C3%A9_Beskydy\">Moravskoslezsk\u00fdch Beskyd<\/a> je zde u\u017e hodn\u011b patrn\u00e9&#8230;<\/span><\/strong><\/p>\n<figure id=\"attachment_16221\" aria-describedby=\"caption-attachment-16221\" style=\"width: 2000px\" class=\"wp-caption alignnone\"><a href=\"https:\/\/www.moravecteam.cz\/?attachment_id=16221\" rel=\"attachment wp-att-16221\"><img decoding=\"async\" loading=\"lazy\" class=\"wp-image-16221 size-full\" src=\"http:\/\/www.moravecteam.cz\/wp-content\/uploads\/2023\/04\/DSC_1389.jpg\" alt=\"\" width=\"2000\" height=\"1101\" srcset=\"https:\/\/www.moravecteam.cz\/wp-content\/uploads\/2023\/04\/DSC_1389.jpg 2000w, https:\/\/www.moravecteam.cz\/wp-content\/uploads\/2023\/04\/DSC_1389-300x165.jpg 300w, https:\/\/www.moravecteam.cz\/wp-content\/uploads\/2023\/04\/DSC_1389-1024x564.jpg 1024w, https:\/\/www.moravecteam.cz\/wp-content\/uploads\/2023\/04\/DSC_1389-768x423.jpg 768w, https:\/\/www.moravecteam.cz\/wp-content\/uploads\/2023\/04\/DSC_1389-1536x846.jpg 1536w\" sizes=\"(max-width: 2000px) 100vw, 2000px\" \/><\/a><figcaption id=\"caption-attachment-16221\" class=\"wp-caption-text\">MORAVEC Team op\u011bt v akci! Lokalita: vodn\u00ed n\u00e1dr\u017e Byst\u0159i\u010dka u Vala\u0161sk\u00e9ho Mezi\u0159\u00ed\u010d\u00ed.<\/figcaption><\/figure>\n<p style=\"text-align: justify;\">Na z\u00e1kladn\u011b nechyb\u00ed baz\u00e9n, tak\u017ee aktivn\u00ed odpo\u010dinek je skute\u010dn\u011b pestr\u00fd! Pro vyj\u00ed\u017e\u010fky je m\u00edstn\u00ed okol\u00ed tak\u00e9 t\u00edm &#8211; pro bikery &#8211; &#8222;pav\u00fdm o\u0159echov\u00fdm&#8220;. S <strong><span style=\"color: #800000;\">Maty\u00e1\u0161ov\u00fdm<\/span><\/strong>i dorazil i odd\u00edlov\u00fd pes, fenka <strong><span style=\"color: #800000;\">Bar\u010da<\/span><\/strong>, tak\u017ee na\u0161i &#8222;st\u00edha\u010di&#8220; maj\u00ed po celou dobu pobytu i spolehliv\u00e9ho str\u00e1\u017ece. I p\u0159es sou\u010dasn\u00e9 zdravotn\u00ed pot\u00ed\u017ee, dorazil za MORAVCI i <strong><span style=\"color: #993300;\">Karel V\u0161etula<\/span><\/strong> a d\u00edky n\u011bmu m\u016f\u017eete n\u00ed\u017ee omrknout dv\u011b par\u00e1dn\u00ed fotogalerie. Z nich je patrno, \u017ee pozici kucha\u0159\u016f, si mezi sebe rozd\u011blili tren\u00e9\u0159i <strong><span style=\"color: #800000;\">Jirka Tesa\u0159<\/span><\/strong> s <strong><span style=\"color: #800000;\">Honzou Maty\u00e1\u0161em<\/span><\/strong>&nbsp; a \u017ee str\u00e1vn\u00edk\u016fm chutnalo, to tak\u00e9 dokazuje jeden z Karlov\u00fdch z\u00e1b\u011br\u016f!<\/p>\n<figure id=\"attachment_16224\" aria-describedby=\"caption-attachment-16224\" style=\"width: 2000px\" class=\"wp-caption alignnone\"><a href=\"https:\/\/www.moravecteam.cz\/?attachment_id=16224\" rel=\"attachment wp-att-16224\"><img decoding=\"async\" loading=\"lazy\" class=\"wp-image-16224 size-full\" src=\"http:\/\/www.moravecteam.cz\/wp-content\/uploads\/2023\/04\/DSC_1461.jpg\" alt=\"\" width=\"2000\" height=\"1052\" srcset=\"https:\/\/www.moravecteam.cz\/wp-content\/uploads\/2023\/04\/DSC_1461.jpg 2000w, https:\/\/www.moravecteam.cz\/wp-content\/uploads\/2023\/04\/DSC_1461-300x158.jpg 300w, https:\/\/www.moravecteam.cz\/wp-content\/uploads\/2023\/04\/DSC_1461-1024x539.jpg 1024w, https:\/\/www.moravecteam.cz\/wp-content\/uploads\/2023\/04\/DSC_1461-768x404.jpg 768w, https:\/\/www.moravecteam.cz\/wp-content\/uploads\/2023\/04\/DSC_1461-1536x808.jpg 1536w\" sizes=\"(max-width: 2000px) 100vw, 2000px\" \/><\/a><figcaption id=\"caption-attachment-16224\" class=\"wp-caption-text\">K tomuto nen\u00ed co dodat: prost\u011b horolezeck\u00e1 par\u00e1da!<\/figcaption><\/figure>\n<p style=\"text-align: justify;\">Okoln\u00ed ter\u00e9n prov\u011b\u0159ovala n\u0161e \u00faderka vskutku odpov\u011bdn\u011b. Hodn\u011b adrenalinu dodala na\u0161im&nbsp; v\u00fdprava, jej\u00ed\u017e sou\u010d\u00e1st\u00ed byla n\u00e1v\u0161t\u011bva skaln\u00edho \u00fatvaru Med\u016fvka. Zde se na\u0161i p\u0159edvedli i jako rozen\u00ed lezci, ba dokonce jako rozen\u00ed horolezci! Zvl\u00e1\u0161\u0165 zaslou\u017eila obdiv a pochvalu za sv\u016fj v\u00fdkon <strong><span style=\"color: #800000;\">M\u00ed\u0161a Fajnorov\u00e1<\/span><\/strong>, jej\u00ed\u017e od\u011bv ur\u010dit\u011b nebyl ten, kter\u00e9mu se \u0159\u00edk\u00e1 &#8211; horolezeck\u00fd&#8230; Bravo MORAVEC! Sk\u00e1la Med\u016fvka pat\u0159\u00ed do mas\u00edvu <a href=\"https:\/\/cs.wikipedia.org\/wiki\/Vset%C3%ADnsk%C3%A9_vrchy\"><strong>Vset\u00ednsk\u00e9 vrchy<\/strong><\/a> a MORAVCI se zde ocitli u\u017e docela vysoko: 608 m.n.m.!<\/p>\n<figure id=\"attachment_16222\" aria-describedby=\"caption-attachment-16222\" style=\"width: 1522px\" class=\"wp-caption alignnone\"><a href=\"https:\/\/www.moravecteam.cz\/?attachment_id=16222\" rel=\"attachment wp-att-16222\"><img decoding=\"async\" loading=\"lazy\" class=\"wp-image-16222 size-full\" src=\"http:\/\/www.moravecteam.cz\/wp-content\/uploads\/2023\/04\/DSC_1411.jpg\" alt=\"\" width=\"1522\" height=\"2000\" srcset=\"https:\/\/www.moravecteam.cz\/wp-content\/uploads\/2023\/04\/DSC_1411.jpg 1522w, https:\/\/www.moravecteam.cz\/wp-content\/uploads\/2023\/04\/DSC_1411-228x300.jpg 228w, https:\/\/www.moravecteam.cz\/wp-content\/uploads\/2023\/04\/DSC_1411-779x1024.jpg 779w, https:\/\/www.moravecteam.cz\/wp-content\/uploads\/2023\/04\/DSC_1411-768x1009.jpg 768w, https:\/\/www.moravecteam.cz\/wp-content\/uploads\/2023\/04\/DSC_1411-1169x1536.jpg 1169w\" sizes=\"(max-width: 1522px) 100vw, 1522px\" \/><\/a><figcaption id=\"caption-attachment-16222\" class=\"wp-caption-text\">&#8222;Je to ale macek, to V\u00e1m pov\u00edm, d\u011bcka&#8230;!&#8220;<\/figcaption><\/figure>\n<p style=\"text-align: justify;\">Nedaleko sk\u00e1ly Med\u016fvky je na\u0161\u00edm dal\u0161\u00edm c\u00edlem <strong><a href=\"https:\/\/cs.wikipedia.org\/wiki\/V%C4%9Btrn%C3%BD_ml%C3%BDn_Med%C5%AFvka\">v\u011btrn\u00fd ml\u00fdn Med\u016fvka<\/a><\/strong>, ke kter\u00e9mu n\u00e1s dovedla Cyrilometod\u011bjsk\u00e1 cyklostezka \u010d.6068. V tomto p\u0159\u00edpad\u011b&nbsp; Jedn\u00e1 se o repliku d\u0159ev\u011bn\u00e9ho ml\u00fdna n\u011bmeck\u00e9ho typu a ve srovn\u00e1m\u00ed s ko\u0159eneck\u00fdm &#8222;v\u011bt\u0159\u00e1kem&#8220; je to n\u011bco \u00fapln\u011bjin\u00e9ho! Proto\u017ee po\u010das\u00edm n\u00e1m i letos docela p\u0159\u00e1lo, a proto koup\u00e1n\u00ed se \u0159e\u0161ilo tak\u0159ka ka\u017edodenn\u011b: a\u0165 u\u017e v kempov\u00e9m baz\u00e9nu nebo v samotn\u00e9 p\u0159ehrad\u011b. Zkr\u00e1tka: dal\u0161\u00ed prima vyda\u0159en\u00fd letn\u00ed pobyt p\u0159ev\u00e1\u017en\u011b v sedle kola! Z Byst\u0159i\u010dky se n\u00e1m moc necht\u011blo&#8230;<\/p>\n<ul>\n<li><strong><a href=\"https:\/\/www.rajce.idnes.cz\/moravecteam\/album\/2023-07-22-kemp-bystricka-beskydy\">Fotogalerie \u010d.1<\/a><\/strong><\/li>\n<li><strong><a href=\"https:\/\/www.rajce.idnes.cz\/moravecteam\/album\/2023-07-23-kemp-bystricka-beskydy-2\">Fotogalerie \u010d.2<\/a><\/strong><\/li>\n<\/ul>\n<figure id=\"attachment_16223\" aria-describedby=\"caption-attachment-16223\" style=\"width: 2000px\" class=\"wp-caption alignnone\"><a href=\"https:\/\/www.moravecteam.cz\/?attachment_id=16223\" rel=\"attachment wp-att-16223\"><img decoding=\"async\" loading=\"lazy\" class=\"wp-image-16223 size-full\" src=\"http:\/\/www.moravecteam.cz\/wp-content\/uploads\/2023\/04\/DSC_1499.jpg\" alt=\"\" width=\"2000\" height=\"821\" srcset=\"https:\/\/www.moravecteam.cz\/wp-content\/uploads\/2023\/04\/DSC_1499.jpg 2000w, https:\/\/www.moravecteam.cz\/wp-content\/uploads\/2023\/04\/DSC_1499-300x123.jpg 300w, https:\/\/www.moravecteam.cz\/wp-content\/uploads\/2023\/04\/DSC_1499-1024x420.jpg 1024w, https:\/\/www.moravecteam.cz\/wp-content\/uploads\/2023\/04\/DSC_1499-768x315.jpg 768w, https:\/\/www.moravecteam.cz\/wp-content\/uploads\/2023\/04\/DSC_1499-1536x631.jpg 1536w\" sizes=\"(max-width: 2000px) 100vw, 2000px\" \/><\/a><figcaption id=\"caption-attachment-16223\" class=\"wp-caption-text\">\u010cty\u0159i s lod\u011b a &#8211; pes!<\/figcaption><\/figure>\n","protected":false},"excerpt":{"rendered":"<p>Jako dal\u0161\u00ed lokalita pro na\u0161e ka\u017edoro\u010dn\u00ed pr\u00e1zdninov\u00e9 putov\u00e1n\u00ed je vybr\u00e1na lokalita Vala\u0161ska, konkr\u00e9tn\u011b vesnice Byst\u0159i\u010dka v okrese Vset\u00edn, pobl\u00ed\u017e Vala\u0161sk\u00e9ho Mezi\u0159\u00ed\u010d\u00ed. Pobl\u00ed\u017e obce se nach\u00e1z\u00ed bezm\u00e1la \u010dty\u0159icetihektarov\u00e1 vodn\u00ed n\u00e1dr\u017e se stejn\u00fdm n\u00e1zvem, kter\u00e1 v sou\u010dasnosti slou\u017e\u00ed ji\u017e v\u00fdhradn\u011b k rekrea\u010dn\u00edm \u00fa\u010del\u016fm. A to byl druh\u00fd d\u016fvod, pro\u010d kempovat pr\u00e1v\u011b zde. T\u00edm prvn\u00edm jsou samoz\u0159ejm\u011b pro &hellip; <a href=\"https:\/\/www.moravecteam.cz\/?p=15798\" class=\"more-link\">Pokra\u010dov\u00e1n\u00ed textu <span class=\"screen-reader-text\">Kemp Beskydy 2023<\/span> <span class=\"meta-nav\">&rarr;<\/span><\/a><\/p>\n","protected":false},"author":3,"featured_media":16176,"comment_status":"open","ping_status":"closed","sticky":false,"template":"","format":"standard","meta":[],"categories":[13],"tags":[],"_links":{"self":[{"href":"https:\/\/www.moravecteam.cz\/index.php?rest_route=\/wp\/v2\/posts\/15798"}],"collection":[{"href":"https:\/\/www.moravecteam.cz\/index.php?rest_route=\/wp\/v2\/posts"}],"about":[{"href":"https:\/\/www.moravecteam.cz\/index.php?rest_route=\/wp\/v2\/types\/post"}],"author":[{"embeddable":true,"href":"https:\/\/www.moravecteam.cz\/index.php?rest_route=\/wp\/v2\/users\/3"}],"replies":[{"embeddable":true,"href":"https:\/\/www.moravecteam.cz\/index.php?rest_route=%2Fwp%2Fv2%2Fcomments&post=15798"}],"version-history":[{"count":13,"href":"https:\/\/www.moravecteam.cz\/index.php?rest_route=\/wp\/v2\/posts\/15798\/revisions"}],"predecessor-version":[{"id":16227,"href":"https:\/\/www.moravecteam.cz\/index.php?rest_route=\/wp\/v2\/posts\/15798\/revisions\/16227"}],"wp:featuredmedia":[{"embeddable":true,"href":"https:\/\/www.moravecteam.cz\/index.php?rest_route=\/wp\/v2\/media\/16176"}],"wp:attachment":[{"href":"https:\/\/www.moravecteam.cz\/index.php?rest_route=%2Fwp%2Fv2%2Fmedia&parent=15798"}],"wp:term":[{"taxonomy":"category","embeddable":true,"href":"https:\/\/www.moravecteam.cz\/index.php?rest_route=%2Fwp%2Fv2%2Fcategories&post=15798"},{"taxonomy":"post_tag","embeddable":true,"href":"https:\/\/www.moravecteam.cz\/index.php?rest_route=%2Fwp%2Fv2%2Ftags&post=15798"}],"curies":[{"name":"wp","href":"https:\/\/api.w.org\/{rel}","templated":true}]}}