{"id":15800,"date":"2023-08-27T08:20:08","date_gmt":"2023-08-27T06:20:08","guid":{"rendered":"https:\/\/www.moravecteam.cz\/?p=15800"},"modified":"2025-07-18T12:39:54","modified_gmt":"2025-07-18T10:39:54","slug":"kemp-24-sedlonov","status":"publish","type":"post","link":"https:\/\/www.moravecteam.cz\/?p=15800","title":{"rendered":"Kemp \u00b424 &#8211; Sedlo\u0148ov"},"content":{"rendered":"\n<p><\/p>\n\n\n<p style=\"text-align: justify;\"><strong><span style=\"color: #800000;\"><em>&#8222;Obec Sedlo\u0148ov le\u017e\u00ed v <\/em><\/span><span style=\"color: #800000;\"><em><a href=\"https:\/\/cs.wikipedia.org\/wiki\/Kr%C3%A1lov%C3%A9hradeck%C3%BD_kraj\">Kr\u00e1lov\u00e9hradeck\u00e9m kraji<\/a><\/em><\/span><span style=\"color: #800000;\"><em>, v b\u00fdval\u00e9m okrese <a href=\"https:\/\/www.rychnov-city.cz\/\">Rychnov nad Kn\u011b\u017enou<\/a>, 12 km v\u00fdchodn\u011b od <a href=\"https:\/\/www.mestodobruska.cz\/\">Dobru\u0161ky,<\/a> v z\u00e1padn\u00ed \u010d\u00e1sti <a href=\"https:\/\/cs.wikipedia.org\/wiki\/Orlick%C3%A9_hory\">Orlick\u00fdch hor.<\/a> Nadmo\u0159sk\u00e1 v\u00fd\u0161ka stoup\u00e1 od 620 m nad mo\u0159em (kostel V\u0161ech svat\u00fdch) a\u017e do v\u00fd\u0161ky 1050 m (Sedlo\u0148ovsk\u00fd vrch). Okol\u00ed obce tvo\u0159\u00ed z velk\u00e9 \u010d\u00e1sti lesn\u00ed porosty, protkan\u00e9 des\u00edtkami kilometr\u016f turisticky zna\u010den\u00fdch cest, z nich\u017e n\u011bkter\u00e9 jsou vhodn\u00e9 i pro cykloturistiku. Jejich p\u00e1te\u0159 tvo\u0159\u00ed tzv. \u201ebunkrovka\u201c, komunikace vybudovan\u00e1 na konci t\u0159ic\u00e1t\u00fdch let minul\u00e9ho stolet\u00ed, v souvislosti s budov\u00e1n\u00edm pohrani\u010dn\u00edch opevn\u011bn\u00ed.&#8220;&nbsp;<\/em><\/span><\/strong><\/p>\n<figure id=\"attachment_16276\" aria-describedby=\"caption-attachment-16276\" style=\"width: 2000px\" class=\"wp-caption alignnone\"><a href=\"https:\/\/www.moravecteam.cz\/?attachment_id=16276\" rel=\"attachment wp-att-16276\"><img decoding=\"async\" loading=\"lazy\" class=\"wp-image-16276 size-full\" src=\"http:\/\/www.moravecteam.cz\/wp-content\/uploads\/2023\/08\/1723979291051.jpg\" alt=\"\" width=\"2000\" height=\"1264\" srcset=\"https:\/\/www.moravecteam.cz\/wp-content\/uploads\/2023\/08\/1723979291051.jpg 2000w, https:\/\/www.moravecteam.cz\/wp-content\/uploads\/2023\/08\/1723979291051-300x190.jpg 300w, https:\/\/www.moravecteam.cz\/wp-content\/uploads\/2023\/08\/1723979291051-1024x647.jpg 1024w, https:\/\/www.moravecteam.cz\/wp-content\/uploads\/2023\/08\/1723979291051-768x485.jpg 768w, https:\/\/www.moravecteam.cz\/wp-content\/uploads\/2023\/08\/1723979291051-1536x971.jpg 1536w\" sizes=\"(max-width: 2000px) 100vw, 2000px\" \/><\/a><figcaption id=\"caption-attachment-16276\" class=\"wp-caption-text\">Na &#8222;bunkrovce&#8220;&#8230;<\/figcaption><\/figure>\n<p style=\"text-align: justify;\"><span style=\"color: #000000;\">Toliko citace z <strong><a href=\"https:\/\/www.sedlonov.cz\/index.php\">webov\u00e9 str\u00e1nky obce<\/a><\/strong>, kter\u00e1 n\u00e1m poslou\u017eila jako z\u00e1kladna pro tradi\u010dn\u00ed letn\u00ed cykloputov\u00e1n\u00ed. Asi mi d\u00e1te za pravdu, \u017ee ta posledn\u00ed v\u011bta z \u00favodn\u00edho odstave\u010dku je pro ka\u017ed\u00e9ho bikera hodn\u011b l\u00e1kav\u00e1..! Ano, <strong><a href=\"https:\/\/www.opevneni.cz\/\">syst\u00e9m opevn\u011bn\u00ed severn\u00edch hranic \u010ceskoslovenska<\/a><\/strong> z 30. let minul\u00e9ho stolet\u00ed, je velice l\u00e1kav\u00fdm c\u00edlem a nejen pro cyklisty.<\/span><\/p>\n<figure id=\"attachment_16275\" aria-describedby=\"caption-attachment-16275\" style=\"width: 1600px\" class=\"wp-caption alignnone\"><a href=\"https:\/\/www.moravecteam.cz\/?attachment_id=16275\" rel=\"attachment wp-att-16275\"><img decoding=\"async\" loading=\"lazy\" class=\"wp-image-16275 size-full\" src=\"http:\/\/www.moravecteam.cz\/wp-content\/uploads\/2023\/08\/1723978900866.jpg\" alt=\"\" width=\"1600\" height=\"795\" srcset=\"https:\/\/www.moravecteam.cz\/wp-content\/uploads\/2023\/08\/1723978900866.jpg 1600w, https:\/\/www.moravecteam.cz\/wp-content\/uploads\/2023\/08\/1723978900866-300x149.jpg 300w, https:\/\/www.moravecteam.cz\/wp-content\/uploads\/2023\/08\/1723978900866-1024x509.jpg 1024w, https:\/\/www.moravecteam.cz\/wp-content\/uploads\/2023\/08\/1723978900866-768x382.jpg 768w, https:\/\/www.moravecteam.cz\/wp-content\/uploads\/2023\/08\/1723978900866-1536x763.jpg 1536w\" sizes=\"(max-width: 1600px) 100vw, 1600px\" \/><\/a><figcaption id=\"caption-attachment-16275\" class=\"wp-caption-text\">V pohod\u011b, v pohod\u011b, zvl\u00e1d\u00e1me i na vod\u011b..!<\/figcaption><\/figure>\n<p style=\"text-align: justify;\"><span style=\"color: #000000;\">Ale nejen vojensk\u00e9 bunkry (v\u010detn\u011b jejich interi\u00e9r\u016f) jsou v hled\u00e1\u010dku borc\u016f a borek MORAVEC Teamu. <strong><a href=\"https:\/\/cs.wikipedia.org\/wiki\/Vodn%C3%AD_n%C3%A1dr%C5%BE_Rozko%C5%A1\">Vodn\u00ed n\u00e1dr\u017e Rozko\u0161<\/a><\/strong> je taky v na\u0161em opera\u010dn\u00edm dosahu, stejn\u011b jako <strong><a href=\"https:\/\/www.novemestonm.cz\/\">Nov\u00e9 M\u011bsto nad Metuj\u00ed,<\/a><\/strong> jeho\u017e sou\u010d\u00e1st\u00ed je <strong><a href=\"https:\/\/cs.wikipedia.org\/wiki\/Spy\">obec Spy<\/a><\/strong> (od centra m\u011bsta vzd\u00e1len\u00e1 1,5 km), rodn\u00e1 v\u00edska (v sou\u010dasnosti 235 obyvatel) na\u0161eho <span style=\"color: #800000;\"><strong>Vlastimila MORAVCE<\/strong><\/span>! A aj\u00edmavost\u00ed je, \u017ee ulice, kter\u00e1 spojuje v\u00edsku s m\u011bstem nese pr\u00e1v\u011b jm\u00e9no na\u0161\u00ed Ikony!<\/span><\/p>\n<figure id=\"attachment_16274\" aria-describedby=\"caption-attachment-16274\" style=\"width: 1500px\" class=\"wp-caption alignnone\"><a href=\"https:\/\/www.moravecteam.cz\/?attachment_id=16274\" rel=\"attachment wp-att-16274\"><img decoding=\"async\" loading=\"lazy\" class=\"wp-image-16274 size-full\" src=\"http:\/\/www.moravecteam.cz\/wp-content\/uploads\/2023\/08\/1723978900844.jpg\" alt=\"\" width=\"1500\" height=\"2000\" srcset=\"https:\/\/www.moravecteam.cz\/wp-content\/uploads\/2023\/08\/1723978900844.jpg 1500w, https:\/\/www.moravecteam.cz\/wp-content\/uploads\/2023\/08\/1723978900844-225x300.jpg 225w, https:\/\/www.moravecteam.cz\/wp-content\/uploads\/2023\/08\/1723978900844-768x1024.jpg 768w, https:\/\/www.moravecteam.cz\/wp-content\/uploads\/2023\/08\/1723978900844-1152x1536.jpg 1152w\" sizes=\"(max-width: 1500px) 100vw, 1500px\" \/><\/a><figcaption id=\"caption-attachment-16274\" class=\"wp-caption-text\">Podruh\u00e9 ve sv\u00e9 h\u00edstorii MORAVCI v rodn\u00e9m kraji Vlastimila MORAVCE!<\/figcaption><\/figure>\n<p style=\"text-align: justify;\">Jak je z fotek vidno, kempovali jsme letos pod odd\u00edlov\u00fdm praporem a mo\u017en\u00e1 i tato skute\u010dnost vedla \u00fa\u010dastn\u00edky k velice zodpov\u011bdn\u00e9mu p\u0159\u00edstupu pln\u011bn\u00ed povinnost\u00ed, v\u010detn\u011b pravideln\u00fdch rozcvi\u010dek,&nbsp; dopl\u0148kov\u00e9ho t\u011blocviku a pitn\u00e9ho re\u017eimu! I starost o t\u00e1borov\u00fd ohe\u0148 byla po v\u0161ech str\u00e1nk\u00e1ch vzorn\u00e1! A p\u0159\u00edprava j\u00eddel na otev\u0159en\u00e9m ohni prob\u00edhala na vysok\u00e9 gastronomick\u00e9 \u00farovni..! Ale hlavn\u011b: hodn\u011b se toho v par\u00e1dn\u00edm ter\u00e9nu Orlick\u00fdch hor &#8211; najezdilo! Kopce nebyly \u017e\u00e1dn\u00fdm probl\u00e9mem&#8230; Naopak: byly pro n\u00e1s v\u00fdzvou a spr\u00e1vnou motivac\u00ed! Zk\u00e1tka dal\u0161\u00ed kemp, jak m\u00e1 b\u00fdt, jak se pat\u0159\u00ed..!<\/p>\n<ul>\n<li><strong><a href=\"https:\/\/www.rajce.idnes.cz\/moravecteam\/album\/2024-31-07-04-08-kemp-moravec-team-sedlonov\">Fotogalerie \u010d.1<\/a><\/strong><\/li>\n<li><strong><a href=\"https:\/\/www.rajce.idnes.cz\/moravecteam\/album\/2024-07-31-08-04-kemp-moravec-team-sedlonov-2\">Fotogalerie \u010d.2<\/a><\/strong><\/li>\n<\/ul>","protected":false},"excerpt":{"rendered":"<p>&#8222;Obec Sedlo\u0148ov le\u017e\u00ed v Kr\u00e1lov\u00e9hradeck\u00e9m kraji, v b\u00fdval\u00e9m okrese Rychnov nad Kn\u011b\u017enou, 12 km v\u00fdchodn\u011b od Dobru\u0161ky, v z\u00e1padn\u00ed \u010d\u00e1sti Orlick\u00fdch hor. Nadmo\u0159sk\u00e1 v\u00fd\u0161ka stoup\u00e1 od 620 m nad mo\u0159em (kostel V\u0161ech svat\u00fdch) a\u017e do v\u00fd\u0161ky 1050 m (Sedlo\u0148ovsk\u00fd vrch). Okol\u00ed obce tvo\u0159\u00ed z velk\u00e9 \u010d\u00e1sti lesn\u00ed porosty, protkan\u00e9 des\u00edtkami kilometr\u016f turisticky zna\u010den\u00fdch cest, z &hellip; <a href=\"https:\/\/www.moravecteam.cz\/?p=15800\" class=\"more-link\">Pokra\u010dov\u00e1n\u00ed textu <span class=\"screen-reader-text\">Kemp \u00b424 &#8211; Sedlo\u0148ov<\/span> <span class=\"meta-nav\">&rarr;<\/span><\/a><\/p>\n","protected":false},"author":3,"featured_media":16231,"comment_status":"open","ping_status":"closed","sticky":false,"template":"","format":"standard","meta":[],"categories":[13],"tags":[],"_links":{"self":[{"href":"https:\/\/www.moravecteam.cz\/index.php?rest_route=\/wp\/v2\/posts\/15800"}],"collection":[{"href":"https:\/\/www.moravecteam.cz\/index.php?rest_route=\/wp\/v2\/posts"}],"about":[{"href":"https:\/\/www.moravecteam.cz\/index.php?rest_route=\/wp\/v2\/types\/post"}],"author":[{"embeddable":true,"href":"https:\/\/www.moravecteam.cz\/index.php?rest_route=\/wp\/v2\/users\/3"}],"replies":[{"embeddable":true,"href":"https:\/\/www.moravecteam.cz\/index.php?rest_route=%2Fwp%2Fv2%2Fcomments&post=15800"}],"version-history":[{"count":17,"href":"https:\/\/www.moravecteam.cz\/index.php?rest_route=\/wp\/v2\/posts\/15800\/revisions"}],"predecessor-version":[{"id":16278,"href":"https:\/\/www.moravecteam.cz\/index.php?rest_route=\/wp\/v2\/posts\/15800\/revisions\/16278"}],"wp:featuredmedia":[{"embeddable":true,"href":"https:\/\/www.moravecteam.cz\/index.php?rest_route=\/wp\/v2\/media\/16231"}],"wp:attachment":[{"href":"https:\/\/www.moravecteam.cz\/index.php?rest_route=%2Fwp%2Fv2%2Fmedia&parent=15800"}],"wp:term":[{"taxonomy":"category","embeddable":true,"href":"https:\/\/www.moravecteam.cz\/index.php?rest_route=%2Fwp%2Fv2%2Fcategories&post=15800"},{"taxonomy":"post_tag","embeddable":true,"href":"https:\/\/www.moravecteam.cz\/index.php?rest_route=%2Fwp%2Fv2%2Ftags&post=15800"}],"curies":[{"name":"wp","href":"https:\/\/api.w.org\/{rel}","templated":true}]}}