{"id":15809,"date":"2023-09-14T09:29:38","date_gmt":"2023-09-14T07:29:38","guid":{"rendered":"https:\/\/www.moravecteam.cz\/?p=15809"},"modified":"2025-07-29T11:44:24","modified_gmt":"2025-07-29T09:44:24","slug":"mtb-vrchovina-2024","status":"publish","type":"post","link":"https:\/\/www.moravecteam.cz\/?p=15809","title":{"rendered":"MTB &#8222;Vrchovina&#8220; 2024"},"content":{"rendered":"<p style=\"text-align: justify;\"><strong><span style=\"color: #800000;\">\u201eVrchovina\u201c 2024 (23. ro\u010dn\u00edk) \u010d\u00edtala tentokr\u00e1t 7 z\u00e1vod\u016f a MORAVEC Team ani tentokr\u00e1t nemohl v t\u00e9to sout\u011b\u017ei chyb\u011bt! Jeden\u00e1ct d\u011bt\u00ed a jeden dosp\u011bl\u00fd, tj. celkem 12 rajdr\u016f, n\u00e1s reprezentovalo v rovn\u00e9 polovin\u011b z tradi\u010dn\u00edch 18-ti kategori\u00ed. By\u0165 se z\u00e1vodnicky nejednalo o po\u010detnou kvantitu, v po\u0159ad\u00ed OPEN se v celkov\u00e9m po\u0159ad\u00ed poda\u0159ilo na\u0161im vyv\u00e1l\u010dit jeden zlat\u00fd a dva st\u0159\u00edbrn\u00e9 poh\u00e1ry, v po\u0159ad\u00ed OBCE jeden st\u0159\u00edbrn\u00fd a t\u0159i bronzov\u00e9! Bravo MORAVEC!<\/span><\/strong><\/p>\n<figure id=\"attachment_16328\" aria-describedby=\"caption-attachment-16328\" style=\"width: 613px\" class=\"wp-caption alignnone\"><a href=\"https:\/\/www.moravecteam.cz\/?attachment_id=16328\" rel=\"attachment wp-att-16328\"><img decoding=\"async\" loading=\"lazy\" class=\"wp-image-16328 size-full\" src=\"http:\/\/www.moravecteam.cz\/wp-content\/uploads\/2023\/09\/1723975076293.jpg\" alt=\"\" width=\"613\" height=\"675\" srcset=\"https:\/\/www.moravecteam.cz\/wp-content\/uploads\/2023\/09\/1723975076293.jpg 613w, https:\/\/www.moravecteam.cz\/wp-content\/uploads\/2023\/09\/1723975076293-272x300.jpg 272w\" sizes=\"(max-width: 613px) 100vw, 613px\" \/><\/a><figcaption id=\"caption-attachment-16328\" class=\"wp-caption-text\">Jolana &#8222;Jolanda&#8220; Tesa\u0159ov\u00e1 n\u00e1m celkov\u00fdm v\u00edt\u011bzstv\u00edm v po\u0159ad\u00ed OPEN ud\u011blala velkou radost! Fotka je z Boskovic (3.m\u00edsto), kde ji porazila jen \u010derstv\u00e1 juniorsk\u00e1 Mistryn\u011b \u010cR &#8211; Am\u00e1lka Gottwaldov\u00e1 (CP Team) a dal\u0161\u00ed na\u0161e \u0161pi\u010dkov\u00e1 juniorka, Nikola Brad\u00e1\u010dov\u00e1 (ACT leraK).<\/figcaption><\/figure>\n<p style=\"text-align: justify;\">Nov\u00e1\u010dkem, mezi po\u0159adateli se stala obec <strong><a href=\"https:\/\/www.babice-nad-svitavou.cz\/\">Babice nad Svitavou,<\/a><\/strong> op\u011bt se z\u00e1vodilo v&nbsp;<strong><a href=\"https:\/\/www.jinacovice.eu\/\">Jina\u010dovic\u00edch<\/a><\/strong> a moc pot\u011b\u0161il i n\u00e1vrat PDV do <strong><a href=\"https:\/\/www.nmnm.cz\/\">Nov\u00e9ho M\u011bsta na Morav\u011b<\/a><\/strong>! V&nbsp;p\u0159\u00edpad\u011b <strong><a href=\"https:\/\/obecbenesov.cz\/#utm_content=card&amp;utm_term=bene%C5%A1ov%20u%20boskovic&amp;utm_medium=hint&amp;utm_source=search.seznam.cz\">Bene\u0161ova<\/a><\/strong>, <strong><a href=\"https:\/\/www.boskovice.cz\/\">Boskovic<\/a><\/strong>, <strong><a href=\"https:\/\/www.velenov.cz\/\">Velenova<\/a><\/strong> a <strong><a href=\"https:\/\/www.blansko.cz\/\">Blanska<\/a><\/strong> se jednalo o ji\u017e zaveden\u00e9, tradi\u010dn\u00ed trat\u011b. Ze kter\u00fdch \u2013 bohu\u017eel \u2013 ji\u017e asi definitivn\u011b vypadla, <strong><a href=\"https:\/\/www.okrouhla.cz\/\">Okrouhl\u00e1<\/a><\/strong>\u2026 Kdo by to byl \u0159ekl? Na p\u0159elomu tis\u00edcilet\u00ed pr\u016fkopnick\u00e1 obec, co se MTB sportu v&nbsp;regionu t\u00fd\u010de, kter\u00e1 na zdej\u0161\u00edch trat\u00edch dok\u00e1zala hned dvakr\u00e1t uspo\u0159\u00e1dat z\u00e1vod \u010cesk\u00e9ho poh\u00e1ru\u2026 Zkr\u00e1tka, \u010dasy se m\u011bn\u00ed\u2026<\/p>\n<p style=\"text-align: justify;\">Poh\u00e1rovou zlatou sb\u00edrku MORAVEC Teamu roz\u0161\u00ed\u0159ila k&nbsp;na\u0161\u00ed velk\u00e9 radosti patn\u00e1ctilet\u00e1<mark class=\"has-inline-color has-vivid-red-color\"><strong> Jolana Tesa\u0159ov\u00e1, <\/strong><\/mark>celkov\u00e1 v\u00edt\u011bzka kategorie juniorky \/ kadetky. Jolana vyhr\u00e1la presti\u017en\u00ed \u201erace\u201c v&nbsp;<strong><a href=\"https:\/\/www.pohardrahanskevrchoviny.cz\/rizna-vysocina-arena\/\">Nov\u00e9m M\u011bst\u011b na Morav\u011b<\/a><\/strong>, byla druh\u00e1, v&nbsp;<strong><a href=\"https:\/\/www.pohardrahanskevrchoviny.cz\/karty-jsou-rozdany\/\">Babic\u00edch<\/a><\/strong> a t\u0159et\u00ed m\u00edsta brala v&nbsp;<strong><a href=\"https:\/\/www.pohardrahanskevrchoviny.cz\/jinacovice-souboj-titanu\/\">Jina\u010dovic\u00edch<\/a><\/strong>, <strong><a href=\"https:\/\/www.pohardrahanskevrchoviny.cz\/holub-vsem-uletel\/\">Bene\u0161ov\u011b<\/a><\/strong>, <strong><a href=\"https:\/\/www.pohardrahanskevrchoviny.cz\/vysla-prvni-hvezdicka\/\">Boskovic\u00edch<\/a><\/strong> a <strong><a href=\"https:\/\/www.pohardrahanskevrchoviny.cz\/prvni-dva\/\">Velenov\u011b<\/a><\/strong>. Bravo MORAVEC!<\/p>\n<figure id=\"attachment_16327\" aria-describedby=\"caption-attachment-16327\" style=\"width: 2000px\" class=\"wp-caption alignnone\"><a href=\"https:\/\/www.moravecteam.cz\/?attachment_id=16327\" rel=\"attachment wp-att-16327\"><img decoding=\"async\" loading=\"lazy\" class=\"wp-image-16327 size-full\" src=\"http:\/\/www.moravecteam.cz\/wp-content\/uploads\/2023\/09\/IMG_0210.jpg\" alt=\"\" width=\"2000\" height=\"1082\" srcset=\"https:\/\/www.moravecteam.cz\/wp-content\/uploads\/2023\/09\/IMG_0210.jpg 2000w, https:\/\/www.moravecteam.cz\/wp-content\/uploads\/2023\/09\/IMG_0210-300x162.jpg 300w, https:\/\/www.moravecteam.cz\/wp-content\/uploads\/2023\/09\/IMG_0210-1024x554.jpg 1024w, https:\/\/www.moravecteam.cz\/wp-content\/uploads\/2023\/09\/IMG_0210-768x415.jpg 768w, https:\/\/www.moravecteam.cz\/wp-content\/uploads\/2023\/09\/IMG_0210-1536x831.jpg 1536w\" sizes=\"(max-width: 2000px) 100vw, 2000px\" \/><\/a><figcaption id=\"caption-attachment-16327\" class=\"wp-caption-text\">Honz\u00edk Hlubinka (startovn\u00ed \u010d.11) si jede pro st\u0159\u00edbro na trati v Jina\u010dovic\u00edch. A stejn\u00e9ho st\u0159\u00edbrn\u00e9ho lesku je i poh\u00e1r, kter\u00fd v celkov\u00e9m po\u0159ad\u00ed OPEN pro MORAVEC Team vybojoval!<\/figcaption><\/figure>\n<p class=\"has-text-align-center\" style=\"text-align: justify;\">\u010cty\u0159let\u00fd <mark class=\"has-inline-color has-vivid-red-color\"><strong>Honza Hlubinka<\/strong><\/mark> (mlad\u0161\u00ed bratr <mark class=\"has-inline-color has-vivid-red-color\"><strong>Viktorky Hlubinkov\u00e9<\/strong><\/mark>) se na sv\u00e9m odr\u00e1\u017eedle stal tak\u00e9 v\u00edt\u011bzem z\u00e1vodu v&nbsp;NMnM, a kdy\u017e k&nbsp;tomu p\u0159ipo\u010dteme 2. m\u00edsta v&nbsp;Jina\u010dovic\u00edch, na Bene\u0161ov\u011b a v&nbsp;<strong><a href=\"https:\/\/www.pohardrahanskevrchoviny.cz\/je-hotovo\/\">Blansku<\/a><\/strong>, bylo z&nbsp;toho r\u00e1zem celkov\u011b v\u00fdborn\u00e9 2. m\u00edsto! Bravo MORAVEC!<\/p>\n<p class=\"has-text-align-center\" style=\"text-align: justify;\"><mark class=\"has-inline-color has-vivid-red-color\"><strong>Honza Maty\u00e1\u0161<\/strong><\/mark> (kategorie Masters II) m\u011bl bl\u00edzko ke zisku bronzov\u00e9ho poh\u00e1ru u\u017e v&nbsp;r.2023. Tehdy to je\u0161t\u011b t\u011bsn\u011b nevy\u0161lo\u2026 O rok pozd\u011bji je u\u017e ale v\u0161echno jinak: Honza vyhr\u00e1v\u00e1 presti\u017en\u00ed Boskovice, doj\u00ed\u017ed\u00ed druh\u00fd ve Velenov\u011b, t\u0159et\u00ed je v&nbsp;Jina\u010dovic\u00edch, Bene\u0161ov\u011b a i na fin\u00e1le v&nbsp;Blansku. Suma sum\u00e1rum je z&nbsp;toho v&nbsp;celkov\u00e9m hodnocen\u00ed taky st\u0159\u00edbrn\u00fd poh\u00e1r, kdy\u017e na zlat\u00fd ztratil pouh\u00fdch 15 bod\u00edk\u016f\u2026 Tak snad nap\u0159esrok! <strong><span style=\"color: #800000;\">Bravo MORAVEC!<\/span><\/strong><\/p>\n<figure id=\"attachment_16329\" aria-describedby=\"caption-attachment-16329\" style=\"width: 568px\" class=\"wp-caption alignnone\"><a href=\"https:\/\/www.moravecteam.cz\/?attachment_id=16329\" rel=\"attachment wp-att-16329\"><img decoding=\"async\" loading=\"lazy\" class=\"wp-image-16329 size-full\" src=\"http:\/\/www.moravecteam.cz\/wp-content\/uploads\/2023\/09\/1723975076285.jpg\" alt=\"\" width=\"568\" height=\"547\" srcset=\"https:\/\/www.moravecteam.cz\/wp-content\/uploads\/2023\/09\/1723975076285.jpg 568w, https:\/\/www.moravecteam.cz\/wp-content\/uploads\/2023\/09\/1723975076285-300x289.jpg 300w, https:\/\/www.moravecteam.cz\/wp-content\/uploads\/2023\/09\/1723975076285-25x25.jpg 25w\" sizes=\"(max-width: 568px) 100vw, 568px\" \/><\/a><figcaption id=\"caption-attachment-16329\" class=\"wp-caption-text\">V docela presti\u017en\u00ed a &#8222;na\u0161lapan\u00e9&#8220; kategorii Masters II skon\u010dil celkov\u011b druh\u00fd, Honza Maty\u00e1\u0161. Fotka je z TOP n\u00e1ro\u010dn\u00e9ho z\u00e1vodu v Boskovic\u00edch, kter\u00fd Honza vyhr\u00e1l!<\/figcaption><\/figure>\n<p style=\"text-align: justify;\">Osmilet\u00fd <strong><span style=\"color: #800000;\">Jakub Sou\u010dek<\/span><\/strong> se po roce vr\u00e1til na trat\u011b MTB &#8222;Vrchoviny&#8220; a hned dok\u00e1zal vybojovat st\u0159\u00edbrn\u00fd poh\u00e1r v po\u0159ad\u00ed OBCE! A slu\u0161el mu! Stejn\u011b tak, jako slu\u0161\u00ed bronzov\u00e9 poh\u00e1ry v po\u0159ad\u00ed OBCE tak\u00e9 osmilet\u00e9mu <strong><span style=\"color: #800000;\">Vojt\u011bchu Kalandrovi<\/span><\/strong>, desetilet\u00e9 <strong><span style=\"color: #800000;\">Kl\u00e1\u0159e \u0160teflov\u00e9<\/span><\/strong> a \u010dtrn\u00e1ctilet\u00e9mu star\u0161\u00edmu \u017e\u00e1kovi, <strong><span style=\"color: #800000;\">Samuelu Chl\u00e1dkovi<\/span><\/strong>. <strong><span style=\"color: #800000;\">Bravo MORAVEC!<\/span><\/strong><\/p>\n\n\n<figure class=\"wp-block-table\"><table><thead><tr><th class=\"has-text-align-center\" data-align=\"center\"><mark style=\"background-color:rgba(0, 0, 0, 0)\" class=\"has-inline-color has-vivid-red-color\">KATEGORIE<\/mark><\/th><th class=\"has-text-align-center\" data-align=\"center\"><mark style=\"background-color:rgba(0, 0, 0, 0)\" class=\"has-inline-color has-vivid-red-color\">Z\u00c1VODN\u00cdK<\/mark><\/th><th class=\"has-text-align-center\" data-align=\"center\"><mark style=\"background-color:rgba(0, 0, 0, 0)\" class=\"has-inline-color has-vivid-red-color\">PO\u0158AD\u00cd OPEN<\/mark><\/th><th class=\"has-text-align-center\" data-align=\"center\"><mark style=\"background-color:rgba(0, 0, 0, 0)\" class=\"has-inline-color has-vivid-red-color\">PO\u0158AD\u00cd OBCE<\/mark><\/th><\/tr><\/thead><tbody><tr><td class=\"has-text-align-center\" data-align=\"center\">odr\u00e1\u017eedla chlapci<\/td><td class=\"has-text-align-center\" data-align=\"center\"><mark style=\"background-color:rgba(0, 0, 0, 0)\" class=\"has-inline-color has-cyan-bluish-gray-color\"><strong>Hlubinka Jan<\/strong><\/mark><\/td><td class=\"has-text-align-center\" data-align=\"center\"><mark style=\"background-color:rgba(0, 0, 0, 0)\" class=\"has-inline-color has-cyan-bluish-gray-color\"><strong>2. <\/strong><\/mark><\/td><td class=\"has-text-align-center\" data-align=\"center\"> &#8211;<\/td><\/tr><tr><td class=\"has-text-align-center\" data-align=\"center\">odr\u00e1\u017eedla d\u00edvky<\/td><td class=\"has-text-align-center\" data-align=\"center\">&#8211;<\/td><td class=\"has-text-align-center\" data-align=\"center\">&#8211;<\/td><td class=\"has-text-align-center\" data-align=\"center\">&#8211;<\/td><\/tr><tr><td class=\"has-text-align-center\" data-align=\"center\">chlapci do 6-ti let<\/td><td class=\"has-text-align-center\" data-align=\"center\">&#8211;<\/td><td class=\"has-text-align-center\" data-align=\"center\">&#8211;<\/td><td class=\"has-text-align-center\" data-align=\"center\">&#8211;<\/td><\/tr><tr><td class=\"has-text-align-center\" data-align=\"center\">d\u00edvky do 6-ti let<\/td><td class=\"has-text-align-center\" data-align=\"center\">Hlubinkov\u00e1 Viktorie<\/td><td class=\"has-text-align-center\" data-align=\"center\">5.<\/td><td class=\"has-text-align-center\" data-align=\"center\">&#8211;<\/td><\/tr><tr><td class=\"has-text-align-center\" data-align=\"center\">7-8 let &#8211; chlapci<\/td><td class=\"has-text-align-center\" data-align=\"center\"><mark style=\"background-color:rgba(0, 0, 0, 0)\" class=\"has-inline-color has-cyan-bluish-gray-color\"><strong>Sou\u010dek Jakub<\/strong><\/mark><\/td><td class=\"has-text-align-center\" data-align=\"center\">7. \/ 33.*<\/td><td class=\"has-text-align-center\" data-align=\"center\"><strong><mark style=\"background-color:rgba(0, 0, 0, 0)\" class=\"has-inline-color has-cyan-bluish-gray-color\">2.<\/mark><\/strong><\/td><\/tr><tr><td class=\"has-text-align-center\" data-align=\"center\"><\/td><td class=\"has-text-align-center\" data-align=\"center\"><mark style=\"background-color:rgba(0, 0, 0, 0)\" class=\"has-inline-color has-vivid-red-color\"><strong>Kalandra Vojt\u011bch<\/strong><\/mark><\/td><td class=\"has-text-align-center\" data-align=\"center\">11. \/ 33.*<\/td><td class=\"has-text-align-center\" data-align=\"center\"><mark style=\"background-color:rgba(0, 0, 0, 0)\" class=\"has-inline-color has-vivid-red-color\"><strong>3.<\/strong><\/mark><\/td><\/tr><tr><td class=\"has-text-align-center\" data-align=\"center\"><\/td><td class=\"has-text-align-center\" data-align=\"center\">\u0160vancara Maty\u00e1\u0161<\/td><td class=\"has-text-align-center\" data-align=\"center\">25. \/ 33.*<\/td><td class=\"has-text-align-center\" data-align=\"center\">8.<\/td><\/tr><tr><td class=\"has-text-align-center\" data-align=\"center\">7-8 let &#8211; d\u00edvky<\/td><td class=\"has-text-align-center\" data-align=\"center\">&#8211;<\/td><td class=\"has-text-align-center\" data-align=\"center\">&#8211;<\/td><td class=\"has-text-align-center\" data-align=\"center\">&#8211;<\/td><\/tr><tr><td class=\"has-text-align-center\" data-align=\"center\">9-10 let &#8211; chlapci<\/td><td class=\"has-text-align-center\" data-align=\"center\">Maty\u00e1\u0161 Jan Bernard<\/td><td class=\"has-text-align-center\" data-align=\"center\">9. \/ 43.*<\/td><td class=\"has-text-align-center\" data-align=\"center\">&#8211;<\/td><\/tr><tr><td class=\"has-text-align-center\" data-align=\"center\">9-10 let &#8211; d\u00edvky<\/td><td class=\"has-text-align-center\" data-align=\"center\"><mark style=\"background-color:rgba(0, 0, 0, 0)\" class=\"has-inline-color has-vivid-red-color\"><strong>\u0160teflov\u00e1 Kl\u00e1ra<\/strong><\/mark><\/td><td class=\"has-text-align-center\" data-align=\"center\">16.<\/td><td class=\"has-text-align-center\" data-align=\"center\"><mark style=\"background-color:rgba(0, 0, 0, 0)\" class=\"has-inline-color has-vivid-red-color\"><strong>3.<\/strong><\/mark><\/td><\/tr><tr><td class=\"has-text-align-center\" data-align=\"center\">11-12 let &#8211; chlapci<\/td><td class=\"has-text-align-center\" data-align=\"center\">&#8211;<\/td><td class=\"has-text-align-center\" data-align=\"center\">&#8211;<\/td><td class=\"has-text-align-center\" data-align=\"center\">&#8211;<\/td><\/tr><tr><td class=\"has-text-align-center\" data-align=\"center\">11-12 let &#8211; d\u00edvky<\/td><td class=\"has-text-align-center\" data-align=\"center\">Tesa\u0159ov\u00e1 Barbora<\/td><td class=\"has-text-align-center\" data-align=\"center\">7.<\/td><td class=\"has-text-align-center\" data-align=\"center\">&#8211;<\/td><\/tr><tr><td class=\"has-text-align-center\" data-align=\"center\">13-14 let &#8211; chlapci<\/td><td class=\"has-text-align-center\" data-align=\"center\">\u0160iru\u010dek Ond\u0159ej<\/td><td class=\"has-text-align-center\" data-align=\"center\">16. \/ 30.*<\/td><td class=\"has-text-align-center\" data-align=\"center\">&#8211;<\/td><\/tr><tr><td class=\"has-text-align-center\" data-align=\"center\"><\/td><td class=\"has-text-align-center\" data-align=\"center\"><mark style=\"background-color:rgba(0, 0, 0, 0)\" class=\"has-inline-color has-vivid-red-color\"><strong>Chl\u00e1dek Samuel<\/strong><\/mark><\/td><td class=\"has-text-align-center\" data-align=\"center\">7. \/ 30.*<\/td><td class=\"has-text-align-center\" data-align=\"center\"><mark style=\"background-color:rgba(0, 0, 0, 0)\" class=\"has-inline-color has-vivid-red-color\"><strong>3.<\/strong><\/mark><\/td><\/tr><tr><td class=\"has-text-align-center\" data-align=\"center\">13-14 let &#8211; d\u00edvky<\/td><td class=\"has-text-align-center\" data-align=\"center\">&#8211;<\/td><td class=\"has-text-align-center\" data-align=\"center\">&#8211;<\/td><td class=\"has-text-align-center\" data-align=\"center\">&#8211;<\/td><\/tr><tr><td class=\"has-text-align-center\" data-align=\"center\">junio\u0159i \/ kadeti<\/td><td class=\"has-text-align-center\" data-align=\"center\">&#8211;<\/td><td class=\"has-text-align-center\" data-align=\"center\">&#8211;<\/td><td class=\"has-text-align-center\" data-align=\"center\">X<\/td><\/tr><tr><td class=\"has-text-align-center\" data-align=\"center\">juniorky \/ kadetky<\/td><td class=\"has-text-align-center\" data-align=\"center\"><mark style=\"background-color:rgba(0, 0, 0, 0)\" class=\"has-inline-color has-luminous-vivid-orange-color\"><strong>Tesa\u0159ov\u00e1 Jolana<\/strong><\/mark><\/td><td class=\"has-text-align-center\" data-align=\"center\"><mark style=\"background-color:rgba(0, 0, 0, 0)\" class=\"has-inline-color has-luminous-vivid-orange-color\"><strong>1.<\/strong><\/mark><\/td><td class=\"has-text-align-center\" data-align=\"center\">X<\/td><\/tr><tr><td class=\"has-text-align-center\" data-align=\"center\">mu\u017ei masters III<\/td><td class=\"has-text-align-center\" data-align=\"center\">&#8211;<\/td><td class=\"has-text-align-center\" data-align=\"center\">&#8211;<\/td><td class=\"has-text-align-center\" data-align=\"center\">X<\/td><\/tr><tr><td class=\"has-text-align-center\" data-align=\"center\">mu\u017ei masters II<\/td><td class=\"has-text-align-center\" data-align=\"center\"><mark style=\"background-color:rgba(0, 0, 0, 0)\" class=\"has-inline-color has-cyan-bluish-gray-color\"><strong>Maty\u00e1\u0161 Jan<\/strong><\/mark><\/td><td class=\"has-text-align-center\" data-align=\"center\"><mark style=\"background-color:rgba(0, 0, 0, 0)\" class=\"has-inline-color has-cyan-bluish-gray-color\"><strong>2.<\/strong><\/mark><strong> <\/strong>\/ 26.*<\/td><td class=\"has-text-align-center\" data-align=\"center\">X<\/td><\/tr><tr><td class=\"has-text-align-center\" data-align=\"center\">\u017eeny ELITE<\/td><td class=\"has-text-align-center\" data-align=\"center\">&#8211;<\/td><td class=\"has-text-align-center\" data-align=\"center\">&#8211;<\/td><td class=\"has-text-align-center\" data-align=\"center\">X<\/td><\/tr><tr><td class=\"has-text-align-center\" data-align=\"center\">mu\u017ei ELITE<\/td><td class=\"has-text-align-center\" data-align=\"center\">&#8211;<\/td><td class=\"has-text-align-center\" data-align=\"center\">&#8211;<\/td><td class=\"has-text-align-center\" data-align=\"center\">X<\/td><\/tr><\/tbody><\/table><\/figure>\n\n\n\n<p><mark style=\"background-color:rgba(0, 0, 0, 0)\" class=\"has-inline-color has-vivid-red-color\"><strong>Vysv\u011btlivky: <\/strong><\/mark> <\/p>\n\n\n\n<p>&#8220; &#8211; &#8220;  bez \u00fa\u010dasti z\u00e1vodn\u00edk\u016f MORAVEC Teamu;<\/p>\n\n\n\n<p>&#8220; X &#8220;  kategorie nen\u00ed vyps\u00e1na<\/p>\n\n\n\n<p>&#8220; * &#8220;  \u010d\u00edslo za lom\u00edtkem ud\u00e1v\u00e1 celkov\u00fd po\u010det klasifikovan\u00fdch z\u00e1vodn\u00edk\u016f v kategorii<\/p>\n\n\n<p style=\"text-align: justify;\">N\u00ed\u017ee mrkn\u011bte na bohatou fotodokumentaci a stru\u010dn\u00fd koment\u00e1\u0159 ke ka\u017ed\u00e9mu z dev\u00edti z\u00e1vod\u016f:<\/p>\n<h3><span style=\"color: #800000;\"><em><a href=\"https:\/\/www.babice-nad-svitavou.cz\/\">Babice nad Svitavou<\/a> 20.04. 2024<\/em><\/span><\/h3>\n<p style=\"text-align: justify;\">Nov\u00e1 &#8222;\u0161tace&#8220; na &#8222;Vrchovin\u011b&#8220; d\u00edky aktivit\u011b brn\u011bnsk\u00e9ho MTB Teamu Open Cycling Academy. \u0158editelem z\u00e1vodu nen\u00ed nikdo jin\u00fd, ne\u017e zku\u0161en\u00fd cyklistick\u00fd matador a po\u0159adatel podobn\u00fdch akc\u00ed &#8211; <strong><span style=\"color: #800000;\">Kamil \u0160nedar<\/span><\/strong>. Netradi\u010dn\u011b dlouh\u00e1 dosp\u011bl\u00e1 tra\u0165 (bezm\u00e1la 7 km), jinak par\u00e1dn\u00ed z\u00e1vod s rekordn\u00ed \u00fa\u010dast\u00ed 195 z\u00e1vodn\u00edk\u016f. Po\u010das\u00ed je\u0161t\u011b skoro zimn\u00ed&#8230; Nakonec ale nezasn\u011b\u017eilo, vzpom\u00ednali v t\u00e9to souvislosti na Valchov 2022&#8230;&nbsp;<\/p>\n<p><strong><span style=\"color: #800000;\">Na\u0161e medailov\u00e9 radosti:<\/span><\/strong><\/p>\n<p><strong><span style=\"color: #808080;\"><span style=\"color: #800000;\">Po\u0159ad\u00ed OPEN <\/span><\/span><\/strong><\/p>\n<p><strong><span style=\"color: #808080;\">&#8211; juniorky \/ kadetky &#8211; 2. m\u00edsto Jolana Tesa\u0159ov\u00e1<\/span><\/strong><\/p>\n<p>tak\u017ee: 1x st\u0159\u00edbro<\/p>\n<hr>\n<ul>\n<li><strong><a href=\"https:\/\/www.rajce.idnes.cz\/moravecteam\/album\/2024-04-20-mtb-pdv-babice-nad-svitavou\">Fotogalerie z Babic nad Svitavou<\/a><\/strong><\/li>\n<li><strong><a href=\"https:\/\/www.pohardrahanskevrchoviny.cz\/karty-jsou-rozdany\/\">Podrobn\u00e1 report\u00e1\u017e<\/a><\/strong><\/li>\n<\/ul>\n<hr>\n<h3><span style=\"color: #800000;\"><em><a href=\"https:\/\/www.jinacovice.eu\/\">Jina\u010dovice<\/a> 01.06. 2024<\/em><\/span><\/h3>\n<p style=\"text-align: justify;\">\u010cervnov\u00e9 datum je obvykle u\u017e z\u00e1rukou slune\u010dn\u00e9ho po\u010das\u00ed a tak se i v Jina\u010dovic\u00edch stalo. T\u00fdm po\u0159adatel\u016f, v \u010dele s <strong><span style=\"color: #800000;\">Michalem H\u00e1jkem<\/span><\/strong> odv\u00e1d\u00ed op\u011bt kvalitn\u00ed pr\u00e1ci a potvrzuje to sv\u00fdmi pochvalami i 171 z\u00fa\u010dastn\u011bn\u00fdch spokojen\u00fdch rajdr\u016f! Nechyb\u011bli ani VIP celebrity: patronka seri\u00e1lu <strong><a href=\"http:\/\/www.jaromiravitkova.cz\/\">Ing. Jarom\u00edra V\u00edtkov\u00e1<\/a><\/strong> a starosta <strong><a href=\"https:\/\/www.jinacovice.eu\/\">Jina\u010dovic<\/a><\/strong>, <strong><span style=\"color: #800000;\">Honza Kazda<\/span><\/strong>! Na trat\u00edch pak bojovali VIP &#8222;cyklo-bombar\u010f\u00e1ci&#8220; jako Mat\u011bj Pr\u016fdek \u010di Emil Hekele..!<\/p>\n<p><strong><span style=\"color: #800000;\">Na\u0161e medailov\u00e9 radosti:&nbsp;<\/span><\/strong><\/p>\n<p><span style=\"color: #800000;\"><strong>Po\u0159ad\u00ed OPEN<\/strong><\/span><\/p>\n<p><strong><span style=\"color: #808080;\"> &#8211; chlapci-odr\u00e1\u017eedla &#8211; 2. m\u00edsto Honza Hlubinka<\/span><\/strong><\/p>\n<p><span style=\"color: #993300;\"><strong>&#8211; mu\u017ei Masters II &#8211; 3. m\u00edsto Honza Maty\u00e1\u0161<\/strong><\/span><\/p>\n<p><span style=\"color: #993300;\"><strong>&#8211; juniorky \/ kadetky &#8211; 3. m\u00edsto Jolana Tesa\u0159ov\u00e1<\/strong><\/span><\/p>\n<p>tak\u017ee: 1x st\u0159\u00edbro a 2x bronz<\/p>\n<p>celkem zat\u00edm: 2x st\u0159\u00edbro, 2x bronz<\/p>\n<hr>\n<p><strong><span style=\"color: #993300;\">Po\u0159ad\u00ed OBCE<\/span><\/strong><\/p>\n<p><strong><span style=\"color: #993300;\"> &#8211; chlpaci 13-14 let &#8211; 3. Samuel Chl\u00e1dek<\/span><\/strong><\/p>\n<p>tak\u017ee: 1x bronz<\/p>\n<p>celkem zat\u00edm: 1x bronz<\/p>\n<hr>\n<ul>\n<li><strong><a href=\"https:\/\/www.rajce.idnes.cz\/moravecteam\/album\/2024-06-01-mtb-pdv-jinacovice\">Fotogalerie \u010d.1<\/a><\/strong><\/li>\n<li><strong><a href=\"https:\/\/www.rajce.idnes.cz\/moravecteam\/album\/2024-06-01-mtb-pdv-jinacovice-2\">Fotogalerie \u010d.2<\/a><\/strong><\/li>\n<li><strong><a href=\"https:\/\/www.rajce.idnes.cz\/moravecteam\/album\/2024-06-01-mtb-pdv-jinacovice-3\">Fotogalerie \u010d.3<\/a><\/strong><\/li>\n<li><strong><a href=\"https:\/\/www.pohardrahanskevrchoviny.cz\/jinacovice-souboj-titanu\/\">Podrobn\u00e1 report\u00e1\u017e<\/a><\/strong><\/li>\n<\/ul>\n<hr>\n<h3><span style=\"color: #800000;\"><em><a href=\"https:\/\/www.nmnm.cz\/\">Nov\u00e9 M\u011bsto na Morav\u011b<\/a> 16.06. 2024<\/em><\/span><\/h3>\n<p style=\"text-align: justify;\">Po letech par\u00e1dn\u00ed n\u00e1vrat MTB &#8222;Vrchoviny&#8220; do &#8222;Mekky&#8220; \u010desk\u00e9ho bikingu! Jenom \u0161koda, \u017ee se nemohly jet Mistrovsk\u00e9 trat\u011b: soub\u011b\u017ene se zde na nich konalo M\u010cR v orienta\u010dn\u00edm MTB sportu. Jelo se tedy na &#8222;biathlonov\u00fdch&#8220; trat\u00edch a po\u0159adatel\u016fm z Bike Teamu NMnM v \u010dele se sv\u011bdomit\u00fdm <strong><span style=\"color: #800000;\">Petrem Kop\u0159ivou,<\/span><\/strong> se i za dan\u00fdch okolnost\u00ed poda\u0159ilo uspo\u0159\u00e1dat par\u00e1dn\u00ed &#8222;race&#8220;! D\u016fkazem toho je 186 z\u00e1vodn\u00edk\u016f na startu! I po\u010das\u00ed bylo p\u0159\u00edzniv\u00e9, tzak\u017ee s obnovenou premi\u00e9rou ve <strong><a href=\"https:\/\/www.vysocina-arena.cz\/\">Vyso\u010dina ar\u00e9n\u011b<\/a><\/strong> ur\u010dit\u011b spokojenost!<\/p>\n<p><strong><span style=\"color: #800000;\">Na\u0161e medailov\u00e9 radosti:<\/span><\/strong><\/p>\n<p><strong><span style=\"color: #800000;\">Po\u0159ad\u00ed OPEN<\/span><\/strong><\/p>\n\n\n<p><strong><mark style=\"background-color:rgba(0, 0, 0, 0)\" class=\"has-inline-color has-luminous-vivid-orange-color\">&#8211; chlapci-odr\u00e1\u017eedla &#8211; 1. m\u00edsto Honza Hlubinka<\/mark><\/strong><\/p>\n\n\n\n<p><strong><mark style=\"background-color:rgba(0, 0, 0, 0)\" class=\"has-inline-color has-luminous-vivid-orange-color\">&#8211; juniorky \/ kadetky &#8211; 1. m\u00edsto Jolana Tesa\u0159ov\u00e1<\/mark><\/strong><\/p>\n\n\n\n<p>tak\u017ee: 2x zlato!<\/p>\n\n\n\n<p>celkem zat\u00edm: 2x zlato, 2x st\u0159\u00edbro, 2x bronz<\/p>\n\n\n<hr>\n<p><strong><span style=\"color: #800000;\">Po\u0159ad\u00ed OBCE<\/span><\/strong><\/p>\n<p><strong><span style=\"color: #808080;\">&nbsp;&#8211; chlpaci 7-8 let &#8211; 2. m\u00edsto Jakub Sou\u010dek, <span style=\"color: #993300;\">3. mn\u00edsto Vojt\u011bch Kalandra<\/span><\/span><\/strong><\/p>\n<p><strong><span style=\"color: #993300;\">&nbsp;&#8211; chlpaci 13-14 let &#8211; 3. m\u00edsto Samuel Chl\u00e1dek<\/span><\/strong><\/p>\n<p>tak\u017ee: 1x st\u0159\u00edbro, 2x bronz<\/p>\n<p>celkem zat\u00edm: 1x st\u0159\u00edbro, 3x bronz<\/p>\n<hr>\n<ul>\n<li><strong><a href=\"https:\/\/www.rajce.idnes.cz\/moravecteam\/album\/2024-06-16-mtb-pdv-nove-mesto-na-morave\">Fotogalerie z Nov\u00e9ho M\u011bsta na Morav\u011b<\/a><\/strong><\/li>\n<li><strong><a href=\"https:\/\/www.pohardrahanskevrchoviny.cz\/rizna-vysocina-arena\/\">Podrobn\u00e1 report\u00e1\u017e<\/a><\/strong><\/li>\n<\/ul>\n<hr>\n\n\n<p><\/p>\n\n\n<h3><em><span style=\"color: #800000;\"><a href=\"https:\/\/obecbenesov.cz\/\">Bene\u0161ov<\/a> 29.06. 2024<\/span><\/em><\/h3>\n<p style=\"text-align: justify;\">Nejv\u00fd\u0161e polo\u017een\u00e9 trat\u011b v r\u00e1mci cel\u00e9ho seri\u00e1lu, situovan\u00e9 pobl\u00ed\u017e kopce &#8222;Horka&#8220; s nadmo\u0159skou v\u00fd\u0161kou 720 m.n.m. Bohu\u017eel na nich nez\u00fastal po k\u016frpvcov\u00e9 kalamit\u011b &#8222;k\u00e1men na kameni&#8220;&#8230; Po\u010das\u00ed op\u011bt tak\u0159ka ide\u00e1ln\u00ed, slune\u010dno, teplo. P\u0159ed pr\u00e1zdninovou p\u0159est\u00e1vkou i slu\u0161n\u00e1 \u00fa\u010dast: 143 z\u00e1vodn\u00edk\u016f. MORAVC\u016eM se op\u011bt da\u0159ilo: brali celkem 7 medail\u00ed!<\/p>\n<p><strong><span style=\"color: #800000;\">Na\u0161e medailov\u00e9 radosti:<\/span><\/strong><\/p>\n<p><strong><span style=\"color: #800000;\">Po\u0159ad\u00ed OPEN<\/span><\/strong><\/p>\n<p><span style=\"color: #808080;\"><strong>&nbsp;&#8211; chlapci-odr\u00e1\u017eedla &#8211; 2. m\u00edsto Honza Hlubinka<\/strong><\/span><\/p>\n<p><strong>&nbsp;&#8211; <span style=\"color: #993300;\">d\u00edvky 11-12 let &#8211; 3. m\u00edsto Barbora Tesa\u0159ov\u00e1<\/span><\/strong><\/p>\n<p><strong><span style=\"color: #993300;\">&nbsp;&#8211; juniorky\/kadetky &#8211; 3. m\u00edsto Jolana Tesa\u0159ov\u00e1<\/span><\/strong><\/p>\n<p><strong><span style=\"color: #993300;\">&nbsp;&#8211; mu\u017ei Masters II &#8211; 3. m\u00edsto Jan Maty\u00e1\u0161<\/span><\/strong><\/p>\n<p>tak\u017ee: 1x st\u0159\u00edbro, 3x bronz<\/p>\n<p>celkem zat\u00edm: 2x zlato, 3x st\u0159\u00edbro, 5x bronz<\/p>\n<hr>\n<p><strong><span style=\"color: #800000;\">Po\u0159ad\u00ed OBCE<\/span><\/strong><\/p>\n<p><strong><span style=\"color: #808080;\">&#8211; chlapci 7-8 let &#8211; 2. m\u00edsto Vojt\u011bch Kalandra<\/span><\/strong><\/p>\n<p><strong><span style=\"color: #ff6600;\">&#8211; d\u00edvky 9-10 let &#8211; 1. m\u00edsto Kl\u00e1ra \u0160teflov\u00e1<\/span><\/strong><\/p>\n<p><strong><span style=\"color: #993300;\">&#8211; chlapci 13-14 let &#8211; 3. m\u00edsto Samuel Chl\u00e1dek<\/span><\/strong><\/p>\n<p>tak\u017ee: 1x zlato, 1x st\u0159\u00edbro, 1x bronz<\/p>\n<p>celkem zat\u00edm: 1x zlato, 2x st\u0159\u00edbro, 4x bronz<\/p>\n<hr>\n<ul>\n<li><strong><a href=\"https:\/\/www.rajce.idnes.cz\/moravecteam\/album\/2024-06-29-mtb-pdv-benesov\">Fotogalerie \u010d. 1<\/a><\/strong><\/li>\n<li><strong><a href=\"https:\/\/www.rajce.idnes.cz\/moravecteam\/album\/2024-06-29-mtb-pdv-benesov-2\">Fotogalerie \u010d. 2<\/a><\/strong><\/li>\n<li><strong><a href=\"https:\/\/www.rajce.idnes.cz\/moravecteam\/album\/2024-06-29-mtb-pdv-benesov-3\">Fotogalerie \u010d. 3<\/a><\/strong><\/li>\n<li><strong><a href=\"https:\/\/www.rajce.idnes.cz\/moravecteam\/album\/2024-06-29-mtb-pdv-benesov-4\">Fotogalerie \u010d. 4<\/a><\/strong><\/li>\n<li><strong><a href=\"https:\/\/www.pohardrahanskevrchoviny.cz\/holub-vsem-uletel\/\">Podrobn\u00e1 report\u00e1\u017e<\/a><\/strong><\/li>\n<\/ul>\n<hr>\n<h3><em><span style=\"color: #800000;\"><a href=\"https:\/\/www.boskovice.cz\/\">Boskovice<\/a> 17.08. 2024<\/span><\/em><\/h3>\n<p style=\"text-align: justify;\">Tentokr\u00e1t jsme -co se t\u00fd\u010de po\u010das\u00ed &#8211; v neklid\u016f, ale v\u0161e dob\u0159e dopadlo: pr\u0161et za\u010dalo, a\u017e jsme &#8222;balili kr\u00e1m&#8220;&#8230; Slu\u0161n\u00e1 \u00fa\u010dast 154 z\u00e1vodn\u00edk\u016f, mezi nimi i \u010derstv\u00e1 juniorsk\u00e1 Mistryn\u011b \u010cR z Harrachova &#8211; <strong><span style=\"color: #800000;\">Am\u00e1lka Gottwaldov\u00e1<\/span><\/strong> (CP Team). V elitn\u00edkategorii mu\u017e\u016f par\u00e1dn\u00ed souboj o zlato mezi <span style=\"color: #800000;\"><strong>Petrem \u0160ichem<\/strong><\/span> (Superior Riders) a <strong><span style=\"color: #800000;\">Romanem \u0160indel\u00e1\u0159em<\/span><\/strong> (HEAD Pro Team). My se radujeme (nejen) z v\u00edt\u011bzstv\u00ed <strong><span style=\"color: #800000;\">Honzy Maty\u00e1\u0161e<\/span><\/strong> mezi &#8222;Mastry dvojka\u0159i&#8220;!<\/p>\n<hr>\n<p><strong><span style=\"color: #800000;\">Na\u0161e medailov\u00e9 radosti:<\/span><\/strong><\/p>\n<p><strong><span style=\"color: #800000;\">Po\u0159ad\u00ed OPEN<\/span><\/strong><\/p>\n<p><strong><span style=\"color: #993300;\">&#8211; juniorky\/kadetky &#8211; 3. m\u00edsto Jolana Tesa\u0159ov\u00e1<\/span><\/strong><\/p>\n<p><strong><span style=\"color: #ff6600;\">&#8211; mu\u017ei Masters II &#8211; 1. m\u00edsto Jan Maty\u00e1\u0161<\/span><\/strong><\/p>\n<p>tak\u017ee: 1x zlato, 1x bronz<\/p>\n<p>celkem zat\u00edm: 3x zlato, 3x st\u0159\u00edbro, 6x bronz<\/p>\n<hr>\n<p><strong><span style=\"color: #800000;\">Po\u0159ad\u00ed OBCE<\/span><\/strong><\/p>\n<p><strong><span style=\"color: #993300;\">&#8211; chlapci 7-8 let &#8211; <span style=\"color: #808080;\">Jakub Sou\u010dek 2. m\u00edsto<\/span>, Vojt\u011bch Kalandra 3. m\u00edsto<\/span><\/strong><\/p>\n<p>tak\u017ee: 1x st\u0159\u00edbro, 1x bronz<\/p>\n<p>celkem zat\u00edm: 1x zlato, 3x st\u0159\u00edbro, 5x bronz<\/p>\n<hr>\n<ul>\n<li><strong><a href=\"https:\/\/www.rajce.idnes.cz\/moravecteam\/album\/2024-08-17-mtb-pdv-boskovice-3\">Fotogalerie z Boskovic<\/a><\/strong><\/li>\n<li><strong><a href=\"https:\/\/www.pohardrahanskevrchoviny.cz\/vysla-prvni-hvezdicka\/\">Podrobn\u00e1 report\u00e1\u017e<\/a><\/strong><\/li>\n<\/ul>\n<hr>\n<h3><em><span style=\"color: #800000;\"><a href=\"https:\/\/www.velenov.cz\/\">Velenov<\/a> 31.08. 2024<\/span><\/em><\/h3>\n<p style=\"text-align: justify;\">Na startu mu\u017e\u016f ELITE se objevil Honza &#8222;D\u017eobr&#8220; Job\u00e1nek a v\u0161em p\u0159edvedl, \u017ee je po\u0159\u00e1d &#8222;PAN&#8220; biker&#8230; Jelo se poprv\u00e9 v\u00fdhradn\u011b mimo lesa po louk\u00e1ch a pastvin\u00e1ch a nebylo to v\u016fbec \u0161patn\u00e9: p\u0159ev\u00fd\u0161en\u00ed d\u00e1valo rajdr\u016fm zabrat a taky horko: op\u0161t se jelo za kr\u00e1sn\u00e9ho, letn\u00edho po\u010das\u00ed. \u00da\u010dast pr\u016fm\u011brn\u00e1, 123 z\u00e1vodn\u00edk\u016f, chyb\u011bli i n\u011bkte\u0159\u00ed na\u0161i obvykl\u00ed reprezentanti&#8230;<\/p>\n<p><strong><span style=\"color: #800000;\">Na\u0161e medailov\u00e9 radosti:<\/span><\/strong><\/p>\n<p><strong><span style=\"color: #800000;\">Po\u0159ad\u00ed OPEN<\/span><\/strong><\/p>\n<p><strong><span style=\"color: #993300;\">&#8211; juniorky\/kadetky &#8211; 3. m\u00edsto Jolana Tesa\u0159ov\u00e1<\/span><\/strong><\/p>\n<p><span style=\"color: #808080;\"><strong>&#8211; mu\u017ei Masters II &#8211; 2. m\u00edsto Jan Maty\u00e1\u0161<\/strong><\/span><\/p>\n<p>tak\u017ee: 1x st\u0159\u00edbro, 1x bronz<\/p>\n<p>celkem zat\u00edm: 3x zlato, 4x st\u0159\u00edbro, 6x bronz<\/p>\n<hr>\n<p><strong><span style=\"color: #800000;\">Po\u0159ad\u00ed OBCE<\/span><\/strong><\/p>\n<p>\u017d\u00e1dn\u00e1 medaile, n\u011bkte\u0159\u00ed na\u0161i ve Velenov\u011b nestartovali.<\/p>\n<p>celkem tedy zat\u00edm: 1x zlato, 3x st\u0159\u00edbro, 5x bronz<\/p>\n<hr>\n<ul>\n<li><strong><a href=\"https:\/\/www.rajce.idnes.cz\/moravecteam\/album\/2024-08-31-mtb-pdv-velenov\">Fotogalerie z Velenova<\/a><\/strong><\/li>\n<li><strong><a href=\"https:\/\/www.pohardrahanskevrchoviny.cz\/prvni-dva\/\">Podrobn\u00e1 report\u00e1\u017e<\/a><\/strong><\/li>\n<\/ul>\n<hr>\n\n\n<p><\/p>\n\n\n<h3><span style=\"color: #800000;\"><em><a href=\"https:\/\/www.blansko.cz\/\">Blansko<\/a> 29.09. 2024 -fin\u00e1le<\/em><\/span><\/h3>\n<p style=\"text-align: justify;\">Fini\u0161 23. &#8222;Vrchoviny&#8220; byl v ohro\u017een\u00ed! Z\u00e1plavy, kter\u00e9 postihly v polovin\u011b z\u00e1\u0159\u00ed p\u0159ev\u00fd\u017enou \u010d\u00e1st \u00fazem\u00ed Moravy, odsunuly z\u00e1vod o 15 dn\u016f oproti p\u016fvodn\u00edmu term\u00edmu, a\u017e na ned\u011bli, 29. z\u00e1\u0159\u00ed&#8230; Za slune\u010dn\u00e9ho, ale u\u017e p\u0159ece jen chladn\u011bj\u0161\u00edho po\u010das\u00ed, na Palav\u011b odz\u00e1vodilo 156 rajdr\u016f, kte\u0159\u00ed tak napsali definitivn\u00ed te\u010dku za leto\u0161n\u00ed s\u00e9ri\u00ed. Konec dobr\u00fd, v\u0161echno dobr\u00e9: MORAVEC Team, pravda, u\u017e &#8222;ner\u00fd\u017euje zlato&#8220;, jak tomu v minulosti b\u00fdvalo, ale nov\u00e1, mlad\u00e1 krev si vede v souboj\u00edch s t\u011b\u017ekou konkurenc\u00ed docela sympaticky! Jen tak d\u00e1l.<\/p>\n<p style=\"text-align: justify;\"><span style=\"color: #800000;\"><strong>Na\u0161e medailov\u00e9 radosti<\/strong><\/span>:<\/p>\n<p><strong><span style=\"color: #800000;\">Po\u0159ad\u00ed OPEN<\/span><\/strong><\/p>\n<p><span style=\"color: #808080;\"><strong>&#8211; chlapci-odr\u00e1\u017eedla &#8211; 2. m\u00edsto Honza Hlubinka<\/strong><\/span><\/p>\n<p><span style=\"color: #800000;\"><strong>&#8211; mu\u017ei Masters II &#8211; 3. m\u00edsto Jan Maty\u00e1\u0161<\/strong><\/span><\/p>\n<p>Tak\u017ee: 1x st\u0159\u00edbro, 1x bronz<\/p>\n<p>Celkem: 3x zlato, 5x st\u0159\u00edbro, 7x bronz<\/p>\n<hr>\n<p><strong><span style=\"color: #800000;\">Po\u0159ad\u00ed OBCE<\/span><\/strong><\/p>\n\n\n<p>\u017d\u00e1dn\u00e1 medaile, n\u011bkte\u0159\u00ed na\u0161i ani v Blansku nestartovali.<\/p>\n\n\n\n<p>Celkem: 1x zlato, 3x st\u0159\u00edbro, 5x bronz<\/p>\n\n\n<hr>\n<ul>\n<li><strong><a href=\"https:\/\/www.rajce.idnes.cz\/moravecteam\/album\/2024-09-29-mtb-pdv-blansko\">Fotogalerie \u010d.1<\/a><\/strong><\/li>\n<li><strong><a href=\"https:\/\/www.rajce.idnes.cz\/moravecteam\/album\/2024-09-29-mtb-pdv-blansko-2\">Fotogalerie \u010d.2<\/a><\/strong><\/li>\n<li><strong><a href=\"https:\/\/www.pohardrahanskevrchoviny.cz\/je-hotovo\/\">Podrobn\u00e1 report\u00e1\u017e<\/a><\/strong><\/li>\n<\/ul>\n<hr>\n\n\n<p><\/p>\n\n\n<h3><em><span style=\"color: #800000;\"><a href=\"https:\/\/zdarna.eu\/\">\u017d\u010f\u00e1rn\u00e1<\/a> &#8211; slavnostn\u00ed Ve\u010der v\u00edt\u011bz\u016f 01.11. 2024<\/span><\/em><\/h3>\n<p style=\"text-align: justify;\">I letos je fin\u00e1ln\u00ed akce pln\u011b v re\u017eii MORAVEC Teamu a ve spolupr\u00e1ci s ji\u017e tradi\u010dn\u00edm poskytovatelem z\u00e1zem\u00ed, obc\u00ed <a href=\"https:\/\/www.rajce.idnes.cz\/moravecteam\/album\/2024-11-01-vecer-vitezu-mtb-poharu-drahanske-vrchoviny\">\u017d\u010f\u00e1rnou v \u010dele se starostou Honzou Han\u00e1kem, se op\u011bt, i letos,\u00a0 jedn\u00e1 o dost dob\u0159e vyda\u0159enou akci!<\/a><\/p>\n<ul>\n<li><strong><a href=\"https:\/\/www.rajce.idnes.cz\/moravecteam\/album\/2024-11-01-vecer-vitezu-mtb-poharu-drahanske-vrchoviny\">Fotogalerie \u010d. 1<\/a><\/strong><\/li>\n<li><strong><a href=\"https:\/\/www.rajce.idnes.cz\/moravecteam\/album\/2024-11-01-vecer-vitezu-mtb-poharu-drahanske-vrchoviny-2\">Fotogalerie \u010d. 2<\/a><\/strong><\/li>\n<li><strong><a href=\"https:\/\/www.pohardrahanskevrchoviny.cz\/hotovo-tecka\/\">Podrobn\u00e1 report\u00e1\u017e<\/a><\/strong><\/li>\n<\/ul>\n<figure id=\"attachment_16352\" aria-describedby=\"caption-attachment-16352\" style=\"width: 1200px\" class=\"wp-caption alignnone\"><a href=\"https:\/\/www.moravecteam.cz\/?attachment_id=16352\" rel=\"attachment wp-att-16352\"><img decoding=\"async\" loading=\"lazy\" class=\"wp-image-16352 size-full\" src=\"http:\/\/www.moravecteam.cz\/wp-content\/uploads\/2023\/09\/1730653354342-1.jpg\" alt=\"\" width=\"1200\" height=\"797\" srcset=\"https:\/\/www.moravecteam.cz\/wp-content\/uploads\/2023\/09\/1730653354342-1.jpg 1200w, https:\/\/www.moravecteam.cz\/wp-content\/uploads\/2023\/09\/1730653354342-1-300x199.jpg 300w, https:\/\/www.moravecteam.cz\/wp-content\/uploads\/2023\/09\/1730653354342-1-1024x680.jpg 1024w, https:\/\/www.moravecteam.cz\/wp-content\/uploads\/2023\/09\/1730653354342-1-768x510.jpg 768w\" sizes=\"(max-width: 1200px) 100vw, 1200px\" \/><\/a><figcaption id=\"caption-attachment-16352\" class=\"wp-caption-text\">Na\u0161e st\u0159\u00edbrn\u00e1 \u0161tafetov\u00e1 radost!<\/figcaption><\/figure>","protected":false},"excerpt":{"rendered":"<p>\u201eVrchovina\u201c 2024 (23. ro\u010dn\u00edk) \u010d\u00edtala tentokr\u00e1t 7 z\u00e1vod\u016f a MORAVEC Team ani tentokr\u00e1t nemohl v t\u00e9to sout\u011b\u017ei chyb\u011bt! Jeden\u00e1ct d\u011bt\u00ed a jeden dosp\u011bl\u00fd, tj. celkem 12 rajdr\u016f, n\u00e1s reprezentovalo v rovn\u00e9 polovin\u011b z tradi\u010dn\u00edch 18-ti kategori\u00ed. By\u0165 se z\u00e1vodnicky nejednalo o po\u010detnou kvantitu, v po\u0159ad\u00ed OPEN se v celkov\u00e9m po\u0159ad\u00ed poda\u0159ilo na\u0161im vyv\u00e1l\u010dit jeden zlat\u00fd &hellip; <a href=\"https:\/\/www.moravecteam.cz\/?p=15809\" class=\"more-link\">Pokra\u010dov\u00e1n\u00ed textu <span class=\"screen-reader-text\">MTB &#8222;Vrchovina&#8220; 2024<\/span> <span class=\"meta-nav\">&rarr;<\/span><\/a><\/p>\n","protected":false},"author":3,"featured_media":16283,"comment_status":"open","ping_status":"closed","sticky":false,"template":"","format":"standard","meta":[],"categories":[1],"tags":[],"_links":{"self":[{"href":"https:\/\/www.moravecteam.cz\/index.php?rest_route=\/wp\/v2\/posts\/15809"}],"collection":[{"href":"https:\/\/www.moravecteam.cz\/index.php?rest_route=\/wp\/v2\/posts"}],"about":[{"href":"https:\/\/www.moravecteam.cz\/index.php?rest_route=\/wp\/v2\/types\/post"}],"author":[{"embeddable":true,"href":"https:\/\/www.moravecteam.cz\/index.php?rest_route=\/wp\/v2\/users\/3"}],"replies":[{"embeddable":true,"href":"https:\/\/www.moravecteam.cz\/index.php?rest_route=%2Fwp%2Fv2%2Fcomments&post=15809"}],"version-history":[{"count":59,"href":"https:\/\/www.moravecteam.cz\/index.php?rest_route=\/wp\/v2\/posts\/15809\/revisions"}],"predecessor-version":[{"id":16354,"href":"https:\/\/www.moravecteam.cz\/index.php?rest_route=\/wp\/v2\/posts\/15809\/revisions\/16354"}],"wp:featuredmedia":[{"embeddable":true,"href":"https:\/\/www.moravecteam.cz\/index.php?rest_route=\/wp\/v2\/media\/16283"}],"wp:attachment":[{"href":"https:\/\/www.moravecteam.cz\/index.php?rest_route=%2Fwp%2Fv2%2Fmedia&parent=15809"}],"wp:term":[{"taxonomy":"category","embeddable":true,"href":"https:\/\/www.moravecteam.cz\/index.php?rest_route=%2Fwp%2Fv2%2Fcategories&post=15809"},{"taxonomy":"post_tag","embeddable":true,"href":"https:\/\/www.moravecteam.cz\/index.php?rest_route=%2Fwp%2Fv2%2Ftags&post=15809"}],"curies":[{"name":"wp","href":"https:\/\/api.w.org\/{rel}","templated":true}]}}