{"id":15919,"date":"2025-06-10T09:38:56","date_gmt":"2025-06-10T07:38:56","guid":{"rendered":"https:\/\/www.moravecteam.cz\/?p=15919"},"modified":"2025-08-20T12:31:06","modified_gmt":"2025-08-20T10:31:06","slug":"stribro-z-nizkovic","status":"publish","type":"post","link":"https:\/\/www.moravecteam.cz\/?p=15919","title":{"rendered":"St\u0159\u00edbro z N\u00ed\u017ekovic!"},"content":{"rendered":"<p style=\"text-align: justify;\"><strong><span style=\"color: #800000;\">Na\u0161e sou\u010dasn\u00e1 TOP bikerka, \u0161estn\u00e1ctilet\u00e1 Jolana Tesa\u0159ov\u00e1 zah\u00e1jila cestu za obhajobou zlat\u00e9ho Poh\u00e1ru Drahansk\u00e9 vrchoviny par\u00e1dn\u011b! Na leto\u0161n\u00ed &#8222;Vrchovinov\u00e9&#8220; premi\u00e9\u0159e v N\u00ed\u017ekovic\u00edch brala st\u0159\u00edbrnou medaili, kdy\u017e nesta\u010dila pouze na nejv\u011bt\u0161\u00ed favoritku z\u00e1vodu, Lucii Gottwaldvou (CP Team). Bravo MORAVEC!<\/span><\/strong><\/p>\n<p style=\"text-align: justify;\">T\u0159i &#8222;mu\u0161ket\u00fd\u0159i&#8220; v barv\u00e1ch MORAVEC Teamu zas\u00e1hlo do boj\u016f v \u00favodn\u00edm z\u00e1vod\u011b. Resp. dv\u011b &#8222;mu\u0161ket\u00fdrky&#8220; a jeden &#8222;mu\u0161ket\u00fdr&#8220;. Zat\u00edm, co o <strong><span style=\"color: #800000;\">Jolan\u011b Tesa\u0159ov\u00e9<\/span><\/strong> se d\u00e1 hovo\u0159it u\u017e jako o zku\u0161en\u00e9 &#8222;juniorce\/kadetce&#8220;, pro<strong><span style=\"color: #800000;\"> Barboru Tesa\u0159ovou<\/span><\/strong> a <strong><span style=\"color: #800000;\">Sama Chl\u00e1dka<\/span><\/strong> byly jejich sobotn\u00ed starty premi\u00e9rov\u00fdmi v jejich nov\u00fdch, u\u017e vy\u0161\u0161\u00edch kategori\u00edch. Bar\u010da je u\u017e letos star\u0161\u00ed \u017e\u00e1kyn\u011b, Sam pro zm\u011bnu, junior\/kadet. No a na poprv\u00e9 si oba vedli v\u00fdte\u010dn\u011b! Bar\u010da &#8211; 6. m\u00edsto, Sam &#8211; 4. m\u00edsto! Je\u0161t\u011b jednou: <strong><span style=\"color: #800000;\">Bravo MORAVEC!<\/span><\/strong> Skute\u010dn\u011b par\u00e1dn\u011b pro n\u00e1s odstartovan\u00e1 leto\u0161n\u00ed MTB &#8222;Vrchovina&#8220;! A podle slov tren\u00e9ra <strong><span style=\"color: #800000;\">Jirky Tesa\u0159e<\/span><\/strong> to vypad\u00e1, \u017ee pr\u00e1v\u011b tito t\u0159i rajd\u0159i budou letos na &#8222;Vrchovin\u011b&#8220; na\u0161imi pravideln\u00fdmi reprezentanty a kl\u00ed\u010dov\u00fdmi oporami. Chyb\u011bt bude letos, bohu\u017eel, <strong><span style=\"color: #800000;\">Honza Maty\u00e1\u0161<\/span><\/strong>, loni celkov\u011b druh\u00fd v siln\u00e9 kategorii Masters II. Honza bude\u00a0 po v\u011bt\u0161inu roku pracovn\u011b v zahrani\u010d\u00ed. A bude chyb\u011bt nejen jako skv\u011bl\u00fd rajdr, ale i jako nem\u00e9n\u011b dobr\u00fd tren\u00e9r a pomocn\u00edk p\u0159i p\u0159\u00edprav\u011b a organizaci z\u00e1vod\u016f a akc\u00ed pod hlavi\u010dkou <strong><span style=\"color: #800000;\">MORAVEC Teamu<\/span><\/strong>&#8230;<\/p>\n<figure id=\"attachment_16048\" aria-describedby=\"caption-attachment-16048\" style=\"width: 1536px\" class=\"wp-caption alignnone\"><a href=\"https:\/\/www.moravecteam.cz\/?attachment_id=16048\" rel=\"attachment wp-att-16048\"><img decoding=\"async\" loading=\"lazy\" class=\"wp-image-16048 size-full\" src=\"http:\/\/www.moravecteam.cz\/wp-content\/uploads\/2025\/07\/1747553471542.jpg\" alt=\"\" width=\"1536\" height=\"1078\" srcset=\"https:\/\/www.moravecteam.cz\/wp-content\/uploads\/2025\/07\/1747553471542.jpg 1536w, https:\/\/www.moravecteam.cz\/wp-content\/uploads\/2025\/07\/1747553471542-300x211.jpg 300w, https:\/\/www.moravecteam.cz\/wp-content\/uploads\/2025\/07\/1747553471542-1024x719.jpg 1024w, https:\/\/www.moravecteam.cz\/wp-content\/uploads\/2025\/07\/1747553471542-768x539.jpg 768w\" sizes=\"(max-width: 1536px) 100vw, 1536px\" \/><\/a><figcaption id=\"caption-attachment-16048\" class=\"wp-caption-text\"><strong><span style=\"color: #800000;\"><em>Jolana Tesa\u0159ov\u00e1 vybojovala (vlevo) vybojovala v N\u00ed\u017ekovic\u00edch cenn\u00e9 st\u0159\u00edbro!<\/em><\/span><\/strong><\/figcaption><\/figure>\n<p style=\"text-align: justify;\">Ale je\u0161t\u011b zp\u011bt k odpoledn\u00edmu bloku start\u016f, kter\u00fd odstartoval se zpo\u017ed\u011bn\u00edm z d\u016fvodu autogrami\u00e1dy <span style=\"color: #800000;\"><strong>Jaroslava Kulhav\u00e9ho<\/strong><\/span> a <strong><span style=\"color: #800000;\">Pavla Boudn\u00e9ho<\/span><\/strong>, dvou MTB Veli\u010din, kter\u00fdmi byl N\u00ed\u017ekovick\u00fd z\u00e1vod par\u00e1dn\u011b ozdoben. Do c\u00edlov\u00e9 rovinky sv\u00fdch z\u00e1vod\u016f p\u0159ijeli <span style=\"color: #800000;\"><strong>Jolana Tesa\u0159ov\u00e1<\/strong><\/span> (jela 3 kola) a <strong><span style=\"color: #800000;\">Jaroslav Kulhav\u00fd<\/span><\/strong> (ten odkrou\u017eil na trati o kolo v\u00edc) t\u00e9m\u011b\u0159 sou\u010dasn\u011b: resp. <strong><span style=\"color: #800000;\">Jolana Tesa\u0159ov\u00e1<\/span><\/strong> byla; v c\u00edli symbolicky o p\u00e1r metr\u016f d\u0159\u00edve, ne\u017e olympijsk\u00fd v\u00edt\u011bz!<\/p>\n<p><strong><span style=\"color: #800000;\">Na\u0161e v\u00fdsledky z prvn\u00ed &#8222;Vrchoviny&#8220; jsou tedy tyto:<\/span><\/strong><\/p>\n<ul>\n<li>star\u0161\u00ed \u017e\u00e1kyn\u011b &#8211; <strong><span style=\"color: #800000;\">Barbora Tesa\u0159ov\u00e1<\/span><\/strong> &#8211; 6. m\u00edsto<\/li>\n<li>juniorky \/ kadetky &#8211;<span style=\"color: #808080;\"><strong> Jolana Tesa\u0159ov\u00e1 &#8211; 2. m\u00edsto<\/strong><\/span><\/li>\n<li>junio\u0159i \/ kadeti &#8211; <strong><span style=\"color: #800000;\">Samuel Chl\u00e1dek<\/span><\/strong> &#8211; 4. m\u00edsto<\/li>\n<\/ul>\n<p style=\"text-align: justify;\">Mrkn\u011bte na <strong><a href=\"https:\/\/vysledky.pohardrahanskevrchoviny.cz\/2025\/?page=vysledky#google_vignette\">kompletn\u00ed v\u00fdsledkov\u00fd servis<\/a><\/strong> a taky na <strong><a href=\"https:\/\/www.pohardrahanskevrchoviny.cz\/bombardaci-nizkovicich\/\">ofici\u00e1ln\u00ed report\u00e1\u017e z N\u00ed\u017ekovic <\/a><\/strong>(v\u010detn\u011b t\u0159\u00ed par\u00e1dn\u00edch fotogaleri\u00ed), odd\u00edlov\u00e9 fotky jsou zde:<\/p>\n<ul>\n<li><strong><a href=\"https:\/\/www.rajce.idnes.cz\/moravecteam\/album\/2025-05-17-mtb-pdv-nizkovice\">Fotogalerie N\u00ed\u017ekovice<\/a><\/strong><\/li>\n<\/ul>\n<ul>\n<li style=\"list-style-type: none;\">\n<ul>\n<li style=\"list-style-type: none;\">\u00a0<\/li>\n<\/ul>\n<\/li>\n<\/ul>\n\n\n<p><\/p>\n","protected":false},"excerpt":{"rendered":"<p>Na\u0161e sou\u010dasn\u00e1 TOP bikerka, \u0161estn\u00e1ctilet\u00e1 Jolana Tesa\u0159ov\u00e1 zah\u00e1jila cestu za obhajobou zlat\u00e9ho Poh\u00e1ru Drahansk\u00e9 vrchoviny par\u00e1dn\u011b! Na leto\u0161n\u00ed &#8222;Vrchovinov\u00e9&#8220; premi\u00e9\u0159e v N\u00ed\u017ekovic\u00edch brala st\u0159\u00edbrnou medaili, kdy\u017e nesta\u010dila pouze na nejv\u011bt\u0161\u00ed favoritku z\u00e1vodu, Lucii Gottwaldvou (CP Team). Bravo MORAVEC! T\u0159i &#8222;mu\u0161ket\u00fd\u0159i&#8220; v barv\u00e1ch MORAVEC Teamu zas\u00e1hlo do boj\u016f v \u00favodn\u00edm z\u00e1vod\u011b. Resp. dv\u011b &#8222;mu\u0161ket\u00fdrky&#8220; a jeden &hellip; <a href=\"https:\/\/www.moravecteam.cz\/?p=15919\" class=\"more-link\">Pokra\u010dov\u00e1n\u00ed textu <span class=\"screen-reader-text\">St\u0159\u00edbro z N\u00ed\u017ekovic!<\/span> <span class=\"meta-nav\">&rarr;<\/span><\/a><\/p>\n","protected":false},"author":3,"featured_media":16049,"comment_status":"open","ping_status":"closed","sticky":false,"template":"","format":"standard","meta":[],"categories":[1],"tags":[],"_links":{"self":[{"href":"https:\/\/www.moravecteam.cz\/index.php?rest_route=\/wp\/v2\/posts\/15919"}],"collection":[{"href":"https:\/\/www.moravecteam.cz\/index.php?rest_route=\/wp\/v2\/posts"}],"about":[{"href":"https:\/\/www.moravecteam.cz\/index.php?rest_route=\/wp\/v2\/types\/post"}],"author":[{"embeddable":true,"href":"https:\/\/www.moravecteam.cz\/index.php?rest_route=\/wp\/v2\/users\/3"}],"replies":[{"embeddable":true,"href":"https:\/\/www.moravecteam.cz\/index.php?rest_route=%2Fwp%2Fv2%2Fcomments&post=15919"}],"version-history":[{"count":39,"href":"https:\/\/www.moravecteam.cz\/index.php?rest_route=\/wp\/v2\/posts\/15919\/revisions"}],"predecessor-version":[{"id":16479,"href":"https:\/\/www.moravecteam.cz\/index.php?rest_route=\/wp\/v2\/posts\/15919\/revisions\/16479"}],"wp:featuredmedia":[{"embeddable":true,"href":"https:\/\/www.moravecteam.cz\/index.php?rest_route=\/wp\/v2\/media\/16049"}],"wp:attachment":[{"href":"https:\/\/www.moravecteam.cz\/index.php?rest_route=%2Fwp%2Fv2%2Fmedia&parent=15919"}],"wp:term":[{"taxonomy":"category","embeddable":true,"href":"https:\/\/www.moravecteam.cz\/index.php?rest_route=%2Fwp%2Fv2%2Fcategories&post=15919"},{"taxonomy":"post_tag","embeddable":true,"href":"https:\/\/www.moravecteam.cz\/index.php?rest_route=%2Fwp%2Fv2%2Ftags&post=15919"}],"curies":[{"name":"wp","href":"https:\/\/api.w.org\/{rel}","templated":true}]}}