{"id":15969,"date":"2023-06-08T12:27:24","date_gmt":"2023-06-08T10:27:24","guid":{"rendered":"https:\/\/www.moravecteam.cz\/?p=15969"},"modified":"2025-07-16T12:31:41","modified_gmt":"2025-07-16T10:31:41","slug":"vecer-vitezu-2023","status":"publish","type":"post","link":"https:\/\/www.moravecteam.cz\/?p=15969","title":{"rendered":"Ve\u010der v\u00edt\u011bz\u016f 2023"},"content":{"rendered":"<p style=\"text-align: justify;\"><strong><span style=\"color: #800000;\">Poprv\u00e9, co je Ve\u010der v\u00edt\u011bz\u016f po\u0159\u00e1d\u00e1n, &#8222;m\u011bn\u00edme lok\u00e1l&#8220;. Po letech dekorov\u00e1n\u00ed nejlep\u0161\u00edch v KD Such\u00fd se p\u0159esouv\u00e1me asi o 1,5 km ji\u017en\u011bji, do sousedn\u00ed obce \u017d\u010f\u00e1rn\u00e1, kter\u00e1 m\u00e1 &#8222;kultur\u00e1k&#8220; po rekonstrukci, a proto\u017ee m\u00edstn\u00ed \u0161ikovn\u00fd starosta Honza Han\u00e1k n\u00e1m p\u0159edlo\u017eil solidn\u00ed nab\u00eddku u\u017e po n\u011bkolik\u00e1t\u00e9, d\u00e1v\u00e1me se tentokr\u00e1t zl\u00e1kat a jdeme do zm\u011bny.<\/span><\/strong><\/p>\n<figure id=\"attachment_16204\" aria-describedby=\"caption-attachment-16204\" style=\"width: 2000px\" class=\"wp-caption alignnone\"><a href=\"https:\/\/www.moravecteam.cz\/?attachment_id=16204\" rel=\"attachment wp-att-16204\"><img decoding=\"async\" loading=\"lazy\" class=\"wp-image-16204 size-full\" src=\"http:\/\/www.moravecteam.cz\/wp-content\/uploads\/2025\/07\/PB030805.jpg\" alt=\"\" width=\"2000\" height=\"1331\" srcset=\"https:\/\/www.moravecteam.cz\/wp-content\/uploads\/2025\/07\/PB030805.jpg 2000w, https:\/\/www.moravecteam.cz\/wp-content\/uploads\/2025\/07\/PB030805-300x200.jpg 300w, https:\/\/www.moravecteam.cz\/wp-content\/uploads\/2025\/07\/PB030805-1024x681.jpg 1024w, https:\/\/www.moravecteam.cz\/wp-content\/uploads\/2025\/07\/PB030805-768x511.jpg 768w, https:\/\/www.moravecteam.cz\/wp-content\/uploads\/2025\/07\/PB030805-1536x1022.jpg 1536w\" sizes=\"(max-width: 2000px) 100vw, 2000px\" \/><\/a><figcaption id=\"caption-attachment-16204\" class=\"wp-caption-text\">Pokra\u010dovatelka bikov\u00fdch &#8222;klan\u016f&#8220; Hlubinkov\u00fdch (Such\u00fd) a Tlamkov\u00fdch (Okrouhl\u00e1) &#8211; Viktorka Hlubinkov\u00e1 (maminka b\u00fdval\u00e1 v\u00fdte\u010dn\u00e1 bikerka Tereza Hlubinkov\u00e1, tat\u00ednek Jakub Hlubinka &#8211; bratr b\u00fdval\u00e9 v\u00fdte\u010dn\u00e9 bikerky Nikoly Hlubinkov\u00e9) &#8211; vybojovala sv\u016fj prvn\u00ed zlat\u00fd poh\u00e1r!<\/figcaption><\/figure>\n<p style=\"text-align: justify;\">A mysl\u00edm, \u017ee to nen\u00ed \u0161patn\u00e9 \u0159e\u0161en\u00ed. Ob\u010derstven\u00ed je v re\u017eii majitele KD (obec \u017d\u010f\u00e1rn\u00e1), vlastn\u00ed slavnostn\u00ed ve\u010der zase v re\u017eii MORAVEC Teamu. Standardn\u00ed pr\u016fb\u011bh je o\u017eiven atraktivn\u00edmi hrami pro d\u011bti a premi\u00e9rov\u011b tombolou! Do t\u00e9 se n\u00e1m &#8211; d\u00edky sponzor\u016fm &#8211; poda\u0159ilo zajistit hodnotn\u00e9 ceny a nemohl ji losovat nikdo jin\u00fd ne\u017e na\u0161e&nbsp; <span style=\"color: #800000;\"><strong>Maru\u0161ka Zouharov\u00e1<\/strong><\/span>! &#8222;Velk\u00e1&#8220; Eva a &#8222;Mal\u00e1 Evi\u010dka&#8220; se z akce omluvili a tak jsme moc r\u00e1di, \u017ee na akci op\u011bt nechyb\u00ed&nbsp; kamar\u00e1di na\u0161eho <strong><span style=\"color: #800000;\">Vlast\u00edka MORAVC<\/span><\/strong>E z Kohoutovic: &#8222;Mirin&#8220; (<span style=\"color: #800000;\"><strong>Mirek Faksa<\/strong><\/span>), &#8222;Blagin&#8220; (<strong><span style=\"color: #800000;\">Jarda Blaha<\/span><\/strong>) a<strong><span style=\"color: #800000;\"> Va\u0161ek Kurd\u00edk<\/span><\/strong>. A je\u0161t\u011b v\u00edc jsme r\u00e1di, \u017ee v r\u00e1mci odm\u011b\u0148ov\u00e1n\u00ed jsou docela \u010dasto zv\u00e1ni na p\u00f3dium na\u0161i rajd\u0159i! Posu\u010fte sami, poh\u00e1rov\u00e1 sb\u00edrka MORAVEC Teamu nad\u00e1le roste!<\/p>\n<p><strong><span style=\"color: #800000;\">Po\u0159\u00e1d\u00ed OPEN<\/span><\/strong><\/p>\n<ul>\n<li><span style=\"color: #ff6600;\"><strong>Viktorka Hlubinkov\u00e1<\/strong><\/span> (odr\u00e1\u017eedla) &#8211; 1. m\u00edsto a zlat\u00fd poh\u00e1r!<\/li>\n<li><strong><span style=\"color: #ff6600;\">Ella Chlubov\u00e1<\/span><\/strong>&nbsp; (7-8 let) &#8211; 1. m\u00edsto a zlat\u00fd poh\u00e1r!<\/li>\n<li><strong><span style=\"color: #ff6600;\">Just\u00fdna Novotn\u00e1<\/span><\/strong> (13-14 let) &#8211; 1. m\u00edsto a zlat\u00fd poh\u00e1r!<\/li>\n<li><span style=\"color: #993300;\"><strong>Jolana (&#8222;Jolanda&#8220;) Tesa\u0159ov\u00e1<\/strong><\/span> (13-14 let) &#8211; 3. m\u00edsto a bronzov\u00fd poh\u00e1r!<\/li>\n<\/ul>\n<p>Suma sum\u00e1rum: t\u0159i zalt\u00e9 a jeden bronzov\u00fd! <strong><span style=\"color: #800000;\">Bravo MORAVEC!<\/span><\/strong><\/p>\n<p><strong><span style=\"color: #800000;\">Po\u0159ad\u00ed OBCE<\/span><\/strong><\/p>\n<ul>\n<li><strong><span style=\"color: #808080;\">Franta Zachoval <\/span><\/strong><span style=\"color: #808080;\"><span style=\"color: #000000;\">(11-12 let)<\/span><\/span><strong><span style=\"color: #808080;\"> &#8211; <\/span><\/strong><span style=\"color: #808080;\"><span style=\"color: #000000;\">2. m\u00edsto a st\u0159\u00edbrn\u00fd poh\u00e1r!<\/span><\/span><\/li>\n<li><span style=\"color: #808080;\"><strong>Domini Pt\u00e1\u010dn\u00edk (<\/strong><span style=\"color: #000000;\">13-14<\/span><\/span> let) &#8211; 2. m\u00edsto a st\u0159\u00edbrn\u00fd poh\u00e1r!<\/li>\n<li><span style=\"color: #808080;\"><strong>Jolana Tesa\u0159ov\u00e1<\/strong><\/span> (13-14 let) &#8211; 2. m\u00edsto a st\u0159\u00edbrn\u00fd poh\u00e1r!<\/li>\n<\/ul>\n<p>Suma sum\u00e1rum: t\u0159ikr\u00e1t st\u0159\u00edbrn\u00fd poh\u00e1r! <strong><span style=\"color: #800000;\">Bravo MORAVEC!<\/span><\/strong><\/p>\n<p>Suma sum\u00e1rum, sum\u00e1rum: 7 poh\u00e1r\u016f (3-3-1). <strong><span style=\"color: #800000;\">Bravo MORAVEC!<\/span><\/strong><\/p>\n<ul>\n<li><strong><a href=\"https:\/\/www.rajce.idnes.cz\/moravecteam\/album\/2023-11-03-vecer-vitezu-mtb-pdv-2023-zdarna\">fotogalerie \u010d.1<\/a><\/strong><\/li>\n<li><strong><a href=\"https:\/\/www.rajce.idnes.cz\/moravecteam\/album\/2023-11-03-mtb-pdv-vecer-vitezu-zdarna-2\">fotogalerie \u010d.2<\/a><\/strong><\/li>\n<\/ul>\n<p>Zde najdete z akce i <strong><a href=\"https:\/\/www.pohardrahanskevrchoviny.cz\/paradni-zdarna\/\">ofici\u00e1ln\u00ed report.&nbsp;<\/a><\/strong><\/p>\n<p><\/p>\n\n\n<p><\/p>\n","protected":false},"excerpt":{"rendered":"<p>Poprv\u00e9, co je Ve\u010der v\u00edt\u011bz\u016f po\u0159\u00e1d\u00e1n, &#8222;m\u011bn\u00edme lok\u00e1l&#8220;. Po letech dekorov\u00e1n\u00ed nejlep\u0161\u00edch v KD Such\u00fd se p\u0159esouv\u00e1me asi o 1,5 km ji\u017en\u011bji, do sousedn\u00ed obce \u017d\u010f\u00e1rn\u00e1, kter\u00e1 m\u00e1 &#8222;kultur\u00e1k&#8220; po rekonstrukci, a proto\u017ee m\u00edstn\u00ed \u0161ikovn\u00fd starosta Honza Han\u00e1k n\u00e1m p\u0159edlo\u017eil solidn\u00ed nab\u00eddku u\u017e po n\u011bkolik\u00e1t\u00e9, d\u00e1v\u00e1me se tentokr\u00e1t zl\u00e1kat a jdeme do zm\u011bny. A mysl\u00edm, &hellip; <a href=\"https:\/\/www.moravecteam.cz\/?p=15969\" class=\"more-link\">Pokra\u010dov\u00e1n\u00ed textu <span class=\"screen-reader-text\">Ve\u010der v\u00edt\u011bz\u016f 2023<\/span> <span class=\"meta-nav\">&rarr;<\/span><\/a><\/p>\n","protected":false},"author":3,"featured_media":16201,"comment_status":"open","ping_status":"closed","sticky":false,"template":"","format":"standard","meta":[],"categories":[13],"tags":[],"_links":{"self":[{"href":"https:\/\/www.moravecteam.cz\/index.php?rest_route=\/wp\/v2\/posts\/15969"}],"collection":[{"href":"https:\/\/www.moravecteam.cz\/index.php?rest_route=\/wp\/v2\/posts"}],"about":[{"href":"https:\/\/www.moravecteam.cz\/index.php?rest_route=\/wp\/v2\/types\/post"}],"author":[{"embeddable":true,"href":"https:\/\/www.moravecteam.cz\/index.php?rest_route=\/wp\/v2\/users\/3"}],"replies":[{"embeddable":true,"href":"https:\/\/www.moravecteam.cz\/index.php?rest_route=%2Fwp%2Fv2%2Fcomments&post=15969"}],"version-history":[{"count":21,"href":"https:\/\/www.moravecteam.cz\/index.php?rest_route=\/wp\/v2\/posts\/15969\/revisions"}],"predecessor-version":[{"id":16208,"href":"https:\/\/www.moravecteam.cz\/index.php?rest_route=\/wp\/v2\/posts\/15969\/revisions\/16208"}],"wp:featuredmedia":[{"embeddable":true,"href":"https:\/\/www.moravecteam.cz\/index.php?rest_route=\/wp\/v2\/media\/16201"}],"wp:attachment":[{"href":"https:\/\/www.moravecteam.cz\/index.php?rest_route=%2Fwp%2Fv2%2Fmedia&parent=15969"}],"wp:term":[{"taxonomy":"category","embeddable":true,"href":"https:\/\/www.moravecteam.cz\/index.php?rest_route=%2Fwp%2Fv2%2Fcategories&post=15969"},{"taxonomy":"post_tag","embeddable":true,"href":"https:\/\/www.moravecteam.cz\/index.php?rest_route=%2Fwp%2Fv2%2Ftags&post=15969"}],"curies":[{"name":"wp","href":"https:\/\/api.w.org\/{rel}","templated":true}]}}