{"id":15972,"date":"2023-08-09T12:34:33","date_gmt":"2023-08-09T10:34:33","guid":{"rendered":"https:\/\/www.moravecteam.cz\/?p=15972"},"modified":"2025-07-18T10:52:40","modified_gmt":"2025-07-18T08:52:40","slug":"zahajeni-sezony-24","status":"publish","type":"post","link":"https:\/\/www.moravecteam.cz\/?p=15972","title":{"rendered":"Zah\u00e1jen\u00ed sez\u00f3ny \u00b424"},"content":{"rendered":"<p style=\"text-align: justify;\"><strong><span style=\"color: #800000;\">Posledn\u00ed dubnovou sobotu r. 2024 se op\u011bt sch\u00e1z\u00edme na fotbalov\u00e9m h\u0159i\u0161ti <a href=\"https:\/\/www.tatrankohoutovice.cz\/?utm_source=search.seznam.cz&amp;utm_medium=ppd&amp;utm_content=hledani&amp;utm_term=Tatran%20Kohoutovice&amp;utm_campaign=firmy.cz-340350\">Tatranu Kouhoutovice,<\/a> abychom zde s kohoutovick\u00fdmi kamar\u00e1dy na\u0161eho Vlast\u00edka MORAVCE zah\u00e1jili &#8211; v jeho jm\u00e9nu &#8211; dal\u0161\u00ed cyklistickou sez\u00f3nu. Tentokr\u00e1t je to ale tro\u0161ku anachronismus: proto\u017ee p\u0159ed t\u00fddnem se u\u017e odjel v Babic\u00edch nad Svitavou <a href=\"https:\/\/www.pohardrahanskevrchoviny.cz\/karty-jsou-rozdany\/\">prvn\u00ed z\u00e1vod 23. ro\u010dn\u00edku MTB Poh\u00e1ru Drahansk\u00e9 vrchoviny<\/a>, pro MORAVEC Team je sez\u00f3na &#8211; de facto &#8211; ji\u017e odstartov\u00e1na!<\/span><\/strong><\/p>\n<figure id=\"attachment_16258\" aria-describedby=\"caption-attachment-16258\" style=\"width: 1395px\" class=\"wp-caption alignnone\"><a href=\"https:\/\/www.moravecteam.cz\/?attachment_id=16258\" rel=\"attachment wp-att-16258\"><img decoding=\"async\" loading=\"lazy\" class=\"wp-image-16258 size-full\" src=\"http:\/\/www.moravecteam.cz\/wp-content\/uploads\/2023\/08\/1714213793970.jpg\" alt=\"\" width=\"1395\" height=\"2000\" srcset=\"https:\/\/www.moravecteam.cz\/wp-content\/uploads\/2023\/08\/1714213793970.jpg 1395w, https:\/\/www.moravecteam.cz\/wp-content\/uploads\/2023\/08\/1714213793970-209x300.jpg 209w, https:\/\/www.moravecteam.cz\/wp-content\/uploads\/2023\/08\/1714213793970-714x1024.jpg 714w, https:\/\/www.moravecteam.cz\/wp-content\/uploads\/2023\/08\/1714213793970-768x1101.jpg 768w, https:\/\/www.moravecteam.cz\/wp-content\/uploads\/2023\/08\/1714213793970-1071x1536.jpg 1071w\" sizes=\"(max-width: 1395px) 100vw, 1395px\" \/><\/a><figcaption id=\"caption-attachment-16258\" class=\"wp-caption-text\">Vnu\u010dky Vlast\u00edka MORAVCE &#8211; Zitu\u0161ka (vpravo) a Ladu\u0161ka rostou jako z vody!<\/figcaption><\/figure>\n<p style=\"text-align: justify;\">Samoz\u0159ejm\u011b, \u017ee kl\u00ed\u010dov\u00e9 osoby akce, holky MORAVCOVY &#8211; nechyb\u00ed! Tak jako nechyb\u00ed siln\u00e1 skupina z na\u0161eho odd\u00edlu: Tren\u00e9r <strong><span style=\"color: #800000;\">Jirka Tesa\u0159<\/span><\/strong> s dcerami <strong><span style=\"color: #800000;\">Bar\u010dou<\/span><\/strong> a <strong><span style=\"color: #800000;\">Jol\u010dou<\/span><\/strong> a druh\u00fd tren\u00e9r, <strong><span style=\"color: #800000;\">Honza Maty\u00e1\u0161<\/span><\/strong>, tak\u00e9 s <strong><span style=\"color: #800000;\">Bar\u010dou<\/span><\/strong> &#8211; odd\u00edlov\u00fdm pejskem, tito v\u0161ichni doprov\u00e1zej\u00ed letos <strong><span style=\"color: #800000;\">Petra<\/span><\/strong>. Nutno \u0159\u00edct, \u017ee po\u010das\u00ed zajistili kouhoutovi\u010dt\u00ed podstatn\u011b lep\u0161\u00ed, ne\u017e jsme za\u017e\u00edvali p\u0159ed t\u00fddnem v Babic\u00edch. Je kr\u00e1sn\u00fd jarn\u00ed slune\u010dn\u00fd den. Na h\u0159i\u0161ti n\u00e1s je\u0161t\u011b dopl\u0148uje <strong><span style=\"color: #800000;\">Ver\u010da Koudelkov\u00e1<\/span><\/strong>, tak\u017ee dal\u0161\u00ed bezva posila! Z na\u0161\u00ed obvykl\u00e9 sestavy chyb\u00ed snad jen ned\u00e1vno zesnul\u00fd <span style=\"color: #000000;\"><strong>Karel V\u0161etula&#8230; Samoz\u0159ejm\u011b, \u017ee jsme na n\u011bho nemohli nevzpomenout&#8230; <\/strong><\/span>Po tradi\u010dn\u00edm chutn\u00e9m &#8222;bufetu&#8220; p\u0159ich\u00e1z\u00ed na \u0159adu slavnostn\u00ed akt odstartov\u00e1n\u00ed sez\u00f3ny v re\u017eii sv\u011bdomit\u00e9ho hlav\u00edho organiz\u00e1tora, Jardy Blahy s p\u0159ed\u00e1n\u00edm kytic holk\u00e1m MORAVCOV\u00ddM a nechyb\u00ed ani po\u0159\u00edzen\u00ed nezbytn\u00e9 spole\u010dn\u00e9ho fota. N\u00e1sleduje p\u0159esun cyklist\u016f a p\u011b\u0161\u00edch dol\u016f, na &#8222;doln\u00ed konec&#8220; <strong><a href=\"https:\/\/www.kohoutovice.brno.cz\/index.asp\">Kohoutovic<\/a><\/strong> k pomn\u00ed\u010dku <strong><span style=\"color: #800000;\">Vlastimila MORAVCE<\/span><\/strong>, p\u0159\u00edmo na m\u00edsto jeho tragick\u00e9ho skonu&#8230;<\/p>\n<figure id=\"attachment_16256\" aria-describedby=\"caption-attachment-16256\" style=\"width: 1960px\" class=\"wp-caption alignnone\"><a href=\"https:\/\/www.moravecteam.cz\/?attachment_id=16256\" rel=\"attachment wp-att-16256\"><img decoding=\"async\" loading=\"lazy\" class=\"wp-image-16256 size-full\" src=\"http:\/\/www.moravecteam.cz\/wp-content\/uploads\/2023\/08\/1714236856944.jpg\" alt=\"\" width=\"1960\" height=\"1524\" srcset=\"https:\/\/www.moravecteam.cz\/wp-content\/uploads\/2023\/08\/1714236856944.jpg 1960w, https:\/\/www.moravecteam.cz\/wp-content\/uploads\/2023\/08\/1714236856944-300x233.jpg 300w, https:\/\/www.moravecteam.cz\/wp-content\/uploads\/2023\/08\/1714236856944-1024x796.jpg 1024w, https:\/\/www.moravecteam.cz\/wp-content\/uploads\/2023\/08\/1714236856944-768x597.jpg 768w, https:\/\/www.moravecteam.cz\/wp-content\/uploads\/2023\/08\/1714236856944-1536x1194.jpg 1536w\" sizes=\"(max-width: 1960px) 100vw, 1960px\" \/><\/a><figcaption id=\"caption-attachment-16256\" class=\"wp-caption-text\">Do dresu \u0161el i n\u00e1\u0161 odd\u00edlov\u00fd pejsek Bar\u010da. A \u017ee j\u00ed to slu\u0161\u00ed!<\/figcaption><\/figure>\n<p style=\"text-align: justify;\">Zapalujeme sv\u00ed\u010dky a hlavn\u011b p\u0159i vz\u00e1jemn\u00fdch rozhovorech na Vlast\u00edka vzpom\u00edn\u00e1me&#8230; Spole\u010dn\u00e1 fotka op\u011bt nem\u016f\u017ee chyb\u011bt&#8230; N\u00e1sledn\u011b se na\u0161e odd\u00edlov\u00e1 &#8222;\u00faderka&#8220; rozd\u011bluje: Petr s Ver\u010dou se vrac\u00ed nahoru na h\u0159i\u0161t\u011b k autu a n\u00e1sledn\u00e9mu odjezdu dom\u016f (\u010dek\u00e9 je dnes je\u0161t\u011b d\u016fle\u017eit\u00e1 sez\u00f3nn\u00ed pr\u00e1ce &#8211; oset\u00ed pole jarn\u00edm je\u010dmenem), zat\u00edmco Honza + Bar\u010da (pejsek) + &#8222;Tesa\u0159\u00edci&#8220; m\u00ed\u0159\u00ed spolu s po\u010detnou cykloskupinou &#8222;Kohout\u016f&#8220; na cyklov\u00fdlet kolem <strong><a href=\"https:\/\/cs.wikipedia.org\/wiki\/Brn%C4%9Bnsk%C3%A1_p%C5%99ehrada\">Brn\u011bnsk\u00e9 p\u0159ehrady.<\/a><\/strong> Starostliv\u011b se o na\u0161e rajdry postaral &#8222;koh\u00f3t&#8220; <strong><span style=\"color: #800000;\">Mirek Faksa<\/span><\/strong>, kter\u00fd je p\u0159i zp\u00e1te\u010dn\u00ed cest\u011b do Kohoutovic &#8222;prot\u00e1hl&#8220; lesem p\u0159es oboru s da\u0148ky, jeleny a divo\u010d\u00e1ky! Se\u010dteno, podtr\u017eeno: par\u00e1dn\u00ed den! Zde mrkn\u011bte na <strong><a href=\"https:\/\/www.rajce.idnes.cz\/moravecteam\/album\/2024-04-27-zahajeni-sezony-s-vlastimilem-moravcem-v-kohoutovicic\">fotogalerii.<\/a><\/strong><\/p>\n","protected":false},"excerpt":{"rendered":"<p>Posledn\u00ed dubnovou sobotu r. 2024 se op\u011bt sch\u00e1z\u00edme na fotbalov\u00e9m h\u0159i\u0161ti Tatranu Kouhoutovice, abychom zde s kohoutovick\u00fdmi kamar\u00e1dy na\u0161eho Vlast\u00edka MORAVCE zah\u00e1jili &#8211; v jeho jm\u00e9nu &#8211; dal\u0161\u00ed cyklistickou sez\u00f3nu. Tentokr\u00e1t je to ale tro\u0161ku anachronismus: proto\u017ee p\u0159ed t\u00fddnem se u\u017e odjel v Babic\u00edch nad Svitavou prvn\u00ed z\u00e1vod 23. ro\u010dn\u00edku MTB Poh\u00e1ru Drahansk\u00e9 vrchoviny, pro &hellip; <a href=\"https:\/\/www.moravecteam.cz\/?p=15972\" class=\"more-link\">Pokra\u010dov\u00e1n\u00ed textu <span class=\"screen-reader-text\">Zah\u00e1jen\u00ed sez\u00f3ny \u00b424<\/span> <span class=\"meta-nav\">&rarr;<\/span><\/a><\/p>\n","protected":false},"author":3,"featured_media":16257,"comment_status":"open","ping_status":"closed","sticky":false,"template":"","format":"standard","meta":[],"categories":[13],"tags":[],"_links":{"self":[{"href":"https:\/\/www.moravecteam.cz\/index.php?rest_route=\/wp\/v2\/posts\/15972"}],"collection":[{"href":"https:\/\/www.moravecteam.cz\/index.php?rest_route=\/wp\/v2\/posts"}],"about":[{"href":"https:\/\/www.moravecteam.cz\/index.php?rest_route=\/wp\/v2\/types\/post"}],"author":[{"embeddable":true,"href":"https:\/\/www.moravecteam.cz\/index.php?rest_route=\/wp\/v2\/users\/3"}],"replies":[{"embeddable":true,"href":"https:\/\/www.moravecteam.cz\/index.php?rest_route=%2Fwp%2Fv2%2Fcomments&post=15972"}],"version-history":[{"count":8,"href":"https:\/\/www.moravecteam.cz\/index.php?rest_route=\/wp\/v2\/posts\/15972\/revisions"}],"predecessor-version":[{"id":16266,"href":"https:\/\/www.moravecteam.cz\/index.php?rest_route=\/wp\/v2\/posts\/15972\/revisions\/16266"}],"wp:featuredmedia":[{"embeddable":true,"href":"https:\/\/www.moravecteam.cz\/index.php?rest_route=\/wp\/v2\/media\/16257"}],"wp:attachment":[{"href":"https:\/\/www.moravecteam.cz\/index.php?rest_route=%2Fwp%2Fv2%2Fmedia&parent=15972"}],"wp:term":[{"taxonomy":"category","embeddable":true,"href":"https:\/\/www.moravecteam.cz\/index.php?rest_route=%2Fwp%2Fv2%2Fcategories&post=15972"},{"taxonomy":"post_tag","embeddable":true,"href":"https:\/\/www.moravecteam.cz\/index.php?rest_route=%2Fwp%2Fv2%2Ftags&post=15972"}],"curies":[{"name":"wp","href":"https:\/\/api.w.org\/{rel}","templated":true}]}}