{"id":15974,"date":"2025-05-24T12:37:32","date_gmt":"2025-05-24T10:37:32","guid":{"rendered":"https:\/\/www.moravecteam.cz\/?p=15974"},"modified":"2025-07-29T10:49:24","modified_gmt":"2025-07-29T08:49:24","slug":"vecer-vitezu-pdv-24","status":"publish","type":"post","link":"https:\/\/www.moravecteam.cz\/?p=15974","title":{"rendered":"Ve\u010der v\u00edt\u011bz\u016f PDV \u00b424"},"content":{"rendered":"<p style=\"text-align: justify;\"><strong><span style=\"color: #800000;\">U\u017e podruh\u00e9 pohostila slavnostn\u00ed Ve\u010der v\u00edt\u011bz\u016f MTB Poh\u00e1ru Drahansk\u00e9 vrchoviny obec \u017d\u010f\u00e1rn\u00e1, kter\u00e1 v r. 2024 &#8222;Vrchovinov\u00fd&#8220; z\u00e1vod nepo\u0159\u00e1dala (dokon\u010dov\u00e1n\u00ed \u010disti\u010dky odpadn\u00edch vod v bezprost\u0159edn\u00ed bl\u00edzkosti m\u00edstn\u00edch trat\u00ed) a i letos je t\u0159eba hostitele pochv\u00e1lit! P\u0159edev\u0161\u00edm &#8211; oproti lo\u0148sku &#8211; u\u017e nebyl probl\u00e9m s parkov\u00e1n\u00edm v bl\u00edzkosti &#8222;m\u00edsta \u010dinu&#8220; &#8211; kulturn\u00edho domu, proto\u017ee v\u00fdstavba kanalizace, kter\u00e1 touto dobou loni je\u0161t\u011b prob\u00edhala, je ji\u017e\u00a0 ji\u017e hotov\u00e1! No a skute\u010dnost, \u017ee \u017e\u010f\u00e1\u0159ensk\u00fd &#8222;kultur\u00e1k&#8220; je jen n\u011bkolik let po gener\u00e1ln\u00ed rekonstrukci, zaji\u0161\u0165uje, \u017ee m\u00edsto pro na\u0161i akci je vskutku d\u016fstojn\u00e9!<\/span><\/strong><\/p>\n<figure id=\"attachment_16338\" aria-describedby=\"caption-attachment-16338\" style=\"width: 1004px\" class=\"wp-caption alignnone\"><a href=\"https:\/\/www.moravecteam.cz\/?attachment_id=16338\" rel=\"attachment wp-att-16338\"><img decoding=\"async\" loading=\"lazy\" class=\"wp-image-16338 size-full\" src=\"http:\/\/www.moravecteam.cz\/wp-content\/uploads\/2025\/05\/1730653104488-e1753777772660.jpg\" alt=\"\" width=\"1004\" height=\"769\" srcset=\"https:\/\/www.moravecteam.cz\/wp-content\/uploads\/2025\/05\/1730653104488-e1753777772660.jpg 1004w, https:\/\/www.moravecteam.cz\/wp-content\/uploads\/2025\/05\/1730653104488-e1753777772660-300x230.jpg 300w, https:\/\/www.moravecteam.cz\/wp-content\/uploads\/2025\/05\/1730653104488-e1753777772660-768x588.jpg 768w\" sizes=\"(max-width: 1004px) 100vw, 1004px\" \/><\/a><figcaption id=\"caption-attachment-16338\" class=\"wp-caption-text\">Prvn\u00ed poh\u00e1r pro Honz\u00edka Hlubinku: 2. m\u00edsto v odr\u00e1\u017eedlech!<\/figcaption><\/figure>\n<p style=\"text-align: justify;\">MORAVEC Team m\u00e1 ve sv\u00e9 re\u017eii, tak jako loni,\u00a0 v\u00fdzdobu s\u00e1lu a zaji\u0161t\u011bn\u00ed pr\u016fb\u011bhu slavnostn\u00edho ve\u010dera. \u017d\u010f\u00e1\u0159en\u0161t\u00ed se op\u011bt vzorn\u011b postarali o ob\u010derstven\u00ed. A jejich pracanti n\u00e1m hodn\u011b pomohli s ji\u017e zm\u00edn\u011bnou v\u00fdzdobou. Bylo to t\u0159eba, proto\u017ee jsme toto pojali tentokr\u00e1t netradi\u010dn\u011b, origin\u00e1ln\u011b a velkoryse z\u00e1rove\u0148: p\u0159e p\u00f3diem jsme nafoukli startovac\u00ed \/c\u00edlov\u00fd oblouk! A n\u011bkter\u00e9 &#8222;d\u016fle\u017eit\u00e9&#8220; cesty v s\u00e1le (nap\u0159\u00edklad tu do v\u00fd\u010depu), jsme &#8211; pro jistotu &#8211; &#8222;vyml\u00edkovali..!<\/p>\n<p>Rozd\u00e1valo se celkem 91 poh\u00e1r\u016f a k na\u0161\u00ed velk\u00e9 radosti se to t\u00fdkalo i n\u011bkolika MORAVC\u016e! Jmenovit\u011b to byli tyto na\u0161e hv\u011bzdy a hv\u011bzdi\u010dky:<\/p>\n<p>Po\u0159\u00e1d\u00ed OPEN<\/p>\n<ul>\n<li><span style=\"color: #808080;\"><strong>Honz\u00edk Hlubinka<\/strong><\/span>\u00a0(odr\u00e1\u017eedla) &#8211; 2. m\u00edsto a sr\u0159\u00edbrn\u00fd poh\u00e1r!<\/li>\n<li><strong><span style=\"color: #ff6600;\">Jolana (&#8222;Jolanda&#8220;) Tesa\u0159ov\u00e1<\/span><\/strong> (juniorky\/kadetky) &#8211; 1. m\u00edsto a zlat\u00fd poh\u00e1r!<\/li>\n<li><strong><span style=\"color: #808080;\">Honza Maty\u00e1\u0161<\/span><\/strong> (Masters II) &#8211; 2. m\u00edsto a st\u0159\u00edbrn\u00fd poh\u00e1r!<\/li>\n<\/ul>\n<p style=\"text-align: justify;\">V souboji \u0161tafet o poh\u00e1ry zakladatele MTB &#8222;Vrchoviny&#8220;, <strong><span style=\"color: #800000;\">Ing. Aloise Hlo\u017eka<\/span><\/strong>, bere na\u0161e prvn\u00ed fomace celkov\u00e9 druh\u00e9 m\u00edsto a &#8211; taky st\u0159\u00edbrn\u00fd poh\u00e1r!<\/p>\n<p>Suma sum\u00e1rum: jeden zalt\u00fd a t\u0159i st\u0159\u00edbrn\u00e9! <strong><span style=\"color: #800000;\">Bravo MORAVEC!<\/span><\/strong><\/p>\n<figure id=\"attachment_16337\" aria-describedby=\"caption-attachment-16337\" style=\"width: 1491px\" class=\"wp-caption alignnone\"><a href=\"https:\/\/www.moravecteam.cz\/?attachment_id=16337\" rel=\"attachment wp-att-16337\"><img decoding=\"async\" loading=\"lazy\" class=\"wp-image-16337 size-full\" src=\"http:\/\/www.moravecteam.cz\/wp-content\/uploads\/2025\/05\/1730646329996.jpg\" alt=\"\" width=\"1491\" height=\"1128\" srcset=\"https:\/\/www.moravecteam.cz\/wp-content\/uploads\/2025\/05\/1730646329996.jpg 1491w, https:\/\/www.moravecteam.cz\/wp-content\/uploads\/2025\/05\/1730646329996-300x227.jpg 300w, https:\/\/www.moravecteam.cz\/wp-content\/uploads\/2025\/05\/1730646329996-1024x775.jpg 1024w, https:\/\/www.moravecteam.cz\/wp-content\/uploads\/2025\/05\/1730646329996-768x581.jpg 768w\" sizes=\"(max-width: 1491px) 100vw, 1491px\" \/><\/a><figcaption id=\"caption-attachment-16337\" class=\"wp-caption-text\">Zaslou\u017een\u00e1 st\u0159\u00edbrn\u00e1 trofej pro Honzu Maty\u00e1\u0161e. Bohu\u017eel, na\u0161i &#8222;zlatou Jolandu&#8220; Tesa\u0159ovou &#8222;na bedn\u011b&#8220; objektiv fotoreport\u00e9ra prome\u0161kal&#8230;<\/figcaption><\/figure>\n<p>Po\u0159ad\u00ed OBCE<\/p>\n<ul>\n<li><strong><span style=\"color: #808080;\">Jakub Sou\u010dek <\/span><\/strong><span style=\"color: #808080;\"><span style=\"color: #000000;\">(7-8 let)<\/span><\/span><strong><span style=\"color: #808080;\"> &#8211; <\/span><\/strong><span style=\"color: #808080;\"><span style=\"color: #000000;\">2. m\u00edsto a st\u0159\u00edbrn\u00fd poh\u00e1r!<\/span><\/span><\/li>\n<li><strong><span style=\"color: #993300;\">Vojt\u011bch Kalandra<\/span><\/strong> (7-8 let) &#8211; 3. m\u00edsto a bronzov\u00fd poh\u00e1r!<\/li>\n<li><strong><span style=\"color: #993300;\">Kl\u00e1ra \u0160teflov\u00e1<\/span><\/strong> (9-10 let) &#8211; 3. m\u00edsto a bronzov\u00fd poh\u00e1r!<\/li>\n<li><strong><span style=\"color: #993300;\">Samuel Chl\u00e1dek<\/span><\/strong> (13-14 let) &#8211; 3. m\u00edsto a bronzov\u00fd poh\u00e1r!<\/li>\n<\/ul>\n<figure id=\"attachment_16343\" aria-describedby=\"caption-attachment-16343\" style=\"width: 1305px\" class=\"wp-caption alignnone\"><a href=\"https:\/\/www.moravecteam.cz\/?attachment_id=16343\" rel=\"attachment wp-att-16343\"><img decoding=\"async\" loading=\"lazy\" class=\"wp-image-16343 size-full\" src=\"http:\/\/www.moravecteam.cz\/wp-content\/uploads\/2025\/05\/1730646329989-1-e1753778401306.jpg\" alt=\"\" width=\"1305\" height=\"931\" srcset=\"https:\/\/www.moravecteam.cz\/wp-content\/uploads\/2025\/05\/1730646329989-1-e1753778401306.jpg 1305w, https:\/\/www.moravecteam.cz\/wp-content\/uploads\/2025\/05\/1730646329989-1-e1753778401306-300x214.jpg 300w, https:\/\/www.moravecteam.cz\/wp-content\/uploads\/2025\/05\/1730646329989-1-e1753778401306-1024x731.jpg 1024w, https:\/\/www.moravecteam.cz\/wp-content\/uploads\/2025\/05\/1730646329989-1-e1753778401306-768x548.jpg 768w\" sizes=\"(max-width: 1305px) 100vw, 1305px\" \/><\/a><figcaption id=\"caption-attachment-16343\" class=\"wp-caption-text\">St\u0159\u00edbrn\u00fd Kuba Sou\u010dek, bronzov\u00fd Vojta Kalandra!<\/figcaption><\/figure>\n<p>Suma sum\u00e1rum: jeden st\u0159\u00edbrn\u00fd a t\u0159i bronzov\u00e9! <strong><span style=\"color: #800000;\">Bravo MORAVEC!<\/span><\/strong><\/p>\n<p>Suma sum\u00e1rum sum\u00e1rum tedy: 8 poh\u00e1r\u016f (1-4-3). <strong><span style=\"color: #800000;\">Bravo MORAVEC!<\/span><\/strong><\/p>\n<figure id=\"attachment_16334\" aria-describedby=\"caption-attachment-16334\" style=\"width: 1192px\" class=\"wp-caption alignnone\"><a href=\"https:\/\/www.moravecteam.cz\/?attachment_id=16334\" rel=\"attachment wp-att-16334\"><img decoding=\"async\" loading=\"lazy\" class=\"wp-image-16334 size-full\" src=\"http:\/\/www.moravecteam.cz\/wp-content\/uploads\/2025\/05\/1730650148498.jpg\" alt=\"\" width=\"1192\" height=\"728\" srcset=\"https:\/\/www.moravecteam.cz\/wp-content\/uploads\/2025\/05\/1730650148498.jpg 1192w, https:\/\/www.moravecteam.cz\/wp-content\/uploads\/2025\/05\/1730650148498-300x183.jpg 300w, https:\/\/www.moravecteam.cz\/wp-content\/uploads\/2025\/05\/1730650148498-1024x625.jpg 1024w, https:\/\/www.moravecteam.cz\/wp-content\/uploads\/2025\/05\/1730650148498-768x469.jpg 768w\" sizes=\"(max-width: 1192px) 100vw, 1192px\" \/><\/a><figcaption id=\"caption-attachment-16334\" class=\"wp-caption-text\">Moc pot\u011b\u0161ila i celkov\u00e1 st\u0159\u00edbrn\u00e1 p\u0159\u00ed\u010dka \u0161tafety prvn\u00ed MORAVEC Teamu.<\/figcaption><\/figure>\n<p style=\"text-align: justify;\">A jak byli MORAVCI &#8211; k m\u00e9 velk\u00e9 radosti &#8211; ak\u010dn\u00ed v pr\u016fb\u011bhu cel\u00e9 sez\u00f3ny, ve stejn\u00e9m duchu se p\u0159edvedli i v r\u00e1mci ve\u010dera v\u00edt\u011bz\u016f. Ob\u011b p\u0159est\u00e1vky zpest\u0159ili p\u0159\u00edtomn\u00fdm (hlavn\u011b d\u011btem) hrami a sout\u011b\u017eemi (kolo samoz\u0159ejm\u011b nechyb\u011blo), a v\u0161e zakon\u010dila nap\u00ednav\u00e1 tombola, kdy \u0161\u0165astn\u00e9 v\u00edt\u011bze odpov\u011bdn\u011b vylosovala na\u0161e <strong><span style=\"color: #800000;\">Maru\u0161ka!\u00a0<\/span><\/strong><span style=\"color: #800000;\"><span style=\"color: #000000;\">Zde mrkn\u011bte na fotky z ve\u010dera a i na ofici\u00e1ln\u00ed report&#8230;<\/span><\/span><\/p>\n<ul>\n<li><strong><a href=\"https:\/\/www.rajce.idnes.cz\/moravecteam\/album\/2024-11-01-vecer-vitezu-mtb-poharu-drahanske-vrchoviny\">Fotogalerie \u010d.1<\/a><\/strong><\/li>\n<li><strong><a href=\"https:\/\/www.rajce.idnes.cz\/moravecteam\/album\/2024-11-01-vecer-vitezu-mtb-poharu-drahanske-vrchoviny-2\">Fotogalerie \u010d.2<\/a><\/strong><\/li>\n<\/ul>\n<figure id=\"attachment_16346\" aria-describedby=\"caption-attachment-16346\" style=\"width: 1600px\" class=\"wp-caption alignnone\"><a href=\"https:\/\/www.moravecteam.cz\/?attachment_id=16346\" rel=\"attachment wp-att-16346\"><img decoding=\"async\" loading=\"lazy\" class=\"wp-image-16346 size-full\" src=\"http:\/\/www.moravecteam.cz\/wp-content\/uploads\/2025\/05\/1730646329979.jpg\" alt=\"\" width=\"1600\" height=\"735\" srcset=\"https:\/\/www.moravecteam.cz\/wp-content\/uploads\/2025\/05\/1730646329979.jpg 1600w, https:\/\/www.moravecteam.cz\/wp-content\/uploads\/2025\/05\/1730646329979-300x138.jpg 300w, https:\/\/www.moravecteam.cz\/wp-content\/uploads\/2025\/05\/1730646329979-1024x470.jpg 1024w, https:\/\/www.moravecteam.cz\/wp-content\/uploads\/2025\/05\/1730646329979-768x353.jpg 768w, https:\/\/www.moravecteam.cz\/wp-content\/uploads\/2025\/05\/1730646329979-1536x706.jpg 1536w\" sizes=\"(max-width: 1600px) 100vw, 1600px\" \/><\/a><figcaption id=\"caption-attachment-16346\" class=\"wp-caption-text\">Spokojenost na z\u00e1v\u011br! Bravo MORAVEC 2024!<\/figcaption><\/figure>\n","protected":false},"excerpt":{"rendered":"<p>U\u017e podruh\u00e9 pohostila slavnostn\u00ed Ve\u010der v\u00edt\u011bz\u016f MTB Poh\u00e1ru Drahansk\u00e9 vrchoviny obec \u017d\u010f\u00e1rn\u00e1, kter\u00e1 v r. 2024 &#8222;Vrchovinov\u00fd&#8220; z\u00e1vod nepo\u0159\u00e1dala (dokon\u010dov\u00e1n\u00ed \u010disti\u010dky odpadn\u00edch vod v bezprost\u0159edn\u00ed bl\u00edzkosti m\u00edstn\u00edch trat\u00ed) a i letos je t\u0159eba hostitele pochv\u00e1lit! P\u0159edev\u0161\u00edm &#8211; oproti lo\u0148sku &#8211; u\u017e nebyl probl\u00e9m s parkov\u00e1n\u00edm v bl\u00edzkosti &#8222;m\u00edsta \u010dinu&#8220; &#8211; kulturn\u00edho domu, proto\u017ee v\u00fdstavba kanalizace, &hellip; <a href=\"https:\/\/www.moravecteam.cz\/?p=15974\" class=\"more-link\">Pokra\u010dov\u00e1n\u00ed textu <span class=\"screen-reader-text\">Ve\u010der v\u00edt\u011bz\u016f PDV \u00b424<\/span> <span class=\"meta-nav\">&rarr;<\/span><\/a><\/p>\n","protected":false},"author":3,"featured_media":16335,"comment_status":"open","ping_status":"closed","sticky":false,"template":"","format":"standard","meta":[],"categories":[13],"tags":[],"_links":{"self":[{"href":"https:\/\/www.moravecteam.cz\/index.php?rest_route=\/wp\/v2\/posts\/15974"}],"collection":[{"href":"https:\/\/www.moravecteam.cz\/index.php?rest_route=\/wp\/v2\/posts"}],"about":[{"href":"https:\/\/www.moravecteam.cz\/index.php?rest_route=\/wp\/v2\/types\/post"}],"author":[{"embeddable":true,"href":"https:\/\/www.moravecteam.cz\/index.php?rest_route=\/wp\/v2\/users\/3"}],"replies":[{"embeddable":true,"href":"https:\/\/www.moravecteam.cz\/index.php?rest_route=%2Fwp%2Fv2%2Fcomments&post=15974"}],"version-history":[{"count":17,"href":"https:\/\/www.moravecteam.cz\/index.php?rest_route=\/wp\/v2\/posts\/15974\/revisions"}],"predecessor-version":[{"id":16347,"href":"https:\/\/www.moravecteam.cz\/index.php?rest_route=\/wp\/v2\/posts\/15974\/revisions\/16347"}],"wp:featuredmedia":[{"embeddable":true,"href":"https:\/\/www.moravecteam.cz\/index.php?rest_route=\/wp\/v2\/media\/16335"}],"wp:attachment":[{"href":"https:\/\/www.moravecteam.cz\/index.php?rest_route=%2Fwp%2Fv2%2Fmedia&parent=15974"}],"wp:term":[{"taxonomy":"category","embeddable":true,"href":"https:\/\/www.moravecteam.cz\/index.php?rest_route=%2Fwp%2Fv2%2Fcategories&post=15974"},{"taxonomy":"post_tag","embeddable":true,"href":"https:\/\/www.moravecteam.cz\/index.php?rest_route=%2Fwp%2Fv2%2Ftags&post=15974"}],"curies":[{"name":"wp","href":"https:\/\/api.w.org\/{rel}","templated":true}]}}