{"id":15983,"date":"2023-07-16T14:31:00","date_gmt":"2023-07-16T12:31:00","guid":{"rendered":"https:\/\/www.moravecteam.cz\/?p=15983"},"modified":"2025-07-18T09:56:23","modified_gmt":"2025-07-18T07:56:23","slug":"tezka-ztrata","status":"publish","type":"post","link":"https:\/\/www.moravecteam.cz\/?p=15983","title":{"rendered":"T\u011b\u017ek\u00e1 ztr\u00e1ta&#8230;"},"content":{"rendered":"<p style=\"text-align: justify;\"><span style=\"color: #000000;\"><strong>Jen t\u011b\u017eko hled\u00e1m slova k naps\u00e1n\u00ed t\u00e9to aktuality&#8230; N\u00e1vrat z\u00e1ke\u0159n\u00e9 choroby po tolika letech&#8230; Necht\u011blo se n\u00e1m tomu uv\u011b\u0159it, t\u00edm sp\u00ed\u0161, \u017ee n\u00e1m Karel V\u0161etula v pr\u016fb\u011bhu r. 2023 pom\u00e1hal t\u00e9m\u011b\u0159 ve stejn\u00e9m rozsahu jako d\u0159\u00edv&#8230; Makal, jako by nic&#8230; Fotil z\u00e1vody MTB &#8222;Vrchoviny&#8220;, jako by nic&#8230; Nepletu-li se, tak je\u0161t\u011b v kv\u011btnu (u\u017e ani nev\u00edm kolik\u00e1t\u00fd rok) pom\u00e1hal jako dobrovoln\u00edk na MTB Sv\u011btov\u00e9m poh\u00e1ru v Nov\u00e9m M\u011bst\u011b na Morav\u011b&#8230; Pravda, do p\u0159\u00edpravy z\u00e1vod\u016f v re\u017eii MORAVEC Teamu (Bene\u0161ov, Boskovice) se&nbsp; aktivn\u011b nezapojil, ale tomu jsme rozum\u011bli: absolvoval n\u00e1ro\u010dnou, ur\u010dit\u011b s\u00edly berouc\u00ed, vy\u010derp\u00e1vaj\u00edc\u00ed l\u00e9\u010dbu&#8230;<\/strong><\/span><\/p>\n<p style=\"text-align: justify;\">Koncem listopadu 2023 jsme s n\u00edm (MORAVEC Team) na Bene\u0161ov\u011b oslavili jeho kulat\u00e9 jubileum &#8211; 70 let&#8230; Zat\u00edm co m\u00edsto, aby d\u00e1rky v\u00fdhradn\u011b p\u0159ij\u00edmal, de facto n\u00e1s on v\u0161echny obdaroval: jeho kvalitn\u00ed, chutnou a v\u0161emi odborn\u00edky uzn\u00e1vanou p\u00e1lenkou. \u0158\u00edkal, \u017ee se s n\u00e1mi zdr\u017e\u00ed ani ne hodinu&#8230; Nakonec jsme spolu s n\u00edm a nad star\u00fdmi kronikami MORAVEC Teamu str\u00e1vili v pohod\u011b a dobr\u00e9 n\u00e1lad\u011b d\u00e9le, ne\u017e&nbsp; 3 hodiny..!<\/p>\n<p style=\"text-align: justify;\">Na dal\u0161\u00ed tradi\u010dn\u00ed odd\u00edlovou akci, prosincovou n\u00e1v\u0161t\u011bvu hrobu Vlastimila MORAVCE, jsem ho nepozval v obav\u011b z jeho p\u0159\u00edpadn\u00e9ho nachlazen\u00ed v nevl\u00eddn\u00e9m, chladn\u00e9m a vlhk\u00e9m Brn\u011b&#8230; Kr\u00e1tce p\u0159ed polednem se, jako ka\u017edoro\u010dn\u011b, s rodinou MORAVCOVOU a s kluky z Kohoutovic setk\u00e1v\u00e1me u krematoria a ne\u017e jsme zam\u00ed\u0159ili k nedalek\u00e9mu Vlast\u00edkovu hrobu, koho nevid\u00edme? U\u017e z d\u00e1lky se na n\u00e1s usm\u00edvaj\u00edc\u00edho &#8211; Karla..! Kde se vzal, tu se vzal&#8230;? A zase: &#8222;Koh\u00f3ty&#8220; a holky MORAVCOVY obdaroval&#8230; \u010c\u00edm jin\u00fdm, ne\u017e jeho kvalitn\u00ed, chutnou a v\u0161emi odborn\u00edky uzn\u00e1vanou p\u00e1lenkou&#8230; Na ob\u011bd do \u017deb\u011bt\u00edna s n\u00e1mi u\u017e sice nejel, ale je\u0161t\u011b dlouho jsme z toho byli tak trochu &#8222;paf&#8220;, \u017ee si troufnul, a \u017ee do Brna za n\u00e1mi sv\u00fdm Fordem Focus dorazil..!<\/p>\n<p style=\"text-align: justify;\">Za cca 14 dn\u016f, v dob\u011b V\u00e1no\u010dn\u00edch sv\u00e1tk\u016f,&nbsp; &nbsp;jsem za\u0161el za Karlem k n\u011bmu dom\u016f a donesl mu p\u00e1r drobn\u00fdch d\u00e1rk\u016f&#8230; Bylo i m\u011b, laikovi, patrn\u00e9, \u017ee jeho zdravotn\u00ed stav se po absolvovan\u00e9 l\u00e9\u010db\u011b zat\u00edm asi p\u0159\u00edli\u0161 nezlep\u0161il&#8230; Ale on v uzdraven\u00ed neztr\u00e1cel v\u00edru! V r\u00e1mci jeho tehdy u\u017e hodn\u011b omezen\u00fdch mo\u017enost\u00ed mluvit, se m\u011b hrd\u011b pochlubil velmi ambici\u00f3zn\u00edm&nbsp; &#8222;pracovn\u00edm pl\u00e1nem na r. 2024&#8220; jeho dvou vnu\u010dek, Eli\u0161ky a Ani\u010dky Han\u00e1kov\u00fdch, v\u00fdborn\u00fdch a talentovan\u00fdch, nad\u011bjn\u00fdch bikerek, kter\u00e9 sv\u00e9ho \u010dasu tak\u00e9 pro\u0161li MORAVEC Teamem a nem\u00e1lo p\u0159isp\u011bli do na\u0161\u00ed pomysln\u00e9 pokladnice: dv\u011bma tituly Mistry\u0148 \u010cR MTB XCO disciplin\u011b! Tyto dv\u011b \u0161ikovn\u00e9 cyklistky Karel od \u00fatl\u00e9ho v\u011bku podporoval a vedl ke sportu, pota\u017emo k cyklistice. Jen p\u0159ipomenu snad zn\u00e1mou v\u011bc: cyklistick\u00e9 geny zd\u011bdily holky, po n\u011bm, po sv\u00e9m d\u011bde\u010dkovi, rod\u00e1kovi z Moravsk\u00e9ho Krumlova, Karl\u00edkovi V\u0161etulovi!&nbsp;<\/p>\n<p style=\"text-align: justify;\">V r. 1969, co by 16-ti let\u00fd, vybojoval &#8222;Val\u00edc\u00ed se k\u00e1men&#8220; (v\u00e1le\u010dnick\u00e9 jm\u00e9no Karla V\u0161etuly z dob po\u010d\u00e1tk\u016f MORAVEC Teamu, jeho\u017e byl jedn\u00edm ze zakl\u00e1daj\u00edc\u00edch \u010dlen\u016f), 3. m\u00edsto na silni\u010dn\u00edm p\u0159eboru Ji\u017en\u00ed Moravy. N\u011bkolikr\u00e1t se na silni\u010dn\u00edch z\u00e1vodech setkal i s na\u0161\u00ed ikonou, Vlastimilem MORAVCEM&#8230; O p\u00e1r let pozd\u011bji si ale mlad\u00fd talent p\u0159ivodil na kole nep\u0159\u00edjemn\u00e9 zran\u011bn\u00ed &#8211; po p\u00e1du si zlomil stehenn\u00ed kost a tato ud\u00e1lost znamenala bohu\u017eel konec jeho sportovn\u00ed&nbsp; cyklistick\u00e9 kari\u00e9ry&#8230;<\/p>\n<p style=\"text-align: justify;\">Ale zp\u011bt do reality: O V\u00e1noc\u00edch 2023 jsem se s Karlem rozch\u00e1zel tak\u00e9 s v\u00edrou v jeho uzdraven\u00ed. Sl\u00edbil jsem mu, \u017ee jak budu zn\u00e1t term\u00edny MTB Poh\u00e1ru Drahansk\u00e9 vrchoviny 2024, obratem mu je po\u0161lu. \u0158\u00edkal mi na rozlou\u010denou, \u017ee koncem ledna 2024 ho \u010dek\u00e1 kontrola, kter\u00e1 uk\u00e1\u017ee, jak l\u00e9\u010dba zabrala&#8230; Nov\u00fd rok 2024 se rozb\u011bhl pln\u00fdm tempem a j\u00e1 byl, jak \u010dasto \u0159\u00edk\u00e1m, pracovn\u011b zase po\u0159\u00e1d &#8222;v t\u011b\u017ek\u00e9 defenz\u00edv\u011b&#8220;&#8230;. Kdy\u017e asi v polovin\u011b \u00fanora jsme s po\u0159adateli MTB &#8222;Vrchoviny&#8220; kone\u010dn\u011b dokon\u010dili term\u00ednovou listinu, m\u011bl jsem samo-\u017ee v hlav\u011b, \u017ee mus\u00edm d\u00e1t toto v\u011bd\u011bt Karlovi, jak jsem mu&nbsp; o V\u00e1noc\u00edch, sl\u00edbil. Nem\u011bl jsem o n\u011bm v t\u00e9 dob\u011b \u017e\u00e1dn\u00e9 \u0161patn\u00e9 zpr\u00e1vy a tedy pevn\u011b v\u011b\u0159il, \u017ee se s n\u00edm v\u0161e posunuje k lep\u0161\u00edmu, \u017ee op\u011bt zv\u00edt\u011bzila jeho nezdolnost a \u017ee se &#8211; i napodruh\u00e9 &#8211; se ze z\u00e1ke\u0159n\u00e9 nemoci uzdravuje&#8230; O to v\u00edc zdrcuj\u00edc\u00ed pro m\u011b byla zpr\u00e1va jeho zet\u011b, Tondy Han\u00e1ka (tat\u00ednek v\u00fd\u0161e zm\u00edn\u011bn\u00fdch holek Eli\u0161ky a Ani\u010dky), kter\u00fd mi volal v pond\u011bl\u00ed 26. \u00fanora 2024, kolem poledne do pr\u00e1ce a sd\u011blil velmi smutnou zpr\u00e1vu:&nbsp; Karel v dopoledn\u00edch hodin\u00e1ch, doma zem\u0159el&#8230; Ten den a i p\u00e1r dal\u0161\u00edch dn\u00ed potom jsem chodil jako kladivem pra\u0161t\u011bn\u00fd&#8230; <strong><a href=\"https:\/\/www.youtube.com\/watch?v=szE5RVrBIrI\">Poh\u0159eb m\u00e1m rozmazan\u00fd,<\/a> <\/strong>proto\u017ee jsem ho &#8211; zkr\u00e1tka proslzel, probre\u010del&#8230; Ale pr\u00e1ce a soustavn\u00fd denn\u00ed sled \u0159e\u0161en\u00ed nutn\u00fdch probl\u00e9m\u016f \u010dlov\u011bka zpravidla vytrhne &#8211; d\u0159\u00edv nebo pozd\u011bji &#8211; ze smutku. A p\u0159esv\u011bd\u010den\u00ed, \u017ee na V\u00e1s V\u00e1\u0161 zesnul\u00fd kamar\u00e1d Sh\u016fry, z Nebe kouk\u00e1, zda mu ned\u011bl\u00e1te ostudu, V\u00e1s povzbuzuje a ut\u011b\u0161uje z\u00e1rove\u0148. \u010casem se i takov\u00e1 r\u00e1na zahoj\u00ed, p\u0159ebol\u00ed&#8230; A z\u016fstanou jen ty p\u011bkn\u00e9 vzpom\u00ednky na skute\u010dn\u00e9ho kamar\u00e1da&#8230; A takov\u00fdm k\u00e1mo\u0161em Karel byl..! A v na\u0161ich mysl\u00edch z\u016fstane &#8211; nezapomenuteln\u00fdm!<\/p>\n<p style=\"text-align: justify;\">Byl jsem moc r\u00e1d, kdy\u017e MORAVCI pozitivn\u011b p\u0159ijali m\u016fj n\u00e1pad, aby tradi\u010dn\u00ed z\u00e1vod MTB &#8222;Vrchoviny&#8220; na Bene\u0161ov\u011b nesl Karlovo jm\u00e9no. V\u0161ichni souhlasili! A moc m\u011b pot\u011b\u0161ilo, \u017ee n\u00e1m na tento n\u00e1pad dali souhlas i Karlovi nejbli\u017e\u0161\u00ed: tj. p\u0159edev\u0161\u00edm jeho man\u017eelka, dnes u\u017e vdova, Maru\u0161ka V\u0161etulov\u00e1&#8230; Tak\u017ee velk\u00e1 cena Bene\u0161ova se v r. 2024 pojede poprv\u00e9 ( a douf\u00e1m, \u017ee zdaleka ne naposled), jako Memori\u00e1l Karla V\u0161etuly! Karle, d\u00edky moc za v\u0161echno!!!<\/p>\n\n\n<figure class=\"wp-block-image size-large\"><img decoding=\"async\" loading=\"lazy\" width=\"605\" height=\"1024\" src=\"http:\/\/www.moravecteam.cz\/wp-content\/uploads\/2023\/07\/IMG-20240227-WA0000-605x1024.jpg\" alt=\"\" class=\"wp-image-15986\" srcset=\"https:\/\/www.moravecteam.cz\/wp-content\/uploads\/2023\/07\/IMG-20240227-WA0000-605x1024.jpg 605w, https:\/\/www.moravecteam.cz\/wp-content\/uploads\/2023\/07\/IMG-20240227-WA0000-177x300.jpg 177w, https:\/\/www.moravecteam.cz\/wp-content\/uploads\/2023\/07\/IMG-20240227-WA0000-768x1301.jpg 768w, https:\/\/www.moravecteam.cz\/wp-content\/uploads\/2023\/07\/IMG-20240227-WA0000-907x1536.jpg 907w, https:\/\/www.moravecteam.cz\/wp-content\/uploads\/2023\/07\/IMG-20240227-WA0000.jpg 1209w\" sizes=\"(max-width: 605px) 100vw, 605px\" \/><\/figure>\n\n\n\n<p><\/p>\n","protected":false},"excerpt":{"rendered":"<p>Jen t\u011b\u017eko hled\u00e1m slova k naps\u00e1n\u00ed t\u00e9to aktuality&#8230; N\u00e1vrat z\u00e1ke\u0159n\u00e9 choroby po tolika letech&#8230; Necht\u011blo se n\u00e1m tomu uv\u011b\u0159it, t\u00edm sp\u00ed\u0161, \u017ee n\u00e1m Karel V\u0161etula v pr\u016fb\u011bhu r. 2023 pom\u00e1hal t\u00e9m\u011b\u0159 ve stejn\u00e9m rozsahu jako d\u0159\u00edv&#8230; Makal, jako by nic&#8230; Fotil z\u00e1vody MTB &#8222;Vrchoviny&#8220;, jako by nic&#8230; Nepletu-li se, tak je\u0161t\u011b v kv\u011btnu (u\u017e ani &hellip; <a href=\"https:\/\/www.moravecteam.cz\/?p=15983\" class=\"more-link\">Pokra\u010dov\u00e1n\u00ed textu <span class=\"screen-reader-text\">T\u011b\u017ek\u00e1 ztr\u00e1ta&#8230;<\/span> <span class=\"meta-nav\">&rarr;<\/span><\/a><\/p>\n","protected":false},"author":3,"featured_media":16250,"comment_status":"open","ping_status":"closed","sticky":false,"template":"","format":"standard","meta":[],"categories":[13],"tags":[],"_links":{"self":[{"href":"https:\/\/www.moravecteam.cz\/index.php?rest_route=\/wp\/v2\/posts\/15983"}],"collection":[{"href":"https:\/\/www.moravecteam.cz\/index.php?rest_route=\/wp\/v2\/posts"}],"about":[{"href":"https:\/\/www.moravecteam.cz\/index.php?rest_route=\/wp\/v2\/types\/post"}],"author":[{"embeddable":true,"href":"https:\/\/www.moravecteam.cz\/index.php?rest_route=\/wp\/v2\/users\/3"}],"replies":[{"embeddable":true,"href":"https:\/\/www.moravecteam.cz\/index.php?rest_route=%2Fwp%2Fv2%2Fcomments&post=15983"}],"version-history":[{"count":19,"href":"https:\/\/www.moravecteam.cz\/index.php?rest_route=\/wp\/v2\/posts\/15983\/revisions"}],"predecessor-version":[{"id":16253,"href":"https:\/\/www.moravecteam.cz\/index.php?rest_route=\/wp\/v2\/posts\/15983\/revisions\/16253"}],"wp:featuredmedia":[{"embeddable":true,"href":"https:\/\/www.moravecteam.cz\/index.php?rest_route=\/wp\/v2\/media\/16250"}],"wp:attachment":[{"href":"https:\/\/www.moravecteam.cz\/index.php?rest_route=%2Fwp%2Fv2%2Fmedia&parent=15983"}],"wp:term":[{"taxonomy":"category","embeddable":true,"href":"https:\/\/www.moravecteam.cz\/index.php?rest_route=%2Fwp%2Fv2%2Fcategories&post=15983"},{"taxonomy":"post_tag","embeddable":true,"href":"https:\/\/www.moravecteam.cz\/index.php?rest_route=%2Fwp%2Fv2%2Ftags&post=15983"}],"curies":[{"name":"wp","href":"https:\/\/api.w.org\/{rel}","templated":true}]}}