{"id":16472,"date":"2025-07-10T09:58:55","date_gmt":"2025-07-10T07:58:55","guid":{"rendered":"https:\/\/www.moravecteam.cz\/?p=16472"},"modified":"2025-08-21T10:17:36","modified_gmt":"2025-08-21T08:17:36","slug":"po-hodech-pust","status":"publish","type":"post","link":"https:\/\/www.moravecteam.cz\/?p=16472","title":{"rendered":"Po hodech p\u016fst&#8230;"},"content":{"rendered":"\n<p><\/p>\n\n\n<p style=\"text-align: justify;\"><strong><span style=\"color: #800000;\">Velk\u00e1 cena Bene\u0161ova uzav\u00edrala o posledn\u00ed \u010dervnov\u00e9 sobot\u011b jednak prvn\u00ed polovinu seri\u00e1lu a jednak byla posledn\u00edm z\u00e1vodem\u00a0 p\u0159ed pr\u00e1zdninovou p\u0159est\u00e1vkou. Pro MORAVEC Team to byl &#8222;bramborov\u00fd&#8220; z\u00e1vod. D\u016fkazem toho jsou vybojovan\u00e1 t\u0159i \u010dtvrt\u00e1 m\u00edsta. Na druhou stranu je t\u0159eba \u0159\u00edct, \u017ee na trat\u00edch pod &#8222;Horkou&#8220; jsme se nep\u0159edstavili v takov\u00e9 s\u00edle, jako p\u0159ed 14-ti dny v Kn\u00ednic\u00edch&#8230;<\/span><\/strong><\/p>\n<p style=\"text-align: justify;\">P\u0159edev\u0161\u00edm chyb\u011bla \u0161estilet\u00e1 bikerka <strong><span style=\"color: #800000;\">Viktorka Hlubinkov\u00e1<\/span><\/strong> a taky dvoulet\u00e1 &#8222;odr\u00e1\u017eedlistka&#8220; <span style=\"color: #800000;\"><strong>Veronika Tlamkov\u00e1<\/strong><\/span>. Pr\u00e1v\u011b ob\u011b tato d\u011bv\u010data se bl\u00fdskla v Kn\u00ednic\u00edch medailov\u00fdmi z\u00e1pisy. Na startu ale nechyb\u011bl dal\u0161\u00ed n\u00e1\u0161 z\u00e1vodn\u00edk na odr\u00e1\u017eedle, dvoulet\u00fd <strong><span style=\"color: #800000;\">Tom\u00e1\u0161 Posp\u00ed\u0161il<\/span><\/strong>. A by\u0165 byl ve sv\u00e9m z\u00e1vod\u011b suver\u00e9nn\u011b nejmlad\u0161\u00edm startuj\u00edc\u00edm, \u010dtvrt\u00e9 m\u00edsto mu moc slu\u0161elo!<\/p>\n<figure id=\"attachment_16490\" aria-describedby=\"caption-attachment-16490\" style=\"width: 1600px\" class=\"wp-caption alignnone\"><a href=\"https:\/\/www.moravecteam.cz\/?attachment_id=16490\" rel=\"attachment wp-att-16490\"><img decoding=\"async\" loading=\"lazy\" class=\"wp-image-16490 size-full\" src=\"http:\/\/www.moravecteam.cz\/wp-content\/uploads\/2025\/08\/1751193468967.jpg\" alt=\"\" width=\"1600\" height=\"1200\" srcset=\"https:\/\/www.moravecteam.cz\/wp-content\/uploads\/2025\/08\/1751193468967.jpg 1600w, https:\/\/www.moravecteam.cz\/wp-content\/uploads\/2025\/08\/1751193468967-300x225.jpg 300w, https:\/\/www.moravecteam.cz\/wp-content\/uploads\/2025\/08\/1751193468967-1024x768.jpg 1024w, https:\/\/www.moravecteam.cz\/wp-content\/uploads\/2025\/08\/1751193468967-768x576.jpg 768w, https:\/\/www.moravecteam.cz\/wp-content\/uploads\/2025\/08\/1751193468967-1536x1152.jpg 1536w\" sizes=\"(max-width: 1600px) 100vw, 1600px\" \/><\/a><figcaption id=\"caption-attachment-16490\" class=\"wp-caption-text\"><strong><em><span style=\"color: #800000;\">Z\u00e1vodn\u00edk druh\u00fd zprava, lad\u011bn\u00fd do modr\u00e9, to to je na startu n\u00e1\u0161 Tom\u00e1\u0161ek Posp\u00ed\u0161il.<\/span><\/em><\/strong><\/figcaption><\/figure>\n<p style=\"text-align: justify;\">Pak jsme \u010dekali na dal\u0161\u00ed na\u0161i \u00fa\u010dast a\u017e do druh\u00e9 t\u0159etiny z\u00e1vodu, kdy t\u0159in\u00e1ctilet\u00e1 <strong><span style=\"color: #800000;\">Barbora Tesa\u0159ov\u00e1<\/span><\/strong> \u0161la do akce v z\u00e1vodu star\u0161\u00edch \u017e\u00e1ky\u0148. Po tradi\u010dn\u011b bojovn\u00e9m a state\u010dn\u00e9m v\u00fdkonu byla sedm\u00e1, nicm\u00e9n\u011b v pr\u016fb\u011b\u017en\u00e9m po\u0159ad\u00ed v polovin\u011b seri\u00e1lu po\u0161ilh\u00e1v\u00e1 po bronzov\u00e9m poh\u00e1ru! Uvid\u00edme, jak se to v\u0161e vyvine v srpnu a hlavn\u011b v z\u00e1\u0159\u00ed.\u00a0<\/p>\n<figure id=\"attachment_16485\" aria-describedby=\"caption-attachment-16485\" style=\"width: 1471px\" class=\"wp-caption alignnone\"><a href=\"https:\/\/www.moravecteam.cz\/?attachment_id=16485\" rel=\"attachment wp-att-16485\"><img decoding=\"async\" loading=\"lazy\" class=\"wp-image-16485 size-full\" src=\"http:\/\/www.moravecteam.cz\/wp-content\/uploads\/2025\/08\/1751193234386.jpg\" alt=\"\" width=\"1471\" height=\"982\" srcset=\"https:\/\/www.moravecteam.cz\/wp-content\/uploads\/2025\/08\/1751193234386.jpg 1471w, https:\/\/www.moravecteam.cz\/wp-content\/uploads\/2025\/08\/1751193234386-300x200.jpg 300w, https:\/\/www.moravecteam.cz\/wp-content\/uploads\/2025\/08\/1751193234386-1024x684.jpg 1024w, https:\/\/www.moravecteam.cz\/wp-content\/uploads\/2025\/08\/1751193234386-768x513.jpg 768w\" sizes=\"(max-width: 1471px) 100vw, 1471px\" \/><\/a><figcaption id=\"caption-attachment-16485\" class=\"wp-caption-text\"><strong><em><span style=\"color: #800000;\">Na startu sv\u00e9ho z\u00e1vodu Barbora Tesa\u0159ov\u00e1. Konkurence se zde se\u0161la op\u011bt siln\u00e1&#8230;<\/span><\/em><\/strong><\/figcaption><\/figure>\n<p style=\"text-align: justify;\">I v z\u00e1v\u011bre\u010dn\u00e9m bloku start\u016f jsme m\u011bly svoje \u017eel\u00edzka v ohni. Kadeta <strong><span style=\"color: #800000;\">Samulela Chl\u00e1dka<\/span><\/strong> a kadetku <strong><span style=\"color: #800000;\">Jolanu Tesa\u0159ovou<\/span><\/strong>. Ioni zajeli v\u00fdborn\u011b a v c\u00edli jsme se mohli t\u011b\u0161it ze dvou \u010dtvrt\u00fdch m\u00edst! &#8222;Bramborov\u00e1&#8220;, \u010dtvrt\u00e1 pozice je snad ze v\u0161ech um\u00edst\u011bn\u00ed nejm\u00e9n\u011b v\u00edt\u00e1na, ale <span style=\"color: #800000;\">t\u011bchto<\/span> dvou p\u0159\u00edpadech se jedn\u00e9 o skute\u010dn\u011b cenn\u00e9 &#8222;brambory&#8220;, vezmeme-li objektivn\u011b v \u00favahu, jak kvalitn\u00ed konkurenci museli na\u0161i rajd\u0159i na Bene\u0161ov\u011b \u010delit!<\/p>\n<figure id=\"attachment_16484\" aria-describedby=\"caption-attachment-16484\" style=\"width: 1333px\" class=\"wp-caption alignnone\"><a href=\"https:\/\/www.moravecteam.cz\/?attachment_id=16484\" rel=\"attachment wp-att-16484\"><img decoding=\"async\" loading=\"lazy\" class=\"wp-image-16484 size-full\" src=\"http:\/\/www.moravecteam.cz\/wp-content\/uploads\/2025\/08\/494299930_29796276770015840_4842689193709394230_n.jpg\" alt=\"\" width=\"1333\" height=\"2000\" srcset=\"https:\/\/www.moravecteam.cz\/wp-content\/uploads\/2025\/08\/494299930_29796276770015840_4842689193709394230_n.jpg 1333w, https:\/\/www.moravecteam.cz\/wp-content\/uploads\/2025\/08\/494299930_29796276770015840_4842689193709394230_n-200x300.jpg 200w, https:\/\/www.moravecteam.cz\/wp-content\/uploads\/2025\/08\/494299930_29796276770015840_4842689193709394230_n-682x1024.jpg 682w, https:\/\/www.moravecteam.cz\/wp-content\/uploads\/2025\/08\/494299930_29796276770015840_4842689193709394230_n-768x1152.jpg 768w, https:\/\/www.moravecteam.cz\/wp-content\/uploads\/2025\/08\/494299930_29796276770015840_4842689193709394230_n-1024x1536.jpg 1024w\" sizes=\"(max-width: 1333px) 100vw, 1333px\" \/><\/a><figcaption id=\"caption-attachment-16484\" class=\"wp-caption-text\"><em><span style=\"color: #800000;\"><strong>Jolana Tesa\u0159ov\u00e1 vybojovala jenu ze t\u0159\u00ed &#8222;brambor&#8220;. Fotka je ze z\u00e1vodu v Kn\u00ednic\u00edch.<\/strong><\/span><\/em><\/figcaption><\/figure>\n<p style=\"text-align: justify;\">Podle Medardova pravidla, o kter\u00e9m jsme &#8222;\u0161pekulovali&#8220; v r\u00e1mci de\u0161tiv\u00e9ho z\u00e1vodu v Moravsk\u00e9 T\u0159ebov\u00e9, m\u011bla i Velk\u00e1 cena Bene\u0161ova, propr\u0161et, neb i term\u00edn tohoto z\u00e1vodu spadal do on\u011bch 40-ti dn\u016f Medardovy k\u00e1p\u011b&#8230; Ale i p\u0159i velk\u00e9 cen\u011b Bene\u0161ova panovalo, podobn\u011b jako v Kn\u00ednic\u00edch, kr\u00e1sn\u00e9 slune\u010dn\u00e9 letn\u00ed po\u010das\u00ed&#8230; Tak\u017ee letos tato pranostika moc nezafungovala&#8230;<\/p>\n<figure id=\"attachment_16488\" aria-describedby=\"caption-attachment-16488\" style=\"width: 1418px\" class=\"wp-caption alignnone\"><a href=\"https:\/\/www.moravecteam.cz\/?attachment_id=16488\" rel=\"attachment wp-att-16488\"><img decoding=\"async\" loading=\"lazy\" class=\"wp-image-16488 size-full\" src=\"http:\/\/www.moravecteam.cz\/wp-content\/uploads\/2025\/08\/IMG_4096.jpg\" alt=\"\" width=\"1418\" height=\"945\" srcset=\"https:\/\/www.moravecteam.cz\/wp-content\/uploads\/2025\/08\/IMG_4096.jpg 1418w, https:\/\/www.moravecteam.cz\/wp-content\/uploads\/2025\/08\/IMG_4096-300x200.jpg 300w, https:\/\/www.moravecteam.cz\/wp-content\/uploads\/2025\/08\/IMG_4096-1024x682.jpg 1024w, https:\/\/www.moravecteam.cz\/wp-content\/uploads\/2025\/08\/IMG_4096-768x512.jpg 768w\" sizes=\"(max-width: 1418px) 100vw, 1418px\" \/><\/a><figcaption id=\"caption-attachment-16488\" class=\"wp-caption-text\"><strong><em><span style=\"color: #800000;\">Dal\u0161\u00ed n\u00e1\u0161 bene\u0161ovsk\u00fd &#8222;brambor\u00e1\u0159&#8220; &#8211; Samuel Chl\u00e1dek. Tato fotka je z N\u00ed\u017ekovic.<\/span><\/em><\/strong><\/figcaption><\/figure>\n<p><strong><span style=\"color: #800000;\">Na\u0161e v\u00fdsledky z &#8222;Vrchoviny&#8220; \u010d. 4:<\/span><\/strong><\/p>\n<ul>\n<li>odr\u00e1\u017eedla chlapci &#8211; Tom\u00e1\u0161 Posp\u00ed\u0161il &#8211; 4. m\u00edsto<\/li>\n<li><span style=\"color: #000000;\">star\u0161\u00ed \u017e\u00e1kyn\u011b &#8211; Barbora Tesa\u0159ov\u00e1 &#8211; 7. m\u00edsto<\/span><\/li>\n<li><span style=\"color: #000000;\">juniorky \/ kadetky &#8211; Jolana Tesa\u0159ov\u00e1 &#8211; 4. m\u00edsto<\/span><\/li>\n<li>junio\u0159i \/ kadeti &#8211; Samuel Chl\u00e1dek &#8211; 4. m\u00edsto<\/li>\n<\/ul>\n<p style=\"text-align: justify;\">Mrkn\u011bte na <strong><a href=\"https:\/\/vysledky.pohardrahanskevrchoviny.cz\/2025\/?page=vysledky\">kompletn\u00ed v\u00fdsledkov\u00fd servis<\/a><\/strong> a taky na <strong><a href=\"https:\/\/www.pohardrahanskevrchoviny.cz\/kristyna-petr\/\">ofici\u00e1ln\u00ed report\u00e1\u017e z Bene\u0161ova <\/a><\/strong>(v\u010detn\u011b f\u016fry par\u00e1dn\u00edch fotogaleri\u00ed), odd\u00edlov\u00e9 fotky jsou zde:<\/p>\n<ul>\n<li><strong><a href=\"https:\/\/www.rajce.idnes.cz\/moravecteam\/album\/2025-06-28-mtb-pdv-benesov\">fotogalerie \u010d.1<\/a><\/strong><\/li>\n<li><strong><a href=\"https:\/\/www.rajce.idnes.cz\/moravecteam\/album\/2025-06-28-mtb-pdv-benesov-2\">fotogalerie \u010d.2<\/a><\/strong><\/li>\n<li><strong><a href=\"https:\/\/www.rajce.idnes.cz\/moravecteam\/album\/2025-06-28-mtb-pdv-benesov-priprava-zavodu\">fotogalerie \u010d.3<\/a><\/strong><\/li>\n<\/ul>\n<p style=\"text-align: justify;\">Letos u\u017e podruh\u00e9 se z\u00e1vod, p\u0159i kter\u00e9m je hlavn\u00ed &#8222;hnac\u00ed silou&#8220; n\u00e1\u0161 odd\u00edl, jede jako Memori\u00e1l <strong><span style=\"color: #800000;\">Karla V\u0161etuly,<\/span><\/strong> kdy tak vzd\u00e1v\u00e1me \u010dest na\u0161emu ned\u00e1vno zem\u0159el\u00e9mu kamar\u00e1dovi a d\u011bkujeme mu t\u00edmto za v\u0161e co pro n\u00e1s kdy ud\u011blal.\u00a0 V\u0161ak jsme taky na Karl\u00edka hodn\u011b vzpom\u00ednali: jak p\u0159i p\u0159\u00edprav\u011b z\u00e1vodu tak i p\u0159i jeho vlastn\u00edm pr\u016fb\u011bhu&#8230; Na na\u0161em odd\u00edlov\u00e9m &#8222;raj\u010deti je mu v\u011bnov\u00e1na fotogalerie a i v r\u00e1mci kon\u00e1n\u00ed bene\u0161ovsk\u00e9ho z\u00e1vodu m\u00e1me u\u017e na p\u0159\u00ed\u0161t\u00ed rok v hlav\u011b dal\u0161\u00ed &#8222;vychyt\u00e1vky&#8220;&#8230;<\/p>\n<p style=\"text-align: justify;\">V z\u00e1vod\u011b odr\u00e1\u017eedel d\u011bv\u010dat brala st\u0159\u00edbrnou medaili na &#8222;Vrchovin\u011b&#8220; nezn\u00e1m\u00e1 <strong><span style=\"color: #800000;\">Evelinka B\u00e1rtov\u00e1<\/span><\/strong> z Prahy. A\u010d se to nezd\u00e1, m\u00e1 tato \u010dty\u0159let\u00e1 d\u00edvenka k MORAVEC Teamu docela siln\u00fd vztah: jej\u00ed maminkou je toti\u017e na\u0161e b\u00fdval\u00e1 v\u00fdborn\u00e1 bikerka, roda\u010dka z Bene\u0161ova,\u00a0 <strong><span style=\"color: #800000;\">Franti\u0161ka, za svobodna Vi\u010darov\u00e1, dnes tedy B\u00e1rtov\u00e1<\/span><\/strong>! Tak t\u0159eba holky tento \u00fasp\u011bch povzbud\u00ed a p\u0159ijedou z\u00e1vodit na &#8222;Vrchovinu&#8220; \u010dast\u011bji. Babi\u010dka <strong><span style=\"color: #800000;\">Franti\u0161ka Vi\u010darov\u00e1<\/span><\/strong>, d\u011bda <strong><span style=\"color: #800000;\">Lubo\u0161 Vi\u010dar<\/span><\/strong> i strejda <strong><span style=\"color: #800000;\">Dominik Vi\u010dar<\/span><\/strong> by byli ur\u010dit\u011b taky r\u00e1di&#8230;<\/p>\n<figure id=\"attachment_16487\" aria-describedby=\"caption-attachment-16487\" style=\"width: 1600px\" class=\"wp-caption alignnone\"><a href=\"https:\/\/www.moravecteam.cz\/?attachment_id=16487\" rel=\"attachment wp-att-16487\"><img decoding=\"async\" loading=\"lazy\" class=\"wp-image-16487 size-full\" src=\"http:\/\/www.moravecteam.cz\/wp-content\/uploads\/2025\/08\/1751193421307.jpg\" alt=\"\" width=\"1600\" height=\"850\" srcset=\"https:\/\/www.moravecteam.cz\/wp-content\/uploads\/2025\/08\/1751193421307.jpg 1600w, https:\/\/www.moravecteam.cz\/wp-content\/uploads\/2025\/08\/1751193421307-300x159.jpg 300w, https:\/\/www.moravecteam.cz\/wp-content\/uploads\/2025\/08\/1751193421307-1024x544.jpg 1024w, https:\/\/www.moravecteam.cz\/wp-content\/uploads\/2025\/08\/1751193421307-768x408.jpg 768w, https:\/\/www.moravecteam.cz\/wp-content\/uploads\/2025\/08\/1751193421307-1536x816.jpg 1536w\" sizes=\"(max-width: 1600px) 100vw, 1600px\" \/><\/a><figcaption id=\"caption-attachment-16487\" class=\"wp-caption-text\"><em><span style=\"color: #800000;\"><strong>Dramatick\u00fd dojezd z\u00e1vodu odr\u00e1\u017eedel d\u00edvek. s \u010d\u00edslem 88 fini\u0161uje t\u011bsn\u011b druh\u00e1 Evelinka B\u00e1rtov\u00e1!<\/strong><\/span><\/em><\/figcaption><\/figure>\n<p style=\"text-align: justify;\">A na z\u00e1v\u011br je\u0161t\u011b jedna v\u011bc, kter\u00e1 m\u011b osobn\u011b hodn\u011b mrz\u00ed, a kter\u00e1 jde na m\u016fj vrub: Na Bene\u0161ov\u011b pravideln\u011b odm\u011b\u0148ujeme dom\u00e1c\u00ed z\u00e1vodn\u00edky, kte\u0159\u00ed se neboj\u00ed j\u00edt do souboje s ostatn\u00edmi, zpravidla zdatn\u011bj\u0161\u00edmi a v\u00fdkonnostn\u011b lep\u0161\u00edmi soupe\u0159i. Letos se takov\u00ed objevili na startu dva: na odr\u00e1\u017eedle \u010dty\u0159let\u00e1 <strong><span style=\"color: #800000;\">Ingrid Ku\u010derov\u00e1<\/span><\/strong>, a v kategorii chlapc\u016f 11-12 let <strong><span style=\"color: #800000;\">Jakub Mrh\u00e1lek<\/span><\/strong> (mimochodem vnuk <strong><span style=\"color: #800000;\">Karla V\u0161etuly<\/span><\/strong>). Bohu\u017eel jsem nezd\u016fraznil sv\u00fdm spolupracovn\u00edk\u016fm, aby m\u011b tyto jedince ve v\u00fdsledkov\u00fdch listin\u00e1ch zv\u00fdraznili a j\u00e1 je mimo po\u0159ad\u00ed mohl vyhl\u00e1sit. Samoz\u0159ejm\u011b by obdr\u017eeli i zaslou\u017een\u00e9 v\u011bcn\u00e9 ceny, kter\u00fdch jsme m\u011bli od sponzor\u016f dostatek&#8230; Bohu\u017eel se to stalo a je to hlavn\u011b moje chyba&#8230; A jak \u0159\u00edk\u00e1m mrz\u00ed m\u011b to&#8230; Omlouv\u00e1m se t\u011bmto dv\u011bma z\u00e1vodn\u00edk\u016fm (snad jsem nep\u0159ehl\u00e9dl je\u0161t\u011b n\u011bkoho dal\u0161\u00edho, kdy\u017e jo, tak se mi ozv\u011bte na moje\u00a0<strong><span style=\"color: #800000;\"> 605 0J\u00e1gr 0Nagano<\/span><\/strong>) s v\u00edrou, \u017ee se v budoucnu naskytne p\u0159\u00edle\u017eitost, jak tuto chybu napravit&#8230;<\/p>\n<p>\u00a0<\/p>","protected":false},"excerpt":{"rendered":"<p>Velk\u00e1 cena Bene\u0161ova uzav\u00edrala o posledn\u00ed \u010dervnov\u00e9 sobot\u011b jednak prvn\u00ed polovinu seri\u00e1lu a jednak byla posledn\u00edm z\u00e1vodem\u00a0 p\u0159ed pr\u00e1zdninovou p\u0159est\u00e1vkou. Pro MORAVEC Team to byl &#8222;bramborov\u00fd&#8220; z\u00e1vod. D\u016fkazem toho jsou vybojovan\u00e1 t\u0159i \u010dtvrt\u00e1 m\u00edsta. Na druhou stranu je t\u0159eba \u0159\u00edct, \u017ee na trat\u00edch pod &#8222;Horkou&#8220; jsme se nep\u0159edstavili v takov\u00e9 s\u00edle, jako p\u0159ed 14-ti dny &hellip; <a href=\"https:\/\/www.moravecteam.cz\/?p=16472\" class=\"more-link\">Pokra\u010dov\u00e1n\u00ed textu <span class=\"screen-reader-text\">Po hodech p\u016fst&#8230;<\/span> <span class=\"meta-nav\">&rarr;<\/span><\/a><\/p>\n","protected":false},"author":3,"featured_media":16482,"comment_status":"open","ping_status":"closed","sticky":false,"template":"","format":"standard","meta":[],"categories":[1],"tags":[],"_links":{"self":[{"href":"https:\/\/www.moravecteam.cz\/index.php?rest_route=\/wp\/v2\/posts\/16472"}],"collection":[{"href":"https:\/\/www.moravecteam.cz\/index.php?rest_route=\/wp\/v2\/posts"}],"about":[{"href":"https:\/\/www.moravecteam.cz\/index.php?rest_route=\/wp\/v2\/types\/post"}],"author":[{"embeddable":true,"href":"https:\/\/www.moravecteam.cz\/index.php?rest_route=\/wp\/v2\/users\/3"}],"replies":[{"embeddable":true,"href":"https:\/\/www.moravecteam.cz\/index.php?rest_route=%2Fwp%2Fv2%2Fcomments&post=16472"}],"version-history":[{"count":13,"href":"https:\/\/www.moravecteam.cz\/index.php?rest_route=\/wp\/v2\/posts\/16472\/revisions"}],"predecessor-version":[{"id":16494,"href":"https:\/\/www.moravecteam.cz\/index.php?rest_route=\/wp\/v2\/posts\/16472\/revisions\/16494"}],"wp:featuredmedia":[{"embeddable":true,"href":"https:\/\/www.moravecteam.cz\/index.php?rest_route=\/wp\/v2\/media\/16482"}],"wp:attachment":[{"href":"https:\/\/www.moravecteam.cz\/index.php?rest_route=%2Fwp%2Fv2%2Fmedia&parent=16472"}],"wp:term":[{"taxonomy":"category","embeddable":true,"href":"https:\/\/www.moravecteam.cz\/index.php?rest_route=%2Fwp%2Fv2%2Fcategories&post=16472"},{"taxonomy":"post_tag","embeddable":true,"href":"https:\/\/www.moravecteam.cz\/index.php?rest_route=%2Fwp%2Fv2%2Ftags&post=16472"}],"curies":[{"name":"wp","href":"https:\/\/api.w.org\/{rel}","templated":true}]}}