{"id":1953,"date":"2015-11-02T21:26:09","date_gmt":"2015-11-02T20:26:09","guid":{"rendered":"http:\/\/www.moravecteam.cz\/?p=1953"},"modified":"2015-11-02T21:31:51","modified_gmt":"2015-11-02T20:31:51","slug":"louny-dalsi-posun","status":"publish","type":"post","link":"https:\/\/www.moravecteam.cz\/?p=1953","title":{"rendered":"Louny: dal\u0161\u00ed posun!"},"content":{"rendered":"<p style=\"text-align: justify;\"><strong><span style=\"color: #993300;\">V osmi dnech absolvovala \u010desk\u00e1 cyklokrosa\u0159sk\u00e1 \u0161pi\u010dka hned t\u0159i z\u00e1vody n\u00e1rodn\u00edho poh\u00e1ru! V\u011bru p\u011bkn\u00e1 porce cyklistick\u00e9 rachoty, kterou k na\u0161\u00ed velk\u00e9 radosti zvl\u00e1dla\u00a0do\u010dasn\u00e1 cyklokrosa\u0159sk\u00e1 rota MORAVCE excelentn\u011b. Z\u00e1vod od z\u00e1vodu se na\u0161i p\u0159ev\u00e1\u017en\u011b zlep\u0161ovali v\u00fdkonov\u011b a logicky i v\u00fdsledkov\u011b. Minulou sobotu pohostily \u010deskou cyklokrosa\u0159skou elitu z\u00e1pado\u010desk\u00e9 Louny a\u00a0pro n\u00e1\u0161 odd\u00edl\u00a0byl tento z\u00e1vod dal\u0161\u00edm\u00a0jedine\u010dn\u00fdm&#8230; Po\u010detn\u011b sice \u00fatl\u00fd, nicm\u00e9n\u011b neoby\u010dejn\u011b siln\u00fd a \u00fadern\u00fd konvoj veze z prost\u0159ed\u00ed osi\u0159el\u00fdch chmelnic hned dv\u011b \u00a0medaile! By\u0165 jedna je op\u011bt &#8222;jen&#8220; bramborov\u00e1&#8230;\u00a0<\/span><\/strong><\/p>\n<figure id=\"attachment_1964\" aria-describedby=\"caption-attachment-1964\" style=\"width: 806px\" class=\"wp-caption alignnone\"><a href=\"http:\/\/www.moravecteam.cz\/?attachment_id=1964\" rel=\"attachment wp-att-1964\"><img decoding=\"async\" loading=\"lazy\" class=\" wp-image-1964\" alt=\"IMG_2962\" src=\"http:\/\/www.moravecteam.cz\/wp-content\/uploads\/2015\/11\/IMG_2962.jpg\" width=\"806\" height=\"914\" srcset=\"https:\/\/www.moravecteam.cz\/wp-content\/uploads\/2015\/11\/IMG_2962.jpg 806w, https:\/\/www.moravecteam.cz\/wp-content\/uploads\/2015\/11\/IMG_2962-264x300.jpg 264w\" sizes=\"(max-width: 806px) 100vw, 806px\" \/><\/a><figcaption id=\"caption-attachment-1964\" class=\"wp-caption-text\">Obr\u00e1zek na kter\u00fd si r\u00e1di zvyk\u00e1me: Tom\u00e1\u0161 Tlamka &#8222;Contador&#8220; na \u010deln\u00edch m\u00edstech z\u00e1vodu \u017e\u00e1k\u016f!<\/figcaption><\/figure>\n<p style=\"text-align: justify;\">Poj\u010fme ale op\u011bt po p\u0159\u00e1dku. Atraktivn\u00ed byl pro n\u00e1s u\u017e start star\u0161\u00edch \u017e\u00e1k\u016f. <span style=\"color: #993300;\"><strong>Tom\u00e1\u0161 Tlamka &#8222;Contador&#8220;<\/strong><\/span> se op\u011bt p\u0159edvedl ve v\u00fdborn\u00e9m sv\u011btle a znovu atakoval stupn\u011b v\u00edt\u011bz\u016f! Po vyv\u00e1\u017een\u00e9m a sebev\u011bdom\u00e9m v\u00fdkonu se do c\u00edle p\u0159i\u0159\u00edtil na \u010dtvrt\u00e9, bramborov\u00e9 pozici. Ztr\u00e1ta na bronzovou bednu &#8222;ko\u0161tovala&#8220; tentokr\u00e1t sedm vte\u0159inek a na st\u0159\u00edbrnou deset, co\u017e znamen\u00e1, \u017ee borci na druh\u00e9m a\u017e \u010dtvrt\u00e9m m\u00edst\u011b fini\u0161ovali do c\u00edle ve vz\u00e1cn\u011b vyrovnan\u00e9m \u0161iku v rozmez\u00ed 10 vte\u0159in! Tom si op\u011bt posunul svoje cyklokrosov\u00e9 v\u00fdsledkov\u00e9 maximum a vezmeme-li v \u00favahu, \u017ee se v sou\u010dasnosti nach\u00e1z\u00ed ve velk\u00e9 z\u00e1vodnick\u00e9 pohod\u011b, m\u016f\u017ee n\u00e1m ve zb\u00fdvaj\u00edc\u00edch z\u00e1vodch p\u0159ipravit je\u0161t\u011b nejedno mil\u00e9 p\u0159ekv\u00e1pko!<\/p>\n<figure id=\"attachment_1965\" aria-describedby=\"caption-attachment-1965\" style=\"width: 953px\" class=\"wp-caption alignnone\"><a href=\"http:\/\/www.moravecteam.cz\/?attachment_id=1965\" rel=\"attachment wp-att-1965\"><img decoding=\"async\" loading=\"lazy\" class=\" wp-image-1965\" alt=\"IMG_2891\" src=\"http:\/\/www.moravecteam.cz\/wp-content\/uploads\/2015\/11\/IMG_2891.jpg\" width=\"953\" height=\"1222\" srcset=\"https:\/\/www.moravecteam.cz\/wp-content\/uploads\/2015\/11\/IMG_2891.jpg 953w, https:\/\/www.moravecteam.cz\/wp-content\/uploads\/2015\/11\/IMG_2891-233x300.jpg 233w, https:\/\/www.moravecteam.cz\/wp-content\/uploads\/2015\/11\/IMG_2891-798x1024.jpg 798w\" sizes=\"(max-width: 953px) 100vw, 953px\" \/><\/a><figcaption id=\"caption-attachment-1965\" class=\"wp-caption-text\">Jana Tesa\u0159ov\u00e1 i v Lounech zjela v\u00fdborn\u011b a jej\u00ed medailov\u00e9 ambice jsou pro zbytek sez\u00f3ny nem\u011bnn\u00e9!<\/figcaption><\/figure>\n<p style=\"text-align: justify;\">Poctivou pr\u00e1ci ocen\u011bnou kvalitn\u00edmi v\u00fdsledky v Lounech odvedli i ob\u011b na\u0161e kadetky. <span style=\"color: #993300;\"><strong>Jana D\u017eejn Tesa\u0159ov\u00e1<\/strong><\/span> obh\u00e1jila bez probl\u00e9m\u016f \u0161est\u00e9 m\u00edsto z T\u00e1bora a i nad\u00e1le potvrzuje, \u017ee by\u0165 je v t\u00e9to discipl\u00edn\u011b riz\u00edm nov\u00e1\u010dkem hned se za\u0159adila mezi holkami do u\u017e\u0161\u00ed \u0161pi\u010dky. V\u00fdsledkovou listinou se posouv\u00e1 od z\u00e1vodu v Trutnov\u011b nezadr\u017eiteln\u011b vp\u0159ed i <strong><span style=\"color: #993300;\">Ani\u010dka Zem\u00e1nkov\u00e1.<\/span><\/strong> V Lounech jezdila kontakt \u00a0s nejlep\u0161\u00edmi, v c\u00edli z toho bylo nakonec t\u0159in\u00e1ct\u00e9 m\u00edsto a dal\u0161\u00ed posun o stup\u00ednek v celkov\u00e9m hodnocen\u00ed (by\u0165 dvakr\u00e1t absentovala je A\u0148a pr\u016fb\u011b\u017en\u011b u\u017e 17.). \u00a0A lichotiv\u00e1 celkov\u00e1 um\u00edst\u011bn\u00ed dr\u017e\u00ed i \u00a0oba dva na\u0161i ji\u017e pochv\u00e1len\u00ed: &#8222;Contador&#8220; je celkov\u011b sedm\u00fd a Jana dokonce \u010dtvrt\u00e1!<\/p>\n<figure id=\"attachment_1963\" aria-describedby=\"caption-attachment-1963\" style=\"width: 347px\" class=\"wp-caption aligncenter\"><a href=\"http:\/\/www.moravecteam.cz\/?attachment_id=1963\" rel=\"attachment wp-att-1963\"><img decoding=\"async\" loading=\"lazy\" class=\"size-full wp-image-1963 \" alt=\"IMG_2968\" src=\"http:\/\/www.moravecteam.cz\/wp-content\/uploads\/2015\/11\/IMG_2968.jpg\" width=\"347\" height=\"441\" srcset=\"https:\/\/www.moravecteam.cz\/wp-content\/uploads\/2015\/11\/IMG_2968.jpg 347w, https:\/\/www.moravecteam.cz\/wp-content\/uploads\/2015\/11\/IMG_2968-236x300.jpg 236w\" sizes=\"(max-width: 347px) 100vw, 347px\" \/><\/a><figcaption id=\"caption-attachment-1963\" class=\"wp-caption-text\">Ani\u010dka Zem\u00e1nkov\u00e1 zdol\u00e1v\u00e1 t\u011b\u017ek\u00fd v\u00fdb\u011bh. I ona se v Lounech p\u0159edvedlaa ve velmi dobr\u00e9m sv\u011btle!<\/figcaption><\/figure>\n<p style=\"text-align: justify;\">Ve h\u0159e o nominaci na cyklokrosov\u00e9 Mistrovstv\u00ed Evropy byl p\u0159ed z\u00e1vodem v Lounech st\u00e1le i n\u00e1\u0161 junior Dominik Prudek. Tentokr\u00e1t se mu ale &#8222;race&#8220; nevyda\u0159ila \u00fapln\u011b podle jeho p\u0159edstav. Za\u010dal slibn\u011b a po startu dr\u017eel kontakt s nejlep\u0161\u00edmi. Bohu\u017eel ale v kl\u00ed\u010dov\u00e9m momentu nezachytil rozhoduj\u00edc\u00ed n\u00e1stup \u0161pi\u010dky startovn\u00edho pole, na trati z\u00fastal v podstat\u011b osamocen bez \u0161ance na &#8222;docvaknut\u00ed&#8220; nejlep\u0161\u00edch a t\u00edm p\u00e1dem i bez \u0161ance na lep\u0161\u00ed v\u00fdsledek, ne\u017e 14. m\u00edsto, na kter\u00e9m byl Dominik v c\u00edli nakonec klasifikov\u00e1n&#8230; I p\u0159es to mu pat\u0159\u00ed v pr\u016fb\u011b\u017en\u00e9m hodnocen\u00ed seri\u00e1lu v\u00fdborn\u00e1 6. p\u0159\u00ed\u010dka a proto\u017ee m\u00e1 sil opticky je\u0161t\u011b st\u00e1le dost, nepochybuji, \u017ee je\u0161t\u011b ve druh\u00e9 polovin\u011b cyklokrosov\u00e9 sez\u00f3ny bude je\u0161t\u011b nejednou v\u00fdznam\u011b &#8222;m\u00edchat kartami&#8220;.<\/p>\n<figure id=\"attachment_1962\" aria-describedby=\"caption-attachment-1962\" style=\"width: 400px\" class=\"wp-caption aligncenter\"><a href=\"http:\/\/www.moravecteam.cz\/?attachment_id=1962\" rel=\"attachment wp-att-1962\"><img decoding=\"async\" loading=\"lazy\" class=\"size-full wp-image-1962 \" alt=\"IMG_2977\" src=\"http:\/\/www.moravecteam.cz\/wp-content\/uploads\/2015\/11\/IMG_2977.jpg\" width=\"400\" height=\"506\" srcset=\"https:\/\/www.moravecteam.cz\/wp-content\/uploads\/2015\/11\/IMG_2977.jpg 400w, https:\/\/www.moravecteam.cz\/wp-content\/uploads\/2015\/11\/IMG_2977-237x300.jpg 237w\" sizes=\"(max-width: 400px) 100vw, 400px\" \/><\/a><figcaption id=\"caption-attachment-1962\" class=\"wp-caption-text\">Situace, kterou nem\u00e1 r\u00e1d \u017e\u00e1dn\u00fd cyklokrosa\u0159: Dominik Prudek osamocen na trati ztratil kontakt s \u010delem z\u00e1vodu.<\/figcaption><\/figure>\n<p style=\"text-align: justify;\">Start \u017een kr\u00e1tce po poledni n\u00e1s tak\u00e9 op\u011bt eminentn\u011b zaj\u00edmal. Ad\u00e9la \u0160af\u00e1\u0159ov\u00e1, &#8222;namlsan\u00e1&#8220; bronzem z T\u00e1bora a p\u0159ekypuj\u00edc\u00ed sebev\u011bdom\u00edm, si op\u011bt brousila zuby na soupe\u0159ky nejen star\u0161\u00ed, ale hlavn\u011b podstatn\u011b zku\u0161en\u011bj\u0161\u00ed&#8230; V z\u00e1vod\u011b pak p\u0159edvedla pravou \u00f3du na cyklokros. P\u0159edev\u0161\u00edm jej\u00ed vyzr\u00e1l\u00fd rutinn\u00ed projev \u00a0vysloven\u011b imponoval. Kdy\u017e bylo t\u0159eba, dok\u00e1zala odhadnout p\u0159esn\u011b v\u00fdvoj z\u00e1vodu a reagovala pat\u0159i\u010dnou razantn\u00ed akcelerac\u00ed a nic na tom nem\u011bn\u00ed skute\u010dnost, \u017ee v lesn\u00ed pas\u00e1\u017ei trat\u011b m\u011bla p\u00e1d do t\u00e9 doby vedouc\u00ed z\u00e1vodnice Martina Mikul\u00e1\u0161kov\u00e1. Za skv\u011bl\u00fd taktick\u00fd v\u00fdkon byla Adys po z\u00e1sluze odm\u011bn\u011bna v c\u00edli st\u0159\u00edbrnou medail\u00ed, kdy\u017e pouh\u00fdch osm vte\u0159inek p\u0159ed n\u00ed pro\u0165ala c\u00edlovou p\u00e1sku v\u00edt\u011bzn\u00e1 Jana &#8222;\u010ci\u010dina&#8220; Czecinkarov\u00e1&#8230; Ladn\u00e1 Ad\u00e9l\u010dina z\u00e1da si v Lounech byly nuceny v pr\u016fb\u011bhu z\u00e1vodu soustavn\u011b prohl\u00ed\u017eet takov\u00e9 cyklokrosa\u0159ky, jako Nikola Noskov\u00e1, zm\u00edn\u011bna Martina Mikul\u00e1\u0161kov\u00e1, slovensk\u00e1 \u0161ampionka Janka Keseg \u0160tevkov\u00e1 a dal\u0161\u00ed&#8230; Ad\u00e9la i po \u00a0Lounech dr\u017e\u00ed suver\u00e9nn\u011b v pr\u016fb\u011b\u017en\u00e9m po\u0159adi TOI TOI Cupu m\u00e1lo uv\u011b\u0159iteln\u00e9 druh\u00e9 m\u00edsto a o nast\u00e1vaj\u00edc\u00edm v\u00edkendu j\u00ed zm\u00e1\u010dkneme pale\u010dky op\u011bt: bude reprezentovat \u010cR na Mistrovsv\u00ed Evropy v nizozemsk\u00e9m Huijbergenu!<\/p>\n<figure id=\"attachment_1961\" aria-describedby=\"caption-attachment-1961\" style=\"width: 764px\" class=\"wp-caption alignnone\"><a href=\"http:\/\/www.moravecteam.cz\/?attachment_id=1961\" rel=\"attachment wp-att-1961\"><img decoding=\"async\" loading=\"lazy\" class=\" wp-image-1961\" alt=\"IMG_2984\" src=\"http:\/\/www.moravecteam.cz\/wp-content\/uploads\/2015\/11\/IMG_2984.jpg\" width=\"764\" height=\"979\" srcset=\"https:\/\/www.moravecteam.cz\/wp-content\/uploads\/2015\/11\/IMG_2984.jpg 764w, https:\/\/www.moravecteam.cz\/wp-content\/uploads\/2015\/11\/IMG_2984-234x300.jpg 234w\" sizes=\"(max-width: 764px) 100vw, 764px\" \/><\/a><figcaption id=\"caption-attachment-1961\" class=\"wp-caption-text\">Dv\u011b borky, kter\u00e9 &#8222;ud\u011blaly&#8220; z\u00e1vod \u017een: Ad\u00e9la \u0160af\u00e1\u0159ov\u00e1 v tomto okam\u017eiku jako l\u00eddr, za n\u00ed pozd\u011bj\u0161\u00ed v\u00edt\u011bzka Jana Czecinkarov\u00e1.<\/figcaption><\/figure>\n<p style=\"text-align: justify;\">Za Louny op\u011bt na\u0161im repro\u0161\u016fm vysek\u00e1v\u00e1me hlubokou poklonu a let\u00ed k nim od n\u00e1s velk\u00fd d\u00edk za vzorn\u00e9 repre MORAVCE. S d\u011bkova\u010dkou nem\u016f\u017eeme opomenout ani podp\u016frn\u00fd t\u00fdm, p\u0159i\u010dem\u017e ob\u011bma tren\u00e9r\u016fm pat\u0159\u00ed uzn\u00e1n\u00ed nejen za to, \u017ee vhodnou formou p\u0159\u00edpravy se jim da\u0159\u00ed na\u0161e snajpry neust\u00e1le &#8211; i p\u0159es \u010dasov\u011b hodn\u011b pokro\u010dilou f\u00e1zi sez\u00f3ny &#8211; urychlovat, ale \u017ee jim dokazuj\u00ed optim\u00e1ln\u011b ladit tolik pot\u0159ebn\u00e9 z\u00e1vodn\u00ed sebev\u011bdom\u00ed do &#8222;bojovna&#8220; bez ohledu na s\u00edlu a kvalitu t\u011b\u017ek\u00fdch soupe\u0159\u016f&#8230; Druhou polovinu cyklokrosa\u0159sk\u00e9 sez\u00f3ny i z t\u011bchto d\u016fvod\u016f m\u016f\u017eeme proto vyhl\u00ed\u017eet, podle m\u00e9ho n\u00e1zoru, v klidu a bez obav! Zde jsou op\u011bt <strong><a href=\"http:\/\/moravecteam.rajce.idnes.cz\/2015.10.31._TOI_TOI_Cup_Louny\/\">bezva fotky <\/a><\/strong>Libora, ofici\u00e1ln\u00ed <strong><a href=\"http:\/\/www.cyklokros.cz\/cz\/cyklokros-cz\/aktuality\/465-v-lounech-vyhral-simunek-pred-domacim-niplem\">report z Loun omrkn\u011bte zase tu\u0165<\/a><\/strong>, a jak rozlouskl tren\u00e9r Petr Dlask <strong><a href=\"http:\/\/www.cyklokros.cz\/cz\/cyklokros-cz\/aktuality\/466-trener-dlask-oznamil-nominaci-na-mistrovstvi-evropy\">nomina\u010dn\u00ed tajenku na Evropu studujte tady<\/a><\/strong>.<\/p>\n","protected":false},"excerpt":{"rendered":"<p>V osmi dnech absolvovala \u010desk\u00e1 cyklokrosa\u0159sk\u00e1 \u0161pi\u010dka hned t\u0159i z\u00e1vody n\u00e1rodn\u00edho poh\u00e1ru! V\u011bru p\u011bkn\u00e1 porce cyklistick\u00e9 rachoty, kterou k na\u0161\u00ed velk\u00e9 radosti zvl\u00e1dla\u00a0do\u010dasn\u00e1 cyklokrosa\u0159sk\u00e1 rota MORAVCE excelentn\u011b. Z\u00e1vod od z\u00e1vodu se na\u0161i p\u0159ev\u00e1\u017en\u011b zlep\u0161ovali v\u00fdkonov\u011b a logicky i v\u00fdsledkov\u011b. Minulou sobotu pohostily \u010deskou cyklokrosa\u0159skou elitu z\u00e1pado\u010desk\u00e9 Louny a\u00a0pro n\u00e1\u0161 odd\u00edl\u00a0byl tento z\u00e1vod dal\u0161\u00edm\u00a0jedine\u010dn\u00fdm&#8230; Po\u010detn\u011b sice &hellip; <a href=\"https:\/\/www.moravecteam.cz\/?p=1953\" class=\"more-link\">Pokra\u010dov\u00e1n\u00ed textu <span class=\"screen-reader-text\">Louny: dal\u0161\u00ed posun!<\/span> <span class=\"meta-nav\">&rarr;<\/span><\/a><\/p>\n","protected":false},"author":3,"featured_media":1970,"comment_status":"closed","ping_status":"closed","sticky":false,"template":"","format":"standard","meta":[],"categories":[1],"tags":[],"_links":{"self":[{"href":"https:\/\/www.moravecteam.cz\/index.php?rest_route=\/wp\/v2\/posts\/1953"}],"collection":[{"href":"https:\/\/www.moravecteam.cz\/index.php?rest_route=\/wp\/v2\/posts"}],"about":[{"href":"https:\/\/www.moravecteam.cz\/index.php?rest_route=\/wp\/v2\/types\/post"}],"author":[{"embeddable":true,"href":"https:\/\/www.moravecteam.cz\/index.php?rest_route=\/wp\/v2\/users\/3"}],"replies":[{"embeddable":true,"href":"https:\/\/www.moravecteam.cz\/index.php?rest_route=%2Fwp%2Fv2%2Fcomments&post=1953"}],"version-history":[{"count":6,"href":"https:\/\/www.moravecteam.cz\/index.php?rest_route=\/wp\/v2\/posts\/1953\/revisions"}],"predecessor-version":[{"id":1967,"href":"https:\/\/www.moravecteam.cz\/index.php?rest_route=\/wp\/v2\/posts\/1953\/revisions\/1967"}],"wp:featuredmedia":[{"embeddable":true,"href":"https:\/\/www.moravecteam.cz\/index.php?rest_route=\/wp\/v2\/media\/1970"}],"wp:attachment":[{"href":"https:\/\/www.moravecteam.cz\/index.php?rest_route=%2Fwp%2Fv2%2Fmedia&parent=1953"}],"wp:term":[{"taxonomy":"category","embeddable":true,"href":"https:\/\/www.moravecteam.cz\/index.php?rest_route=%2Fwp%2Fv2%2Fcategories&post=1953"},{"taxonomy":"post_tag","embeddable":true,"href":"https:\/\/www.moravecteam.cz\/index.php?rest_route=%2Fwp%2Fv2%2Ftags&post=1953"}],"curies":[{"name":"wp","href":"https:\/\/api.w.org\/{rel}","templated":true}]}}