{"id":1955,"date":"2015-11-02T22:00:37","date_gmt":"2015-11-02T21:00:37","guid":{"rendered":"http:\/\/www.moravecteam.cz\/?p=1955"},"modified":"2015-11-04T14:17:07","modified_gmt":"2015-11-04T13:17:07","slug":"drakec-nelital-nizko","status":"publish","type":"post","link":"https:\/\/www.moravecteam.cz\/?p=1955","title":{"rendered":"Drakec nel\u00edtal n\u00edzko!"},"content":{"rendered":"<p style=\"text-align: justify;\"><span style=\"color: #993300;\"><strong>Draki\u00e1da je v obecn\u00e9 poloze akc\u00ed, kter\u00e1 &#8222;stoj\u00ed a pad\u00e1&#8220; s po\u010das\u00edm. P\u0159edev\u0161\u00edm pak v\u00edtr je holou nutnost\u00ed a kdy\u017e na dr\u00e1\u010dky a jejich letovody zasv\u00edt\u00ed je\u0161t\u011b slun\u00ed\u010dko &#8211; jedn\u00e1 se o konstelaci, kterou ozna\u010dujeme oby\u010dejn\u011b zna\u010dkou IDE\u00c1L. D\u00edky na\u0161emu patronovi, v cyklistick\u00e9m NEBI tr\u016fn\u00edc\u00edmu\u00a0Vlastimilu MORAVCOVI, se na prvn\u00ed listopadov\u00fd den se\u0161lo na tradi\u010dn\u00ed Drakec &#8211; MORAVEC z hlediska klimatologick\u00fdch podm\u00ednek v\u0161eho v optim\u00e1ln\u00ed m\u00ed\u0159e. A tak des\u00edtky pestrobarevn\u00fdch dr\u00e1\u010dk\u016f poseli severn\u00ed \u010d\u00e1st blankytn\u011b modr\u00e9 oblohy pobl\u00ed\u017e Pavlovsk\u00e9 kapli\u010dky a slune\u010dn\u00fd podzimn\u00ed den n\u00e1sledn\u011b dokouzlil spokojen\u00e9 \u00fasm\u011bvy v\u0161ech p\u0159\u00edtomn\u00fdch&#8230;<\/strong><\/span><\/p>\n<figure id=\"attachment_1977\" aria-describedby=\"caption-attachment-1977\" style=\"width: 1359px\" class=\"wp-caption alignnone\"><a href=\"http:\/\/www.moravecteam.cz\/?attachment_id=1977\" rel=\"attachment wp-att-1977\"><img decoding=\"async\" loading=\"lazy\" class=\" wp-image-1977\" alt=\"DSCN4365\" src=\"http:\/\/www.moravecteam.cz\/wp-content\/uploads\/2015\/11\/DSCN4365.jpg\" width=\"1359\" height=\"1009\" srcset=\"https:\/\/www.moravecteam.cz\/wp-content\/uploads\/2015\/11\/DSCN4365.jpg 1359w, https:\/\/www.moravecteam.cz\/wp-content\/uploads\/2015\/11\/DSCN4365-300x222.jpg 300w, https:\/\/www.moravecteam.cz\/wp-content\/uploads\/2015\/11\/DSCN4365-1024x760.jpg 1024w\" sizes=\"(max-width: 1359px) 100vw, 1359px\" \/><\/a><figcaption id=\"caption-attachment-1977\" class=\"wp-caption-text\">Dva draci ve formaci. Podobn\u00fdch uskupen\u00ed bylo vid\u011bt v r\u00e1mci Drakecu hodn\u011b&#8230;<\/figcaption><\/figure>\n<p style=\"text-align: justify;\">Leto\u0161n\u00ed Drakec byl zpest\u0159en mil\u00fdm p\u0159ekvapen\u00edm, o kter\u00e9 se postaral n\u00e1\u0161 dlouholet\u00fd, tak trochu nen\u00e1padn\u00fd, ale n\u00e1mi v\u0161emi uzn\u00e1van\u00fd \u010dlen &#8211; Dominik Vi\u010dar. Je jedn\u00edm ze skupinky ob\u011btav\u00fdch lid\u00ed z Pavlova, kte\u0159\u00ed se staraj\u00ed o m\u00edstn\u00ed kapli\u010dku. A kdy\u017e Dom\u010da navrhl Petrovi jej\u00ed prohl\u00eddku po t\u00e9, a\u017e n\u00e1s pou\u0161t\u011bn\u00ed drak\u016f p\u0159estane bavit, vedouc\u00ed MORAVCE se souhlasn\u00fdm p\u0159ik\u00fdvnut\u00edm nev\u00e1hal ani chvilku&#8230;<\/p>\n<figure id=\"attachment_1975\" aria-describedby=\"caption-attachment-1975\" style=\"width: 1604px\" class=\"wp-caption alignnone\"><a href=\"http:\/\/www.moravecteam.cz\/?attachment_id=1975\" rel=\"attachment wp-att-1975\"><img decoding=\"async\" loading=\"lazy\" class=\" wp-image-1975\" alt=\"DSCN4378\" src=\"http:\/\/www.moravecteam.cz\/wp-content\/uploads\/2015\/11\/DSCN4378.jpg\" width=\"1604\" height=\"2000\" srcset=\"https:\/\/www.moravecteam.cz\/wp-content\/uploads\/2015\/11\/DSCN4378.jpg 1604w, https:\/\/www.moravecteam.cz\/wp-content\/uploads\/2015\/11\/DSCN4378-240x300.jpg 240w, https:\/\/www.moravecteam.cz\/wp-content\/uploads\/2015\/11\/DSCN4378-821x1024.jpg 821w\" sizes=\"(max-width: 1604px) 100vw, 1604px\" \/><\/a><figcaption id=\"caption-attachment-1975\" class=\"wp-caption-text\">Laure\u00e1t hlavn\u00ed ceny: Pavl\u00edk Kub\u011bna z Blanska.<\/figcaption><\/figure>\n<p style=\"text-align: justify;\">Vlastn\u00ed n\u00e1v\u0161t\u011bv\u011b p\u016fsobiv\u00e9 sakr\u00e1ln\u00ed stavby ale p\u0159edch\u00e1zelo t\u00e9m\u011b\u0159 dvouhodinov\u00e9 vytrval\u00e9 vypou\u0161t\u011bn\u00ed drak\u016f a dr\u00e1\u010dk\u016f r\u016fzn\u00fdch velikost\u00ed a typ\u016f. A\u0165 u\u017e t\u011bch pestr\u00fdch &#8211; zakoupen\u00fdch, nebo t\u011bch doma vyroben\u00fdch, nem\u00e9n\u011b pestr\u00fdch, kter\u00fdch takt\u00e9\u017e nebylo m\u00e1lo. A pr\u00e1v\u011b dva kousky z dom\u00e1c\u00ed d\u00edlny na\u0161eho blanensk\u00e9ho \u010dlena Pavla Kub\u011bny, kter\u00fd se sv\u00fdmi dv\u011bma syny nejen \u017ee zav\u011bsili na modrou oblohu sv\u00e9ho dr\u00e1\u010dka jako v\u016fbec prvn\u00ed, ale jejich \u00fa\u010dinkov\u00e1n\u00ed na Drakecu zaujalo odbornou porotu (Milan Tlamka, Tereza Koudelkov\u00e1, Veronika Koudelkov\u00e1) na tolik, \u017ee hlavn\u00ed cena po z\u00e1sluze v pozdn\u00edm slune\u010dn\u00e9m ned\u011bln\u00edm odpoledni odfr\u010dela do Blanska!<\/p>\n<figure id=\"attachment_1974\" aria-describedby=\"caption-attachment-1974\" style=\"width: 1401px\" class=\"wp-caption alignnone\"><a href=\"http:\/\/www.moravecteam.cz\/?attachment_id=1974\" rel=\"attachment wp-att-1974\"><img decoding=\"async\" loading=\"lazy\" class=\" wp-image-1974\" alt=\"OLYMPUS DIGITAL CAMERA\" src=\"http:\/\/www.moravecteam.cz\/wp-content\/uploads\/2015\/11\/P1010294.jpg\" width=\"1401\" height=\"1814\" srcset=\"https:\/\/www.moravecteam.cz\/wp-content\/uploads\/2015\/11\/P1010294.jpg 1401w, https:\/\/www.moravecteam.cz\/wp-content\/uploads\/2015\/11\/P1010294-231x300.jpg 231w, https:\/\/www.moravecteam.cz\/wp-content\/uploads\/2015\/11\/P1010294-790x1024.jpg 790w\" sizes=\"(max-width: 1401px) 100vw, 1401px\" \/><\/a><figcaption id=\"caption-attachment-1974\" class=\"wp-caption-text\">Roz\u00e1rka Vond\u00e1lov\u00e1 co by zku\u0161en\u00e1 drakovodka&#8230;<\/figcaption><\/figure>\n<p style=\"text-align: justify;\">Petr\u016fv pokyn, aby drakovodi dodr\u017eovali letovou hladinu sv\u00fdch l\u00e9tavc\u016f pod hranic\u00ed 10.000 metr\u016f a nek\u0159i\u017eovali tak cestu\u00a0leteck\u00fdm dopravn\u00edm spoj\u016fm, jejich\u017e koridor se nad do\u010dasn\u00fdm dra\u010d\u00edm kolbi\u0161t\u011bm nach\u00e1zel, byl beze zbytku v\u0161emi disciplinovan\u011b dodr\u017een. I kdy\u017e trochu nevozity vyvol\u00e1val nekone\u010dn\u00fd motouz, poutaj\u00edc\u00ed pevn\u011b dr\u00e1\u010dka z d\u00edlny na\u0161eho \u0161\u00e9fmechanika Milana \u0160af\u00e1\u0159e, kter\u00fd spole\u010dn\u011b se svou s drakovodkou Verunkou m\u011bl i d\u00edky bezprecedentn\u011b d\u016fmysln\u00e9mu odv\u00edjec\u00edmu za\u0159\u00edzen\u00ed ambici letov\u00e9 hladiny dopravn\u00edch stroj\u016f typu Boing 747 dos\u00e1hnout. Ale Milan s Ver\u010dou se nakonec spokojili s z\u00e1letem sv\u00e9ho sv\u011b\u0159ence do v\u00fd\u0161ky &#8222;jen&#8220; 7.300&#8230; Tak\u017ee piloti dopravn\u00edch linek mohli b\u00fd po dobu Drakecu opravdu v klidu a &#8222;oukeju&#8220; z\u00e1rove\u0148&#8230;<\/p>\n<figure id=\"attachment_1972\" aria-describedby=\"caption-attachment-1972\" style=\"width: 2000px\" class=\"wp-caption alignnone\"><a href=\"http:\/\/www.moravecteam.cz\/?attachment_id=1972\" rel=\"attachment wp-att-1972\"><img decoding=\"async\" loading=\"lazy\" class=\" wp-image-1972\" alt=\"OLYMPUS DIGITAL CAMERA\" src=\"http:\/\/www.moravecteam.cz\/wp-content\/uploads\/2015\/11\/P1010322.jpg\" width=\"2000\" height=\"1202\" srcset=\"https:\/\/www.moravecteam.cz\/wp-content\/uploads\/2015\/11\/P1010322.jpg 2000w, https:\/\/www.moravecteam.cz\/wp-content\/uploads\/2015\/11\/P1010322-300x180.jpg 300w, https:\/\/www.moravecteam.cz\/wp-content\/uploads\/2015\/11\/P1010322-1024x615.jpg 1024w\" sizes=\"(max-width: 2000px) 100vw, 2000px\" \/><\/a><figcaption id=\"caption-attachment-1972\" class=\"wp-caption-text\">O zpest\u0159en\u00ed Drakecu se n\u00e1m postaral Dom\u010da Vi\u010dar, kter\u00fd n\u00e1m uk\u00e1zal interi\u00e9r Pavlovsk\u00e9 kaple.<\/figcaption><\/figure>\n<p style=\"text-align: justify;\">D\u00edky Dominiu Vi\u010darovi u\u017e ale v\u00edme o v\u00edce jak dvacetilet\u00e9 historii p\u016fvabn\u00e9 Pavlovsk\u00e9 kapli\u010dky, kdy\u017e Petr zasv\u011bcen\u00fd Dom\u010d\u016fv v\u00fdklad pouze doplnil informac\u00ed, co \u017ee vlastn\u011b bylo impulsem k jej\u00ed v\u00fdstavb\u011b a kdo \u017ee vlastn\u011b stoj\u00ed za autamatick\u00fdm spou\u0161t\u011bn\u00edm uchulib\u00e9ho zvon\u011bn\u00ed (samoz\u0159ejm\u011b \u017ee je to \u010dlen MORAVCE). Co je\u0161t\u011b Petr zapomn\u011bl dodat je skute\u010dnost, \u017ee st\u00e1vaj\u00edc\u00ed zvonek byl za druh\u00e9 sv\u011btov\u00e9 v\u00e1lky fa\u0161ist\u016fm pavlovsk\u00fdmi ob\u010dany zatajen a nepotkal ho tud\u00ed\u017e jako osud v\u011bt\u0161iny zvon\u016f z kapl\u00ed a kostel\u016f v \u010dech\u00e1ch &#8211; tj. roztaven\u00ed za \u00fa\u010delem v\u00fdroby zbran\u00ed pro n\u011bmeckou arm\u00e1du.<\/p>\n<figure id=\"attachment_1979\" aria-describedby=\"caption-attachment-1979\" style=\"width: 2000px\" class=\"wp-caption alignnone\"><a href=\"http:\/\/www.moravecteam.cz\/?attachment_id=1979\" rel=\"attachment wp-att-1979\"><img decoding=\"async\" loading=\"lazy\" class=\" wp-image-1979\" alt=\"OLYMPUS DIGITAL CAMERA\" src=\"http:\/\/www.moravecteam.cz\/wp-content\/uploads\/2015\/11\/P1010347.jpg\" width=\"2000\" height=\"1500\" srcset=\"https:\/\/www.moravecteam.cz\/wp-content\/uploads\/2015\/11\/P1010347.jpg 2000w, https:\/\/www.moravecteam.cz\/wp-content\/uploads\/2015\/11\/P1010347-300x225.jpg 300w, https:\/\/www.moravecteam.cz\/wp-content\/uploads\/2015\/11\/P1010347-1024x768.jpg 1024w\" sizes=\"(max-width: 2000px) 100vw, 2000px\" \/><\/a><figcaption id=\"caption-attachment-1979\" class=\"wp-caption-text\">Fin\u00e1le na Morav\u011b: fr\u010d\u00ed vymalov\u00e1v\u00e1n\u00ed upom\u00ednkov\u00fdch diplomk\u016f.<\/figcaption><\/figure>\n<p style=\"text-align: justify;\">Fini\u0161ovali jsme v hojn\u00e9m po\u010dtu na na\u0161\u00ed &#8222;mate\u0159sk\u00e9 z\u00e1kladn\u011b&#8220;, kterou neku\u0159\u00e1ck\u00e1 \u010d\u00e1st bene\u0161ovsk\u00e9 restaurace Morava pro n\u00e1\u0161 odd\u00edl u\u017e po l\u00e9ta je. A zde se op\u011bt samovoln\u011b rozb\u011bhla dal\u0161\u00ed sympatick\u00e1 \u010dinnost: proto\u017ee upom\u00ednkov\u00fdm diplomkem byl odm\u011bn\u011bn prakticky ka\u017ed\u00fd \u00fa\u010dastn\u00edk Drakecu, za\u010dalo ze strany d\u011bt\u00ed dejen vymalov\u00e1v\u00e1n\u00ed motivu draka, kter\u00fd diplomku v\u00e9vodil, ale i zapisov\u00e1n\u00ed p\u0159\u00e1n\u00ed\u010dek a v\u011bnov\u00e1n\u00ed od jednoho k druh\u00e9mu a od druh\u00e9ho k prvn\u00edmu&#8230; Tato up\u0159\u00edmn\u00e1 \u010dinnost od srd\u00ed\u010dka n\u00e1s bavila u\u017e i na minul\u00fdch draki\u00e1d\u00e1ch a zd\u00e1 se, \u017ee se stane p\u0159i t\u00e9to akci ka\u017edoro\u010dn\u011b tradic\u00ed. A zda se n\u00e1m z \u00fatuln\u00e9 hosp\u016fdky cht\u011blo? Co mysl\u00edte? Zde jsou <strong><a href=\"http:\/\/moravecteam.rajce.idnes.cz\/2015.11.01._Drakiada_Drakec-MORAVEC\/\">fotky z Petrov\u00fdch dvou fotosamopal\u016f<\/a><\/strong>, ty co tam nenajdete jsou s pat\u0159i\u010dn\u00fdm koment\u00e1\u0159em p\u0159\u00edmo zde:<\/p>\n<div id='gallery-1' class='gallery galleryid-1955 gallery-columns-9 gallery-size-thumbnail'><figure class='gallery-item'>\n\t\t\t<div class='gallery-icon landscape'>\n\t\t\t\t<a href='https:\/\/www.moravecteam.cz\/?attachment_id=1980'><img width=\"25\" height=\"25\" src=\"https:\/\/www.moravecteam.cz\/wp-content\/uploads\/2015\/11\/DSCN4333-25x25.jpg\" class=\"attachment-thumbnail size-thumbnail\" alt=\"\" decoding=\"async\" loading=\"lazy\" aria-describedby=\"gallery-1-1980\" \/><\/a>\n\t\t\t<\/div>\n\t\t\t\t<figcaption class='wp-caption-text gallery-caption' id='gallery-1-1980'>\n\t\t\t\tModr\u00e9 nebe se zaplnilo draky a dr\u00e1\u010dky velmi rychle&#8230;\n\t\t\t\t<\/figcaption><\/figure><figure class='gallery-item'>\n\t\t\t<div class='gallery-icon landscape'>\n\t\t\t\t<a href='https:\/\/www.moravecteam.cz\/?attachment_id=1981'><img width=\"25\" height=\"25\" src=\"https:\/\/www.moravecteam.cz\/wp-content\/uploads\/2015\/11\/DSCN4335-25x25.jpg\" class=\"attachment-thumbnail size-thumbnail\" alt=\"\" decoding=\"async\" loading=\"lazy\" aria-describedby=\"gallery-1-1981\" \/><\/a>\n\t\t\t<\/div>\n\t\t\t\t<figcaption class='wp-caption-text gallery-caption' id='gallery-1-1981'>\n\t\t\t\tPetr apeluje na nepodjatost odborn\u00fdch porotc\u016f&#8230;\n\t\t\t\t<\/figcaption><\/figure><figure class='gallery-item'>\n\t\t\t<div class='gallery-icon landscape'>\n\t\t\t\t<a href='https:\/\/www.moravecteam.cz\/?attachment_id=1982'><img width=\"25\" height=\"25\" src=\"https:\/\/www.moravecteam.cz\/wp-content\/uploads\/2015\/11\/DSCN4341-25x25.jpg\" class=\"attachment-thumbnail size-thumbnail\" alt=\"\" decoding=\"async\" loading=\"lazy\" aria-describedby=\"gallery-1-1982\" \/><\/a>\n\t\t\t<\/div>\n\t\t\t\t<figcaption class='wp-caption-text gallery-caption' id='gallery-1-1982'>\n\t\t\t\tPov\u011btrnostn\u00ed podm\u00ednky byly optim\u00e1ln\u00ed.\n\t\t\t\t<\/figcaption><\/figure><figure class='gallery-item'>\n\t\t\t<div class='gallery-icon landscape'>\n\t\t\t\t<a href='https:\/\/www.moravecteam.cz\/?attachment_id=1983'><img width=\"25\" height=\"25\" src=\"https:\/\/www.moravecteam.cz\/wp-content\/uploads\/2015\/11\/DSCN4359-25x25.jpg\" class=\"attachment-thumbnail size-thumbnail\" alt=\"\" decoding=\"async\" loading=\"lazy\" aria-describedby=\"gallery-1-1983\" \/><\/a>\n\t\t\t<\/div>\n\t\t\t\t<figcaption class='wp-caption-text gallery-caption' id='gallery-1-1983'>\n\t\t\t\tTento dravec byl ji\u0161t\u011bn p\u0159i sv\u00e9m letov\u00e9m v\u00fdkonu na udici!\n\t\t\t\t<\/figcaption><\/figure><figure class='gallery-item'>\n\t\t\t<div class='gallery-icon portrait'>\n\t\t\t\t<a href='https:\/\/www.moravecteam.cz\/?attachment_id=1984'><img width=\"25\" height=\"25\" src=\"https:\/\/www.moravecteam.cz\/wp-content\/uploads\/2015\/11\/DSCN4362-25x25.jpg\" class=\"attachment-thumbnail size-thumbnail\" alt=\"\" decoding=\"async\" loading=\"lazy\" aria-describedby=\"gallery-1-1984\" \/><\/a>\n\t\t\t<\/div>\n\t\t\t\t<figcaption class='wp-caption-text gallery-caption' id='gallery-1-1984'>\n\t\t\t\tMonika se st\u0159idala na pozici drakovoda s Tom\u00e1\u0161em.\n\t\t\t\t<\/figcaption><\/figure><figure class='gallery-item'>\n\t\t\t<div class='gallery-icon landscape'>\n\t\t\t\t<a href='https:\/\/www.moravecteam.cz\/?attachment_id=1985'><img width=\"25\" height=\"25\" src=\"https:\/\/www.moravecteam.cz\/wp-content\/uploads\/2015\/11\/DSCN4364-25x25.jpg\" class=\"attachment-thumbnail size-thumbnail\" alt=\"\" decoding=\"async\" loading=\"lazy\" aria-describedby=\"gallery-1-1985\" \/><\/a>\n\t\t\t<\/div>\n\t\t\t\t<figcaption class='wp-caption-text gallery-caption' id='gallery-1-1985'>\n\t\t\t\tDva krasavci na modr\u00e9m pozad\u00ed&#8230;\n\t\t\t\t<\/figcaption><\/figure><figure class='gallery-item'>\n\t\t\t<div class='gallery-icon landscape'>\n\t\t\t\t<a href='https:\/\/www.moravecteam.cz\/?attachment_id=1986'><img width=\"25\" height=\"25\" src=\"https:\/\/www.moravecteam.cz\/wp-content\/uploads\/2015\/11\/DSCN4368-25x25.jpg\" class=\"attachment-thumbnail size-thumbnail\" alt=\"\" decoding=\"async\" loading=\"lazy\" aria-describedby=\"gallery-1-1986\" \/><\/a>\n\t\t\t<\/div>\n\t\t\t\t<figcaption class='wp-caption-text gallery-caption' id='gallery-1-1986'>\n\t\t\t\t&#8222;Saf\u00edk&#8220; na vzdu\u0161n\u00e9m dostaven\u00ed\u010dku s krtkem\n\t\t\t\t<\/figcaption><\/figure><figure class='gallery-item'>\n\t\t\t<div class='gallery-icon portrait'>\n\t\t\t\t<a href='https:\/\/www.moravecteam.cz\/?attachment_id=1987'><img width=\"25\" height=\"25\" src=\"https:\/\/www.moravecteam.cz\/wp-content\/uploads\/2015\/11\/DSCN4381-25x25.jpg\" class=\"attachment-thumbnail size-thumbnail\" alt=\"\" decoding=\"async\" loading=\"lazy\" aria-describedby=\"gallery-1-1987\" \/><\/a>\n\t\t\t<\/div>\n\t\t\t\t<figcaption class='wp-caption-text gallery-caption' id='gallery-1-1987'>\n\t\t\t\tV\u00edt\u011bzov\u00e9 po z\u00e1sluze odm\u011bn\u011bni.\n\t\t\t\t<\/figcaption><\/figure><figure class='gallery-item'>\n\t\t\t<div class='gallery-icon landscape'>\n\t\t\t\t<a href='https:\/\/www.moravecteam.cz\/?attachment_id=1988'><img width=\"25\" height=\"25\" src=\"https:\/\/www.moravecteam.cz\/wp-content\/uploads\/2015\/11\/DSCN4393-25x25.jpg\" class=\"attachment-thumbnail size-thumbnail\" alt=\"\" decoding=\"async\" loading=\"lazy\" aria-describedby=\"gallery-1-1988\" \/><\/a>\n\t\t\t<\/div>\n\t\t\t\t<figcaption class='wp-caption-text gallery-caption' id='gallery-1-1988'>\n\t\t\t\tNa hladinu 7.000 \u0161el &#8222;\u0160af\u00edk&#8220; neoby\u010dejn\u011b rychle!\n\t\t\t\t<\/figcaption><\/figure><figure class='gallery-item'>\n\t\t\t<div class='gallery-icon landscape'>\n\t\t\t\t<a href='https:\/\/www.moravecteam.cz\/?attachment_id=1989'><img width=\"25\" height=\"25\" src=\"https:\/\/www.moravecteam.cz\/wp-content\/uploads\/2015\/11\/DSCN4395-25x25.jpg\" class=\"attachment-thumbnail size-thumbnail\" alt=\"\" decoding=\"async\" loading=\"lazy\" aria-describedby=\"gallery-1-1989\" \/><\/a>\n\t\t\t<\/div>\n\t\t\t\t<figcaption class='wp-caption-text gallery-caption' id='gallery-1-1989'>\n\t\t\t\tSpole\u010dn\u00e1 po letov\u00e9 akci. Odpoledne ale je\u0161t\u011b nekon\u010d\u00ed&#8230;\n\t\t\t\t<\/figcaption><\/figure><figure class='gallery-item'>\n\t\t\t<div class='gallery-icon portrait'>\n\t\t\t\t<a href='https:\/\/www.moravecteam.cz\/?attachment_id=1990'><img width=\"25\" height=\"25\" src=\"https:\/\/www.moravecteam.cz\/wp-content\/uploads\/2015\/11\/P1010297-25x25.jpg\" class=\"attachment-thumbnail size-thumbnail\" alt=\"\" decoding=\"async\" loading=\"lazy\" aria-describedby=\"gallery-1-1990\" \/><\/a>\n\t\t\t<\/div>\n\t\t\t\t<figcaption class='wp-caption-text gallery-caption' id='gallery-1-1990'>\n\t\t\t\tMaru\u0161ka sl\u00edbila, \u017ee p\u0159\u00ed\u0161t\u011b u\u017e doraz\u00ed taky s drakem.\n\t\t\t\t<\/figcaption><\/figure><figure class='gallery-item'>\n\t\t\t<div class='gallery-icon landscape'>\n\t\t\t\t<a href='https:\/\/www.moravecteam.cz\/?attachment_id=1995'><img width=\"25\" height=\"25\" src=\"https:\/\/www.moravecteam.cz\/wp-content\/uploads\/2015\/11\/P1010313-25x25.jpg\" class=\"attachment-thumbnail size-thumbnail\" alt=\"\" decoding=\"async\" loading=\"lazy\" aria-describedby=\"gallery-1-1995\" \/><\/a>\n\t\t\t<\/div>\n\t\t\t\t<figcaption class='wp-caption-text gallery-caption' id='gallery-1-1995'>\n\t\t\t\tHv\u011bzdi\u010dky \u010desk\u00e9ho ml\u00e1de\u017enick\u00e9ho cyklokrosu si u\u017e\u00edvali zaslou\u017een\u00fd relax.\n\t\t\t\t<\/figcaption><\/figure><figure class='gallery-item'>\n\t\t\t<div class='gallery-icon landscape'>\n\t\t\t\t<a href='https:\/\/www.moravecteam.cz\/?attachment_id=1994'><img width=\"25\" height=\"25\" src=\"https:\/\/www.moravecteam.cz\/wp-content\/uploads\/2015\/11\/P1010312-25x25.jpg\" class=\"attachment-thumbnail size-thumbnail\" alt=\"\" decoding=\"async\" loading=\"lazy\" aria-describedby=\"gallery-1-1994\" \/><\/a>\n\t\t\t<\/div>\n\t\t\t\t<figcaption class='wp-caption-text gallery-caption' id='gallery-1-1994'>\n\t\t\t\tAni\u010dka s Krist\u00fdnou se bav\u00ed po sv\u00e9m.\n\t\t\t\t<\/figcaption><\/figure><figure class='gallery-item'>\n\t\t\t<div class='gallery-icon landscape'>\n\t\t\t\t<a href='https:\/\/www.moravecteam.cz\/?attachment_id=1993'><img width=\"25\" height=\"25\" src=\"https:\/\/www.moravecteam.cz\/wp-content\/uploads\/2015\/11\/P1010306-25x25.jpg\" class=\"attachment-thumbnail size-thumbnail\" alt=\"\" decoding=\"async\" loading=\"lazy\" aria-describedby=\"gallery-1-1993\" srcset=\"https:\/\/www.moravecteam.cz\/wp-content\/uploads\/2015\/11\/P1010306-25x25.jpg 25w, https:\/\/www.moravecteam.cz\/wp-content\/uploads\/2015\/11\/P1010306-300x289.jpg 300w, https:\/\/www.moravecteam.cz\/wp-content\/uploads\/2015\/11\/P1010306-1024x988.jpg 1024w, https:\/\/www.moravecteam.cz\/wp-content\/uploads\/2015\/11\/P1010306.jpg 1453w\" sizes=\"(max-width: 25px) 100vw, 25px\" \/><\/a>\n\t\t\t<\/div>\n\t\t\t\t<figcaption class='wp-caption-text gallery-caption' id='gallery-1-1993'>\n\t\t\t\tKomu je na stop\u011b Lenka?\n\t\t\t\t<\/figcaption><\/figure><figure class='gallery-item'>\n\t\t\t<div class='gallery-icon landscape'>\n\t\t\t\t<a href='https:\/\/www.moravecteam.cz\/?attachment_id=1992'><img width=\"25\" height=\"25\" src=\"https:\/\/www.moravecteam.cz\/wp-content\/uploads\/2015\/11\/P1010303-25x25.jpg\" class=\"attachment-thumbnail size-thumbnail\" alt=\"\" decoding=\"async\" loading=\"lazy\" aria-describedby=\"gallery-1-1992\" \/><\/a>\n\t\t\t<\/div>\n\t\t\t\t<figcaption class='wp-caption-text gallery-caption' id='gallery-1-1992'>\n\t\t\t\tSedum state\u010dn\u00fdch v dra\u010d\u00edm doup\u011bti&#8230;\n\t\t\t\t<\/figcaption><\/figure><figure class='gallery-item'>\n\t\t\t<div class='gallery-icon landscape'>\n\t\t\t\t<a href='https:\/\/www.moravecteam.cz\/?attachment_id=1991'><img width=\"25\" height=\"25\" src=\"https:\/\/www.moravecteam.cz\/wp-content\/uploads\/2015\/11\/P1010302-25x25.jpg\" class=\"attachment-thumbnail size-thumbnail\" alt=\"\" decoding=\"async\" loading=\"lazy\" aria-describedby=\"gallery-1-1991\" \/><\/a>\n\t\t\t<\/div>\n\t\t\t\t<figcaption class='wp-caption-text gallery-caption' id='gallery-1-1991'>\n\t\t\t\tDruh\u00e1 spole\u010dn\u00e1.  Slun\u00ed\u010dko n\u00e1s &#8222;fest&#8220; \u0161imralo&#8230;\n\t\t\t\t<\/figcaption><\/figure><figure class='gallery-item'>\n\t\t\t<div class='gallery-icon landscape'>\n\t\t\t\t<a href='https:\/\/www.moravecteam.cz\/?attachment_id=1996'><img width=\"25\" height=\"25\" src=\"https:\/\/www.moravecteam.cz\/wp-content\/uploads\/2015\/11\/P1010316-25x25.jpg\" class=\"attachment-thumbnail size-thumbnail\" alt=\"\" decoding=\"async\" loading=\"lazy\" aria-describedby=\"gallery-1-1996\" \/><\/a>\n\t\t\t<\/div>\n\t\t\t\t<figcaption class='wp-caption-text gallery-caption' id='gallery-1-1996'>\n\t\t\t\tDorazil Dominik. Za chvilku n\u00e1m dovol\u00ed nakouknout do kapli\u010dky.\n\t\t\t\t<\/figcaption><\/figure><figure class='gallery-item'>\n\t\t\t<div class='gallery-icon landscape'>\n\t\t\t\t<a href='https:\/\/www.moravecteam.cz\/?attachment_id=1997'><img width=\"25\" height=\"25\" src=\"https:\/\/www.moravecteam.cz\/wp-content\/uploads\/2015\/11\/P1010320-25x25.jpg\" class=\"attachment-thumbnail size-thumbnail\" alt=\"\" decoding=\"async\" loading=\"lazy\" aria-describedby=\"gallery-1-1997\" \/><\/a>\n\t\t\t<\/div>\n\t\t\t\t<figcaption class='wp-caption-text gallery-caption' id='gallery-1-1997'>\n\t\t\t\tN\u0161\u011bkte\u0159\u00ed draci byli k neutah\u00e1n\u00ed&#8230;\n\t\t\t\t<\/figcaption><\/figure><figure class='gallery-item'>\n\t\t\t<div class='gallery-icon portrait'>\n\t\t\t\t<a href='https:\/\/www.moravecteam.cz\/?attachment_id=1998'><img width=\"25\" height=\"25\" src=\"https:\/\/www.moravecteam.cz\/wp-content\/uploads\/2015\/11\/P1010327-25x25.jpg\" class=\"attachment-thumbnail size-thumbnail\" alt=\"\" decoding=\"async\" loading=\"lazy\" aria-describedby=\"gallery-1-1998\" \/><\/a>\n\t\t\t<\/div>\n\t\t\t\t<figcaption class='wp-caption-text gallery-caption' id='gallery-1-1998'>\n\t\t\t\tVerunce se v kapli\u010dce l\u00edbilo&#8230;\n\t\t\t\t<\/figcaption><\/figure><figure class='gallery-item'>\n\t\t\t<div class='gallery-icon landscape'>\n\t\t\t\t<a href='https:\/\/www.moravecteam.cz\/?attachment_id=1999'><img width=\"25\" height=\"25\" src=\"https:\/\/www.moravecteam.cz\/wp-content\/uploads\/2015\/11\/P1010329-25x25.jpg\" class=\"attachment-thumbnail size-thumbnail\" alt=\"\" decoding=\"async\" loading=\"lazy\" aria-describedby=\"gallery-1-1999\" \/><\/a>\n\t\t\t<\/div>\n\t\t\t\t<figcaption class='wp-caption-text gallery-caption' id='gallery-1-1999'>\n\t\t\t\tA nejen j\u00ed&#8230;\n\t\t\t\t<\/figcaption><\/figure><figure class='gallery-item'>\n\t\t\t<div class='gallery-icon landscape'>\n\t\t\t\t<a href='https:\/\/www.moravecteam.cz\/?attachment_id=2000'><img width=\"25\" height=\"25\" src=\"https:\/\/www.moravecteam.cz\/wp-content\/uploads\/2015\/11\/P1010343-25x25.jpg\" class=\"attachment-thumbnail size-thumbnail\" alt=\"\" decoding=\"async\" loading=\"lazy\" aria-describedby=\"gallery-1-2000\" \/><\/a>\n\t\t\t<\/div>\n\t\t\t\t<figcaption class='wp-caption-text gallery-caption' id='gallery-1-2000'>\n\t\t\t\tSple\u010dn\u00e1 po skon\u010den\u00ed n\u00e1v\u0161t\u011bvy kapli\u010dky p\u0159ed jej\u00edm vchodem.\n\t\t\t\t<\/figcaption><\/figure>\n\t\t<\/div>\n\n<p style=\"text-align: justify;\">\n","protected":false},"excerpt":{"rendered":"<p>Draki\u00e1da je v obecn\u00e9 poloze akc\u00ed, kter\u00e1 &#8222;stoj\u00ed a pad\u00e1&#8220; s po\u010das\u00edm. P\u0159edev\u0161\u00edm pak v\u00edtr je holou nutnost\u00ed a kdy\u017e na dr\u00e1\u010dky a jejich letovody zasv\u00edt\u00ed je\u0161t\u011b slun\u00ed\u010dko &#8211; jedn\u00e1 se o konstelaci, kterou ozna\u010dujeme oby\u010dejn\u011b zna\u010dkou IDE\u00c1L. D\u00edky na\u0161emu patronovi, v cyklistick\u00e9m NEBI tr\u016fn\u00edc\u00edmu\u00a0Vlastimilu MORAVCOVI, se na prvn\u00ed listopadov\u00fd den se\u0161lo na tradi\u010dn\u00ed Drakec &hellip; <a href=\"https:\/\/www.moravecteam.cz\/?p=1955\" class=\"more-link\">Pokra\u010dov\u00e1n\u00ed textu <span class=\"screen-reader-text\">Drakec nel\u00edtal n\u00edzko!<\/span> <span class=\"meta-nav\">&rarr;<\/span><\/a><\/p>\n","protected":false},"author":3,"featured_media":1973,"comment_status":"closed","ping_status":"closed","sticky":false,"template":"","format":"standard","meta":[],"categories":[13],"tags":[],"_links":{"self":[{"href":"https:\/\/www.moravecteam.cz\/index.php?rest_route=\/wp\/v2\/posts\/1955"}],"collection":[{"href":"https:\/\/www.moravecteam.cz\/index.php?rest_route=\/wp\/v2\/posts"}],"about":[{"href":"https:\/\/www.moravecteam.cz\/index.php?rest_route=\/wp\/v2\/types\/post"}],"author":[{"embeddable":true,"href":"https:\/\/www.moravecteam.cz\/index.php?rest_route=\/wp\/v2\/users\/3"}],"replies":[{"embeddable":true,"href":"https:\/\/www.moravecteam.cz\/index.php?rest_route=%2Fwp%2Fv2%2Fcomments&post=1955"}],"version-history":[{"count":9,"href":"https:\/\/www.moravecteam.cz\/index.php?rest_route=\/wp\/v2\/posts\/1955\/revisions"}],"predecessor-version":[{"id":1978,"href":"https:\/\/www.moravecteam.cz\/index.php?rest_route=\/wp\/v2\/posts\/1955\/revisions\/1978"}],"wp:featuredmedia":[{"embeddable":true,"href":"https:\/\/www.moravecteam.cz\/index.php?rest_route=\/wp\/v2\/media\/1973"}],"wp:attachment":[{"href":"https:\/\/www.moravecteam.cz\/index.php?rest_route=%2Fwp%2Fv2%2Fmedia&parent=1955"}],"wp:term":[{"taxonomy":"category","embeddable":true,"href":"https:\/\/www.moravecteam.cz\/index.php?rest_route=%2Fwp%2Fv2%2Fcategories&post=1955"},{"taxonomy":"post_tag","embeddable":true,"href":"https:\/\/www.moravecteam.cz\/index.php?rest_route=%2Fwp%2Fv2%2Ftags&post=1955"}],"curies":[{"name":"wp","href":"https:\/\/api.w.org\/{rel}","templated":true}]}}