{"id":2004,"date":"2015-11-02T22:57:01","date_gmt":"2015-11-02T21:57:01","guid":{"rendered":"http:\/\/www.moravecteam.cz\/?p=2004"},"modified":"2015-11-05T09:47:29","modified_gmt":"2015-11-05T08:47:29","slug":"co-se-bude-dit-st45","status":"publish","type":"post","link":"https:\/\/www.moravecteam.cz\/?p=2004","title":{"rendered":"Co se bude d\u00edt? (ST45)"},"content":{"rendered":"<h5><span style=\"line-height: 1.33333; color: #993300;\">Sobota\u00a07.11. 2015<\/span><\/h5>\n<ul>\n<li style=\"text-align: justify;\">Zm\u00e1\u010dkneme palce Ad\u00e9le \u0160af\u00e1\u0159ov\u00e9, kter\u00e1 bude reprezentovat \u010ceskou republiku na cyklokrosov\u00e9m mistrovstv\u00ed Evropy v Nizozem\u00ed.<\/li>\n<li style=\"text-align: justify;\">Dal\u0161\u00ed v\u00fdboj na\u0161\u00ed DCR (Do\u010dasn\u00e1 Cyklokrosov\u00e1 Rota), tentokr\u00e1t do Star\u00e9 Vsi nad Ond\u0159ejnic\u00ed. I jim budeme dr\u017eet palce!<\/li>\n<li style=\"text-align: justify;\">\u00da\u010dast \u0161esti dobrovoln\u00edk\u016f z \u0159ad MORAVCE, kte\u0159\u00ed budou pom\u00e1hat p\u0159i organizaci b\u011b\u017eeck\u00e9ho z\u00e1vodu b r\u00e1mci veletrhu Sport Life v Brn\u011b. Sledujte tuto rubriku, podrobn\u00e9 informace zde budou uvedeny ihned, jak je obdr\u017e\u00edm od z\u00e1stupce hlavn\u00edho po\u0159adatele.<\/li>\n<\/ul>\n<h5><span style=\"color: #993300;\">Ned\u011ble 8.11. 2015<\/span><\/h5>\n<p style=\"text-align: justify;\">\u00da\u010dast \u0161esti dobrovoln\u00edk\u016f z \u0159ad MORAVCE, kte\u0159\u00ed budou pom\u00e1hat p\u0159i organizaci b\u011b\u017eeck\u00e9ho z\u00e1vodu b r\u00e1mci veletrhu Sport Life v Brn\u011b. Sledujte tuto rubriku, podrobn\u00e9 informace zde budou uvedeny ihned, jak je obdr\u017e\u00edm od z\u00e1stupce hlavn\u00edho po\u0159adatele.<\/p>\n<h5><span style=\"color: #993300;\">\u00dater\u00fd 10.11. 2015<\/span><\/h5>\n<p style=\"text-align: justify;\">Prvn\u00ed cvi\u010den\u00ed v bene\u0161ovsk\u00e9 t\u011blocvi\u010dn\u011b aneb &#8211; startuje \u0159ehole zimn\u00ed p\u0159\u00edpravy! Budeme se sch\u00e1zet pravideln\u011b jako v minulosti ka\u017ed\u00fd t\u00fdden dvakr\u00e1t. \u00datern\u00ed cvi\u010den\u00ed bude koncipov\u00e1no pro d\u011bti do 12-ti let a prob\u011bhne v\u017edy v dob\u011b od 18.00 do 20.00 hodin.<\/p>\n<h5><span style=\"color: #993300;\">P\u00e1tek 13.11. 2015<\/span><\/h5>\n<p style=\"text-align: justify;\">Cvi\u010den\u00ed v bene\u0161ovsk\u00e9 t\u011blocvi\u010dn\u011b. P\u00e1te\u010dn\u00ed cvi\u010den\u00ed bude koncipov\u00e1no pro cvi\u010dence star\u0161\u00ed 12-ti let, p\u0159ij\u00edt ale samoz\u0159ejm\u011b m\u016f\u017eou v\u0161ichni. V p\u00e1tek budeme cvi\u010dit v\u017edy v dob\u011b od \u00a017.30 do 19.30 hodin.<\/p>\n<h5><\/h5>\n","protected":false},"excerpt":{"rendered":"<p>Sobota\u00a07.11. 2015 Zm\u00e1\u010dkneme palce Ad\u00e9le \u0160af\u00e1\u0159ov\u00e9, kter\u00e1 bude reprezentovat \u010ceskou republiku na cyklokrosov\u00e9m mistrovstv\u00ed Evropy v Nizozem\u00ed. Dal\u0161\u00ed v\u00fdboj na\u0161\u00ed DCR (Do\u010dasn\u00e1 Cyklokrosov\u00e1 Rota), tentokr\u00e1t do Star\u00e9 Vsi nad Ond\u0159ejnic\u00ed. I jim budeme dr\u017eet palce! \u00da\u010dast \u0161esti dobrovoln\u00edk\u016f z \u0159ad MORAVCE, kte\u0159\u00ed budou pom\u00e1hat p\u0159i organizaci b\u011b\u017eeck\u00e9ho z\u00e1vodu b r\u00e1mci veletrhu Sport Life v Brn\u011b. &hellip; <a href=\"https:\/\/www.moravecteam.cz\/?p=2004\" class=\"more-link\">Pokra\u010dov\u00e1n\u00ed textu <span class=\"screen-reader-text\">Co se bude d\u00edt? (ST45)<\/span> <span class=\"meta-nav\">&rarr;<\/span><\/a><\/p>\n","protected":false},"author":3,"featured_media":2006,"comment_status":"closed","ping_status":"closed","sticky":false,"template":"","format":"standard","meta":[],"categories":[11],"tags":[],"_links":{"self":[{"href":"https:\/\/www.moravecteam.cz\/index.php?rest_route=\/wp\/v2\/posts\/2004"}],"collection":[{"href":"https:\/\/www.moravecteam.cz\/index.php?rest_route=\/wp\/v2\/posts"}],"about":[{"href":"https:\/\/www.moravecteam.cz\/index.php?rest_route=\/wp\/v2\/types\/post"}],"author":[{"embeddable":true,"href":"https:\/\/www.moravecteam.cz\/index.php?rest_route=\/wp\/v2\/users\/3"}],"replies":[{"embeddable":true,"href":"https:\/\/www.moravecteam.cz\/index.php?rest_route=%2Fwp%2Fv2%2Fcomments&post=2004"}],"version-history":[{"count":4,"href":"https:\/\/www.moravecteam.cz\/index.php?rest_route=\/wp\/v2\/posts\/2004\/revisions"}],"predecessor-version":[{"id":2032,"href":"https:\/\/www.moravecteam.cz\/index.php?rest_route=\/wp\/v2\/posts\/2004\/revisions\/2032"}],"wp:featuredmedia":[{"embeddable":true,"href":"https:\/\/www.moravecteam.cz\/index.php?rest_route=\/wp\/v2\/media\/2006"}],"wp:attachment":[{"href":"https:\/\/www.moravecteam.cz\/index.php?rest_route=%2Fwp%2Fv2%2Fmedia&parent=2004"}],"wp:term":[{"taxonomy":"category","embeddable":true,"href":"https:\/\/www.moravecteam.cz\/index.php?rest_route=%2Fwp%2Fv2%2Fcategories&post=2004"},{"taxonomy":"post_tag","embeddable":true,"href":"https:\/\/www.moravecteam.cz\/index.php?rest_route=%2Fwp%2Fv2%2Ftags&post=2004"}],"curies":[{"name":"wp","href":"https:\/\/api.w.org\/{rel}","templated":true}]}}