{"id":2021,"date":"2015-11-05T09:13:14","date_gmt":"2015-11-05T08:13:14","guid":{"rendered":"http:\/\/www.moravecteam.cz\/?p=2021"},"modified":"2015-11-05T09:28:57","modified_gmt":"2015-11-05T08:28:57","slug":"dalsi-cyklokrosareni","status":"publish","type":"post","link":"https:\/\/www.moravecteam.cz\/?p=2021","title":{"rendered":"Dal\u0161\u00ed cyklokrosa\u0159en\u00ed!"},"content":{"rendered":"<p style=\"text-align: justify;\"><strong><span style=\"color: #993300;\">Cyklokrosa\u0159sk\u00e1 sez\u00f3na je v pln\u00e9m proudu a proto\u017ee i po\u010das\u00ed t\u00e9to cyklistick\u00e9 discipl\u00edn\u011b zat\u00edm p\u0159eje, nebylo divu, \u017ee na prvn\u00edm brn\u011bnsk\u00e9m cyklokrosu, kter\u00fd se odjel minulou st\u0159edu pod taktovkou \u0161ikovn\u00fdch lid\u00ed s Favoritu Brno, se se\u0161la\u00a0&#8211; p\u0159edev\u0161\u00edm v dosp\u011bl\u00fdch kategori\u00edch &#8211; nadpr\u016fm\u011brn\u00e1 \u00fa\u010dast! Nemohli chyb\u011bt samoz\u0159ejm\u011b ani &#8222;snajp\u0159i&#8220; MORAVCE, jmenovit\u011b n\u00e1s reprezentoval Dominik Prudek a na\u0161e odchovankyn\u011b Ad\u00e9la \u0160af\u00e1\u0159ov\u00e1, z\u00e1vod\u00edc\u00ed v sou\u010dasnosti za &#8222;Rud\u00e9 \u010e\u00e1bly&#8220; Viktora Zapletala. V &#8222;mastrech&#8220; se pak z konkurenc\u00ed popasovali dal\u0161\u00ed dva na\u0161i borci, Leo\u0161 Bal\u00e1k a V\u00ed\u0165a Prudek. A jak u\u017e jsme si\u00a0zvyknuli, vedl si n\u00e1\u0161 &#8222;qartet&#8220; vpravd\u011b chrab\u0159e!<\/span><\/strong><\/p>\n<figure id=\"attachment_2025\" aria-describedby=\"caption-attachment-2025\" style=\"width: 429px\" class=\"wp-caption aligncenter\"><a href=\"http:\/\/www.moravecteam.cz\/?attachment_id=2025\" rel=\"attachment wp-att-2025\"><img decoding=\"async\" loading=\"lazy\" class=\"size-full wp-image-2025 \" alt=\"IMG_2972\" src=\"http:\/\/www.moravecteam.cz\/wp-content\/uploads\/2015\/11\/IMG_2972.jpg\" width=\"429\" height=\"416\" srcset=\"https:\/\/www.moravecteam.cz\/wp-content\/uploads\/2015\/11\/IMG_2972.jpg 429w, https:\/\/www.moravecteam.cz\/wp-content\/uploads\/2015\/11\/IMG_2972-25x25.jpg 25w, https:\/\/www.moravecteam.cz\/wp-content\/uploads\/2015\/11\/IMG_2972-300x290.jpg 300w\" sizes=\"(max-width: 429px) 100vw, 429px\" \/><\/a><figcaption id=\"caption-attachment-2025\" class=\"wp-caption-text\">Dominik Prudek zajel prvn\u00ed cyklokros v Brn\u011b v excelentn\u00ed form\u011b a jeho suver\u00e9nn\u00ed v\u00edt\u011bzstv\u00ed n\u00e1s utvrzuje v p\u0159esv\u011bd\u010den\u00ed, \u017ee na &#8222;Evropu&#8220; do Holandska m\u011bl b\u00fdt nominov\u00e1n&#8230;<\/figcaption><\/figure>\n<p style=\"text-align: justify;\">Absolutn\u00ed po\u0159ad\u00ed z\u00e1vodu mu\u017e\u016f a junior\u016f ovl\u00e1dl <span style=\"color: #993300;\"><strong>Dominik Prudek, <\/strong><span style=\"color: #000000;\">kter\u00fd dok\u00e1zal porazit i v\u00fdborn\u00e9ho a podstatn\u011b zku\u0161en\u011bj\u0161\u00edho Honzu Job\u00e1nka! Samoz\u0159ejm\u011b bral Dom\u010da i suver\u00e9nn\u00ed prvenstv\u00ed ve sv\u00e9 juniorsk\u00e9 kategorii a sv\u00fdm v\u00fdkonem pravd\u011bpodobn\u011b nasadil reprezenta\u010dn\u00edmu tren\u00e9rovi Petru Dlaskovi ohledn\u011b nenominace na\u0161eho borce na v\u00edkendovou &#8222;Evropu&#8220; &#8211; dodate\u010dn\u011b brouka do hlavy&#8230; <\/span><\/span><\/p>\n<figure id=\"attachment_2026\" aria-describedby=\"caption-attachment-2026\" style=\"width: 1163px\" class=\"wp-caption alignnone\"><a href=\"http:\/\/www.moravecteam.cz\/?attachment_id=2026\" rel=\"attachment wp-att-2026\"><img decoding=\"async\" loading=\"lazy\" class=\" wp-image-2026 \" alt=\"IMG_2988\" src=\"http:\/\/www.moravecteam.cz\/wp-content\/uploads\/2015\/11\/IMG_2988.jpg\" width=\"1163\" height=\"1565\" srcset=\"https:\/\/www.moravecteam.cz\/wp-content\/uploads\/2015\/11\/IMG_2988.jpg 1163w, https:\/\/www.moravecteam.cz\/wp-content\/uploads\/2015\/11\/IMG_2988-222x300.jpg 222w, https:\/\/www.moravecteam.cz\/wp-content\/uploads\/2015\/11\/IMG_2988-760x1024.jpg 760w\" sizes=\"(max-width: 1163px) 100vw, 1163px\" \/><\/a><figcaption id=\"caption-attachment-2026\" class=\"wp-caption-text\">Bude Ad\u00e9la \u0160af\u00e1\u0159ov\u00e1 v sobotu v nizozemsk\u00e9m Huijbergenu pov\u011bstn\u00fdm \u010dern\u00fdm kon\u011bm z\u00e1vodu \u017een do 23 let? Budeme dr\u017eet palce!<\/figcaption><\/figure>\n<p style=\"text-align: justify;\"><span style=\"color: #993300;\"><span style=\"color: #000000;\">Mezi \u017eenami si dojela pro prvenstv\u00ed nejv\u011bt\u0161\u00ed favoritka &#8211; <span style=\"color: #993300;\"><strong>Ad\u00e9la \u0160af\u00e1\u0159ov\u00e1<\/strong><\/span>. Pro ni byl tento z\u00e1vod ostrou &#8222;rozcvi\u010dkou&#8220; p\u0159ed zm\u00edn\u011bnou v\u00edkendovou cyklokrosovou &#8222;Evropou&#8220;, kde bude sedmn\u00e1ctilet\u00e1 Adys v Nizozemsku reprezentovat \u010ceskou republiku v kategorii \u017een do 23 let. Zdatn\u011b si vedli i dva na\u0161i &#8222;oldies&#8220;, a (nejen) jejich <a href=\"http:\/\/www.favoritbrno.cz\/sportovni-akce-vysledky.php\"><strong>v\u00fdsledek bude co nevid\u011bt zde k ov\u011b\u0159en\u00ed<\/strong><\/a>. D\u00edky na\u0161im za vzorn\u00e9 repre odd\u00edlu! <\/span><\/span><\/p>\n<p><span style=\"color: navy; font-family: Arial; font-size: small;\">\u00a0<\/span><\/p>\n","protected":false},"excerpt":{"rendered":"<p>Cyklokrosa\u0159sk\u00e1 sez\u00f3na je v pln\u00e9m proudu a proto\u017ee i po\u010das\u00ed t\u00e9to cyklistick\u00e9 discipl\u00edn\u011b zat\u00edm p\u0159eje, nebylo divu, \u017ee na prvn\u00edm brn\u011bnsk\u00e9m cyklokrosu, kter\u00fd se odjel minulou st\u0159edu pod taktovkou \u0161ikovn\u00fdch lid\u00ed s Favoritu Brno, se se\u0161la\u00a0&#8211; p\u0159edev\u0161\u00edm v dosp\u011bl\u00fdch kategori\u00edch &#8211; nadpr\u016fm\u011brn\u00e1 \u00fa\u010dast! Nemohli chyb\u011bt samoz\u0159ejm\u011b ani &#8222;snajp\u0159i&#8220; MORAVCE, jmenovit\u011b n\u00e1s reprezentoval Dominik Prudek a &hellip; <a href=\"https:\/\/www.moravecteam.cz\/?p=2021\" class=\"more-link\">Pokra\u010dov\u00e1n\u00ed textu <span class=\"screen-reader-text\">Dal\u0161\u00ed cyklokrosa\u0159en\u00ed!<\/span> <span class=\"meta-nav\">&rarr;<\/span><\/a><\/p>\n","protected":false},"author":3,"featured_media":2024,"comment_status":"closed","ping_status":"closed","sticky":false,"template":"","format":"standard","meta":[],"categories":[1],"tags":[],"_links":{"self":[{"href":"https:\/\/www.moravecteam.cz\/index.php?rest_route=\/wp\/v2\/posts\/2021"}],"collection":[{"href":"https:\/\/www.moravecteam.cz\/index.php?rest_route=\/wp\/v2\/posts"}],"about":[{"href":"https:\/\/www.moravecteam.cz\/index.php?rest_route=\/wp\/v2\/types\/post"}],"author":[{"embeddable":true,"href":"https:\/\/www.moravecteam.cz\/index.php?rest_route=\/wp\/v2\/users\/3"}],"replies":[{"embeddable":true,"href":"https:\/\/www.moravecteam.cz\/index.php?rest_route=%2Fwp%2Fv2%2Fcomments&post=2021"}],"version-history":[{"count":6,"href":"https:\/\/www.moravecteam.cz\/index.php?rest_route=\/wp\/v2\/posts\/2021\/revisions"}],"predecessor-version":[{"id":2030,"href":"https:\/\/www.moravecteam.cz\/index.php?rest_route=\/wp\/v2\/posts\/2021\/revisions\/2030"}],"wp:featuredmedia":[{"embeddable":true,"href":"https:\/\/www.moravecteam.cz\/index.php?rest_route=\/wp\/v2\/media\/2024"}],"wp:attachment":[{"href":"https:\/\/www.moravecteam.cz\/index.php?rest_route=%2Fwp%2Fv2%2Fmedia&parent=2021"}],"wp:term":[{"taxonomy":"category","embeddable":true,"href":"https:\/\/www.moravecteam.cz\/index.php?rest_route=%2Fwp%2Fv2%2Fcategories&post=2021"},{"taxonomy":"post_tag","embeddable":true,"href":"https:\/\/www.moravecteam.cz\/index.php?rest_route=%2Fwp%2Fv2%2Ftags&post=2021"}],"curies":[{"name":"wp","href":"https:\/\/api.w.org\/{rel}","templated":true}]}}