{"id":2050,"date":"2015-11-07T21:02:19","date_gmt":"2015-11-07T20:02:19","guid":{"rendered":"http:\/\/www.moravecteam.cz\/?p=2050"},"modified":"2015-11-09T13:37:54","modified_gmt":"2015-11-09T12:37:54","slug":"smula-z-hujibergenu","status":"publish","type":"post","link":"https:\/\/www.moravecteam.cz\/?p=2050","title":{"rendered":"Sm\u016fla z Hujibergenu&#8230;"},"content":{"rendered":"<p style=\"text-align: justify;\"><strong><span style=\"color: #993300;\">Na neuv\u011b\u0159iteln\u00fdch\u00a0t\u0159ech (!) front\u00e1ch byli MORAVCI ak\u010dn\u00ed a\u0165 u\u017e pasivn\u011b (Sport Life Run Brno) nebo z\u00e1vodnicky aktivn\u011b (Hujirbegen,\u00a0Star\u00e1 Ves nad Ond\u0159ejnic\u00ed) prvn\u00ed listopadovou sobotu&#8230; Nejvzd\u00e1len\u011bj\u0161\u00ed &#8222;\u0161tac\u00ed&#8220; (a asi nejsledovan\u011bj\u0161\u00ed) byl holandsk\u00fd Hujibergen, kde se jel kontinent\u00e1ln\u00ed \u0161ampion\u00e1t v cyklokrosu. Druhou &#8222;Evropu&#8220; si zde za\u017eila i na\u0161e odchovankyn\u011b Ad\u00e9la \u0160af\u00e1\u0159ov\u00e1.<\/span><\/strong><\/p>\n<p style=\"text-align: justify;\"><a href=\"http:\/\/www.moravecteam.cz\/?attachment_id=2058\" rel=\"attachment wp-att-2058\"><img decoding=\"async\" loading=\"lazy\" class=\"size-full wp-image-2058 alignleft\" title=\"Ad\u00e9la \u0160af\u00e1\u0159ov\u00e1 p\u0159edvedla na &quot;Evrop\u011b&quot; mocn\u00e9 srdce bojovnice!\" alt=\"imge03c2a7213d0dd2346343a5a60cb97b2\" src=\"http:\/\/www.moravecteam.cz\/wp-content\/uploads\/2015\/11\/imge03c2a7213d0dd2346343a5a60cb97b2.jpg\" width=\"124\" height=\"143\" \/><\/a>Borka, kter\u00e1 toho \u010dasu h\u00e1j\u00ed barvy &#8222;Rud\u00fdch \u010f\u00e1bl\u016f&#8220; tren\u00e9ra MTB reprezentace Viktora Zapletala, a kter\u00e1 v sou\u010dasnosti figuruje na 2. m\u00edst\u011b v pr\u016fb\u011b\u017en\u00e9m hodnocen\u00ed \u010cesk\u00e9ho cyklokrosov\u00e9ho poh\u00e1ru, si tentokr\u00e1t vybrala vrchovatou m\u00edru sportovn\u00ed sm\u016fly&#8230; Po v\u00fdborn\u00e9m startu m\u011bla hned v prvn\u00edm kole p\u0159i &#8222;loktova\u010dce&#8220; (ta b\u00fdv\u00e1 u d\u011bv\u010dat \u010dasto drsn\u011bj\u0161\u00ed ne\u017e u kluk\u016f) p\u00e1d a po\u0161kodila kolo. To znamenalo b\u011bh na depo a i kdy\u017e je Ad\u00e9la v t\u00e9to discipl\u00edn\u011b tak\u00e9 excelentn\u00ed, \u00a0po v\u00fdm\u011bn\u011b kola byla beznad\u011bjn\u011b posledn\u00ed&#8230; A tady se ukzaly \u00a0jej\u00ed bezprecedentn\u00ed, mor\u00e1ln\u011b &#8211; voln\u00ed vlastnosti&#8230; Adys se pustila do nev\u00eddan\u00e9 st\u00edhac\u00ed j\u00edzdy, postupn\u011b ztr\u00e1tu dohnala a &#8222;v\u00e1lcovala&#8220; soupe\u0159ky jednu za druhou! Po brilantn\u00edm v\u00fdkonu z toho bylo v c\u00edli neskute\u010dn\u00e9 23. m\u00edsto! Bravo! P\u0159i\u010dem\u017e p\u011bt a p\u016fl minutov\u00e1 ztr\u00e1ta na v\u00edt\u011bzku je za dan\u00e9 situace nicotn\u00e1&#8230; Takhle bojuje budouc\u00ed \u0161ampionka! Pro Ad\u00e9lu byl Hujirbergen pravd\u011bpodobn\u011b posledn\u00edm z\u00e1vodem sez\u00f3ny, nastal toti\u017e ten prav\u00fd \u010das k odpo\u010dinku a regeneraci.\u00a0Budeme se na ni t\u011b\u0161it v r\u00e1mci na\u0161ich \u00fatern\u00edch \/ p\u00e1te\u010dn\u00edch &#8222;Prudkov\u00e9&#8220; kapek, p\u0159i\u010dem\u017e jej\u00ed leto\u0161n\u00ed zimn\u00ed p\u0159\u00edprava bude jednozna\u010dn\u011b sm\u011b\u0159ovat k vrcholu, kter\u00fd m\u00e1 pon\u011bkud del\u0161\u00ed n\u00e1zev: Mistrovstv\u00ed sv\u011bta horsk\u00fdch kol 2016 v Nov\u00e9m M\u011bst\u011b na Morav\u011b: Klapne-li v\u0161e a Ad\u00e9la \u0160af\u00e1\u0159ov\u00e1 NMnM pojede, ud\u011bl\u00e1me j\u00ed na trati takovou atmosf\u00e9ru, \u017ee ji medaile &#8222;tuty&#8220; nemine! Zde mrkn\u011bte na <strong><a href=\"http:\/\/www.cyklokros.cz\/cz\/cyklokros-cz\/aktuality\/473-v-holandskem-huijbergenu-se-dnes-bojuje-o-evropske-tituly-zive\">detaily z dne\u0161n\u00edho z\u00e1vodu v Nizozemsku<\/a><\/strong>.<\/p>\n<p>&nbsp;<\/p>\n","protected":false},"excerpt":{"rendered":"<p>Na neuv\u011b\u0159iteln\u00fdch\u00a0t\u0159ech (!) front\u00e1ch byli MORAVCI ak\u010dn\u00ed a\u0165 u\u017e pasivn\u011b (Sport Life Run Brno) nebo z\u00e1vodnicky aktivn\u011b (Hujirbegen,\u00a0Star\u00e1 Ves nad Ond\u0159ejnic\u00ed) prvn\u00ed listopadovou sobotu&#8230; Nejvzd\u00e1len\u011bj\u0161\u00ed &#8222;\u0161tac\u00ed&#8220; (a asi nejsledovan\u011bj\u0161\u00ed) byl holandsk\u00fd Hujibergen, kde se jel kontinent\u00e1ln\u00ed \u0161ampion\u00e1t v cyklokrosu. Druhou &#8222;Evropu&#8220; si zde za\u017eila i na\u0161e odchovankyn\u011b Ad\u00e9la \u0160af\u00e1\u0159ov\u00e1. Borka, kter\u00e1 toho \u010dasu h\u00e1j\u00ed barvy &hellip; <a href=\"https:\/\/www.moravecteam.cz\/?p=2050\" class=\"more-link\">Pokra\u010dov\u00e1n\u00ed textu <span class=\"screen-reader-text\">Sm\u016fla z Hujibergenu&#8230;<\/span> <span class=\"meta-nav\">&rarr;<\/span><\/a><\/p>\n","protected":false},"author":3,"featured_media":2053,"comment_status":"closed","ping_status":"closed","sticky":false,"template":"","format":"standard","meta":[],"categories":[1],"tags":[],"_links":{"self":[{"href":"https:\/\/www.moravecteam.cz\/index.php?rest_route=\/wp\/v2\/posts\/2050"}],"collection":[{"href":"https:\/\/www.moravecteam.cz\/index.php?rest_route=\/wp\/v2\/posts"}],"about":[{"href":"https:\/\/www.moravecteam.cz\/index.php?rest_route=\/wp\/v2\/types\/post"}],"author":[{"embeddable":true,"href":"https:\/\/www.moravecteam.cz\/index.php?rest_route=\/wp\/v2\/users\/3"}],"replies":[{"embeddable":true,"href":"https:\/\/www.moravecteam.cz\/index.php?rest_route=%2Fwp%2Fv2%2Fcomments&post=2050"}],"version-history":[{"count":11,"href":"https:\/\/www.moravecteam.cz\/index.php?rest_route=\/wp\/v2\/posts\/2050\/revisions"}],"predecessor-version":[{"id":2107,"href":"https:\/\/www.moravecteam.cz\/index.php?rest_route=\/wp\/v2\/posts\/2050\/revisions\/2107"}],"wp:featuredmedia":[{"embeddable":true,"href":"https:\/\/www.moravecteam.cz\/index.php?rest_route=\/wp\/v2\/media\/2053"}],"wp:attachment":[{"href":"https:\/\/www.moravecteam.cz\/index.php?rest_route=%2Fwp%2Fv2%2Fmedia&parent=2050"}],"wp:term":[{"taxonomy":"category","embeddable":true,"href":"https:\/\/www.moravecteam.cz\/index.php?rest_route=%2Fwp%2Fv2%2Fcategories&post=2050"},{"taxonomy":"post_tag","embeddable":true,"href":"https:\/\/www.moravecteam.cz\/index.php?rest_route=%2Fwp%2Fv2%2Ftags&post=2050"}],"curies":[{"name":"wp","href":"https:\/\/api.w.org\/{rel}","templated":true}]}}