{"id":2063,"date":"2015-11-07T21:42:10","date_gmt":"2015-11-07T20:42:10","guid":{"rendered":"http:\/\/www.moravecteam.cz\/?p=2063"},"modified":"2015-11-09T13:34:42","modified_gmt":"2015-11-09T12:34:42","slug":"pekna-fura-beden","status":"publish","type":"post","link":"https:\/\/www.moravecteam.cz\/?p=2063","title":{"rendered":"P\u011bkn\u00e1 f\u016fra &#8222;beden&#8220;!"},"content":{"rendered":"<p style=\"text-align: justify;\"><strong><span style=\"color: #993300;\">By nevypadla na\u0161e DCR (do\u010dasn\u00e1 cyklokrosa\u0159sk\u00e1 rota) z rytmu, naordinoval tren\u00e9r V\u00ed\u0165a Prudek na sobotu 7. listopadu pro na\u0161e mlad\u00e9 snajpry dal\u0161\u00ed docela n\u00e1ro\u010dnou &#8222;race&#8220;. D\u00edky tomu jsem se dozv\u011bd\u011bl, \u017ee n\u011bkde pod Ostravou se nach\u00e1z\u00ed docela v\u00fdznamn\u00e1 cyklokrosa\u0159sk\u00e1 ba\u0161ta &#8211; Star\u00e1 Ves nad Ond\u0159ejnic\u00ed&#8230; Jako loni i letos zde &#8222;srdcar\u0161t\u00ed&#8220; po\u0159adatel\u00e9 uspo\u0159\u00e1dali z\u00e1vod, kter\u00fd byl nejen cyklokrosov\u00fdm p\u0159eborem Severomaravsk\u00e9ho kraje, ale i dal\u0161\u00edm z\u00e1vodem \u010cesk\u00e9ho poh\u00e1ru kategori\u00ed Masters.<\/span><\/strong><\/p>\n<p><a style=\"text-align: justify; line-height: 1.5;\" href=\"http:\/\/www.moravecteam.cz\/?attachment_id=2071\" rel=\"attachment wp-att-2071\"><img decoding=\"async\" loading=\"lazy\" class=\"size-full wp-image-2071 alignnone\" title=\"Dom\u010da Prudek po v\u00edt\u011bzstv\u00ed v Brn\u011b sahal po zlatu i v Nov\u00e9 Vsi a znovu uk\u00e1zal, \u017ee tren\u00e9r Petr Dlask chyboval, kdy\u017e ho nenominoval na &quot;Evropu&quot;...\" alt=\"OLYMPUS DIGITAL CAMERA\" src=\"http:\/\/www.moravecteam.cz\/wp-content\/uploads\/2015\/11\/P10103471.jpg\" width=\"150\" height=\"200\" \/><\/a><a style=\"line-height: 1.5;\" href=\"http:\/\/www.moravecteam.cz\/?attachment_id=2070\" rel=\"attachment wp-att-2070\"><img decoding=\"async\" loading=\"lazy\" class=\"size-full wp-image-2070 alignnone\" title=\"Roste z Ani\u010dky Zem\u00e1nkov\u00e9 &quot;pravov\u011brn\u00e1&quot; cyklokrosa\u0159ka? Uvid\u00edme... Ka\u017edop\u00e1dn\u011b v Nov\u00e9 Vsi si dojela pro jist\u00e9 prvenstv\u00ed!\" alt=\"OLYMPUS DIGITAL CAMERA\" src=\"http:\/\/www.moravecteam.cz\/wp-content\/uploads\/2015\/11\/P1010298.jpg\" width=\"146\" height=\"200\" \/><\/a><a style=\"text-align: justify; line-height: 1.5;\" href=\"http:\/\/www.moravecteam.cz\/?attachment_id=2069\" rel=\"attachment wp-att-2069\"><img decoding=\"async\" loading=\"lazy\" class=\"alignnone size-full wp-image-2069\" title=\"Tom\u00e1\u0161 Tlamka &quot;Contador&quot; si v Nov\u00e9 Vsi dospurtoval pro zaslou\u017een\u00e9 st\u0159\u00edbro! A slu\u0161elo mu!\" alt=\"OLYMPUS DIGITAL CAMERA\" src=\"http:\/\/www.moravecteam.cz\/wp-content\/uploads\/2015\/11\/P1010310.jpg\" width=\"146\" height=\"200\" \/><\/a><\/p>\n<p style=\"text-align: justify;\">V\u00ed\u0165ovi sv\u011b\u0159enci zde jenom potvrdili, \u017ee ne n\u00e1hodou v\u00fdznam\u011b &#8222;tvrd\u00ed muziku&#8220; v tuzemsk\u00e9 nejvy\u0161\u0161\u00ed cyklokrosa\u0159sk\u00e9 lize. Zlato si ze severomarvsk\u00e9ho krajsk\u00e9ho mistr\u00e1ku veze star\u0161\u00ed \u017e\u00e1kyn\u011b <span style=\"color: #993300;\"><strong>Anna Zem\u00e1nkov\u00e1<\/strong><\/span>, po zadu za n\u00ed nez\u016fstali ani <strong><span style=\"color: #993300;\">Tom\u00e1\u0161 Tlamka &#8222;Contador&#8220;<\/span><\/strong> (st\u0159\u00edbrn\u00fd v z\u00e1vod\u011b star\u0161\u00edch \u017e\u00e1k\u016f), <span style=\"color: #993300;\"><strong>Dominik Prudek<\/strong><\/span> (druh\u00fd v juniorech) a <span style=\"color: #993300;\"><strong>Pavel Bal\u00e1k<\/strong><\/span> (do t\u0159etice druh\u00fd &#8211; tentokr\u00e1t v kategorii Masters B). A daleko od medaile nebyli ani dal\u0161\u00ed dva na\u0161i zku\u0161en\u00ed cyklokrosa\u0159\u0161t\u00ed &#8222;bijci&#8220; v kategorii Masters. V t\u011bsn\u00e9m\u00a0 sledu dojeli za sebou Leo\u0161\u00a0Bal\u00e1k (9. &#8211; Masters B) a V\u00ed\u0165a\u00a0Prudek (10. -Masters C)\u00a0Tomu se \u0159\u00edk\u00e1 vysok\u00e1 produktivita pr\u00e1ce! Nebo rad\u0161i: vysok\u00e1 produktivita cyklokrosa\u0159sk\u00e9 rachoty! A to je\u0161t\u011b do boj\u016f nezas\u00e1hla z d\u016fvodu zdravotn\u00ed indispozice kadetka Jana Tesa\u0159ov\u00e1&#8230;<\/p>\n<p style=\"text-align: justify;\">Gratulova\u010dka v\u0161em na\u0161im medailist\u016fm a d\u00edky za vzorn\u00e9 repre MORAVCE! D\u00edky i podp\u016frn\u00e9mu t\u00fdmu, kter\u00fd tentokr\u00e1t musel \u0159e\u0161it i jednu mimoz\u00e1vodn\u00ed nep\u0159\u00edjemnou komplikaci. Jak ukazuj\u00ed v\u00fdsledky ze Star\u00e9 Vsi, forma ma\u0161ich je st\u00e1le vysok\u00e1 a u\u017e se t\u011b\u0161\u00edme na dal\u0161\u00ed z\u00e1vod &#8222;prvn\u00ed ligy&#8220;, kter\u00fd se pojede o p\u0159\u00ed\u0161t\u00edm v\u00edkendu na Hol\u00fdch Vr\u0161\u00edch! Na\u0161i letos zraj\u00ed jako v\u00edno&#8230; Zde\u00a0je k ov\u011b\u0159en\u00ed\u00a0<strong><a href=\"http:\/\/www.ackstaraves.cz\/\">v\u00fdsledkov\u00fd servis<\/a>\u00a0<\/strong>ze z\u00e1vodu ve Star\u00e9 Vsi.<\/p>\n","protected":false},"excerpt":{"rendered":"<p>By nevypadla na\u0161e DCR (do\u010dasn\u00e1 cyklokrosa\u0159sk\u00e1 rota) z rytmu, naordinoval tren\u00e9r V\u00ed\u0165a Prudek na sobotu 7. listopadu pro na\u0161e mlad\u00e9 snajpry dal\u0161\u00ed docela n\u00e1ro\u010dnou &#8222;race&#8220;. D\u00edky tomu jsem se dozv\u011bd\u011bl, \u017ee n\u011bkde pod Ostravou se nach\u00e1z\u00ed docela v\u00fdznamn\u00e1 cyklokrosa\u0159sk\u00e1 ba\u0161ta &#8211; Star\u00e1 Ves nad Ond\u0159ejnic\u00ed&#8230; Jako loni i letos zde &#8222;srdcar\u0161t\u00ed&#8220; po\u0159adatel\u00e9 uspo\u0159\u00e1dali z\u00e1vod, kter\u00fd &hellip; <a href=\"https:\/\/www.moravecteam.cz\/?p=2063\" class=\"more-link\">Pokra\u010dov\u00e1n\u00ed textu <span class=\"screen-reader-text\">P\u011bkn\u00e1 f\u016fra &#8222;beden&#8220;!<\/span> <span class=\"meta-nav\">&rarr;<\/span><\/a><\/p>\n","protected":false},"author":3,"featured_media":2072,"comment_status":"closed","ping_status":"closed","sticky":false,"template":"","format":"standard","meta":[],"categories":[1],"tags":[],"_links":{"self":[{"href":"https:\/\/www.moravecteam.cz\/index.php?rest_route=\/wp\/v2\/posts\/2063"}],"collection":[{"href":"https:\/\/www.moravecteam.cz\/index.php?rest_route=\/wp\/v2\/posts"}],"about":[{"href":"https:\/\/www.moravecteam.cz\/index.php?rest_route=\/wp\/v2\/types\/post"}],"author":[{"embeddable":true,"href":"https:\/\/www.moravecteam.cz\/index.php?rest_route=\/wp\/v2\/users\/3"}],"replies":[{"embeddable":true,"href":"https:\/\/www.moravecteam.cz\/index.php?rest_route=%2Fwp%2Fv2%2Fcomments&post=2063"}],"version-history":[{"count":13,"href":"https:\/\/www.moravecteam.cz\/index.php?rest_route=\/wp\/v2\/posts\/2063\/revisions"}],"predecessor-version":[{"id":2106,"href":"https:\/\/www.moravecteam.cz\/index.php?rest_route=\/wp\/v2\/posts\/2063\/revisions\/2106"}],"wp:featuredmedia":[{"embeddable":true,"href":"https:\/\/www.moravecteam.cz\/index.php?rest_route=\/wp\/v2\/media\/2072"}],"wp:attachment":[{"href":"https:\/\/www.moravecteam.cz\/index.php?rest_route=%2Fwp%2Fv2%2Fmedia&parent=2063"}],"wp:term":[{"taxonomy":"category","embeddable":true,"href":"https:\/\/www.moravecteam.cz\/index.php?rest_route=%2Fwp%2Fv2%2Fcategories&post=2063"},{"taxonomy":"post_tag","embeddable":true,"href":"https:\/\/www.moravecteam.cz\/index.php?rest_route=%2Fwp%2Fv2%2Ftags&post=2063"}],"curies":[{"name":"wp","href":"https:\/\/api.w.org\/{rel}","templated":true}]}}