{"id":2082,"date":"2015-11-09T10:51:36","date_gmt":"2015-11-09T09:51:36","guid":{"rendered":"http:\/\/www.moravecteam.cz\/?p=2082"},"modified":"2015-11-09T13:21:18","modified_gmt":"2015-11-09T12:21:18","slug":"slr2-i-druhy-den-v-poho","status":"publish","type":"post","link":"https:\/\/www.moravecteam.cz\/?p=2082","title":{"rendered":"SLR2 &#8211; druh\u00fd den v poho!"},"content":{"rendered":"<p style=\"text-align: justify;\"><span style=\"color: #993300;\"><strong>Dobrovoln\u00e1 pomoc MORAVC\u016e prob\u00edhala na Brn\u011bnsk\u00e9m v\u00fdstavi\u0161ti i na z\u00e1v\u011br\u00a0t\u0159\u00eddenn\u00edho veletrhu Sport Life, \u00a0kdy tentokr\u00e1t dokonce \u0161estka state\u010dn\u00fdch zvl\u00e1dla stejn\u011b jako v p\u0159ede\u0161l\u00e9m dni, velmi odpov\u011bdn\u011b a vysoce profesion\u00e1ln\u011b\u00a0 po\u0159adateli sv\u011b\u0159en\u00e9 \u00fakoly, kter\u00e9 souvisely s hlavn\u00edm veletr\u017en\u00edm b\u011bhem na 10 km.<\/strong><\/span><\/p>\n<figure id=\"attachment_2088\" aria-describedby=\"caption-attachment-2088\" style=\"width: 2000px\" class=\"wp-caption alignnone\"><a href=\"http:\/\/www.moravecteam.cz\/?attachment_id=2088\" rel=\"attachment wp-att-2088\"><img decoding=\"async\" loading=\"lazy\" class=\" wp-image-2088\" alt=\"DSCN4432\" src=\"http:\/\/www.moravecteam.cz\/wp-content\/uploads\/2015\/11\/DSCN4432.jpg\" width=\"2000\" height=\"1562\" srcset=\"https:\/\/www.moravecteam.cz\/wp-content\/uploads\/2015\/11\/DSCN4432.jpg 2000w, https:\/\/www.moravecteam.cz\/wp-content\/uploads\/2015\/11\/DSCN4432-300x234.jpg 300w, https:\/\/www.moravecteam.cz\/wp-content\/uploads\/2015\/11\/DSCN4432-1024x799.jpg 1024w\" sizes=\"(max-width: 2000px) 100vw, 2000px\" \/><\/a><figcaption id=\"caption-attachment-2088\" class=\"wp-caption-text\">Ned\u011bln\u00ed \u0161estka dobrovoln\u00edk\u016f MORAVCE. P\u00e1te\u0159\u00ed na\u0161\u00ed \u00faderky byli Tlamkovi z Okrouhl\u00e9.<\/figcaption><\/figure>\n<p style=\"text-align: justify;\">Stejn\u011b jako v sobotu i v ned\u011bli jsme byli rozd\u011bleni na dv\u011b skupiny: Pavel s holkami Barunkou, Verunkou a Hankou byli k dispozici pan\u00ed Iren\u011b Markov\u00e9 v prostoru startu a c\u00edle (pavilon &#8222;F&#8220;), Petr s Davidem zaji\u0161\u0165ovali hladk\u00fd chod \u0161atny, jen\u017e byla do\u010dasn\u011b, pro \u00fa\u010dely z\u00e1vodu, z\u0159\u00edzena v mal\u00e9m pavilonu &#8222;M&#8220;, a kter\u00e1 byla tentokr\u00e1t\u00a0dohromady pro \u017eeny i mu\u017ee.\u00a0Po tradi\u010dn\u00edm dodr\u017een\u00ed porann\u00edho pitn\u00e9ho re\u017eimu jsme se bez okolk\u016f vrhli na pln\u011bn\u00ed sv\u011b\u0159en\u00fdch \u00fakol\u016f. Oproti sobot\u011b lechtalo na listopad neoby\u010dejn\u011b vydatn\u00e9 slun\u00ed\u010dko sv\u00fdmi paprsky p\u0159\u00edtomn\u00e9 na V\u00fdstavi\u0161ti ji\u017e od r\u00e1na a mo\u017en\u00e1 i d\u00edky tomu se b\u011b\u017eci &#8222;courali&#8220; do \u0161atny hned po jej\u00edm otev\u0159en\u00ed, plynule\u00a0po celou p\u0159edz\u00e1vodn\u00ed dobu. Tak\u017ee jsme s Dejvem a na\u0161imi dv\u011bma do\u010dasn\u00fdmi mlad\u00fdmi pomocn\u00edky z ochranky nem\u011bli \u017e\u00e1dn\u00fd stres z n\u00e1val\u016f.<\/p>\n<figure id=\"attachment_2090\" aria-describedby=\"caption-attachment-2090\" style=\"width: 1169px\" class=\"wp-caption alignnone\"><a href=\"http:\/\/www.moravecteam.cz\/?attachment_id=2090\" rel=\"attachment wp-att-2090\"><img decoding=\"async\" loading=\"lazy\" class=\" wp-image-2090\" alt=\"DSCN4443\" src=\"http:\/\/www.moravecteam.cz\/wp-content\/uploads\/2015\/11\/DSCN4443.jpg\" width=\"1169\" height=\"869\" srcset=\"https:\/\/www.moravecteam.cz\/wp-content\/uploads\/2015\/11\/DSCN4443.jpg 1169w, https:\/\/www.moravecteam.cz\/wp-content\/uploads\/2015\/11\/DSCN4443-300x223.jpg 300w, https:\/\/www.moravecteam.cz\/wp-content\/uploads\/2015\/11\/DSCN4443-1024x761.jpg 1024w\" sizes=\"(max-width: 1169px) 100vw, 1169px\" \/><\/a><figcaption id=\"caption-attachment-2090\" class=\"wp-caption-text\">Hlavn\u00ed Veletr\u017en\u00ed b\u011bh kr\u00e1tce po startu. Slunce dalo objekt\u016fm na V\u00fdstavi\u0161ti &#8222;amerik\u00e1nsk\u00fd&#8220; vzhled.<\/figcaption><\/figure>\n<p style=\"text-align: justify;\">Po odstartov\u00e1n\u00ed z\u00e1vodu jsme na pokyn \u0161\u00e9fa organiza\u010dn\u00edho v\u00fdboru p. Petra Barto\u0161ka jistili tra\u0165 v okol\u00ed na\u0161eho pavilonu a ve druh\u00e9m kole se uk\u00e1zalo, jak proz\u00edrav\u00fd to byl od \u0159editele z\u00e1vodu p\u0159\u00edkaz. V samotn\u00e9m z\u00e1v\u011bru b\u011bhu byl Petr upozorn\u011bn jedn\u00edm z b\u011b\u017ec\u016f na bezvl\u00e1dn\u00e9 t\u011blo b\u011b\u017ekyn\u011b v tr\u00e1vn\u00edku u trat\u011b! Na\u0161t\u011bst\u00ed &#8222;n\u00e1\u010deln\u00edk&#8220; m\u00e1 se zkolabovan\u00fdmi \u010di dotlu\u010den\u00fdmi\u00a0\u00a0&#8222;sportsmeny&#8220; ji\u017e\u00a0letit\u00e9 zku\u0161enosti z na\u0161ich d\u0159\u00edv\u011bj\u0161\u00edch dobrovolnick\u00fdch mis\u00ed, tak\u017ee celkem rychle dostal rutinn\u00edm z\u00e1chran\u00e1\u0159sk\u00fdm postupem patn\u00e1ctiletou b\u011b\u017ekyni jak\u017e &#8211;\u00a0tak\u017e do &#8222;norm\u00e1lu&#8220;. Z n\u00e1sledn\u00e9 komunikace s n\u00ed se pak dozv\u011bd\u011bl d\u016fle\u017eitou v\u011bc, \u017ee borka trp\u00ed astmatickou chorobou a z\u0159ejm\u011b na desetikilometrov\u00e9 trati\u00a0a za nezvykle tepl\u00e9ho po\u010das\u00ed svoje s\u00edly dost p\u0159ecenila&#8230; O ostatn\u00ed se u\u017e postaral l\u00e9ka\u0159, kter\u00e9ho Petr paraleln\u011b s k\u0159\u00ed\u0161en\u00edm z\u00e1vodnice ve chvilce obstaral&#8230; Konec dobr\u00fd, v\u0161echno dobr\u00e9&#8230; Po\u010detn\u00e9 hlou\u010dky div\u00e1k\u016f pak mohli zatleskat spanil\u00e9mu b\u011bhu fenomen\u00e1ln\u00edho Dana Or\u00e1lka, kter\u00fd svoje lo\u0148sk\u00e9 prvenstv\u00ed obh\u00e1jil zcela suver\u00e9nn\u011b! <a href=\"http:\/\/moravecteam.rajce.idnes.cz\/2015.11.07.-08._Sport_Life_Run_Brno_-_Vystaviste\/\"><strong>Fotky i z ned\u011ble jsou k vid\u011bn\u00ed u\u017e zde<\/strong><\/a>, ve druh\u00e9 polovin\u011b fotogalerie, samoz\u0159ejm\u011b op\u011bt se stru\u010dn\u00fdm koment\u00e1\u0159em. Zde jsou pak\u00a0<a href=\"http:\/\/sportliferun.sportujsnami.cz\/vysledky\/vysledky-veletrzniho-behu-na-10-km.html\"><strong>v\u00fdsledky hlavn\u00edho Veletr\u017en\u00edho b\u011bhu<\/strong><\/a>.<\/p>\n","protected":false},"excerpt":{"rendered":"<p>Dobrovoln\u00e1 pomoc MORAVC\u016e prob\u00edhala na Brn\u011bnsk\u00e9m v\u00fdstavi\u0161ti i na z\u00e1v\u011br\u00a0t\u0159\u00eddenn\u00edho veletrhu Sport Life, \u00a0kdy tentokr\u00e1t dokonce \u0161estka state\u010dn\u00fdch zvl\u00e1dla stejn\u011b jako v p\u0159ede\u0161l\u00e9m dni, velmi odpov\u011bdn\u011b a vysoce profesion\u00e1ln\u011b\u00a0 po\u0159adateli sv\u011b\u0159en\u00e9 \u00fakoly, kter\u00e9 souvisely s hlavn\u00edm veletr\u017en\u00edm b\u011bhem na 10 km. Stejn\u011b jako v sobotu i v ned\u011bli jsme byli rozd\u011bleni na dv\u011b skupiny: Pavel &hellip; <a href=\"https:\/\/www.moravecteam.cz\/?p=2082\" class=\"more-link\">Pokra\u010dov\u00e1n\u00ed textu <span class=\"screen-reader-text\">SLR2 &#8211; druh\u00fd den v poho!<\/span> <span class=\"meta-nav\">&rarr;<\/span><\/a><\/p>\n","protected":false},"author":3,"featured_media":2087,"comment_status":"closed","ping_status":"closed","sticky":false,"template":"","format":"standard","meta":[],"categories":[13],"tags":[],"_links":{"self":[{"href":"https:\/\/www.moravecteam.cz\/index.php?rest_route=\/wp\/v2\/posts\/2082"}],"collection":[{"href":"https:\/\/www.moravecteam.cz\/index.php?rest_route=\/wp\/v2\/posts"}],"about":[{"href":"https:\/\/www.moravecteam.cz\/index.php?rest_route=\/wp\/v2\/types\/post"}],"author":[{"embeddable":true,"href":"https:\/\/www.moravecteam.cz\/index.php?rest_route=\/wp\/v2\/users\/3"}],"replies":[{"embeddable":true,"href":"https:\/\/www.moravecteam.cz\/index.php?rest_route=%2Fwp%2Fv2%2Fcomments&post=2082"}],"version-history":[{"count":11,"href":"https:\/\/www.moravecteam.cz\/index.php?rest_route=\/wp\/v2\/posts\/2082\/revisions"}],"predecessor-version":[{"id":2105,"href":"https:\/\/www.moravecteam.cz\/index.php?rest_route=\/wp\/v2\/posts\/2082\/revisions\/2105"}],"wp:featuredmedia":[{"embeddable":true,"href":"https:\/\/www.moravecteam.cz\/index.php?rest_route=\/wp\/v2\/media\/2087"}],"wp:attachment":[{"href":"https:\/\/www.moravecteam.cz\/index.php?rest_route=%2Fwp%2Fv2%2Fmedia&parent=2082"}],"wp:term":[{"taxonomy":"category","embeddable":true,"href":"https:\/\/www.moravecteam.cz\/index.php?rest_route=%2Fwp%2Fv2%2Fcategories&post=2082"},{"taxonomy":"post_tag","embeddable":true,"href":"https:\/\/www.moravecteam.cz\/index.php?rest_route=%2Fwp%2Fv2%2Ftags&post=2082"}],"curies":[{"name":"wp","href":"https:\/\/api.w.org\/{rel}","templated":true}]}}