{"id":2095,"date":"2015-11-09T11:41:43","date_gmt":"2015-11-09T10:41:43","guid":{"rendered":"http:\/\/www.moravecteam.cz\/?p=2095"},"modified":"2015-11-10T10:23:59","modified_gmt":"2015-11-10T09:23:59","slug":"co-se-bude-dit-st46","status":"publish","type":"post","link":"https:\/\/www.moravecteam.cz\/?p=2095","title":{"rendered":"Co se bude d\u00edt? (ST46)"},"content":{"rendered":"<h5><span style=\"color: #993300;\">\u00dater\u00fd 10.11. 2015 &#8211; pozor zm\u011bna m\u00edsta cvi\u010den\u00ed!<\/span><\/h5>\n<p style=\"text-align: justify;\">Prvn\u00ed cvi\u010den\u00ed v bene\u0161ovsk\u00e9\u00a0Sokolovn\u011b aneb &#8211; startuje \u0159ehole zimn\u00ed p\u0159\u00edpravy! Budeme se sch\u00e1zet pravideln\u011b jako v minulosti ka\u017ed\u00fd t\u00fdden dvakr\u00e1t. \u00datern\u00ed cvi\u010den\u00ed bude koncipov\u00e1no pro d\u011bti do 12-ti let a prob\u011bhne v\u017edy v dob\u011b od 18.00 do 20.00 hodin. Zat\u00edm, z d\u016fvodu stavebn\u00edch oprav v t\u011blocvi\u010dn\u011b, budeme a\u017e\u00a0do odvol\u00e1n\u00ed\u00a0 &#8211; tak trochu provizorn\u011b &#8211; tr\u00e9novat v Sokolovn\u011b.<\/p>\n<h5 style=\"text-align: justify;\"><span style=\"color: #993300;\"><strong>St\u0159eda 11.11.2015<\/strong><\/span><\/h5>\n<p>\u00da\u010dast na\u0161\u00ed do\u010dasn\u00e9 cyklokrosa\u0159sk\u00e9 roty na druh\u00e9m brn\u011bnsk\u00e9m cyklokrosu. Organizuje V\u00ed\u0165a Prudek.<\/p>\n<h5><span style=\"color: #993300;\">P\u00e1tek 13.11. 2015 &#8211; pozor zm\u011bna m\u00edsta cvi\u010den\u00ed!<\/span><\/h5>\n<ul>\n<li style=\"text-align: justify;\">Odjezd cyklokrosa\u0159sk\u00e9ho v\u00fdb\u011bru na\u00a0osm\u00fd z\u00e1vod \u010cesk\u00e9ho poh\u00e1ru na Hol\u00e9 Vrchy. Zde jsou <strong><a href=\"http:\/\/www.cyklokros.cz\/data\/web\/toitoicup\/15-16\/hole_vrchy_propozice_2015.pdf\">propozice<\/a><\/strong>\u00a0\u00a0<strong>,<\/strong> organiza\u010dn\u011b zaji\u0161\u0165uj\u00ed tren\u00e9\u0159i V\u00ed\u0165a Prudek a Milan Tlamka, jinak se \u0159i\u010fte pokyny uveden\u00fdmi v invazn\u00edm pl\u00e1nu. Operace m\u00e1 kryc\u00ed n\u00e1zev <span style=\"color: #993300;\"><strong>EXTROVERT<\/strong>.<\/span><\/li>\n<li style=\"text-align: justify;\">Cvi\u010den\u00ed v bene\u0161ovsk\u00e9 Sokolovn\u011b. P\u00e1te\u010dn\u00ed cvi\u010den\u00ed bude koncipov\u00e1no pro cvi\u010dence star\u0161\u00ed 12-ti let, p\u0159ij\u00edt ale samoz\u0159ejm\u011b m\u016f\u017eou v\u0161ichni. V p\u00e1tek budeme cvi\u010dit v\u017edy v dob\u011b od \u00a017.30 do 19.30 hodin.<\/li>\n<\/ul>\n<h5><span style=\"color: #993300;\">Sobota\u00a014.11. 2015<\/span><\/h5>\n<p style=\"text-align: justify;\">\u00da\u010dast na\u0161\u00ed DCR osm\u00e9m na\u00a0z\u00e1vod\u011b \u010cesk\u00e9ho poh\u00e1ru v cyklokrosu na Hol\u00fdch Vr\u0161\u00edch.\u00a0Na\u0161e rajdry ohl\u00eddaj\u00ed Milan Tlamka a V\u00ed\u0165a Prudek.<\/p>\n","protected":false},"excerpt":{"rendered":"<p>\u00dater\u00fd 10.11. 2015 &#8211; pozor zm\u011bna m\u00edsta cvi\u010den\u00ed! Prvn\u00ed cvi\u010den\u00ed v bene\u0161ovsk\u00e9\u00a0Sokolovn\u011b aneb &#8211; startuje \u0159ehole zimn\u00ed p\u0159\u00edpravy! Budeme se sch\u00e1zet pravideln\u011b jako v minulosti ka\u017ed\u00fd t\u00fdden dvakr\u00e1t. \u00datern\u00ed cvi\u010den\u00ed bude koncipov\u00e1no pro d\u011bti do 12-ti let a prob\u011bhne v\u017edy v dob\u011b od 18.00 do 20.00 hodin. Zat\u00edm, z d\u016fvodu stavebn\u00edch oprav v t\u011blocvi\u010dn\u011b, budeme &hellip; <a href=\"https:\/\/www.moravecteam.cz\/?p=2095\" class=\"more-link\">Pokra\u010dov\u00e1n\u00ed textu <span class=\"screen-reader-text\">Co se bude d\u00edt? (ST46)<\/span> <span class=\"meta-nav\">&rarr;<\/span><\/a><\/p>\n","protected":false},"author":3,"featured_media":2102,"comment_status":"closed","ping_status":"closed","sticky":false,"template":"","format":"standard","meta":[],"categories":[11],"tags":[],"_links":{"self":[{"href":"https:\/\/www.moravecteam.cz\/index.php?rest_route=\/wp\/v2\/posts\/2095"}],"collection":[{"href":"https:\/\/www.moravecteam.cz\/index.php?rest_route=\/wp\/v2\/posts"}],"about":[{"href":"https:\/\/www.moravecteam.cz\/index.php?rest_route=\/wp\/v2\/types\/post"}],"author":[{"embeddable":true,"href":"https:\/\/www.moravecteam.cz\/index.php?rest_route=\/wp\/v2\/users\/3"}],"replies":[{"embeddable":true,"href":"https:\/\/www.moravecteam.cz\/index.php?rest_route=%2Fwp%2Fv2%2Fcomments&post=2095"}],"version-history":[{"count":10,"href":"https:\/\/www.moravecteam.cz\/index.php?rest_route=\/wp\/v2\/posts\/2095\/revisions"}],"predecessor-version":[{"id":2112,"href":"https:\/\/www.moravecteam.cz\/index.php?rest_route=\/wp\/v2\/posts\/2095\/revisions\/2112"}],"wp:featuredmedia":[{"embeddable":true,"href":"https:\/\/www.moravecteam.cz\/index.php?rest_route=\/wp\/v2\/media\/2102"}],"wp:attachment":[{"href":"https:\/\/www.moravecteam.cz\/index.php?rest_route=%2Fwp%2Fv2%2Fmedia&parent=2095"}],"wp:term":[{"taxonomy":"category","embeddable":true,"href":"https:\/\/www.moravecteam.cz\/index.php?rest_route=%2Fwp%2Fv2%2Fcategories&post=2095"},{"taxonomy":"post_tag","embeddable":true,"href":"https:\/\/www.moravecteam.cz\/index.php?rest_route=%2Fwp%2Fv2%2Ftags&post=2095"}],"curies":[{"name":"wp","href":"https:\/\/api.w.org\/{rel}","templated":true}]}}