{"id":2147,"date":"2015-11-14T21:29:54","date_gmt":"2015-11-14T20:29:54","guid":{"rendered":"http:\/\/www.moravecteam.cz\/?p=2147"},"modified":"2015-11-16T21:30:18","modified_gmt":"2015-11-16T20:30:18","slug":"tygrice-v-lese","status":"publish","type":"post","link":"https:\/\/www.moravecteam.cz\/?p=2147","title":{"rendered":"Tyg\u0159ice v lese&#8230;"},"content":{"rendered":"<p style=\"text-align: justify;\"><span style=\"color: #993300;\"><strong>Na na\u0161e zem\u011bpisn\u00e9 p\u00e1smo jev pon\u011bkud atypick\u00fd, nicm\u00e9n\u011b p\u0159ece tomu tak bylo&#8230; Tradi\u010dn\u00ed b\u011bh \u00dat\u011bchovsk\u00fdmi lesy, kter\u00fd se b\u011b\u017eel na kdysi pam\u00e1tn\u00e1 datum (7. listopadu) \u00a0nemohl b\u00fdt ani letos bez \u00fa\u010dasti MORAVCE. By\u0165 konkurence rok od roku s\u00edl\u00ed, n\u00e1\u0161 reprezentant (resp. reprezentantka) si vedl (vedla) nad m\u00edru zdatn\u011b: v souboji s absolutn\u00ed b\u011b\u017eeckou \u0161pi\u010dkou se dok\u00e1zala prosadit ve v\u00fdsledkov\u00e9 listin\u011b do elitn\u00ed des\u00edtky&#8230; Bravo MORAVEC!<\/strong><\/span><\/p>\n<figure id=\"attachment_2201\" aria-describedby=\"caption-attachment-2201\" style=\"width: 178px\" class=\"wp-caption alignleft\"><a href=\"http:\/\/www.moravecteam.cz\/?attachment_id=2201\" rel=\"attachment wp-att-2201\"><img decoding=\"async\" loading=\"lazy\" class=\"size-full wp-image-2201 \" alt=\"06\" src=\"http:\/\/www.moravecteam.cz\/wp-content\/uploads\/2015\/11\/06.jpg\" width=\"178\" height=\"335\" srcset=\"https:\/\/www.moravecteam.cz\/wp-content\/uploads\/2015\/11\/06.jpg 178w, https:\/\/www.moravecteam.cz\/wp-content\/uploads\/2015\/11\/06-159x300.jpg 159w\" sizes=\"(max-width: 178px) 100vw, 178px\" \/><\/a><figcaption id=\"caption-attachment-2201\" class=\"wp-caption-text\">Monika Kone\u010dn\u00e1 je sportovn\u00edm univerz\u00e1lem: um\u00ed jak cyklistiku, tak i atletiku!<\/figcaption><\/figure>\n<p style=\"text-align: justify;\">U\u017e jste jist\u011b uh\u00e1dli, \u017ee onou Tyg\u0159ic\u00ed je\u00a0<strong><span style=\"color: #993300;\">Monika Kone\u010dn\u00e1<\/span><\/strong>, kter\u00e1 se jako jedna z m\u00e1la v regionu m\u016f\u017ee py\u0161nit v leto\u0161n\u00edm roce v\u00fdborn\u00fdmi v\u00fdsledky jak ze z\u00e1vodu horsk\u00fdch kol, tak i ze z\u00e1vod\u016f atleticko-b\u011b\u017eeck\u00fdch! V \u00dat\u011bchovsk\u00fdch les\u00edch se dok\u00e1zala prosadit ve sv\u00e9 kategorii bez pot\u00ed\u017e\u00ed po vyv\u00e1\u017een\u00e9m b\u011b\u017eeck\u00e9m v\u00fdkonu s p\u0159ehledem do prvn\u00ed des\u00edtky! \u00a0Hv\u011bzdi\u010dka leto\u0161n\u00ed CykloMaratonTour, kte v r\u00e1mci t\u00e9to MTB s\u00e9rie dok\u00e1zala zv\u00edt\u011bzit nejen ve sv\u00e9 kategorii, ale dok\u00e1zala ovl\u00e1dnout dokonce tak\u00e9 kategorii \u017een! \u00a0D\u00e1le si dovol\u00edm Moniku pochv\u00e1lit za jej\u00ed srdce MORAVCE, kter\u00e9 je na spr\u00e1vn\u00e9m m\u00edst\u011b&#8230; Jako borka, studuj\u00edc\u00ed st\u0159edn\u00ed \u0161kolu v Brn\u011b nev\u00e1hala ani na chvilku, aby p\u0159i\u0161la podpo\u0159it svoje t\u00fdmov\u00e9 &#8222;par\u0165\u00e1ky&#8220; 14.11. 2015 (toho \u010dasu na\u0161i do\u010dasnou cyklokrosovou rotu). \u00a0 \u00a0 \u00a0 Dovol\u00edte-li, pr\u00e1v\u011b Monika je pr\u00e1v\u011b t\u00edm spr\u00e1vn\u00fdm stmeluj\u00edc\u00edm elementem, bez kter\u00e9ho po\u0159\u00e1dn\u00fd ambici\u00f3zn\u00ed t\u00fdm prost\u011b nem\u016f\u017ee \u017e\u00edt&#8230; O to jsme \u0161\u0165astn\u011bj\u0161\u00ed, \u017ee je &#8222;Mon\u010da&#8220; na\u0161e! Zde jsou <strong><a href=\"http:\/\/www.tjstart.cz\/\">v\u00fdsledky z \u00dat\u011bchova<\/a><\/strong>, v\u010detn\u011b Mon\u010dina z\u00e1znamu.<\/p>\n","protected":false},"excerpt":{"rendered":"<p>Na na\u0161e zem\u011bpisn\u00e9 p\u00e1smo jev pon\u011bkud atypick\u00fd, nicm\u00e9n\u011b p\u0159ece tomu tak bylo&#8230; Tradi\u010dn\u00ed b\u011bh \u00dat\u011bchovsk\u00fdmi lesy, kter\u00fd se b\u011b\u017eel na kdysi pam\u00e1tn\u00e1 datum (7. listopadu) \u00a0nemohl b\u00fdt ani letos bez \u00fa\u010dasti MORAVCE. By\u0165 konkurence rok od roku s\u00edl\u00ed, n\u00e1\u0161 reprezentant (resp. reprezentantka) si vedl (vedla) nad m\u00edru zdatn\u011b: v souboji s absolutn\u00ed b\u011b\u017eeckou \u0161pi\u010dkou se &hellip; <a href=\"https:\/\/www.moravecteam.cz\/?p=2147\" class=\"more-link\">Pokra\u010dov\u00e1n\u00ed textu <span class=\"screen-reader-text\">Tyg\u0159ice v lese&#8230;<\/span> <span class=\"meta-nav\">&rarr;<\/span><\/a><\/p>\n","protected":false},"author":3,"featured_media":2200,"comment_status":"closed","ping_status":"closed","sticky":false,"template":"","format":"standard","meta":[],"categories":[1],"tags":[],"_links":{"self":[{"href":"https:\/\/www.moravecteam.cz\/index.php?rest_route=\/wp\/v2\/posts\/2147"}],"collection":[{"href":"https:\/\/www.moravecteam.cz\/index.php?rest_route=\/wp\/v2\/posts"}],"about":[{"href":"https:\/\/www.moravecteam.cz\/index.php?rest_route=\/wp\/v2\/types\/post"}],"author":[{"embeddable":true,"href":"https:\/\/www.moravecteam.cz\/index.php?rest_route=\/wp\/v2\/users\/3"}],"replies":[{"embeddable":true,"href":"https:\/\/www.moravecteam.cz\/index.php?rest_route=%2Fwp%2Fv2%2Fcomments&post=2147"}],"version-history":[{"count":11,"href":"https:\/\/www.moravecteam.cz\/index.php?rest_route=\/wp\/v2\/posts\/2147\/revisions"}],"predecessor-version":[{"id":2226,"href":"https:\/\/www.moravecteam.cz\/index.php?rest_route=\/wp\/v2\/posts\/2147\/revisions\/2226"}],"wp:featuredmedia":[{"embeddable":true,"href":"https:\/\/www.moravecteam.cz\/index.php?rest_route=\/wp\/v2\/media\/2200"}],"wp:attachment":[{"href":"https:\/\/www.moravecteam.cz\/index.php?rest_route=%2Fwp%2Fv2%2Fmedia&parent=2147"}],"wp:term":[{"taxonomy":"category","embeddable":true,"href":"https:\/\/www.moravecteam.cz\/index.php?rest_route=%2Fwp%2Fv2%2Fcategories&post=2147"},{"taxonomy":"post_tag","embeddable":true,"href":"https:\/\/www.moravecteam.cz\/index.php?rest_route=%2Fwp%2Fv2%2Ftags&post=2147"}],"curies":[{"name":"wp","href":"https:\/\/api.w.org\/{rel}","templated":true}]}}