{"id":2163,"date":"2015-11-16T15:53:55","date_gmt":"2015-11-16T14:53:55","guid":{"rendered":"http:\/\/www.moravecteam.cz\/?p=2163"},"modified":"2015-11-16T21:13:34","modified_gmt":"2015-11-16T20:13:34","slug":"hole-vrchy-high-standard","status":"publish","type":"post","link":"https:\/\/www.moravecteam.cz\/?p=2163","title":{"rendered":"Hol\u00e9 Vrchy: op\u011bt TOP!"},"content":{"rendered":"<p style=\"text-align: justify;\"><span style=\"color: #993300;\"><strong>Do\u010dasn\u00e1 cyklokrosov\u00e1 rota MORAVCE se i nad\u00e1le p\u0159ekon\u00e1v\u00e1. V dal\u0161\u00edm pokra\u010dov\u00e1n\u00ed \u010cesk\u00e9ho cyklokrosov\u00e9ho poh\u00e1ru se minulou sobotu na Hol\u00fdch Vr\u0161\u00edch u Mlad\u00e9 Boleslavi\u00a0znovu potvrdilo, jak vysok\u00e9 v\u00fdkonnosti se na\u0161i letos t\u011b\u0161\u00ed&#8230; V\u017edy\u0165 z na\u0161eho &#8222;qarteta&#8220;, kter\u00e9 se postavilo na start t\u011b\u017ek\u00e9ho z\u00e1vodu , st\u00edhali hned t\u0159i v\u00fdsledkov\u011b elitn\u00ed des\u00edtku a jeden elitn\u00ed patn\u00e1ctku! Nav\u00edc jsme po sobot\u011b zaznamenaly dal\u0161\u00ed posuny na\u0161ich v pr\u016fb\u011b\u017en\u00e9m hodnocen\u00ed prvn\u00ed \u010desk\u00e9 cyklokrosa\u0159sk\u00e9 ligy&#8230;<\/strong><\/span><\/p>\n<p><a href=\"http:\/\/www.moravecteam.cz\/?attachment_id=2207\" rel=\"attachment wp-att-2207\"><img decoding=\"async\" loading=\"lazy\" class=\"size-full wp-image-2207  alignleft\" title=\"Tom\u00e1\u0161 Tlamka &quot;Contador&quot; zraje v leto\u0161n\u00ed cyklokrosa\u0159sk\u00e9 sez\u00f3n\u011b jako (mlad\u00e9) v\u00edno!\" alt=\"IMG_20151111_155417\" src=\"http:\/\/www.moravecteam.cz\/wp-content\/uploads\/2015\/11\/IMG_20151111_155417.jpg\" width=\"175\" height=\"250\" \/><\/a><\/p>\n<p style=\"text-align: justify;\">Jak se u\u017e stalo zvykem, la\u0165ku nasadil vysoko hned <span style=\"color: #993300;\"><strong>Tom\u00e1\u0161 Tlamka &#8222;Contador&#8220;<\/strong><\/span>. V z\u00e1vod\u011b se op\u011bt dok\u00e1zal prosadit do neju\u017e\u0161\u00edho \u010dela a v c\u00edli z toho bylo op\u011bt velmi lichotiv\u00e9 p\u00e1t\u00e9 m\u00edsto! A co v\u00edc: skalp jednoho z prim\u016f leto\u0161n\u00edho \u010cesk\u00e9ho poh\u00e1ru, Pavla Bittnera, kter\u00fd se &#8222;Contadorovi&#8220; po sobot\u011b houp\u00e1 na jeho pomysln\u00e9m opasku, m\u00e1 veskrze vysokou cenu! K bronzov\u00e9 placce Tomovi chyb\u011bla slab\u00e1 p\u016fl minutka a v celkov\u00e9m po\u0159ad\u00ed se posunul ji\u017e na 6. m\u00edsto!<\/p>\n<p style=\"text-align: justify;\"><a href=\"http:\/\/www.moravecteam.cz\/?attachment_id=2208\" rel=\"attachment wp-att-2208\"><img decoding=\"async\" loading=\"lazy\" class=\"size-full wp-image-2208 alignright\" title=\"Jana Tesa\u0159ov\u00e1 si s jistotou dr\u017e\u00ed prim\u00e1t cyklokrosa\u0159sk\u00e9ho objevu roku mezi kadetkami.\" alt=\"IMG_20151111_151253a\" src=\"http:\/\/www.moravecteam.cz\/wp-content\/uploads\/2015\/11\/IMG_20151111_151253a.jpg\" width=\"174\" height=\"250\" \/><\/a>Jako lvice se s konkurenc\u00ed servaly state\u010dn\u011b i ob\u011b na\u0161e kadetky. Ve vyrovnan\u00e9m z\u00e1vod\u011b (borky na 3. a\u017e 8. m\u00edst\u011b dojeli v rozmez\u00ed jedn\u00e9 minuty), brala <span style=\"color: #993300;\"><strong>Jana D\u017eejn Tesa\u0159ov\u00e1<\/strong> <span style=\"color: #000000;\">v\u00fdborn\u00e9 8. m\u00edsto a <span style=\"color: #993300;\"><strong>Anna Zem\u00e1nkov\u00e1<\/strong> <\/span>spurtovala do c\u00edle nakonec jako \u010dtrn\u00e1ct\u00e1. V celkov\u00e9m po\u0159ad\u00ed dr\u017e\u00ed Jana\u00a0m\u00edsto v elitn\u00ed &#8222;p\u011btce&#8220; a A\u0148a se posunula u\u017e na v\u00fdte\u010dnou \u00a016.p\u0159\u00ed\u010dku (p\u0159ipom\u00edn\u00e1m, \u017ee z d\u016fvodu studijn\u00edch povinnost\u00ed byla nucena dva z\u00e1vody vynechat). A co v\u00edc: v sout\u011b\u017ei t\u00fdm\u016f figuruje MORAVEC v t\u00e9to kategorii na\u00a0supr 4. m\u00edst\u011b! N\u011bco m\u011b \u0159\u00edk\u00e1, \u017ee na\u0161e holky je\u0161t\u011b letos ne\u0159ekly zdaleka posledn\u00ed slovo&#8230;\u00a0<\/span><\/span><\/p>\n<p style=\"text-align: justify;\"><a href=\"http:\/\/www.moravecteam.cz\/?attachment_id=2209\" rel=\"attachment wp-att-2209\"><img decoding=\"async\" loading=\"lazy\" class=\"size-full wp-image-2209 alignleft\" title=\"I Anna Zem\u00e1nkov\u00e1 jezd\u00ed v pohod\u011b a cyklokrosy\u0159skou sez\u00f3nu si letos v pravd\u011b u\u017e\u00edv\u00e1!\" alt=\"IMG_20151111_151253\" src=\"http:\/\/www.moravecteam.cz\/wp-content\/uploads\/2015\/11\/IMG_20151111_151253.jpg\" width=\"190\" height=\"250\" \/><\/a>Jako posledn\u00ed zas\u00e1hl na Hol\u00fdch Vr\u0161\u00edch do boj\u016f <span style=\"color: #993300;\"><strong>Dominik Prudek<\/strong><\/span>. Oproti minul\u00e9mu z\u00e1vodu dok\u00e1zal udr\u017eet kontakt se \u0161pi\u010dkou z\u00e1vodu a odm\u011bnou mu bylo v c\u00edli m\u00edsto v elitn\u00ed des\u00edtce (9.). Tak trochu se opakovala se situace ze z\u00e1vodu kadetek, kdy borci na \u010dtvrt\u00e9m a\u017e dev\u00e1t\u00e9m m\u00edst\u011b (tedy v\u010detn\u011b na\u0161eho Dominika) dojeli v t\u011bsn\u00e9m sousledu a \u010dasov\u011b se zm\u00e1\u010dknuli ve \u00a0vz\u00e1cn\u011b vyrovnan\u00e9m \u0161iku do minuty&#8230;<\/p>\n<p style=\"text-align: justify;\"><a href=\"http:\/\/www.moravecteam.cz\/?attachment_id=2206\" rel=\"attachment wp-att-2206\"><img decoding=\"async\" loading=\"lazy\" class=\"size-full wp-image-2206 alignright\" title=\"Dominik Prudek si sv\u00fdmi v\u00fdkony zjednal u\u017e d\u00e1vno mezi juniory opr\u00e1vn\u011bn\u00fd respekt.\" alt=\"IMG_20151111_162122\" src=\"http:\/\/www.moravecteam.cz\/wp-content\/uploads\/2015\/11\/IMG_20151111_162122.jpg\" width=\"181\" height=\"250\" \/><\/a>Na\u0161e cyklokrosa\u0159e tedy m\u016f\u017eeme op\u011bt jenom pochv\u00e1lit, a pod\u011bkovat jim za vzorn\u00e9 repre MORAVCE, podp\u016frn\u00fd t\u00fdm samoz\u0159ejm\u011b nevyj\u00edmaje. S\u00edly \u010dty\u0159 na\u0161ich cyklokrosa\u0159sk\u00fdch mu\u0161ket\u00fdr\u016f notn\u011b prov\u011b\u0159\u00ed hned dal\u0161\u00ed z\u00e1vod,kter\u00fd se jede u\u017e v \u00fater\u00fd 17. listopadu v Uni\u010dov\u011b, p\u0159i\u010dem\u017e \u010das na regeneraci bude tentokr\u00e1t pouho pouh\u00e9 dva dny&#8230;\u00a0Budeme dr\u017eet palce a v\u011b\u0159it, \u017ee tento dal\u0161\u00ed &#8222;brut\u00e1ln\u00ed&#8220; cyklkrosa\u0159sk\u00fd dvojboj na\u0161i zvl\u00e1dnou se ct\u00ed! Zde studujte<a href=\"http:\/\/www.cyklokros.cz\/cz\/toi-toi-cup-2015-2016\/toi-toi-cup-2015-16\/hole-vrchy\/vysledky\">\u00a0<strong>v\u00fdsledkov\u00fd servis\u00a0<\/strong><\/a>ze soboty.<\/p>\n","protected":false},"excerpt":{"rendered":"<p>Do\u010dasn\u00e1 cyklokrosov\u00e1 rota MORAVCE se i nad\u00e1le p\u0159ekon\u00e1v\u00e1. V dal\u0161\u00edm pokra\u010dov\u00e1n\u00ed \u010cesk\u00e9ho cyklokrosov\u00e9ho poh\u00e1ru se minulou sobotu na Hol\u00fdch Vr\u0161\u00edch u Mlad\u00e9 Boleslavi\u00a0znovu potvrdilo, jak vysok\u00e9 v\u00fdkonnosti se na\u0161i letos t\u011b\u0161\u00ed&#8230; V\u017edy\u0165 z na\u0161eho &#8222;qarteta&#8220;, kter\u00e9 se postavilo na start t\u011b\u017ek\u00e9ho z\u00e1vodu , st\u00edhali hned t\u0159i v\u00fdsledkov\u011b elitn\u00ed des\u00edtku a jeden elitn\u00ed patn\u00e1ctku! Nav\u00edc jsme &hellip; <a href=\"https:\/\/www.moravecteam.cz\/?p=2163\" class=\"more-link\">Pokra\u010dov\u00e1n\u00ed textu <span class=\"screen-reader-text\">Hol\u00e9 Vrchy: op\u011bt TOP!<\/span> <span class=\"meta-nav\">&rarr;<\/span><\/a><\/p>\n","protected":false},"author":3,"featured_media":2205,"comment_status":"closed","ping_status":"closed","sticky":false,"template":"","format":"standard","meta":[],"categories":[1],"tags":[],"_links":{"self":[{"href":"https:\/\/www.moravecteam.cz\/index.php?rest_route=\/wp\/v2\/posts\/2163"}],"collection":[{"href":"https:\/\/www.moravecteam.cz\/index.php?rest_route=\/wp\/v2\/posts"}],"about":[{"href":"https:\/\/www.moravecteam.cz\/index.php?rest_route=\/wp\/v2\/types\/post"}],"author":[{"embeddable":true,"href":"https:\/\/www.moravecteam.cz\/index.php?rest_route=\/wp\/v2\/users\/3"}],"replies":[{"embeddable":true,"href":"https:\/\/www.moravecteam.cz\/index.php?rest_route=%2Fwp%2Fv2%2Fcomments&post=2163"}],"version-history":[{"count":12,"href":"https:\/\/www.moravecteam.cz\/index.php?rest_route=\/wp\/v2\/posts\/2163\/revisions"}],"predecessor-version":[{"id":2218,"href":"https:\/\/www.moravecteam.cz\/index.php?rest_route=\/wp\/v2\/posts\/2163\/revisions\/2218"}],"wp:featuredmedia":[{"embeddable":true,"href":"https:\/\/www.moravecteam.cz\/index.php?rest_route=\/wp\/v2\/media\/2205"}],"wp:attachment":[{"href":"https:\/\/www.moravecteam.cz\/index.php?rest_route=%2Fwp%2Fv2%2Fmedia&parent=2163"}],"wp:term":[{"taxonomy":"category","embeddable":true,"href":"https:\/\/www.moravecteam.cz\/index.php?rest_route=%2Fwp%2Fv2%2Fcategories&post=2163"},{"taxonomy":"post_tag","embeddable":true,"href":"https:\/\/www.moravecteam.cz\/index.php?rest_route=%2Fwp%2Fv2%2Ftags&post=2163"}],"curies":[{"name":"wp","href":"https:\/\/api.w.org\/{rel}","templated":true}]}}