{"id":2231,"date":"2015-11-18T09:22:08","date_gmt":"2015-11-18T08:22:08","guid":{"rendered":"http:\/\/www.moravecteam.cz\/?p=2231"},"modified":"2015-11-19T09:53:35","modified_gmt":"2015-11-19T08:53:35","slug":"unicov-dalsi-bestovka","status":"publish","type":"post","link":"https:\/\/www.moravecteam.cz\/?p=2231","title":{"rendered":"Uni\u010dov: dal\u0161\u00ed &#8222;bestovka&#8220;!"},"content":{"rendered":"<p style=\"text-align: justify;\"><strong><span style=\"color: #993300;\">Na klasick\u00e9 cyklokrosa\u0159sk\u00e9 trati v Uni\u010dov\u011b zm\u011b\u0159ili p\u0159i osm\u00e9m pokra\u010dov\u00e1n\u00ed n\u00e1rodn\u00edho\u00a0poh\u00e1ru o sv\u00e1te\u010dn\u00edm \u00faterku svoje s\u00edly nejlep\u0161\u00ed \u010de\u0161t\u00ed cyklokrosa\u0159i. Nechyb\u011bli \u00a0mezi nimi v ml\u00e1de\u017enick\u00fdch kategori\u00edch ani \u010dty\u0159i mu\u0161ket\u00fd\u0159i z MORAVCE a p\u0159esto, \u017ee se z\u00e1vod odjel za de\u0161t\u011b a t\u00edm p\u00e1dem ne extr\u00e9mn\u011b t\u011b\u017ek\u00e9 trati, na\u0161i se op\u011bt ve v\u00fdsledc\u00edch a v\u00fdkonech p\u0159ekon\u00e1vali! Tak\u017ee je na sv\u011bt\u011b dal\u0161\u00ed cyklokrosov\u00e1 The Best of MORAVEC!<\/span><\/strong><\/p>\n<p style=\"text-align: justify;\"><div style=\"width: 474px;\" class=\"wp-video\"><!--[if lt IE 9]><script>document.createElement('video');<\/script><![endif]-->\n<video class=\"wp-video-shortcode\" id=\"video-2231-1\" width=\"474\" height=\"267\" preload=\"metadata\" controls=\"controls\"><source type=\"video\/mp4\" src=\"http:\/\/www.moravecteam.cz\/wp-content\/uploads\/2015\/11\/MVI_2992.mp4?_=1\" \/><a href=\"http:\/\/www.moravecteam.cz\/wp-content\/uploads\/2015\/11\/MVI_2992.mp4\">http:\/\/www.moravecteam.cz\/wp-content\/uploads\/2015\/11\/MVI_2992.mp4<\/a><\/video><\/div><\/p>\n<p style=\"text-align: justify;\">Jako prvn\u00ed vyrazili v Uni\u010dov\u011b na tra\u0165\u00a0&#8211; podle ne zrovna \u0161\u0165astn\u00e9ho zab\u011bhl\u00e9ho pravidla &#8211;\u00a0kadetky a star\u0161\u00ed \u017e\u00e1ci. V z\u00e1vod\u011b chlapc\u016f se znovu v\u00fdkonov\u011b zaskv\u011bl <strong><span style=\"color: #993300;\">Tom\u00e1\u0161 Tlamka &#8222;Contador&#8220;.<\/span> <\/strong>Po v\u00fdborn\u00e9m startu (d\u00edky kter\u00e9mu se vyhnul hromadn\u00e9 kolizi v ob\u00e1van\u00e9m bl\u00e1tiv\u00e9m v\u00fdjezdu) si rutin\u00e9rsky hl\u00eddal \u010delo z\u00e1vodu, postupn\u011b dok\u00e1zal zrychlovat a v c\u00edli z toho bylo v\u00fdborn\u00e9 \u010dtvrt\u00e9 m\u00edsto. Kdo v\u00ed&#8230; Kdyby se jelo o kolo v\u00edc, asi by to &#8222;Tom&#8220; docvakl i na &#8222;bednu&#8220;, kterou za dan\u00e9 situace &#8222;s od\u0159en\u00fdma u\u0161ima&#8220; obh\u00e1jil jeho velk\u00fd soupe\u0159, Pavel Bittner.<\/p>\n<p style=\"text-align: justify;\"><div style=\"width: 474px;\" class=\"wp-video\"><video class=\"wp-video-shortcode\" id=\"video-2231-2\" width=\"474\" height=\"267\" preload=\"metadata\" controls=\"controls\"><source type=\"video\/mp4\" src=\"http:\/\/www.moravecteam.cz\/wp-content\/uploads\/2015\/11\/MVI_2993.mp4?_=2\" \/><a href=\"http:\/\/www.moravecteam.cz\/wp-content\/uploads\/2015\/11\/MVI_2993.mp4\">http:\/\/www.moravecteam.cz\/wp-content\/uploads\/2015\/11\/MVI_2993.mp4<\/a><\/video><\/div><\/p>\n<p style=\"text-align: justify;\">Jako v\u017edy, za skv\u011bl\u00fdm v\u00fdkonem &#8222;Contadora&#8220; nez\u016fstali ani ne\u0161e kadetky nikterak pozadu.\u00a0\u00a0Extr\u00e9mn\u011b t\u011b\u017ek\u00e1 tra\u0165 jim sed\u011bla a tato skute\u010dnost se projevila i v\u00fdsledkov\u011b. <span style=\"color: #993300;\"><strong>Jana &#8222;D\u017eejn&#8220; Tesa\u0159ov\u00e1<\/strong> <\/span>taky profitovala z v\u00fdborn\u00e9ho startu, trvale se dr\u017eela v neju\u017e\u0161\u00ed \u0161pi\u010dce (po n\u011bjakou dobu startovn\u00ed pole kadetek dokonce i vedla), aby z toho bylo nakonec v c\u00edli vynikaj\u00edc\u00ed t\u0159et\u00ed m\u00edsto! Bravo MORAVEC! State\u010dn\u011b se porvala z bahnitou trat\u00ed i <span style=\"color: #993300;\"><strong>Anna Zem\u00e1nkov\u00e1,<\/strong><\/span> kter\u00e1 sice v prvn\u00edm kole uv\u00edzla v kritick\u00e9m kluzk\u00e9m stoup\u00e1n\u00ed a ztratila zde cenn\u00e9 vte\u0159inky, n\u00e1sledn\u011b ale prok\u00e1zala\u00a0v t\u011b\u017ek\u00e9m ter\u00e9nu v\u00fdjime\u010dnou s\u00edlu a stabilitu, zrychlovala a v z\u00e1v\u011bru z\u00e1vodu dokonce atakovala elitn\u00ed des\u00edtku!<\/p>\n<p style=\"text-align: justify;\"><div style=\"width: 474px;\" class=\"wp-video\"><video class=\"wp-video-shortcode\" id=\"video-2231-3\" width=\"474\" height=\"267\" preload=\"metadata\" controls=\"controls\"><source type=\"video\/mp4\" src=\"http:\/\/www.moravecteam.cz\/wp-content\/uploads\/2015\/11\/MVI_2994.mp4?_=3\" \/><a href=\"http:\/\/www.moravecteam.cz\/wp-content\/uploads\/2015\/11\/MVI_2994.mp4\">http:\/\/www.moravecteam.cz\/wp-content\/uploads\/2015\/11\/MVI_2994.mp4<\/a><\/video><\/div><\/p>\n<p style=\"text-align: justify;\">Za neust\u00e1vaj\u00edc\u00edho de\u0161t\u011b se start od startu\u00a0st\u00e1vala uni\u010dovsk\u00e1 tra\u0165\u00a0&#8211; logicky &#8211;\u00a0\u010d\u00edm d\u00e1l\u00a0t\u011b\u017e\u0161\u00ed&#8230; Tuto skute\u010dnost m\u011bl mo\u017enost ve sv\u00e9m z\u00e1vod\u011b junior\u016f poznat z\u00e1hy i \u010dtvrt\u00fd n\u00e1\u0161 mu\u0161ket\u00fdr <strong><span style=\"color: #993300;\">Dominik Prudek<\/span><\/strong>. I on m\u011bl v\u00fdborn\u00fd start a dr\u017eel kontakt se \u0161pi\u010dkou\u00a0&#8222;na\u0161lapan\u00e9ho&#8220; startovn\u00edho pole,\u00a0ani on se bohu\u017eel ale\u00a0\u00a0nevyhnul\u00a0zdr\u017een\u00ed (ne vlastn\u00ed vinou) v extr\u00e9mn\u011b kluzk\u00e9m v\u00fdjezdu, kter\u00e9 ho obralo o cenn\u00e9 vte\u0159inky&#8230; Po srdca\u0159sk\u00e9m v\u00fdkonu Dom\u010da fini\u0161oval v c\u00edli vyrovnan\u00e9ho z\u00e1vodu junior\u016f jako osm\u00fd v po\u0159ad\u00ed, p\u0159i\u010dem\u017e borci na p\u00e1t\u00e9m a\u017e osm\u00e9m m\u00edst\u011b dojeli znovu ve vz\u00e1cn\u011b vyrovnan\u00e9m \u0161iku\u00a0v \u010dasov\u00e9m rozmez\u00ed p\u016flminuty&#8230;).<\/p>\n<p style=\"text-align: justify;\"><div style=\"width: 474px;\" class=\"wp-video\"><video class=\"wp-video-shortcode\" id=\"video-2231-4\" width=\"474\" height=\"267\" preload=\"metadata\" controls=\"controls\"><source type=\"video\/mp4\" src=\"http:\/\/www.moravecteam.cz\/wp-content\/uploads\/2015\/11\/MVI_3010.mp4?_=4\" \/><a href=\"http:\/\/www.moravecteam.cz\/wp-content\/uploads\/2015\/11\/MVI_3010.mp4\">http:\/\/www.moravecteam.cz\/wp-content\/uploads\/2015\/11\/MVI_3010.mp4<\/a><\/video><\/div><\/p>\n<p style=\"text-align: justify;\">V Uni\u010dov\u011b n\u00e1s na\u0161e do\u010dasn\u00e1 cyklokrosov\u00e1 rota p\u0159edveden\u00fdmi v\u00fdkony op\u011bt nadchla a v pravd\u011b &#8222;namlsala&#8220;. D\u00edky v\u0161em za v\u00fdkony na &#8222;krev&#8220;, kter\u00e9 si uni\u010dovsk\u00e9 bl\u00e1to tentokr\u00e1t, cht\u011b &#8211; necht\u011b, striktn\u011b vy\u017e\u00e1dalo. A\u00a0velk\u00e1 pochvala\u00a0MORAVC\u016eM (podp\u016frn\u00e9mu t\u00fdmu v\u010detn\u011b), \u017ee za tohoto extr\u00e9mu obst\u00e1li v\u0161ichni na podtr\u017eenou jedni\u010dku! \u00a0I kdyby se\u00a0ve zb\u00fdvaj\u00edc\u00edch t\u0159ech z\u00e1vodech\u00a0neda\u0159ilo a nedok\u00e1zali zopakovat dosavadn\u00ed skv\u011bl\u00e9 v\u00fdkony a v\u00fdsledky, \u00a0bude p\u0159esto leto\u0161n\u00ed cyklokrosov\u00e1 sez\u00f3na zaps\u00e1na v odd\u00edlov\u00e9 kronice s ur\u010ditost\u00ed zlat\u00fdm p\u00edsmem!<\/p>\n<p style=\"text-align: justify;\"><div style=\"width: 474px;\" class=\"wp-video\"><video class=\"wp-video-shortcode\" id=\"video-2231-5\" width=\"474\" height=\"267\" preload=\"metadata\" controls=\"controls\"><source type=\"video\/mp4\" src=\"http:\/\/www.moravecteam.cz\/wp-content\/uploads\/2015\/11\/MVI_3011.mp4?_=5\" \/><a href=\"http:\/\/www.moravecteam.cz\/wp-content\/uploads\/2015\/11\/MVI_3011.mp4\">http:\/\/www.moravecteam.cz\/wp-content\/uploads\/2015\/11\/MVI_3011.mp4<\/a><\/video><\/div><\/p>\n<p style=\"text-align: justify;\">Zde je <strong><a href=\"http:\/\/www.cyklokros.cz\/cz\/toi-toi-cup-2015-2016\/toi-toi-cup-2015-16\/unicov\/vysledky\">v\u00fdsledkov\u00fd servis <\/a><\/strong>z Han\u00e9, a zde Liborova <strong><a href=\"http:\/\/moravecteam.rajce.idnes.cz\/2015.11.17_TOI_TOI_Cup_Unicov\/\">fotogalerie<\/a>, <\/strong>na kterou je moc p\u011bkn\u00e9 pokouk\u00e1n\u00ed&#8230; No a samoz\u0159ejm\u011b si nenechte uj\u00edt prom\u00edtnut\u00ed sedmi kr\u00e1tk\u00fdch videosekvenc\u00ed (op\u011bt z d\u00edlny Libora Tesa\u0159e &#8211; t\u0159i jsou ze z\u00e1vodu \u017e\u00e1k\u016f a kadetek a t\u0159i ze z\u00e1vodu junior\u016f), kter\u00e9 autenticky vypov\u00eddaj\u00ed o uni\u010dovsk\u00fdch klimatick\u00fdch podm\u00ednk\u00e1ch a o stavu m\u00edstn\u00ed trat\u011b p\u0159i \u00fatern\u00edm z\u00e1vod\u011b&#8230;<\/p>\n<p style=\"text-align: justify;\"><span style=\"line-height: 1.5;\"><div style=\"width: 474px;\" class=\"wp-video\"><video class=\"wp-video-shortcode\" id=\"video-2231-6\" width=\"474\" height=\"267\" preload=\"metadata\" controls=\"controls\"><source type=\"video\/mp4\" src=\"http:\/\/www.moravecteam.cz\/wp-content\/uploads\/2015\/11\/MVI_3013.mp4?_=6\" \/><a href=\"http:\/\/www.moravecteam.cz\/wp-content\/uploads\/2015\/11\/MVI_3013.mp4\">http:\/\/www.moravecteam.cz\/wp-content\/uploads\/2015\/11\/MVI_3013.mp4<\/a><\/video><\/div><\/span><\/p>\n","protected":false},"excerpt":{"rendered":"<p>Na klasick\u00e9 cyklokrosa\u0159sk\u00e9 trati v Uni\u010dov\u011b zm\u011b\u0159ili p\u0159i osm\u00e9m pokra\u010dov\u00e1n\u00ed n\u00e1rodn\u00edho\u00a0poh\u00e1ru o sv\u00e1te\u010dn\u00edm \u00faterku svoje s\u00edly nejlep\u0161\u00ed \u010de\u0161t\u00ed cyklokrosa\u0159i. Nechyb\u011bli \u00a0mezi nimi v ml\u00e1de\u017enick\u00fdch kategori\u00edch ani \u010dty\u0159i mu\u0161ket\u00fd\u0159i z MORAVCE a p\u0159esto, \u017ee se z\u00e1vod odjel za de\u0161t\u011b a t\u00edm p\u00e1dem ne extr\u00e9mn\u011b t\u011b\u017ek\u00e9 trati, na\u0161i se op\u011bt ve v\u00fdsledc\u00edch a v\u00fdkonech p\u0159ekon\u00e1vali! Tak\u017ee je &hellip; <a href=\"https:\/\/www.moravecteam.cz\/?p=2231\" class=\"more-link\">Pokra\u010dov\u00e1n\u00ed textu <span class=\"screen-reader-text\">Uni\u010dov: dal\u0161\u00ed &#8222;bestovka&#8220;!<\/span> <span class=\"meta-nav\">&rarr;<\/span><\/a><\/p>\n","protected":false},"author":3,"featured_media":2239,"comment_status":"closed","ping_status":"closed","sticky":false,"template":"","format":"standard","meta":[],"categories":[1],"tags":[],"_links":{"self":[{"href":"https:\/\/www.moravecteam.cz\/index.php?rest_route=\/wp\/v2\/posts\/2231"}],"collection":[{"href":"https:\/\/www.moravecteam.cz\/index.php?rest_route=\/wp\/v2\/posts"}],"about":[{"href":"https:\/\/www.moravecteam.cz\/index.php?rest_route=\/wp\/v2\/types\/post"}],"author":[{"embeddable":true,"href":"https:\/\/www.moravecteam.cz\/index.php?rest_route=\/wp\/v2\/users\/3"}],"replies":[{"embeddable":true,"href":"https:\/\/www.moravecteam.cz\/index.php?rest_route=%2Fwp%2Fv2%2Fcomments&post=2231"}],"version-history":[{"count":17,"href":"https:\/\/www.moravecteam.cz\/index.php?rest_route=\/wp\/v2\/posts\/2231\/revisions"}],"predecessor-version":[{"id":2312,"href":"https:\/\/www.moravecteam.cz\/index.php?rest_route=\/wp\/v2\/posts\/2231\/revisions\/2312"}],"wp:featuredmedia":[{"embeddable":true,"href":"https:\/\/www.moravecteam.cz\/index.php?rest_route=\/wp\/v2\/media\/2239"}],"wp:attachment":[{"href":"https:\/\/www.moravecteam.cz\/index.php?rest_route=%2Fwp%2Fv2%2Fmedia&parent=2231"}],"wp:term":[{"taxonomy":"category","embeddable":true,"href":"https:\/\/www.moravecteam.cz\/index.php?rest_route=%2Fwp%2Fv2%2Fcategories&post=2231"},{"taxonomy":"post_tag","embeddable":true,"href":"https:\/\/www.moravecteam.cz\/index.php?rest_route=%2Fwp%2Fv2%2Ftags&post=2231"}],"curies":[{"name":"wp","href":"https:\/\/api.w.org\/{rel}","templated":true}]}}