{"id":2257,"date":"2015-11-17T11:40:35","date_gmt":"2015-11-17T10:40:35","guid":{"rendered":"http:\/\/www.moravecteam.cz\/?p=2257"},"modified":"2015-11-18T19:02:47","modified_gmt":"2015-11-18T18:02:47","slug":"bbp-odstartoval","status":"publish","type":"post","link":"https:\/\/www.moravecteam.cz\/?p=2257","title":{"rendered":"BBP odstartoval!"},"content":{"rendered":"<p style=\"text-align: justify;\"><span style=\"color: #993300;\"><strong>Nejen v r\u00e1mci cyklokrosu v Uni\u010dov\u011b a cvi\u010den\u00ed v bene\u0161ovsk\u00e9 Sokolovn\u011b byli aktivn\u00ed MORAVCI o sv\u00e1te\u010dn\u00edm \u00faterku 47. t\u00fddne tohoto roku&#8230; V Jehnic\u00edch, obci nedaleko Brna ten den odstartoval dal\u0161\u00ed ro\u010dn\u00edk Brn\u011bnsk\u00e9ho b\u011b\u017eeck\u00e9ho poh\u00e1ru. Seri\u00e1l, kter\u00fd vyhled\u00e1vaj\u00ed krom\u011b atlet\u016f b\u011b\u017ec\u016f tak\u00e9 sportovci, pro kter\u00e9 je zimn\u00ed \u010das p\u0159\u00edpravn\u00fdm obdob\u00edm. A takov\u00fdmi sportsmeny jsou tak\u00e9 cyklist\u00e9&#8230;<\/strong><\/span><\/p>\n<p style=\"text-align: justify;\"><span style=\"color: #000000;\"><strong><a href=\"http:\/\/www.moravecteam.cz\/?attachment_id=2288\" rel=\"attachment wp-att-2288\"><img decoding=\"async\" loading=\"lazy\" class=\"size-full wp-image-2288 alignleft\" title=\"Monika na trati z\u00e1vodu v Jehnic\u00edch dr\u017e\u00ed v \u0161achu mnohem zku\u0161en\u011bj\u0161\u00ed soupe\u0159ky.\" alt=\"IMG_2756 (1)\" src=\"http:\/\/www.moravecteam.cz\/wp-content\/uploads\/2015\/11\/IMG_2756-1.jpg\" width=\"233\" height=\"300\" \/><\/a><\/strong>V<\/span>\u0161ak byste v neb\u00fdvale po\u010detn\u00fdch startovn\u00edch pol\u00edch jednotliv\u00fdch z\u00e1vod\u016f prvn\u00edho BBP v Jehnic\u00edch\u00a0\u00a0nejednoho &#8222;kovan\u00e9ho&#8220; cyklistu \u010di cyklistku na\u0161li. Z MORAVC\u016e byla v r\u00e1mci premi\u00e9ry p\u0159i tom ost\u0159e v akci na\u0161e osv\u011bd\u010den\u00e1 bojovnice &#8211; &#8222;Tyg\u0159ice z Okrouhl\u00e9&#8220;, Monika Kone\u010dn\u00e1.\u00a0V kategorii dorostenek na ni \u010dekala p\u011btikilometrov\u00e1 distance a Monika dob\u011bhla po tradi\u010dn\u011b bojovn\u00e9m v\u00fdkonu\u00a0v bohat\u00e9m d\u00edv\u010d\u00edm startovn\u00edm poli na v\u00fdborn\u00e9m 33. m\u00edst\u011b. Pro ni to byl ur\u010dit\u011b v\u00fdborn\u00fd tr\u00e9nink na druh\u00fd z\u00e1vod v r\u00e1mci t\u00e9to s\u00e9rie, kter\u00fdm bude Mikul\u00e1\u0161sk\u00fd b\u011bh 5. prosince v obci bik\u016fm zaslben\u00e9 &#8211; Okrouhl\u00e9. No a zde se, po\u010d\u00edt\u00e1m &#8211; \u0161iky MORAVC\u016e na startu, hlavn\u011b v d\u011btsk\u00fdch kategori\u00edch &#8211; podstatn\u011b rozrostou. Zde na jdete <strong><a href=\"http:\/\/www.atletikauni.cz\/cz\/s2606\/Kalendar-akci\/c3156-BBP\">v\u00fdsledky z Jehnic<\/a><\/strong>.<\/p>\n","protected":false},"excerpt":{"rendered":"<p>Nejen v r\u00e1mci cyklokrosu v Uni\u010dov\u011b a cvi\u010den\u00ed v bene\u0161ovsk\u00e9 Sokolovn\u011b byli aktivn\u00ed MORAVCI o sv\u00e1te\u010dn\u00edm \u00faterku 47. t\u00fddne tohoto roku&#8230; V Jehnic\u00edch, obci nedaleko Brna ten den odstartoval dal\u0161\u00ed ro\u010dn\u00edk Brn\u011bnsk\u00e9ho b\u011b\u017eeck\u00e9ho poh\u00e1ru. Seri\u00e1l, kter\u00fd vyhled\u00e1vaj\u00ed krom\u011b atlet\u016f b\u011b\u017ec\u016f tak\u00e9 sportovci, pro kter\u00e9 je zimn\u00ed \u010das p\u0159\u00edpravn\u00fdm obdob\u00edm. A takov\u00fdmi sportsmeny jsou tak\u00e9 cyklist\u00e9&#8230; &hellip; <a href=\"https:\/\/www.moravecteam.cz\/?p=2257\" class=\"more-link\">Pokra\u010dov\u00e1n\u00ed textu <span class=\"screen-reader-text\">BBP odstartoval!<\/span> <span class=\"meta-nav\">&rarr;<\/span><\/a><\/p>\n","protected":false},"author":3,"featured_media":2290,"comment_status":"closed","ping_status":"closed","sticky":false,"template":"","format":"standard","meta":[],"categories":[1],"tags":[],"_links":{"self":[{"href":"https:\/\/www.moravecteam.cz\/index.php?rest_route=\/wp\/v2\/posts\/2257"}],"collection":[{"href":"https:\/\/www.moravecteam.cz\/index.php?rest_route=\/wp\/v2\/posts"}],"about":[{"href":"https:\/\/www.moravecteam.cz\/index.php?rest_route=\/wp\/v2\/types\/post"}],"author":[{"embeddable":true,"href":"https:\/\/www.moravecteam.cz\/index.php?rest_route=\/wp\/v2\/users\/3"}],"replies":[{"embeddable":true,"href":"https:\/\/www.moravecteam.cz\/index.php?rest_route=%2Fwp%2Fv2%2Fcomments&post=2257"}],"version-history":[{"count":5,"href":"https:\/\/www.moravecteam.cz\/index.php?rest_route=\/wp\/v2\/posts\/2257\/revisions"}],"predecessor-version":[{"id":2295,"href":"https:\/\/www.moravecteam.cz\/index.php?rest_route=\/wp\/v2\/posts\/2257\/revisions\/2295"}],"wp:featuredmedia":[{"embeddable":true,"href":"https:\/\/www.moravecteam.cz\/index.php?rest_route=\/wp\/v2\/media\/2290"}],"wp:attachment":[{"href":"https:\/\/www.moravecteam.cz\/index.php?rest_route=%2Fwp%2Fv2%2Fmedia&parent=2257"}],"wp:term":[{"taxonomy":"category","embeddable":true,"href":"https:\/\/www.moravecteam.cz\/index.php?rest_route=%2Fwp%2Fv2%2Fcategories&post=2257"},{"taxonomy":"post_tag","embeddable":true,"href":"https:\/\/www.moravecteam.cz\/index.php?rest_route=%2Fwp%2Fv2%2Ftags&post=2257"}],"curies":[{"name":"wp","href":"https:\/\/api.w.org\/{rel}","templated":true}]}}