{"id":2293,"date":"2015-11-18T19:27:38","date_gmt":"2015-11-18T18:27:38","guid":{"rendered":"http:\/\/www.moravecteam.cz\/?p=2293"},"modified":"2015-11-18T19:43:24","modified_gmt":"2015-11-18T18:43:24","slug":"hattrick-z-brna","status":"publish","type":"post","link":"https:\/\/www.moravecteam.cz\/?p=2293","title":{"rendered":"Hattrick z Brna!"},"content":{"rendered":"<p style=\"text-align: justify;\"><strong><span style=\"color: #993300;\">V p\u011bti dnech t\u0159i t\u011b\u017ek\u00e9 cyklokrosa\u0159sk\u00e9 z\u00e1vody absolvovali dva snajp\u0159i z do\u010dasn\u00e9 cyklokrosa\u0159sk\u00e9 roty MORAVCE&#8230; Vskutku p\u011bkn\u00e1 porce tvrd\u00e9 cyklokrosa\u0159sk\u00e9 d\u0159iny&#8230; A ned\u00e1 se \u0159\u00edct, \u017ee by t\u0159et\u00ed z\u00e1vod Brn\u011bnsk\u00e9ho cyklokrosov\u00e9ho poh\u00e1ru \u00fa\u010dast\u00ed poh\u00e1rov\u00fdm z\u00e1vodem z p\u0159ede\u0161l\u00e9ho dne v Uni\u010dov\u011b n\u011bjak utrp\u011bl a byl t\u00edm p\u00e1dem n\u011bjakou &#8222;brnak\u010dkou&#8220;&#8230; Ka\u017edop\u00e1dn\u011b hlavn\u011b po\u010das\u00ed bylo v Brn\u011b &#8211; na rozd\u00edl od Uni\u010dova &#8211; pro rajdry mnohem snesiteln\u011bj\u0161\u00ed&#8230;<\/span><\/strong><\/p>\n<p><a href=\"http:\/\/www.moravecteam.cz\/?attachment_id=2301\" rel=\"attachment wp-att-2301\"><img decoding=\"async\" loading=\"lazy\" class=\"size-full wp-image-2301  alignleft\" title=\"Favorit splnil svoji \u00falohu. I t\u0159et\u00ed cyklokros v Brn\u011b ovl\u00e1dl n\u00e1\u0161 Dom\u010da Prudek!\" alt=\"IMG_3027\" src=\"http:\/\/www.moravecteam.cz\/wp-content\/uploads\/2015\/11\/IMG_3027.jpg\" width=\"147\" height=\"250\" \/><\/a><\/p>\n<p style=\"text-align: justify;\">Do t\u0159etice si konkurenci u Anthroposu vychutnal v hlavn\u00edm z\u00e1vod\u011b <strong><span style=\"color: #993300;\">Dominik Prudek<\/span><\/strong> a i po st\u0159ed\u011b mu tedy z\u016fst\u00e1v\u00e1 na brn\u011bnsk\u00fdch trat\u00edch u Anthroposu punc neporazitelnosti. By\u0165 startoval z druh\u00e9 \u0159ady, dostal se brzy do \u010dela z\u00e1vodu a pozici l\u00eddra si s p\u0159ehledem udr\u017eel a\u017e do c\u00edle. Za n\u00edm si vedla velmi zdatn\u011b i bronzov\u00e1 kadetka z Uni\u010dova, <strong><span style=\"color: #993300;\">Jana D\u017eejn&#8220; Tesa\u0159ov\u00e1.<\/span><\/strong>\u00a0I ona si z\u00e1vod v pravd\u011b vychutnala a v\u00fdsledkem bylo i jej\u00ed <a href=\"http:\/\/www.moravecteam.cz\/?attachment_id=2299\" rel=\"attachment wp-att-2299\"><img decoding=\"async\" loading=\"lazy\" class=\"size-full wp-image-2299 alignright\" title=\"Jana Tesa\u0159ov\u00e1 rosta jako do\u010dasn\u00e1 cyklokrosa\u0159ka z\u00e1vod od z\u00e1vodu! \" alt=\"IMG_3041\" src=\"http:\/\/www.moravecteam.cz\/wp-content\/uploads\/2015\/11\/IMG_3041.jpg\" width=\"156\" height=\"250\" \/><\/a>jist\u00e9 v\u00edt\u011bzstv\u00ed. Objev leto\u0161n\u00ed \u00a0sez\u00f3ny mezi kadetkami m\u00e1 podle v\u0161eho st\u00e1le sil na rozd\u00e1v\u00e1n\u00ed! Projev obou na\u0161i mlad\u00fdch reprezentant\u016f na trati byl velice jist\u00fd, pln\u00fd s\u00edly a sebev\u011bdom\u00ed&#8230; Jako by se p\u0159ede\u0161l\u00e9ho dne \u017e\u00e1dn\u00e9 uni\u010dovsk\u00e9 bl\u00e1t\u011bn\u00e9 a bahenn\u00ed \u00a0<a href=\"http:\/\/www.moravecteam.cz\/?attachment_id=2298\" rel=\"attachment wp-att-2298\"><img decoding=\"async\" loading=\"lazy\" class=\"size-full wp-image-2298 alignleft\" title=\"Profesor vyu\u010doval a dozoroval v Brn\u011b dva na\u0161e &quot;mlad\u00e9&quot; p\u0159\u00edmo na trati. \" alt=\"IMG_3043\" src=\"http:\/\/www.moravecteam.cz\/wp-content\/uploads\/2015\/11\/IMG_3043.jpg\" width=\"120\" height=\"250\" \/><\/a>galeje ani nekonaly&#8230; Bravo MORAVEC! N\u00e1\u0161 hattric zavr\u0161il v Brn\u011b (pravd\u011bpodobn\u011b) ve sv\u00e9 kategorii Masters i odd\u00edlov\u00fd \u0161\u00e9ftren\u00e9r <span style=\"color: #993300;\"><strong>V\u00ed\u0165a Prudek.<\/strong><\/span> V\u00ed\u0165a si v pr\u016fb\u011bhu z\u00e1vodu v pohod\u011b p\u0159\u00edmo na trati ohl\u00eddal sv\u00e9 dv\u011b &#8222;ove\u010dky&#8220; a proto\u017ee dal\u0161\u00ed n\u00e1\u0161 &#8222;oldies&#8220; TOP cyklokrosa\u0159 Pavel Bal\u00e1k se na startu neobjevil, logicky p\u0159edpokl\u00e1d\u00e1me, \u017ee nad V\u00ed\u0165u nebylo ve st\u0159edu u Anthroposu lep\u0161\u00edho &#8222;veto\u0161e&#8220;! D\u00edky na\u0161im za vzorn\u00e9 repre a k jejich v\u00edt\u011bzstv\u00edm (kter\u00e1 se bohu\u017eel op\u011bt nevyhla\u0161ovala&#8230;) let\u00ed od n\u00e1s gratulova\u010dka! Zde hledejte <strong><a href=\"http:\/\/www.favoritbrno.cz\/sportovni-akce-vysledky.php\">v\u00fdsledky<\/a><\/strong> z p\u0159edposledn\u00ed brn\u011bnsk\u00e9 cyklokrosov\u00e9 st\u0159edy, <strong><a href=\"http:\/\/moravecteam.rajce.idnes.cz\/2015.11.18_Cyklokrosovy_pohar_Brno\/\">fotografie<\/a><\/strong> od Libora jsou u\u017e taky tu\u0165!<\/p>\n","protected":false},"excerpt":{"rendered":"<p>V p\u011bti dnech t\u0159i t\u011b\u017ek\u00e9 cyklokrosa\u0159sk\u00e9 z\u00e1vody absolvovali dva snajp\u0159i z do\u010dasn\u00e9 cyklokrosa\u0159sk\u00e9 roty MORAVCE&#8230; Vskutku p\u011bkn\u00e1 porce tvrd\u00e9 cyklokrosa\u0159sk\u00e9 d\u0159iny&#8230; A ned\u00e1 se \u0159\u00edct, \u017ee by t\u0159et\u00ed z\u00e1vod Brn\u011bnsk\u00e9ho cyklokrosov\u00e9ho poh\u00e1ru \u00fa\u010dast\u00ed poh\u00e1rov\u00fdm z\u00e1vodem z p\u0159ede\u0161l\u00e9ho dne v Uni\u010dov\u011b n\u011bjak utrp\u011bl a byl t\u00edm p\u00e1dem n\u011bjakou &#8222;brnak\u010dkou&#8220;&#8230; Ka\u017edop\u00e1dn\u011b hlavn\u011b po\u010das\u00ed bylo v Brn\u011b &#8211; &hellip; <a href=\"https:\/\/www.moravecteam.cz\/?p=2293\" class=\"more-link\">Pokra\u010dov\u00e1n\u00ed textu <span class=\"screen-reader-text\">Hattrick z Brna!<\/span> <span class=\"meta-nav\">&rarr;<\/span><\/a><\/p>\n","protected":false},"author":3,"featured_media":2300,"comment_status":"closed","ping_status":"closed","sticky":false,"template":"","format":"standard","meta":[],"categories":[1],"tags":[],"_links":{"self":[{"href":"https:\/\/www.moravecteam.cz\/index.php?rest_route=\/wp\/v2\/posts\/2293"}],"collection":[{"href":"https:\/\/www.moravecteam.cz\/index.php?rest_route=\/wp\/v2\/posts"}],"about":[{"href":"https:\/\/www.moravecteam.cz\/index.php?rest_route=\/wp\/v2\/types\/post"}],"author":[{"embeddable":true,"href":"https:\/\/www.moravecteam.cz\/index.php?rest_route=\/wp\/v2\/users\/3"}],"replies":[{"embeddable":true,"href":"https:\/\/www.moravecteam.cz\/index.php?rest_route=%2Fwp%2Fv2%2Fcomments&post=2293"}],"version-history":[{"count":7,"href":"https:\/\/www.moravecteam.cz\/index.php?rest_route=\/wp\/v2\/posts\/2293\/revisions"}],"predecessor-version":[{"id":2305,"href":"https:\/\/www.moravecteam.cz\/index.php?rest_route=\/wp\/v2\/posts\/2293\/revisions\/2305"}],"wp:featuredmedia":[{"embeddable":true,"href":"https:\/\/www.moravecteam.cz\/index.php?rest_route=\/wp\/v2\/media\/2300"}],"wp:attachment":[{"href":"https:\/\/www.moravecteam.cz\/index.php?rest_route=%2Fwp%2Fv2%2Fmedia&parent=2293"}],"wp:term":[{"taxonomy":"category","embeddable":true,"href":"https:\/\/www.moravecteam.cz\/index.php?rest_route=%2Fwp%2Fv2%2Fcategories&post=2293"},{"taxonomy":"post_tag","embeddable":true,"href":"https:\/\/www.moravecteam.cz\/index.php?rest_route=%2Fwp%2Fv2%2Ftags&post=2293"}],"curies":[{"name":"wp","href":"https:\/\/api.w.org\/{rel}","templated":true}]}}